{"id":152329,"date":"2026-04-27T16:21:45","date_gmt":"2026-04-27T14:21:45","guid":{"rendered":"https:\/\/www.aivp.org\/newsroom\/laivp-na-participe-au-processus-de-consultation-citoyenne-de-sept-iles-pour-le-reamenagement-de-son-front-de-mer\/"},"modified":"2026-04-27T16:33:10","modified_gmt":"2026-04-27T14:33:10","slug":"the-aivp-na-participates-in-sept-iles-citizen-consultation-process-for-the-redevelopment-of-its-waterfront","status":"publish","type":"post","link":"https:\/\/www.aivp.org\/en\/newsroom\/the-aivp-na-participates-in-sept-iles-citizen-consultation-process-for-the-redevelopment-of-its-waterfront\/","title":{"rendered":"The AIVP NA participates in Sept-\u00celes citizen consultation process for the redevelopment of its waterfront"},"content":{"rendered":"\n<p style=\"font-size:15px\">On April 23rd, the Port and the City of Sept-\u00celes (Canada) announced their project \u201cRivage\u201d (Coastline). The project will develop the waterfront and the lower part of the city, with land belonging to both the port and the city. The aim is to create a dynamic and accessible waterfront that reflects the history and culture of the community. To this end, the Rivage project is based on a co-creation process involving participants with a variety of expertise, including citizens and users. This group will be involved in the creation of a master plan for the development of the waterfront. The citizen consultation process already started in 2022. Caya Hein, the AIVP North America Manager, intervened during the citizen consultation process in a pannel on April 23<sup>rd<\/sup>, along with Steve Dubreuil, an anthropologist from the regional Mus\u00e9e r\u00e9gional de la C\u00f4te-Nord, and Caroline Girard, from the Architecture + Design Urbain firm who are tasked with the development of the plan and as moderator Marie-Am\u00e9lie Dub\u00e9, from LLio (Laboratoire en innovation ouverte du C\u00e9gep de Rivi\u00e8re-du-Loup) who are in charge of organising the citizen consultation process. Caya Hein participated upon the request of the port of Sept-\u00eeles to provide international success case studies and examples of how to create an inviting waterfront for all parties involved.<\/p>\n\n\n<div class=\"row lien-article\">\n    <div class=\"col-12\">\n        \n                    <div class=\"position-relative anime-in-view link-container\">\n\n                            <a href=\"https:\/\/www.portsi.com\/la-ville-de-sept-iles-et-le-port-de-sept-iles-lancent-le-projet-rivage\/\" target=\"_blank\">Port de Sept-\u00celes<\/a>\n\n                            <img decoding=\"async\" class=\"position-absolute image-de-fond\" src=\"https:\/\/www.aivp.org\/wp-content\/themes\/lmc-aivp\/img\/link.svg\">\n\n                    <\/div>\n                                        \n                    <\/div>\n\n    \n\n<\/div>\n\n","protected":false},"excerpt":{"rendered":"<p>On April 23rd, the Port and the City of Sept-\u00celes (Canada) announced their project \u201cRivage\u201d [&hellip;]<\/p>\n","protected":false},"author":130,"featured_media":152317,"comment_status":"closed","ping_status":"closed","sticky":false,"template":"","format":"standard","meta":{"_acf_changed":false,"footnotes":""},"categories":[4846],"tags":[5295,5788],"goal":[],"class_list":["post-152329","post","type-post","status-publish","format-standard","has-post-thumbnail","hentry","category-actualites-en","tag-canada-en-2","tag-sept-iles-en"],"acf":[],"yoast_head":"<!-- This site is optimized with the Yoast SEO plugin v26.8 - https:\/\/yoast.com\/product\/yoast-seo-wordpress\/ -->\n<title>The AIVP NA participates in Sept-\u00celes citizen consultation process for the redevelopment of its waterfront - AIVP<\/title>\n<meta name=\"robots\" content=\"index, follow, max-snippet:-1, max-image-preview:large, max-video-preview:-1\" \/>\n<link rel=\"canonical\" href=\"https:\/\/www.aivp.org\/en\/newsroom\/the-aivp-na-participates-in-sept-iles-citizen-consultation-process-for-the-redevelopment-of-its-waterfront\/\" \/>\n<meta property=\"og:locale\" content=\"en_US\" \/>\n<meta property=\"og:type\" content=\"article\" \/>\n<meta property=\"og:title\" content=\"The AIVP NA participates in Sept-\u00celes citizen consultation process for the redevelopment of its waterfront - AIVP\" \/>\n<meta property=\"og:description\" content=\"On April 23rd, the Port and the City of Sept-\u00celes (Canada) announced their project \u201cRivage\u201d [&hellip;]\" \/>\n<meta property=\"og:url\" content=\"https:\/\/www.aivp.org\/en\/newsroom\/the-aivp-na-participates-in-sept-iles-citizen-consultation-process-for-the-redevelopment-of-its-waterfront\/\" \/>\n<meta property=\"og:site_name\" content=\"AIVP\" \/>\n<meta property=\"article:published_time\" content=\"2026-04-27T14:21:45+00:00\" \/>\n<meta property=\"article:modified_time\" content=\"2026-04-27T14:33:10+00:00\" \/>\n<meta property=\"og:image\" content=\"https:\/\/www.aivp.org\/wp-content\/uploads\/2026\/04\/Photo-mise-en-avant-BON-720-x-576-px-6.png\" \/>\n\t<meta property=\"og:image:width\" content=\"720\" \/>\n\t<meta property=\"og:image:height\" content=\"576\" \/>\n\t<meta property=\"og:image:type\" content=\"image\/png\" \/>\n<meta name=\"author\" content=\"Caya HEIN\" \/>\n<meta name=\"twitter:card\" content=\"summary_large_image\" \/>\n<meta name=\"twitter:label1\" content=\"Written by\" \/>\n\t<meta name=\"twitter:data1\" content=\"Caya HEIN\" \/>\n\t<meta name=\"twitter:label2\" content=\"Est. reading time\" \/>\n\t<meta name=\"twitter:data2\" content=\"2 minutes\" \/>\n<script type=\"application\/ld+json\" class=\"yoast-schema-graph\">{\"@context\":\"https:\/\/schema.org\",\"@graph\":[{\"@type\":\"Article\",\"@id\":\"https:\/\/www.aivp.org\/en\/newsroom\/the-aivp-na-participates-in-sept-iles-citizen-consultation-process-for-the-redevelopment-of-its-waterfront\/#article\",\"isPartOf\":{\"@id\":\"https:\/\/www.aivp.org\/en\/newsroom\/the-aivp-na-participates-in-sept-iles-citizen-consultation-process-for-the-redevelopment-of-its-waterfront\/\"},\"author\":{\"name\":\"Caya HEIN\",\"@id\":\"https:\/\/www.aivp.org\/en\/#\/schema\/person\/9bae9f7727a91a1130a91292d0c207c6\"},\"headline\":\"The AIVP NA participates in Sept-\u00celes citizen consultation process for the redevelopment of its waterfront\",\"datePublished\":\"2026-04-27T14:21:45+00:00\",\"dateModified\":\"2026-04-27T14:33:10+00:00\",\"mainEntityOfPage\":{\"@id\":\"https:\/\/www.aivp.org\/en\/newsroom\/the-aivp-na-participates-in-sept-iles-citizen-consultation-process-for-the-redevelopment-of-its-waterfront\/\"},\"wordCount\":236,\"publisher\":{\"@id\":\"https:\/\/www.aivp.org\/en\/#organization\"},\"image\":{\"@id\":\"https:\/\/www.aivp.org\/en\/newsroom\/the-aivp-na-participates-in-sept-iles-citizen-consultation-process-for-the-redevelopment-of-its-waterfront\/#primaryimage\"},\"thumbnailUrl\":\"https:\/\/www.aivp.org\/wp-content\/uploads\/2026\/04\/Photo-mise-en-avant-BON-720-x-576-px-6.png\",\"keywords\":[\"Canada\",\"Sept-Iles\"],\"articleSection\":[\"Highlights\"],\"inLanguage\":\"en-US\"},{\"@type\":\"WebPage\",\"@id\":\"https:\/\/www.aivp.org\/en\/newsroom\/the-aivp-na-participates-in-sept-iles-citizen-consultation-process-for-the-redevelopment-of-its-waterfront\/\",\"url\":\"https:\/\/www.aivp.org\/en\/newsroom\/the-aivp-na-participates-in-sept-iles-citizen-consultation-process-for-the-redevelopment-of-its-waterfront\/\",\"name\":\"The AIVP NA participates in Sept-\u00celes citizen consultation process for the redevelopment of its waterfront - AIVP\",\"isPartOf\":{\"@id\":\"https:\/\/www.aivp.org\/en\/#website\"},\"primaryImageOfPage\":{\"@id\":\"https:\/\/www.aivp.org\/en\/newsroom\/the-aivp-na-participates-in-sept-iles-citizen-consultation-process-for-the-redevelopment-of-its-waterfront\/#primaryimage\"},\"image\":{\"@id\":\"https:\/\/www.aivp.org\/en\/newsroom\/the-aivp-na-participates-in-sept-iles-citizen-consultation-process-for-the-redevelopment-of-its-waterfront\/#primaryimage\"},\"thumbnailUrl\":\"https:\/\/www.aivp.org\/wp-content\/uploads\/2026\/04\/Photo-mise-en-avant-BON-720-x-576-px-6.png\",\"datePublished\":\"2026-04-27T14:21:45+00:00\",\"dateModified\":\"2026-04-27T14:33:10+00:00\",\"breadcrumb\":{\"@id\":\"https:\/\/www.aivp.org\/en\/newsroom\/the-aivp-na-participates-in-sept-iles-citizen-consultation-process-for-the-redevelopment-of-its-waterfront\/#breadcrumb\"},\"inLanguage\":\"en-US\",\"potentialAction\":[{\"@type\":\"ReadAction\",\"target\":[\"https:\/\/www.aivp.org\/en\/newsroom\/the-aivp-na-participates-in-sept-iles-citizen-consultation-process-for-the-redevelopment-of-its-waterfront\/\"]}]},{\"@type\":\"ImageObject\",\"inLanguage\":\"en-US\",\"@id\":\"https:\/\/www.aivp.org\/en\/newsroom\/the-aivp-na-participates-in-sept-iles-citizen-consultation-process-for-the-redevelopment-of-its-waterfront\/#primaryimage\",\"url\":\"https:\/\/www.aivp.org\/wp-content\/uploads\/2026\/04\/Photo-mise-en-avant-BON-720-x-576-px-6.png\",\"contentUrl\":\"https:\/\/www.aivp.org\/wp-content\/uploads\/2026\/04\/Photo-mise-en-avant-BON-720-x-576-px-6.png\",\"width\":720,\"height\":576},{\"@type\":\"BreadcrumbList\",\"@id\":\"https:\/\/www.aivp.org\/en\/newsroom\/the-aivp-na-participates-in-sept-iles-citizen-consultation-process-for-the-redevelopment-of-its-waterfront\/#breadcrumb\",\"itemListElement\":[{\"@type\":\"ListItem\",\"position\":1,\"name\":\"Home\",\"item\":\"https:\/\/www.aivp.org\/en\/\"},{\"@type\":\"ListItem\",\"position\":2,\"name\":\"The AIVP NA participates in Sept-\u00celes citizen consultation process for the redevelopment of its waterfront\"}]},{\"@type\":\"WebSite\",\"@id\":\"https:\/\/www.aivp.org\/en\/#website\",\"url\":\"https:\/\/www.aivp.org\/en\/\",\"name\":\"AIVP\",\"description\":\"Inspiring people of port cities\",\"publisher\":{\"@id\":\"https:\/\/www.aivp.org\/en\/#organization\"},\"potentialAction\":[{\"@type\":\"SearchAction\",\"target\":{\"@type\":\"EntryPoint\",\"urlTemplate\":\"https:\/\/www.aivp.org\/en\/?s={search_term_string}\"},\"query-input\":{\"@type\":\"PropertyValueSpecification\",\"valueRequired\":true,\"valueName\":\"search_term_string\"}}],\"inLanguage\":\"en-US\"},{\"@type\":\"Organization\",\"@id\":\"https:\/\/www.aivp.org\/en\/#organization\",\"name\":\"AIVP\",\"url\":\"https:\/\/www.aivp.org\/en\/\",\"logo\":{\"@type\":\"ImageObject\",\"inLanguage\":\"en-US\",\"@id\":\"https:\/\/www.aivp.org\/en\/#\/schema\/logo\/image\/\",\"url\":\"https:\/\/www.aivp.org\/wp-content\/uploads\/2020\/07\/cropped-favicon.png\",\"contentUrl\":\"https:\/\/www.aivp.org\/wp-content\/uploads\/2020\/07\/cropped-favicon.png\",\"width\":512,\"height\":512,\"caption\":\"AIVP\"},\"image\":{\"@id\":\"https:\/\/www.aivp.org\/en\/#\/schema\/logo\/image\/\"}},{\"@type\":\"Person\",\"@id\":\"https:\/\/www.aivp.org\/en\/#\/schema\/person\/9bae9f7727a91a1130a91292d0c207c6\",\"name\":\"Caya HEIN\",\"image\":{\"@type\":\"ImageObject\",\"inLanguage\":\"en-US\",\"@id\":\"https:\/\/www.aivp.org\/en\/#\/schema\/person\/image\/\",\"url\":\"https:\/\/secure.gravatar.com\/avatar\/59e0eee5a48a975aab3c5117c574ffa2?s=96&d=mm&r=g\",\"contentUrl\":\"https:\/\/secure.gravatar.com\/avatar\/59e0eee5a48a975aab3c5117c574ffa2?s=96&d=mm&r=g\",\"caption\":\"Caya HEIN\"},\"url\":\"https:\/\/www.aivp.org\/en\/newsroom\/author\/cheinaivp-org\/\"}]}<\/script>\n<!-- \/ Yoast SEO plugin. -->","yoast_head_json":{"title":"The AIVP NA participates in Sept-\u00celes citizen consultation process for the redevelopment of its waterfront - AIVP","robots":{"index":"index","follow":"follow","max-snippet":"max-snippet:-1","max-image-preview":"max-image-preview:large","max-video-preview":"max-video-preview:-1"},"canonical":"https:\/\/www.aivp.org\/en\/newsroom\/the-aivp-na-participates-in-sept-iles-citizen-consultation-process-for-the-redevelopment-of-its-waterfront\/","og_locale":"en_US","og_type":"article","og_title":"The AIVP NA participates in Sept-\u00celes citizen consultation process for the redevelopment of its waterfront - AIVP","og_description":"On April 23rd, the Port and the City of Sept-\u00celes (Canada) announced their project \u201cRivage\u201d [&hellip;]","og_url":"https:\/\/www.aivp.org\/en\/newsroom\/the-aivp-na-participates-in-sept-iles-citizen-consultation-process-for-the-redevelopment-of-its-waterfront\/","og_site_name":"AIVP","article_published_time":"2026-04-27T14:21:45+00:00","article_modified_time":"2026-04-27T14:33:10+00:00","og_image":[{"width":720,"height":576,"url":"https:\/\/www.aivp.org\/wp-content\/uploads\/2026\/04\/Photo-mise-en-avant-BON-720-x-576-px-6.png","type":"image\/png"}],"author":"Caya HEIN","twitter_card":"summary_large_image","twitter_misc":{"Written by":"Caya HEIN","Est. reading time":"2 minutes"},"schema":{"@context":"https:\/\/schema.org","@graph":[{"@type":"Article","@id":"https:\/\/www.aivp.org\/en\/newsroom\/the-aivp-na-participates-in-sept-iles-citizen-consultation-process-for-the-redevelopment-of-its-waterfront\/#article","isPartOf":{"@id":"https:\/\/www.aivp.org\/en\/newsroom\/the-aivp-na-participates-in-sept-iles-citizen-consultation-process-for-the-redevelopment-of-its-waterfront\/"},"author":{"name":"Caya HEIN","@id":"https:\/\/www.aivp.org\/en\/#\/schema\/person\/9bae9f7727a91a1130a91292d0c207c6"},"headline":"The AIVP NA participates in Sept-\u00celes citizen consultation process for the redevelopment of its waterfront","datePublished":"2026-04-27T14:21:45+00:00","dateModified":"2026-04-27T14:33:10+00:00","mainEntityOfPage":{"@id":"https:\/\/www.aivp.org\/en\/newsroom\/the-aivp-na-participates-in-sept-iles-citizen-consultation-process-for-the-redevelopment-of-its-waterfront\/"},"wordCount":236,"publisher":{"@id":"https:\/\/www.aivp.org\/en\/#organization"},"image":{"@id":"https:\/\/www.aivp.org\/en\/newsroom\/the-aivp-na-participates-in-sept-iles-citizen-consultation-process-for-the-redevelopment-of-its-waterfront\/#primaryimage"},"thumbnailUrl":"https:\/\/www.aivp.org\/wp-content\/uploads\/2026\/04\/Photo-mise-en-avant-BON-720-x-576-px-6.png","keywords":["Canada","Sept-Iles"],"articleSection":["Highlights"],"inLanguage":"en-US"},{"@type":"WebPage","@id":"https:\/\/www.aivp.org\/en\/newsroom\/the-aivp-na-participates-in-sept-iles-citizen-consultation-process-for-the-redevelopment-of-its-waterfront\/","url":"https:\/\/www.aivp.org\/en\/newsroom\/the-aivp-na-participates-in-sept-iles-citizen-consultation-process-for-the-redevelopment-of-its-waterfront\/","name":"The AIVP NA participates in Sept-\u00celes citizen consultation process for the redevelopment of its waterfront - AIVP","isPartOf":{"@id":"https:\/\/www.aivp.org\/en\/#website"},"primaryImageOfPage":{"@id":"https:\/\/www.aivp.org\/en\/newsroom\/the-aivp-na-participates-in-sept-iles-citizen-consultation-process-for-the-redevelopment-of-its-waterfront\/#primaryimage"},"image":{"@id":"https:\/\/www.aivp.org\/en\/newsroom\/the-aivp-na-participates-in-sept-iles-citizen-consultation-process-for-the-redevelopment-of-its-waterfront\/#primaryimage"},"thumbnailUrl":"https:\/\/www.aivp.org\/wp-content\/uploads\/2026\/04\/Photo-mise-en-avant-BON-720-x-576-px-6.png","datePublished":"2026-04-27T14:21:45+00:00","dateModified":"2026-04-27T14:33:10+00:00","breadcrumb":{"@id":"https:\/\/www.aivp.org\/en\/newsroom\/the-aivp-na-participates-in-sept-iles-citizen-consultation-process-for-the-redevelopment-of-its-waterfront\/#breadcrumb"},"inLanguage":"en-US","potentialAction":[{"@type":"ReadAction","target":["https:\/\/www.aivp.org\/en\/newsroom\/the-aivp-na-participates-in-sept-iles-citizen-consultation-process-for-the-redevelopment-of-its-waterfront\/"]}]},{"@type":"ImageObject","inLanguage":"en-US","@id":"https:\/\/www.aivp.org\/en\/newsroom\/the-aivp-na-participates-in-sept-iles-citizen-consultation-process-for-the-redevelopment-of-its-waterfront\/#primaryimage","url":"https:\/\/www.aivp.org\/wp-content\/uploads\/2026\/04\/Photo-mise-en-avant-BON-720-x-576-px-6.png","contentUrl":"https:\/\/www.aivp.org\/wp-content\/uploads\/2026\/04\/Photo-mise-en-avant-BON-720-x-576-px-6.png","width":720,"height":576},{"@type":"BreadcrumbList","@id":"https:\/\/www.aivp.org\/en\/newsroom\/the-aivp-na-participates-in-sept-iles-citizen-consultation-process-for-the-redevelopment-of-its-waterfront\/#breadcrumb","itemListElement":[{"@type":"ListItem","position":1,"name":"Home","item":"https:\/\/www.aivp.org\/en\/"},{"@type":"ListItem","position":2,"name":"The AIVP NA participates in Sept-\u00celes citizen consultation process for the redevelopment of its waterfront"}]},{"@type":"WebSite","@id":"https:\/\/www.aivp.org\/en\/#website","url":"https:\/\/www.aivp.org\/en\/","name":"AIVP","description":"Inspiring people of port cities","publisher":{"@id":"https:\/\/www.aivp.org\/en\/#organization"},"potentialAction":[{"@type":"SearchAction","target":{"@type":"EntryPoint","urlTemplate":"https:\/\/www.aivp.org\/en\/?s={search_term_string}"},"query-input":{"@type":"PropertyValueSpecification","valueRequired":true,"valueName":"search_term_string"}}],"inLanguage":"en-US"},{"@type":"Organization","@id":"https:\/\/www.aivp.org\/en\/#organization","name":"AIVP","url":"https:\/\/www.aivp.org\/en\/","logo":{"@type":"ImageObject","inLanguage":"en-US","@id":"https:\/\/www.aivp.org\/en\/#\/schema\/logo\/image\/","url":"https:\/\/www.aivp.org\/wp-content\/uploads\/2020\/07\/cropped-favicon.png","contentUrl":"https:\/\/www.aivp.org\/wp-content\/uploads\/2020\/07\/cropped-favicon.png","width":512,"height":512,"caption":"AIVP"},"image":{"@id":"https:\/\/www.aivp.org\/en\/#\/schema\/logo\/image\/"}},{"@type":"Person","@id":"https:\/\/www.aivp.org\/en\/#\/schema\/person\/9bae9f7727a91a1130a91292d0c207c6","name":"Caya HEIN","image":{"@type":"ImageObject","inLanguage":"en-US","@id":"https:\/\/www.aivp.org\/en\/#\/schema\/person\/image\/","url":"https:\/\/secure.gravatar.com\/avatar\/59e0eee5a48a975aab3c5117c574ffa2?s=96&d=mm&r=g","contentUrl":"https:\/\/secure.gravatar.com\/avatar\/59e0eee5a48a975aab3c5117c574ffa2?s=96&d=mm&r=g","caption":"Caya HEIN"},"url":"https:\/\/www.aivp.org\/en\/newsroom\/author\/cheinaivp-org\/"}]}},"featured_image_url":"https:\/\/www.aivp.org\/wp-content\/uploads\/2026\/04\/Photo-mise-en-avant-BON-720-x-576-px-6.png","_links":{"self":[{"href":"https:\/\/www.aivp.org\/en\/wp-json\/wp\/v2\/posts\/152329","targetHints":{"allow":["GET"]}}],"collection":[{"href":"https:\/\/www.aivp.org\/en\/wp-json\/wp\/v2\/posts"}],"about":[{"href":"https:\/\/www.aivp.org\/en\/wp-json\/wp\/v2\/types\/post"}],"author":[{"embeddable":true,"href":"https:\/\/www.aivp.org\/en\/wp-json\/wp\/v2\/users\/130"}],"replies":[{"embeddable":true,"href":"https:\/\/www.aivp.org\/en\/wp-json\/wp\/v2\/comments?post=152329"}],"version-history":[{"count":1,"href":"https:\/\/www.aivp.org\/en\/wp-json\/wp\/v2\/posts\/152329\/revisions"}],"predecessor-version":[{"id":152332,"href":"https:\/\/www.aivp.org\/en\/wp-json\/wp\/v2\/posts\/152329\/revisions\/152332"}],"wp:featuredmedia":[{"embeddable":true,"href":"https:\/\/www.aivp.org\/en\/wp-json\/wp\/v2\/media\/152317"}],"wp:attachment":[{"href":"https:\/\/www.aivp.org\/en\/wp-json\/wp\/v2\/media?parent=152329"}],"wp:term":[{"taxonomy":"category","embeddable":true,"href":"https:\/\/www.aivp.org\/en\/wp-json\/wp\/v2\/categories?post=152329"},{"taxonomy":"post_tag","embeddable":true,"href":"https:\/\/www.aivp.org\/en\/wp-json\/wp\/v2\/tags?post=152329"},{"taxonomy":"goal","embeddable":true,"href":"https:\/\/www.aivp.org\/en\/wp-json\/wp\/v2\/goal?post=152329"}],"curies":[{"name":"wp","href":"https:\/\/api.w.org\/{rel}","templated":true}]}}