{"id":83103,"date":"2022-10-04T17:09:22","date_gmt":"2022-10-04T15:09:22","guid":{"rendered":"https:\/\/www.aivp.org\/?p=83103"},"modified":"2022-10-04T17:09:29","modified_gmt":"2022-10-04T15:09:29","slug":"aivp-cooperates-with-union-for-the-mediterranean-for-port-cities","status":"publish","type":"post","link":"https:\/\/www.aivp.org\/en\/newsroom\/aivp-cooperates-with-union-for-the-mediterranean-for-port-cities\/","title":{"rendered":"AIVP cooperates with Union for the Mediterranean for port cities"},"content":{"rendered":"\n<p>Union for the Mediterranean (UfM), the supranational organization bringing together countries from both north and south sides of the Mediterranean Sea, organized a conference on September 29th in Barcelona, with the title \u201cSustainable Urbanisation through Port City Transformation\u201d. AIVP supported this event and joined the meeting, represented by Dr. Jos\u00e9 M P S\u00e1nchez, moderating the session \u201cExperiences from port-city collaboration\u201d, building on the broad expertise our organization has on good practices for port cities. The session counted with three speakers from the Mediterranean port cities of Haifa (Israel) and Tangier (Morocco):<\/p>\n\n\n\n<ul class=\"wp-block-list\"><li>Mr Itamar Ben David, Chairman of District Planning Committee, Haifa District, Israel<\/li><li>Mr Eshel Armony, Chairman of the board, Haifa Port, Israel<\/li><li>Mr Jamil Ouazzani, Directeur Marketing &amp; intelligence strat\u00e9gique \u00e0 la soci\u00e9t\u00e9 de gestion du Port Tanger Ville, Morocco<\/li><\/ul>\n\n\n\n<p>Both cases presented ambitious plans for the waterfront and port-city interface. One of the most interesting aspects was the different stages in which both projects find themselves now. While in Haifa the port, city and state have recently signed final agreements and the development should start soon, Tangier can offer a broad experience, building on their already concluded and successful projects.<br>The audience formed by port and urban authorities from the Mediterranean also joined actively the debate. One of the key issues discussed in the session was the stakeholder engagement, its challenges, and the importance of finding appropriate tools to involve the citizens in an efficient way. Connected to this issue, the social integration of projects as well as the public perception of it were highlighted by the participants as other key elements for a successful implementation of port city plans.<\/p>\n\n\n\n<p>This session is part of the work that UfM has been developing with experts such as Prof. Carola Hein, also in the conference, to establish an action plan for the region in which port cities will have considerable attention. AIVP has closely followed this work, providing advice. Part of this of cooperation was also the participation as speaker of Amb. Mr Sabri Ergen, UfM Deputy Secretary-General for Transport and Urban Development in the recent World Conference Cities and Ports that took place in May 2022 in Tangier, Morocco.<\/p>\n\n\n\n<p>This event demonstrates the close relationship AIVP has with its members in the region and willingness to cooperate on port city issues with other organizations. The future stages of the work by UfM will open new windows of opportunity to strength the cooperation and intensify the influence of AIVP on the regional governance and strategies.<\/p>\n","protected":false},"excerpt":{"rendered":"<p>Union for the Mediterranean (UfM), the supranational organization bringing together countries from both north and south sides of the Mediterranean Sea, organized a conference on September 29th in Barcelona, with the title \u201cSustainable Urbanisation through Port City Transformation\u201d. AIVP supported this event and joined the meeting, represented by Dr. Jos\u00e9 M P S\u00e1nchez, moderating the session \u201cExperiences from port-city collaboration\u201d, building on the broad expertise our organization has on good practices for port cities. The session counted with speakers from the Mediterranean port cities of Haifa (Israel) and Tangier (Morocco)<\/p>\n","protected":false},"author":14,"featured_media":83100,"comment_status":"closed","ping_status":"closed","sticky":false,"template":"","format":"standard","meta":{"_acf_changed":false,"footnotes":""},"categories":[4846],"tags":[3512],"goal":[2120],"class_list":["post-83103","post","type-post","status-publish","format-standard","has-post-thumbnail","hentry","category-actualites-en","tag-barcelona","goal-port-city-interface"],"acf":[],"yoast_head":"<!-- This site is optimized with the Yoast SEO plugin v26.8 - https:\/\/yoast.com\/product\/yoast-seo-wordpress\/ -->\n<title>AIVP cooperates with Union for the Mediterranean for port cities - AIVP<\/title>\n<meta name=\"robots\" content=\"index, follow, max-snippet:-1, max-image-preview:large, max-video-preview:-1\" \/>\n<link rel=\"canonical\" href=\"https:\/\/www.aivp.org\/en\/newsroom\/aivp-cooperates-with-union-for-the-mediterranean-for-port-cities\/\" \/>\n<meta property=\"og:locale\" content=\"en_US\" \/>\n<meta property=\"og:type\" content=\"article\" \/>\n<meta property=\"og:title\" content=\"AIVP cooperates with Union for the Mediterranean for port cities - AIVP\" \/>\n<meta property=\"og:description\" content=\"Union for the Mediterranean (UfM), the supranational organization bringing together countries from both north and south sides of the Mediterranean Sea, organized a conference on September 29th in Barcelona, with the title \u201cSustainable Urbanisation through Port City Transformation\u201d. AIVP supported this event and joined the meeting, represented by Dr. Jos\u00e9 M P S\u00e1nchez, moderating the session \u201cExperiences from port-city collaboration\u201d, building on the broad expertise our organization has on good practices for port cities. The session counted with speakers from the Mediterranean port cities of Haifa (Israel) and Tangier (Morocco)\" \/>\n<meta property=\"og:url\" content=\"https:\/\/www.aivp.org\/en\/newsroom\/aivp-cooperates-with-union-for-the-mediterranean-for-port-cities\/\" \/>\n<meta property=\"og:site_name\" content=\"AIVP\" \/>\n<meta property=\"article:published_time\" content=\"2022-10-04T15:09:22+00:00\" \/>\n<meta property=\"article:modified_time\" content=\"2022-10-04T15:09:29+00:00\" \/>\n<meta property=\"og:image\" content=\"https:\/\/www.aivp.org\/wp-content\/uploads\/2022\/10\/ACTU-Final.jpg\" \/>\n\t<meta property=\"og:image:width\" content=\"2048\" \/>\n\t<meta property=\"og:image:height\" content=\"1536\" \/>\n\t<meta property=\"og:image:type\" content=\"image\/jpeg\" \/>\n<meta name=\"author\" content=\"Jos\u00e9 SANCHEZ\" \/>\n<meta name=\"twitter:card\" content=\"summary_large_image\" \/>\n<meta name=\"twitter:label1\" content=\"Written by\" \/>\n\t<meta name=\"twitter:data1\" content=\"Jos\u00e9 SANCHEZ\" \/>\n\t<meta name=\"twitter:label2\" content=\"Est. reading time\" \/>\n\t<meta name=\"twitter:data2\" content=\"3 minutes\" \/>\n<script type=\"application\/ld+json\" class=\"yoast-schema-graph\">{\"@context\":\"https:\/\/schema.org\",\"@graph\":[{\"@type\":\"Article\",\"@id\":\"https:\/\/www.aivp.org\/en\/newsroom\/aivp-cooperates-with-union-for-the-mediterranean-for-port-cities\/#article\",\"isPartOf\":{\"@id\":\"https:\/\/www.aivp.org\/en\/newsroom\/aivp-cooperates-with-union-for-the-mediterranean-for-port-cities\/\"},\"author\":{\"name\":\"Jos\u00e9 SANCHEZ\",\"@id\":\"https:\/\/www.aivp.org\/en\/#\/schema\/person\/905e0ce025d136d3d3c6b5a51b9c3498\"},\"headline\":\"AIVP cooperates with Union for the Mediterranean for port cities\",\"datePublished\":\"2022-10-04T15:09:22+00:00\",\"dateModified\":\"2022-10-04T15:09:29+00:00\",\"mainEntityOfPage\":{\"@id\":\"https:\/\/www.aivp.org\/en\/newsroom\/aivp-cooperates-with-union-for-the-mediterranean-for-port-cities\/\"},\"wordCount\":426,\"publisher\":{\"@id\":\"https:\/\/www.aivp.org\/en\/#organization\"},\"image\":{\"@id\":\"https:\/\/www.aivp.org\/en\/newsroom\/aivp-cooperates-with-union-for-the-mediterranean-for-port-cities\/#primaryimage\"},\"thumbnailUrl\":\"https:\/\/www.aivp.org\/wp-content\/uploads\/2022\/10\/ACTU-Final.jpg\",\"keywords\":[\"Barcelona\"],\"articleSection\":[\"Highlights\"],\"inLanguage\":\"en-US\"},{\"@type\":\"WebPage\",\"@id\":\"https:\/\/www.aivp.org\/en\/newsroom\/aivp-cooperates-with-union-for-the-mediterranean-for-port-cities\/\",\"url\":\"https:\/\/www.aivp.org\/en\/newsroom\/aivp-cooperates-with-union-for-the-mediterranean-for-port-cities\/\",\"name\":\"AIVP cooperates with Union for the Mediterranean for port cities - AIVP\",\"isPartOf\":{\"@id\":\"https:\/\/www.aivp.org\/en\/#website\"},\"primaryImageOfPage\":{\"@id\":\"https:\/\/www.aivp.org\/en\/newsroom\/aivp-cooperates-with-union-for-the-mediterranean-for-port-cities\/#primaryimage\"},\"image\":{\"@id\":\"https:\/\/www.aivp.org\/en\/newsroom\/aivp-cooperates-with-union-for-the-mediterranean-for-port-cities\/#primaryimage\"},\"thumbnailUrl\":\"https:\/\/www.aivp.org\/wp-content\/uploads\/2022\/10\/ACTU-Final.jpg\",\"datePublished\":\"2022-10-04T15:09:22+00:00\",\"dateModified\":\"2022-10-04T15:09:29+00:00\",\"breadcrumb\":{\"@id\":\"https:\/\/www.aivp.org\/en\/newsroom\/aivp-cooperates-with-union-for-the-mediterranean-for-port-cities\/#breadcrumb\"},\"inLanguage\":\"en-US\",\"potentialAction\":[{\"@type\":\"ReadAction\",\"target\":[\"https:\/\/www.aivp.org\/en\/newsroom\/aivp-cooperates-with-union-for-the-mediterranean-for-port-cities\/\"]}]},{\"@type\":\"ImageObject\",\"inLanguage\":\"en-US\",\"@id\":\"https:\/\/www.aivp.org\/en\/newsroom\/aivp-cooperates-with-union-for-the-mediterranean-for-port-cities\/#primaryimage\",\"url\":\"https:\/\/www.aivp.org\/wp-content\/uploads\/2022\/10\/ACTU-Final.jpg\",\"contentUrl\":\"https:\/\/www.aivp.org\/wp-content\/uploads\/2022\/10\/ACTU-Final.jpg\",\"width\":2048,\"height\":1536,\"caption\":\"AIVP attends UfM Meeting\"},{\"@type\":\"BreadcrumbList\",\"@id\":\"https:\/\/www.aivp.org\/en\/newsroom\/aivp-cooperates-with-union-for-the-mediterranean-for-port-cities\/#breadcrumb\",\"itemListElement\":[{\"@type\":\"ListItem\",\"position\":1,\"name\":\"Home\",\"item\":\"https:\/\/www.aivp.org\/en\/\"},{\"@type\":\"ListItem\",\"position\":2,\"name\":\"AIVP cooperates with Union for the Mediterranean for port cities\"}]},{\"@type\":\"WebSite\",\"@id\":\"https:\/\/www.aivp.org\/en\/#website\",\"url\":\"https:\/\/www.aivp.org\/en\/\",\"name\":\"AIVP\",\"description\":\"Inspiring people of port cities\",\"publisher\":{\"@id\":\"https:\/\/www.aivp.org\/en\/#organization\"},\"potentialAction\":[{\"@type\":\"SearchAction\",\"target\":{\"@type\":\"EntryPoint\",\"urlTemplate\":\"https:\/\/www.aivp.org\/en\/?s={search_term_string}\"},\"query-input\":{\"@type\":\"PropertyValueSpecification\",\"valueRequired\":true,\"valueName\":\"search_term_string\"}}],\"inLanguage\":\"en-US\"},{\"@type\":\"Organization\",\"@id\":\"https:\/\/www.aivp.org\/en\/#organization\",\"name\":\"AIVP\",\"url\":\"https:\/\/www.aivp.org\/en\/\",\"logo\":{\"@type\":\"ImageObject\",\"inLanguage\":\"en-US\",\"@id\":\"https:\/\/www.aivp.org\/en\/#\/schema\/logo\/image\/\",\"url\":\"https:\/\/www.aivp.org\/wp-content\/uploads\/2020\/07\/cropped-favicon.png\",\"contentUrl\":\"https:\/\/www.aivp.org\/wp-content\/uploads\/2020\/07\/cropped-favicon.png\",\"width\":512,\"height\":512,\"caption\":\"AIVP\"},\"image\":{\"@id\":\"https:\/\/www.aivp.org\/en\/#\/schema\/logo\/image\/\"}},{\"@type\":\"Person\",\"@id\":\"https:\/\/www.aivp.org\/en\/#\/schema\/person\/905e0ce025d136d3d3c6b5a51b9c3498\",\"name\":\"Jos\u00e9 SANCHEZ\",\"image\":{\"@type\":\"ImageObject\",\"inLanguage\":\"en-US\",\"@id\":\"https:\/\/www.aivp.org\/en\/#\/schema\/person\/image\/\",\"url\":\"https:\/\/secure.gravatar.com\/avatar\/8d2eff7ef0ec4c75bd676545f78010c5?s=96&d=mm&r=g\",\"contentUrl\":\"https:\/\/secure.gravatar.com\/avatar\/8d2eff7ef0ec4c75bd676545f78010c5?s=96&d=mm&r=g\",\"caption\":\"Jos\u00e9 SANCHEZ\"},\"sameAs\":[\"http:\/\/hdelepouve@aivp.org\"],\"url\":\"https:\/\/www.aivp.org\/en\/newsroom\/author\/jsanchezaivp-org\/\"}]}<\/script>\n<!-- \/ Yoast SEO plugin. -->","yoast_head_json":{"title":"AIVP cooperates with Union for the Mediterranean for port cities - AIVP","robots":{"index":"index","follow":"follow","max-snippet":"max-snippet:-1","max-image-preview":"max-image-preview:large","max-video-preview":"max-video-preview:-1"},"canonical":"https:\/\/www.aivp.org\/en\/newsroom\/aivp-cooperates-with-union-for-the-mediterranean-for-port-cities\/","og_locale":"en_US","og_type":"article","og_title":"AIVP cooperates with Union for the Mediterranean for port cities - AIVP","og_description":"Union for the Mediterranean (UfM), the supranational organization bringing together countries from both north and south sides of the Mediterranean Sea, organized a conference on September 29th in Barcelona, with the title \u201cSustainable Urbanisation through Port City Transformation\u201d. AIVP supported this event and joined the meeting, represented by Dr. Jos\u00e9 M P S\u00e1nchez, moderating the session \u201cExperiences from port-city collaboration\u201d, building on the broad expertise our organization has on good practices for port cities. The session counted with speakers from the Mediterranean port cities of Haifa (Israel) and Tangier (Morocco)","og_url":"https:\/\/www.aivp.org\/en\/newsroom\/aivp-cooperates-with-union-for-the-mediterranean-for-port-cities\/","og_site_name":"AIVP","article_published_time":"2022-10-04T15:09:22+00:00","article_modified_time":"2022-10-04T15:09:29+00:00","og_image":[{"width":2048,"height":1536,"url":"https:\/\/www.aivp.org\/wp-content\/uploads\/2022\/10\/ACTU-Final.jpg","type":"image\/jpeg"}],"author":"Jos\u00e9 SANCHEZ","twitter_card":"summary_large_image","twitter_misc":{"Written by":"Jos\u00e9 SANCHEZ","Est. reading time":"3 minutes"},"schema":{"@context":"https:\/\/schema.org","@graph":[{"@type":"Article","@id":"https:\/\/www.aivp.org\/en\/newsroom\/aivp-cooperates-with-union-for-the-mediterranean-for-port-cities\/#article","isPartOf":{"@id":"https:\/\/www.aivp.org\/en\/newsroom\/aivp-cooperates-with-union-for-the-mediterranean-for-port-cities\/"},"author":{"name":"Jos\u00e9 SANCHEZ","@id":"https:\/\/www.aivp.org\/en\/#\/schema\/person\/905e0ce025d136d3d3c6b5a51b9c3498"},"headline":"AIVP cooperates with Union for the Mediterranean for port cities","datePublished":"2022-10-04T15:09:22+00:00","dateModified":"2022-10-04T15:09:29+00:00","mainEntityOfPage":{"@id":"https:\/\/www.aivp.org\/en\/newsroom\/aivp-cooperates-with-union-for-the-mediterranean-for-port-cities\/"},"wordCount":426,"publisher":{"@id":"https:\/\/www.aivp.org\/en\/#organization"},"image":{"@id":"https:\/\/www.aivp.org\/en\/newsroom\/aivp-cooperates-with-union-for-the-mediterranean-for-port-cities\/#primaryimage"},"thumbnailUrl":"https:\/\/www.aivp.org\/wp-content\/uploads\/2022\/10\/ACTU-Final.jpg","keywords":["Barcelona"],"articleSection":["Highlights"],"inLanguage":"en-US"},{"@type":"WebPage","@id":"https:\/\/www.aivp.org\/en\/newsroom\/aivp-cooperates-with-union-for-the-mediterranean-for-port-cities\/","url":"https:\/\/www.aivp.org\/en\/newsroom\/aivp-cooperates-with-union-for-the-mediterranean-for-port-cities\/","name":"AIVP cooperates with Union for the Mediterranean for port cities - AIVP","isPartOf":{"@id":"https:\/\/www.aivp.org\/en\/#website"},"primaryImageOfPage":{"@id":"https:\/\/www.aivp.org\/en\/newsroom\/aivp-cooperates-with-union-for-the-mediterranean-for-port-cities\/#primaryimage"},"image":{"@id":"https:\/\/www.aivp.org\/en\/newsroom\/aivp-cooperates-with-union-for-the-mediterranean-for-port-cities\/#primaryimage"},"thumbnailUrl":"https:\/\/www.aivp.org\/wp-content\/uploads\/2022\/10\/ACTU-Final.jpg","datePublished":"2022-10-04T15:09:22+00:00","dateModified":"2022-10-04T15:09:29+00:00","breadcrumb":{"@id":"https:\/\/www.aivp.org\/en\/newsroom\/aivp-cooperates-with-union-for-the-mediterranean-for-port-cities\/#breadcrumb"},"inLanguage":"en-US","potentialAction":[{"@type":"ReadAction","target":["https:\/\/www.aivp.org\/en\/newsroom\/aivp-cooperates-with-union-for-the-mediterranean-for-port-cities\/"]}]},{"@type":"ImageObject","inLanguage":"en-US","@id":"https:\/\/www.aivp.org\/en\/newsroom\/aivp-cooperates-with-union-for-the-mediterranean-for-port-cities\/#primaryimage","url":"https:\/\/www.aivp.org\/wp-content\/uploads\/2022\/10\/ACTU-Final.jpg","contentUrl":"https:\/\/www.aivp.org\/wp-content\/uploads\/2022\/10\/ACTU-Final.jpg","width":2048,"height":1536,"caption":"AIVP attends UfM Meeting"},{"@type":"BreadcrumbList","@id":"https:\/\/www.aivp.org\/en\/newsroom\/aivp-cooperates-with-union-for-the-mediterranean-for-port-cities\/#breadcrumb","itemListElement":[{"@type":"ListItem","position":1,"name":"Home","item":"https:\/\/www.aivp.org\/en\/"},{"@type":"ListItem","position":2,"name":"AIVP cooperates with Union for the Mediterranean for port cities"}]},{"@type":"WebSite","@id":"https:\/\/www.aivp.org\/en\/#website","url":"https:\/\/www.aivp.org\/en\/","name":"AIVP","description":"Inspiring people of port cities","publisher":{"@id":"https:\/\/www.aivp.org\/en\/#organization"},"potentialAction":[{"@type":"SearchAction","target":{"@type":"EntryPoint","urlTemplate":"https:\/\/www.aivp.org\/en\/?s={search_term_string}"},"query-input":{"@type":"PropertyValueSpecification","valueRequired":true,"valueName":"search_term_string"}}],"inLanguage":"en-US"},{"@type":"Organization","@id":"https:\/\/www.aivp.org\/en\/#organization","name":"AIVP","url":"https:\/\/www.aivp.org\/en\/","logo":{"@type":"ImageObject","inLanguage":"en-US","@id":"https:\/\/www.aivp.org\/en\/#\/schema\/logo\/image\/","url":"https:\/\/www.aivp.org\/wp-content\/uploads\/2020\/07\/cropped-favicon.png","contentUrl":"https:\/\/www.aivp.org\/wp-content\/uploads\/2020\/07\/cropped-favicon.png","width":512,"height":512,"caption":"AIVP"},"image":{"@id":"https:\/\/www.aivp.org\/en\/#\/schema\/logo\/image\/"}},{"@type":"Person","@id":"https:\/\/www.aivp.org\/en\/#\/schema\/person\/905e0ce025d136d3d3c6b5a51b9c3498","name":"Jos\u00e9 SANCHEZ","image":{"@type":"ImageObject","inLanguage":"en-US","@id":"https:\/\/www.aivp.org\/en\/#\/schema\/person\/image\/","url":"https:\/\/secure.gravatar.com\/avatar\/8d2eff7ef0ec4c75bd676545f78010c5?s=96&d=mm&r=g","contentUrl":"https:\/\/secure.gravatar.com\/avatar\/8d2eff7ef0ec4c75bd676545f78010c5?s=96&d=mm&r=g","caption":"Jos\u00e9 SANCHEZ"},"sameAs":["http:\/\/hdelepouve@aivp.org"],"url":"https:\/\/www.aivp.org\/en\/newsroom\/author\/jsanchezaivp-org\/"}]}},"featured_image_url":"https:\/\/www.aivp.org\/wp-content\/uploads\/2022\/10\/ACTU-Final.jpg","_links":{"self":[{"href":"https:\/\/www.aivp.org\/en\/wp-json\/wp\/v2\/posts\/83103","targetHints":{"allow":["GET"]}}],"collection":[{"href":"https:\/\/www.aivp.org\/en\/wp-json\/wp\/v2\/posts"}],"about":[{"href":"https:\/\/www.aivp.org\/en\/wp-json\/wp\/v2\/types\/post"}],"author":[{"embeddable":true,"href":"https:\/\/www.aivp.org\/en\/wp-json\/wp\/v2\/users\/14"}],"replies":[{"embeddable":true,"href":"https:\/\/www.aivp.org\/en\/wp-json\/wp\/v2\/comments?post=83103"}],"version-history":[{"count":2,"href":"https:\/\/www.aivp.org\/en\/wp-json\/wp\/v2\/posts\/83103\/revisions"}],"predecessor-version":[{"id":83105,"href":"https:\/\/www.aivp.org\/en\/wp-json\/wp\/v2\/posts\/83103\/revisions\/83105"}],"wp:featuredmedia":[{"embeddable":true,"href":"https:\/\/www.aivp.org\/en\/wp-json\/wp\/v2\/media\/83100"}],"wp:attachment":[{"href":"https:\/\/www.aivp.org\/en\/wp-json\/wp\/v2\/media?parent=83103"}],"wp:term":[{"taxonomy":"category","embeddable":true,"href":"https:\/\/www.aivp.org\/en\/wp-json\/wp\/v2\/categories?post=83103"},{"taxonomy":"post_tag","embeddable":true,"href":"https:\/\/www.aivp.org\/en\/wp-json\/wp\/v2\/tags?post=83103"},{"taxonomy":"goal","embeddable":true,"href":"https:\/\/www.aivp.org\/en\/wp-json\/wp\/v2\/goal?post=83103"}],"curies":[{"name":"wp","href":"https:\/\/api.w.org\/{rel}","templated":true}]}}