{"id":111150,"date":"2023-12-06T10:13:12","date_gmt":"2023-12-06T09:13:12","guid":{"rendered":"https:\/\/www.aivp.org\/newsroom\/premiere-rencontre-du-connection-and-reflection-group-au-port-de-bruxelles\/"},"modified":"2023-12-06T12:18:59","modified_gmt":"2023-12-06T11:18:59","slug":"premiere-rencontre-du-connection-and-reflection-group-au-port-de-bruxelles","status":"publish","type":"post","link":"https:\/\/www.aivp.org\/es\/newsroom\/premiere-rencontre-du-connection-and-reflection-group-au-port-de-bruxelles\/","title":{"rendered":"Primera reuni\u00f3n del Connection and Reflection Group en el puerto de Bruselas"},"content":{"rendered":"\n<p>El 28 de noviembre se celebr\u00f3 en Bruselas (B\u00e9lgica) la primera reuni\u00f3n del Connection and Reflection Group, grupo de reflexi\u00f3n del proyecto europeo Connected River, presidido por Carola Hein, profesora de la Universidad Tecnol\u00f3gica de Delft (Pa\u00edses Bajos).<\/p>\n\n\n\n<p>Los miembros del grupo pudieron informarse sobre las metodolog\u00edas desarrolladas en el marco del proyecto y hacerse una idea del contenido de los 6 planes pilotos. El evento ha sido la ocasi\u00f3n para realizar un examen cr\u00edtico del proyecto y de las realizaciones concretadas desde que su puesta en marcha en la primavera de 2023. A continuaci\u00f3n, el puerto de Bruselas present\u00f3 los propios retos que tiene la entidad en relaci\u00f3n con el canal que opera. El principal de ellos es mantener la actividad industrial y valorizar, a la vez que se mejoran las zonas ribere\u00f1as para los residentes del centro de la ciudad.<\/p>\n\n\n\n<p>La jornada concluy\u00f3 con una visita guiada por los alrededores de la sede de la Administraci\u00f3n Portuaria, en la que se se\u00f1alaron varios proyectos de regeneraci\u00f3n urbana en antiguos recintos industriales.<\/p>\n\n\n\n<p>El proyecto Connected River est\u00e1 financiado por el programa Interreg North Sea y se centra en los retos que plantea el uso compartido de las v\u00edas navegables. La AIVP tiene el cometido de difundir buenas pr\u00e1cticas entre les distintos miembros del proyecto, as\u00ed como entre sus propios miembros, para garantizar que los beneficios del proyecto lleguen al mayor n\u00famero de personas.<\/p>\n\n\n<div class=\"row lien-article\">\n    <div class=\"col-12\">\n        \n                    <div class=\"position-relative anime-in-view link-container\">\n\n                            <a href=\"https:\/\/www.interregnorthsea.eu\/connected-river\" target=\"_blank\">Interreg North Sea<\/a>\n\n                            <img decoding=\"async\" class=\"position-absolute image-de-fond\" src=\"https:\/\/www.aivp.org\/wp-content\/themes\/lmc-aivp\/img\/link.svg\">\n\n                    <\/div>\n                                        \n                    <\/div>\n\n    \n\n<\/div>\n\n","protected":false},"excerpt":{"rendered":"<p>El 28 de noviembre se celebr\u00f3 en Bruselas (B\u00e9lgica) la primera reuni\u00f3n del Connection and Reflection Group, grupo de reflexi\u00f3n del proyecto europeo Connected River, presidido por Carola Hein, profesora de la Universidad Tecnol\u00f3gica de Delft (Pa\u00edses Bajos).<\/p>\n","protected":false},"author":246,"featured_media":111139,"comment_status":"closed","ping_status":"closed","sticky":false,"template":"","format":"standard","meta":{"_acf_changed":false,"footnotes":""},"categories":[4856],"tags":[384,266,270],"goal":[],"class_list":["post-111150","post","type-post","status-publish","format-standard","has-post-thumbnail","hentry","category-actualites-es","tag-belgica","tag-bruselas","tag-paises-bajos"],"acf":[],"yoast_head":"<!-- This site is optimized with the Yoast SEO plugin v26.8 - https:\/\/yoast.com\/product\/yoast-seo-wordpress\/ -->\n<title>Primera reuni\u00f3n del Connection and Reflection Group en el puerto de Bruselas - AIVP<\/title>\n<meta name=\"robots\" content=\"index, follow, max-snippet:-1, max-image-preview:large, max-video-preview:-1\" \/>\n<link rel=\"canonical\" href=\"https:\/\/www.aivp.org\/es\/newsroom\/premiere-rencontre-du-connection-and-reflection-group-au-port-de-bruxelles\/\" \/>\n<meta property=\"og:locale\" content=\"es_ES\" \/>\n<meta property=\"og:type\" content=\"article\" \/>\n<meta property=\"og:title\" content=\"Primera reuni\u00f3n del Connection and Reflection Group en el puerto de Bruselas - AIVP\" \/>\n<meta property=\"og:description\" content=\"El 28 de noviembre se celebr\u00f3 en Bruselas (B\u00e9lgica) la primera reuni\u00f3n del Connection and Reflection Group, grupo de reflexi\u00f3n del proyecto europeo Connected River, presidido por Carola Hein, profesora de la Universidad Tecnol\u00f3gica de Delft (Pa\u00edses Bajos).\" \/>\n<meta property=\"og:url\" content=\"https:\/\/www.aivp.org\/es\/newsroom\/premiere-rencontre-du-connection-and-reflection-group-au-port-de-bruxelles\/\" \/>\n<meta property=\"og:site_name\" content=\"AIVP\" \/>\n<meta property=\"article:published_time\" content=\"2023-12-06T09:13:12+00:00\" \/>\n<meta property=\"article:modified_time\" content=\"2023-12-06T11:18:59+00:00\" \/>\n<meta property=\"og:image\" content=\"https:\/\/www.aivp.org\/wp-content\/uploads\/2023\/12\/Photo-mise-en-avant-BON-720-x-576-px-20.png\" \/>\n\t<meta property=\"og:image:width\" content=\"720\" \/>\n\t<meta property=\"og:image:height\" content=\"576\" \/>\n\t<meta property=\"og:image:type\" content=\"image\/png\" \/>\n<meta name=\"author\" content=\"No\u00e9mi MENE\" \/>\n<meta name=\"twitter:card\" content=\"summary_large_image\" \/>\n<meta name=\"twitter:label1\" content=\"Escrito por\" \/>\n\t<meta name=\"twitter:data1\" content=\"No\u00e9mi MENE\" \/>\n\t<meta name=\"twitter:label2\" content=\"Tiempo de lectura\" \/>\n\t<meta name=\"twitter:data2\" content=\"2 minutos\" \/>\n<script type=\"application\/ld+json\" class=\"yoast-schema-graph\">{\"@context\":\"https:\/\/schema.org\",\"@graph\":[{\"@type\":\"Article\",\"@id\":\"https:\/\/www.aivp.org\/es\/newsroom\/premiere-rencontre-du-connection-and-reflection-group-au-port-de-bruxelles\/#article\",\"isPartOf\":{\"@id\":\"https:\/\/www.aivp.org\/es\/newsroom\/premiere-rencontre-du-connection-and-reflection-group-au-port-de-bruxelles\/\"},\"author\":{\"name\":\"No\u00e9mi MENE\",\"@id\":\"https:\/\/www.aivp.org\/es\/#\/schema\/person\/ea7f9da9fd389be883f67e5651063c2b\"},\"headline\":\"Primera reuni\u00f3n del Connection and Reflection Group en el puerto de Bruselas\",\"datePublished\":\"2023-12-06T09:13:12+00:00\",\"dateModified\":\"2023-12-06T11:18:59+00:00\",\"mainEntityOfPage\":{\"@id\":\"https:\/\/www.aivp.org\/es\/newsroom\/premiere-rencontre-du-connection-and-reflection-group-au-port-de-bruxelles\/\"},\"wordCount\":261,\"publisher\":{\"@id\":\"https:\/\/www.aivp.org\/es\/#organization\"},\"image\":{\"@id\":\"https:\/\/www.aivp.org\/es\/newsroom\/premiere-rencontre-du-connection-and-reflection-group-au-port-de-bruxelles\/#primaryimage\"},\"thumbnailUrl\":\"https:\/\/www.aivp.org\/wp-content\/uploads\/2023\/12\/Photo-mise-en-avant-BON-720-x-576-px-20.png\",\"keywords\":[\"Belgica\",\"Bruselas\",\"Pa\u00edses Bajos\"],\"articleSection\":[\"Noticias\"],\"inLanguage\":\"es\"},{\"@type\":\"WebPage\",\"@id\":\"https:\/\/www.aivp.org\/es\/newsroom\/premiere-rencontre-du-connection-and-reflection-group-au-port-de-bruxelles\/\",\"url\":\"https:\/\/www.aivp.org\/es\/newsroom\/premiere-rencontre-du-connection-and-reflection-group-au-port-de-bruxelles\/\",\"name\":\"Primera reuni\u00f3n del Connection and Reflection Group en el puerto de Bruselas - AIVP\",\"isPartOf\":{\"@id\":\"https:\/\/www.aivp.org\/es\/#website\"},\"primaryImageOfPage\":{\"@id\":\"https:\/\/www.aivp.org\/es\/newsroom\/premiere-rencontre-du-connection-and-reflection-group-au-port-de-bruxelles\/#primaryimage\"},\"image\":{\"@id\":\"https:\/\/www.aivp.org\/es\/newsroom\/premiere-rencontre-du-connection-and-reflection-group-au-port-de-bruxelles\/#primaryimage\"},\"thumbnailUrl\":\"https:\/\/www.aivp.org\/wp-content\/uploads\/2023\/12\/Photo-mise-en-avant-BON-720-x-576-px-20.png\",\"datePublished\":\"2023-12-06T09:13:12+00:00\",\"dateModified\":\"2023-12-06T11:18:59+00:00\",\"breadcrumb\":{\"@id\":\"https:\/\/www.aivp.org\/es\/newsroom\/premiere-rencontre-du-connection-and-reflection-group-au-port-de-bruxelles\/#breadcrumb\"},\"inLanguage\":\"es\",\"potentialAction\":[{\"@type\":\"ReadAction\",\"target\":[\"https:\/\/www.aivp.org\/es\/newsroom\/premiere-rencontre-du-connection-and-reflection-group-au-port-de-bruxelles\/\"]}]},{\"@type\":\"ImageObject\",\"inLanguage\":\"es\",\"@id\":\"https:\/\/www.aivp.org\/es\/newsroom\/premiere-rencontre-du-connection-and-reflection-group-au-port-de-bruxelles\/#primaryimage\",\"url\":\"https:\/\/www.aivp.org\/wp-content\/uploads\/2023\/12\/Photo-mise-en-avant-BON-720-x-576-px-20.png\",\"contentUrl\":\"https:\/\/www.aivp.org\/wp-content\/uploads\/2023\/12\/Photo-mise-en-avant-BON-720-x-576-px-20.png\",\"width\":720,\"height\":576},{\"@type\":\"BreadcrumbList\",\"@id\":\"https:\/\/www.aivp.org\/es\/newsroom\/premiere-rencontre-du-connection-and-reflection-group-au-port-de-bruxelles\/#breadcrumb\",\"itemListElement\":[{\"@type\":\"ListItem\",\"position\":1,\"name\":\"Home\",\"item\":\"https:\/\/www.aivp.org\/es\/\"},{\"@type\":\"ListItem\",\"position\":2,\"name\":\"Primera reuni\u00f3n del Connection and Reflection Group en el puerto de Bruselas\"}]},{\"@type\":\"WebSite\",\"@id\":\"https:\/\/www.aivp.org\/es\/#website\",\"url\":\"https:\/\/www.aivp.org\/es\/\",\"name\":\"AIVP\",\"description\":\"Inspiring people of port cities\",\"publisher\":{\"@id\":\"https:\/\/www.aivp.org\/es\/#organization\"},\"potentialAction\":[{\"@type\":\"SearchAction\",\"target\":{\"@type\":\"EntryPoint\",\"urlTemplate\":\"https:\/\/www.aivp.org\/es\/?s={search_term_string}\"},\"query-input\":{\"@type\":\"PropertyValueSpecification\",\"valueRequired\":true,\"valueName\":\"search_term_string\"}}],\"inLanguage\":\"es\"},{\"@type\":\"Organization\",\"@id\":\"https:\/\/www.aivp.org\/es\/#organization\",\"name\":\"AIVP\",\"url\":\"https:\/\/www.aivp.org\/es\/\",\"logo\":{\"@type\":\"ImageObject\",\"inLanguage\":\"es\",\"@id\":\"https:\/\/www.aivp.org\/es\/#\/schema\/logo\/image\/\",\"url\":\"https:\/\/www.aivp.org\/wp-content\/uploads\/2020\/07\/cropped-favicon.png\",\"contentUrl\":\"https:\/\/www.aivp.org\/wp-content\/uploads\/2020\/07\/cropped-favicon.png\",\"width\":512,\"height\":512,\"caption\":\"AIVP\"},\"image\":{\"@id\":\"https:\/\/www.aivp.org\/es\/#\/schema\/logo\/image\/\"}},{\"@type\":\"Person\",\"@id\":\"https:\/\/www.aivp.org\/es\/#\/schema\/person\/ea7f9da9fd389be883f67e5651063c2b\",\"name\":\"No\u00e9mi MENE\",\"image\":{\"@type\":\"ImageObject\",\"inLanguage\":\"es\",\"@id\":\"https:\/\/www.aivp.org\/es\/#\/schema\/person\/image\/\",\"url\":\"https:\/\/secure.gravatar.com\/avatar\/b60eccebe6cfaab000ebc7646aac247c?s=96&d=mm&r=g\",\"contentUrl\":\"https:\/\/secure.gravatar.com\/avatar\/b60eccebe6cfaab000ebc7646aac247c?s=96&d=mm&r=g\",\"caption\":\"No\u00e9mi MENE\"},\"url\":\"https:\/\/www.aivp.org\/es\/newsroom\/author\/nmene\/\"}]}<\/script>\n<!-- \/ Yoast SEO plugin. -->","yoast_head_json":{"title":"Primera reuni\u00f3n del Connection and Reflection Group en el puerto de Bruselas - AIVP","robots":{"index":"index","follow":"follow","max-snippet":"max-snippet:-1","max-image-preview":"max-image-preview:large","max-video-preview":"max-video-preview:-1"},"canonical":"https:\/\/www.aivp.org\/es\/newsroom\/premiere-rencontre-du-connection-and-reflection-group-au-port-de-bruxelles\/","og_locale":"es_ES","og_type":"article","og_title":"Primera reuni\u00f3n del Connection and Reflection Group en el puerto de Bruselas - AIVP","og_description":"El 28 de noviembre se celebr\u00f3 en Bruselas (B\u00e9lgica) la primera reuni\u00f3n del Connection and Reflection Group, grupo de reflexi\u00f3n del proyecto europeo Connected River, presidido por Carola Hein, profesora de la Universidad Tecnol\u00f3gica de Delft (Pa\u00edses Bajos).","og_url":"https:\/\/www.aivp.org\/es\/newsroom\/premiere-rencontre-du-connection-and-reflection-group-au-port-de-bruxelles\/","og_site_name":"AIVP","article_published_time":"2023-12-06T09:13:12+00:00","article_modified_time":"2023-12-06T11:18:59+00:00","og_image":[{"width":720,"height":576,"url":"https:\/\/www.aivp.org\/wp-content\/uploads\/2023\/12\/Photo-mise-en-avant-BON-720-x-576-px-20.png","type":"image\/png"}],"author":"No\u00e9mi MENE","twitter_card":"summary_large_image","twitter_misc":{"Escrito por":"No\u00e9mi MENE","Tiempo de lectura":"2 minutos"},"schema":{"@context":"https:\/\/schema.org","@graph":[{"@type":"Article","@id":"https:\/\/www.aivp.org\/es\/newsroom\/premiere-rencontre-du-connection-and-reflection-group-au-port-de-bruxelles\/#article","isPartOf":{"@id":"https:\/\/www.aivp.org\/es\/newsroom\/premiere-rencontre-du-connection-and-reflection-group-au-port-de-bruxelles\/"},"author":{"name":"No\u00e9mi MENE","@id":"https:\/\/www.aivp.org\/es\/#\/schema\/person\/ea7f9da9fd389be883f67e5651063c2b"},"headline":"Primera reuni\u00f3n del Connection and Reflection Group en el puerto de Bruselas","datePublished":"2023-12-06T09:13:12+00:00","dateModified":"2023-12-06T11:18:59+00:00","mainEntityOfPage":{"@id":"https:\/\/www.aivp.org\/es\/newsroom\/premiere-rencontre-du-connection-and-reflection-group-au-port-de-bruxelles\/"},"wordCount":261,"publisher":{"@id":"https:\/\/www.aivp.org\/es\/#organization"},"image":{"@id":"https:\/\/www.aivp.org\/es\/newsroom\/premiere-rencontre-du-connection-and-reflection-group-au-port-de-bruxelles\/#primaryimage"},"thumbnailUrl":"https:\/\/www.aivp.org\/wp-content\/uploads\/2023\/12\/Photo-mise-en-avant-BON-720-x-576-px-20.png","keywords":["Belgica","Bruselas","Pa\u00edses Bajos"],"articleSection":["Noticias"],"inLanguage":"es"},{"@type":"WebPage","@id":"https:\/\/www.aivp.org\/es\/newsroom\/premiere-rencontre-du-connection-and-reflection-group-au-port-de-bruxelles\/","url":"https:\/\/www.aivp.org\/es\/newsroom\/premiere-rencontre-du-connection-and-reflection-group-au-port-de-bruxelles\/","name":"Primera reuni\u00f3n del Connection and Reflection Group en el puerto de Bruselas - AIVP","isPartOf":{"@id":"https:\/\/www.aivp.org\/es\/#website"},"primaryImageOfPage":{"@id":"https:\/\/www.aivp.org\/es\/newsroom\/premiere-rencontre-du-connection-and-reflection-group-au-port-de-bruxelles\/#primaryimage"},"image":{"@id":"https:\/\/www.aivp.org\/es\/newsroom\/premiere-rencontre-du-connection-and-reflection-group-au-port-de-bruxelles\/#primaryimage"},"thumbnailUrl":"https:\/\/www.aivp.org\/wp-content\/uploads\/2023\/12\/Photo-mise-en-avant-BON-720-x-576-px-20.png","datePublished":"2023-12-06T09:13:12+00:00","dateModified":"2023-12-06T11:18:59+00:00","breadcrumb":{"@id":"https:\/\/www.aivp.org\/es\/newsroom\/premiere-rencontre-du-connection-and-reflection-group-au-port-de-bruxelles\/#breadcrumb"},"inLanguage":"es","potentialAction":[{"@type":"ReadAction","target":["https:\/\/www.aivp.org\/es\/newsroom\/premiere-rencontre-du-connection-and-reflection-group-au-port-de-bruxelles\/"]}]},{"@type":"ImageObject","inLanguage":"es","@id":"https:\/\/www.aivp.org\/es\/newsroom\/premiere-rencontre-du-connection-and-reflection-group-au-port-de-bruxelles\/#primaryimage","url":"https:\/\/www.aivp.org\/wp-content\/uploads\/2023\/12\/Photo-mise-en-avant-BON-720-x-576-px-20.png","contentUrl":"https:\/\/www.aivp.org\/wp-content\/uploads\/2023\/12\/Photo-mise-en-avant-BON-720-x-576-px-20.png","width":720,"height":576},{"@type":"BreadcrumbList","@id":"https:\/\/www.aivp.org\/es\/newsroom\/premiere-rencontre-du-connection-and-reflection-group-au-port-de-bruxelles\/#breadcrumb","itemListElement":[{"@type":"ListItem","position":1,"name":"Home","item":"https:\/\/www.aivp.org\/es\/"},{"@type":"ListItem","position":2,"name":"Primera reuni\u00f3n del Connection and Reflection Group en el puerto de Bruselas"}]},{"@type":"WebSite","@id":"https:\/\/www.aivp.org\/es\/#website","url":"https:\/\/www.aivp.org\/es\/","name":"AIVP","description":"Inspiring people of port cities","publisher":{"@id":"https:\/\/www.aivp.org\/es\/#organization"},"potentialAction":[{"@type":"SearchAction","target":{"@type":"EntryPoint","urlTemplate":"https:\/\/www.aivp.org\/es\/?s={search_term_string}"},"query-input":{"@type":"PropertyValueSpecification","valueRequired":true,"valueName":"search_term_string"}}],"inLanguage":"es"},{"@type":"Organization","@id":"https:\/\/www.aivp.org\/es\/#organization","name":"AIVP","url":"https:\/\/www.aivp.org\/es\/","logo":{"@type":"ImageObject","inLanguage":"es","@id":"https:\/\/www.aivp.org\/es\/#\/schema\/logo\/image\/","url":"https:\/\/www.aivp.org\/wp-content\/uploads\/2020\/07\/cropped-favicon.png","contentUrl":"https:\/\/www.aivp.org\/wp-content\/uploads\/2020\/07\/cropped-favicon.png","width":512,"height":512,"caption":"AIVP"},"image":{"@id":"https:\/\/www.aivp.org\/es\/#\/schema\/logo\/image\/"}},{"@type":"Person","@id":"https:\/\/www.aivp.org\/es\/#\/schema\/person\/ea7f9da9fd389be883f67e5651063c2b","name":"No\u00e9mi MENE","image":{"@type":"ImageObject","inLanguage":"es","@id":"https:\/\/www.aivp.org\/es\/#\/schema\/person\/image\/","url":"https:\/\/secure.gravatar.com\/avatar\/b60eccebe6cfaab000ebc7646aac247c?s=96&d=mm&r=g","contentUrl":"https:\/\/secure.gravatar.com\/avatar\/b60eccebe6cfaab000ebc7646aac247c?s=96&d=mm&r=g","caption":"No\u00e9mi MENE"},"url":"https:\/\/www.aivp.org\/es\/newsroom\/author\/nmene\/"}]}},"featured_image_url":"https:\/\/www.aivp.org\/wp-content\/uploads\/2023\/12\/Photo-mise-en-avant-BON-720-x-576-px-20.png","_links":{"self":[{"href":"https:\/\/www.aivp.org\/es\/wp-json\/wp\/v2\/posts\/111150","targetHints":{"allow":["GET"]}}],"collection":[{"href":"https:\/\/www.aivp.org\/es\/wp-json\/wp\/v2\/posts"}],"about":[{"href":"https:\/\/www.aivp.org\/es\/wp-json\/wp\/v2\/types\/post"}],"author":[{"embeddable":true,"href":"https:\/\/www.aivp.org\/es\/wp-json\/wp\/v2\/users\/246"}],"replies":[{"embeddable":true,"href":"https:\/\/www.aivp.org\/es\/wp-json\/wp\/v2\/comments?post=111150"}],"version-history":[{"count":2,"href":"https:\/\/www.aivp.org\/es\/wp-json\/wp\/v2\/posts\/111150\/revisions"}],"predecessor-version":[{"id":111261,"href":"https:\/\/www.aivp.org\/es\/wp-json\/wp\/v2\/posts\/111150\/revisions\/111261"}],"wp:featuredmedia":[{"embeddable":true,"href":"https:\/\/www.aivp.org\/es\/wp-json\/wp\/v2\/media\/111139"}],"wp:attachment":[{"href":"https:\/\/www.aivp.org\/es\/wp-json\/wp\/v2\/media?parent=111150"}],"wp:term":[{"taxonomy":"category","embeddable":true,"href":"https:\/\/www.aivp.org\/es\/wp-json\/wp\/v2\/categories?post=111150"},{"taxonomy":"post_tag","embeddable":true,"href":"https:\/\/www.aivp.org\/es\/wp-json\/wp\/v2\/tags?post=111150"},{"taxonomy":"goal","embeddable":true,"href":"https:\/\/www.aivp.org\/es\/wp-json\/wp\/v2\/goal?post=111150"}],"curies":[{"name":"wp","href":"https:\/\/api.w.org\/{rel}","templated":true}]}}