{"id":115640,"date":"2024-02-07T14:50:18","date_gmt":"2024-02-07T13:50:18","guid":{"rendered":"https:\/\/www.aivp.org\/?p=115640"},"modified":"2024-02-07T15:12:35","modified_gmt":"2024-02-07T14:12:35","slug":"la-aivp-sigue-ampliando-su-presencia-en-florida","status":"publish","type":"post","link":"https:\/\/www.aivp.org\/es\/newsroom\/la-aivp-sigue-ampliando-su-presencia-en-florida\/","title":{"rendered":"La AIVP sigue ampliando su presencia en Florida"},"content":{"rendered":"\n<p>Del 19 al 27 de enero, nuestra asociaci\u00f3n envi\u00f3 a uno de sus empleados, Th\u00e9o Fortin, a reunirse con las partes interesadas de las ciudades portuarias de Florida, una de las regiones costeras m\u00e1s importantes de Estados Unidos. Una vez m\u00e1s, presentamos nuestra asociaci\u00f3n a las ciudades y condados de Tampa y Miami-Dade, as\u00ed como a los puertos que los rodean y apoyan. Th\u00e9o Fortin tambi\u00e9n particip\u00f3 en la conferencia POWERS, organizada por la Asociaci\u00f3n Americana de Autoridades Portuarias (AAPA), y ocup\u00f3 un stand para presentar nuestra asociaci\u00f3n a los miembros de esta importante organizaci\u00f3n. La AAPA es uno de nuestros socios desde 2006. Th\u00e9o Fortin fue recibido por el Director General de la AAPA, Cary Davis, que es amigo de las ciudades portuarias y prest\u00f3 especial atenci\u00f3n a las nuevas actividades puestas en marcha por nuestra asociaci\u00f3n, por lo que le damos las gracias. Con los representantes de las ciudades portuarias americanas, y de Florida en particular, pusimos de relieve dos iniciativas emblem\u00e1ticas desarrolladas por nuestra asociaci\u00f3n: la Agenda 2030 de la AIVP y el Premio Antoine Rufenacht de la AIVP. La segunda iniciativa est\u00e1 encabezada por G\u00e9raldine Knatz, ex Presidenta de la AAPA y ex Directora General del Puerto de Los \u00c1ngeles, California.<\/p>\n\n\n\n<p>El Premio AIVP Antoine Rufenacht se integra as\u00ed firmemente en el paisaje de las ciudades portuarias americanas, gracias a su prestigiosa presidenta del jurado, la Sra. Knatz. Numerosos participantes manifestaron su inter\u00e9s por el premio y pudieron presentar sus proyectos de desarrollo de ciudades portuarias. Th\u00e9o Fortin se reuni\u00f3 con numerosas autoridades portuarias americanas cuya preocupaci\u00f3n por la sostenibilidad y la integraci\u00f3n social de sus operaciones es muy marcada: por ejemplo, el Puerto de Seattle, el Puerto de Nueva York &#8211; Nueva Jersey, el Puerto de San Francisco y, por supuesto, el anfitri\u00f3n de bienvenida, el Puerto de Tampa Bay. La pr\u00f3xima misi\u00f3n de la AIVP en Estados Unidos tendr\u00e1 lugar en abril, con ocasi\u00f3n de la conferencia Seatrade en Miami. Mientras tanto, se invita a todos los miembros de la AIVP de Am\u00e9rica del Norte a participar en el Port Center Workshop, que se celebrar\u00e1 en Montreal (Canad\u00e1) los d\u00edas 14 y 15 de marzo.<\/p>\n\n\n<div class=\"block galerie-photo article py-5 position-relative\"  id=\"block_9e7aec5d927c9cfa844ddefc9e7b8cbb\">\n\n\t<div class=\"position-relative\">\n\n        \n        <div class=\"grid-galerie-photo row mx-0\">\n            <div class=\"grid-sizer\"><\/div>\n            <div class=\"gutter-sizer\"><\/div>\n\n            \n                    <a class=\"grid-galerie-photo-item\" href=\"https:\/\/www.aivp.org\/wp-content\/uploads\/2024\/02\/tampa_tf_fev24.png\" data-fancybox=\"galerie-photo-block_9e7aec5d927c9cfa844ddefc9e7b8cbb\" data-caption=\"\">\n                        <img loading=\"lazy\" decoding=\"async\" width=\"360\" height=\"288\" src=\"https:\/\/www.aivp.org\/wp-content\/uploads\/2024\/02\/tampa_tf_fev24-360x288.png\" class=\"img-fluid mb-2 anime-in-view\" alt=\"\" srcset=\"https:\/\/www.aivp.org\/wp-content\/uploads\/2024\/02\/tampa_tf_fev24-360x288.png 360w, https:\/\/www.aivp.org\/wp-content\/uploads\/2024\/02\/tampa_tf_fev24-690x552.png 690w, https:\/\/www.aivp.org\/wp-content\/uploads\/2024\/02\/tampa_tf_fev24-255x204.png 255w, https:\/\/www.aivp.org\/wp-content\/uploads\/2024\/02\/tampa_tf_fev24-171x137.png 171w, https:\/\/www.aivp.org\/wp-content\/uploads\/2024\/02\/tampa_tf_fev24-548x438.png 548w, https:\/\/www.aivp.org\/wp-content\/uploads\/2024\/02\/tampa_tf_fev24.png 720w\" sizes=\"auto, (max-width: 360px) 100vw, 360px\" \/>                    <\/a>\n                \n                    <a class=\"grid-galerie-photo-item\" href=\"https:\/\/www.aivp.org\/wp-content\/uploads\/2024\/02\/tf_powers_fev24.jpg\" data-fancybox=\"galerie-photo-block_9e7aec5d927c9cfa844ddefc9e7b8cbb\" data-caption=\"\">\n                        <img loading=\"lazy\" decoding=\"async\" width=\"360\" height=\"273\" src=\"https:\/\/www.aivp.org\/wp-content\/uploads\/2024\/02\/tf_powers_fev24-360x273.jpg\" class=\"img-fluid mb-2 anime-in-view\" alt=\"\" srcset=\"https:\/\/www.aivp.org\/wp-content\/uploads\/2024\/02\/tf_powers_fev24-360x273.jpg 360w, https:\/\/www.aivp.org\/wp-content\/uploads\/2024\/02\/tf_powers_fev24-690x524.jpg 690w, https:\/\/www.aivp.org\/wp-content\/uploads\/2024\/02\/tf_powers_fev24-768x583.jpg 768w, https:\/\/www.aivp.org\/wp-content\/uploads\/2024\/02\/tf_powers_fev24-255x193.jpg 255w, https:\/\/www.aivp.org\/wp-content\/uploads\/2024\/02\/tf_powers_fev24-171x130.jpg 171w, https:\/\/www.aivp.org\/wp-content\/uploads\/2024\/02\/tf_powers_fev24-548x416.jpg 548w, https:\/\/www.aivp.org\/wp-content\/uploads\/2024\/02\/tf_powers_fev24.jpg 800w\" sizes=\"auto, (max-width: 360px) 100vw, 360px\" \/>                    <\/a>\n                \n                    <a class=\"grid-galerie-photo-item\" href=\"https:\/\/www.aivp.org\/wp-content\/uploads\/2024\/02\/powers_tf_fev24.jpg\" data-fancybox=\"galerie-photo-block_9e7aec5d927c9cfa844ddefc9e7b8cbb\" data-caption=\"\">\n                        <img loading=\"lazy\" decoding=\"async\" width=\"360\" height=\"270\" src=\"https:\/\/www.aivp.org\/wp-content\/uploads\/2024\/02\/powers_tf_fev24-360x270.jpg\" class=\"img-fluid mb-2 anime-in-view\" alt=\"\" srcset=\"https:\/\/www.aivp.org\/wp-content\/uploads\/2024\/02\/powers_tf_fev24-360x270.jpg 360w, https:\/\/www.aivp.org\/wp-content\/uploads\/2024\/02\/powers_tf_fev24-690x518.jpg 690w, https:\/\/www.aivp.org\/wp-content\/uploads\/2024\/02\/powers_tf_fev24-1140x855.jpg 1140w, https:\/\/www.aivp.org\/wp-content\/uploads\/2024\/02\/powers_tf_fev24-768x576.jpg 768w, https:\/\/www.aivp.org\/wp-content\/uploads\/2024\/02\/powers_tf_fev24-255x191.jpg 255w, https:\/\/www.aivp.org\/wp-content\/uploads\/2024\/02\/powers_tf_fev24-171x128.jpg 171w, https:\/\/www.aivp.org\/wp-content\/uploads\/2024\/02\/powers_tf_fev24-548x411.jpg 548w, https:\/\/www.aivp.org\/wp-content\/uploads\/2024\/02\/powers_tf_fev24.jpg 1280w\" sizes=\"auto, (max-width: 360px) 100vw, 360px\" \/>                    <\/a>\n                \n                    <a class=\"grid-galerie-photo-item\" href=\"https:\/\/www.aivp.org\/wp-content\/uploads\/2024\/02\/miami_tf_fev24.jpeg\" data-fancybox=\"galerie-photo-block_9e7aec5d927c9cfa844ddefc9e7b8cbb\" data-caption=\"\">\n                        <img loading=\"lazy\" decoding=\"async\" width=\"360\" height=\"240\" src=\"https:\/\/www.aivp.org\/wp-content\/uploads\/2024\/02\/miami_tf_fev24-360x240.jpeg\" class=\"img-fluid mb-2 anime-in-view\" alt=\"\" srcset=\"https:\/\/www.aivp.org\/wp-content\/uploads\/2024\/02\/miami_tf_fev24-360x240.jpeg 360w, https:\/\/www.aivp.org\/wp-content\/uploads\/2024\/02\/miami_tf_fev24-690x460.jpeg 690w, https:\/\/www.aivp.org\/wp-content\/uploads\/2024\/02\/miami_tf_fev24-1140x759.jpeg 1140w, https:\/\/www.aivp.org\/wp-content\/uploads\/2024\/02\/miami_tf_fev24-768x512.jpeg 768w, https:\/\/www.aivp.org\/wp-content\/uploads\/2024\/02\/miami_tf_fev24-1536x1023.jpeg 1536w, https:\/\/www.aivp.org\/wp-content\/uploads\/2024\/02\/miami_tf_fev24-2048x1364.jpeg 2048w, https:\/\/www.aivp.org\/wp-content\/uploads\/2024\/02\/miami_tf_fev24-255x170.jpeg 255w, https:\/\/www.aivp.org\/wp-content\/uploads\/2024\/02\/miami_tf_fev24-171x114.jpeg 171w, https:\/\/www.aivp.org\/wp-content\/uploads\/2024\/02\/miami_tf_fev24-548x365.jpeg 548w\" sizes=\"auto, (max-width: 360px) 100vw, 360px\" \/>                    <\/a>\n                        <\/div>\n        \n\t<\/div>\n\n<\/div>","protected":false},"excerpt":{"rendered":"<p>La AIVP estuvo representada una vez m\u00e1s en Florida por uno de sus empleados. Descubra en este art\u00edculo los resultados de esta misi\u00f3n, cuyo objetivo era ampliar nuestra asociaci\u00f3n en Estados Unidos.<\/p>\n","protected":false},"author":365,"featured_media":115620,"comment_status":"closed","ping_status":"closed","sticky":false,"template":"","format":"standard","meta":{"_acf_changed":false,"footnotes":""},"categories":[4856],"tags":[1971],"goal":[],"class_list":["post-115640","post","type-post","status-publish","format-standard","has-post-thumbnail","hentry","category-actualites-es","tag-estados-unidos"],"acf":[],"yoast_head":"<!-- This site is optimized with the Yoast SEO plugin v26.8 - https:\/\/yoast.com\/product\/yoast-seo-wordpress\/ -->\n<title>La AIVP sigue ampliando su presencia en Florida - AIVP<\/title>\n<meta name=\"robots\" content=\"index, follow, max-snippet:-1, max-image-preview:large, max-video-preview:-1\" \/>\n<link rel=\"canonical\" href=\"https:\/\/www.aivp.org\/es\/newsroom\/la-aivp-sigue-ampliando-su-presencia-en-florida\/\" \/>\n<meta property=\"og:locale\" content=\"es_ES\" \/>\n<meta property=\"og:type\" content=\"article\" \/>\n<meta property=\"og:title\" content=\"La AIVP sigue ampliando su presencia en Florida - AIVP\" \/>\n<meta property=\"og:description\" content=\"La AIVP estuvo representada una vez m\u00e1s en Florida por uno de sus empleados. Descubra en este art\u00edculo los resultados de esta misi\u00f3n, cuyo objetivo era ampliar nuestra asociaci\u00f3n en Estados Unidos.\" \/>\n<meta property=\"og:url\" content=\"https:\/\/www.aivp.org\/es\/newsroom\/la-aivp-sigue-ampliando-su-presencia-en-florida\/\" \/>\n<meta property=\"og:site_name\" content=\"AIVP\" \/>\n<meta property=\"article:published_time\" content=\"2024-02-07T13:50:18+00:00\" \/>\n<meta property=\"article:modified_time\" content=\"2024-02-07T14:12:35+00:00\" \/>\n<meta property=\"og:image\" content=\"https:\/\/www.aivp.org\/wp-content\/uploads\/2024\/02\/tampa_tf_fev24.png\" \/>\n\t<meta property=\"og:image:width\" content=\"720\" \/>\n\t<meta property=\"og:image:height\" content=\"576\" \/>\n\t<meta property=\"og:image:type\" content=\"image\/png\" \/>\n<meta name=\"author\" content=\"Laureen Goletto\" \/>\n<meta name=\"twitter:card\" content=\"summary_large_image\" \/>\n<meta name=\"twitter:label1\" content=\"Escrito por\" \/>\n\t<meta name=\"twitter:data1\" content=\"Laureen Goletto\" \/>\n\t<meta name=\"twitter:label2\" content=\"Tiempo de lectura\" \/>\n\t<meta name=\"twitter:data2\" content=\"3 minutos\" \/>\n<script type=\"application\/ld+json\" class=\"yoast-schema-graph\">{\"@context\":\"https:\/\/schema.org\",\"@graph\":[{\"@type\":\"Article\",\"@id\":\"https:\/\/www.aivp.org\/es\/newsroom\/la-aivp-sigue-ampliando-su-presencia-en-florida\/#article\",\"isPartOf\":{\"@id\":\"https:\/\/www.aivp.org\/es\/newsroom\/la-aivp-sigue-ampliando-su-presencia-en-florida\/\"},\"author\":{\"name\":\"Laureen Goletto\",\"@id\":\"https:\/\/www.aivp.org\/es\/#\/schema\/person\/c545564904b9451e7a1a8b3a71f10f8c\"},\"headline\":\"La AIVP sigue ampliando su presencia en Florida\",\"datePublished\":\"2024-02-07T13:50:18+00:00\",\"dateModified\":\"2024-02-07T14:12:35+00:00\",\"mainEntityOfPage\":{\"@id\":\"https:\/\/www.aivp.org\/es\/newsroom\/la-aivp-sigue-ampliando-su-presencia-en-florida\/\"},\"wordCount\":389,\"publisher\":{\"@id\":\"https:\/\/www.aivp.org\/es\/#organization\"},\"image\":{\"@id\":\"https:\/\/www.aivp.org\/es\/newsroom\/la-aivp-sigue-ampliando-su-presencia-en-florida\/#primaryimage\"},\"thumbnailUrl\":\"https:\/\/www.aivp.org\/wp-content\/uploads\/2024\/02\/tampa_tf_fev24.png\",\"keywords\":[\"Estados Unidos\"],\"articleSection\":[\"Noticias\"],\"inLanguage\":\"es\"},{\"@type\":\"WebPage\",\"@id\":\"https:\/\/www.aivp.org\/es\/newsroom\/la-aivp-sigue-ampliando-su-presencia-en-florida\/\",\"url\":\"https:\/\/www.aivp.org\/es\/newsroom\/la-aivp-sigue-ampliando-su-presencia-en-florida\/\",\"name\":\"La AIVP sigue ampliando su presencia en Florida - AIVP\",\"isPartOf\":{\"@id\":\"https:\/\/www.aivp.org\/es\/#website\"},\"primaryImageOfPage\":{\"@id\":\"https:\/\/www.aivp.org\/es\/newsroom\/la-aivp-sigue-ampliando-su-presencia-en-florida\/#primaryimage\"},\"image\":{\"@id\":\"https:\/\/www.aivp.org\/es\/newsroom\/la-aivp-sigue-ampliando-su-presencia-en-florida\/#primaryimage\"},\"thumbnailUrl\":\"https:\/\/www.aivp.org\/wp-content\/uploads\/2024\/02\/tampa_tf_fev24.png\",\"datePublished\":\"2024-02-07T13:50:18+00:00\",\"dateModified\":\"2024-02-07T14:12:35+00:00\",\"breadcrumb\":{\"@id\":\"https:\/\/www.aivp.org\/es\/newsroom\/la-aivp-sigue-ampliando-su-presencia-en-florida\/#breadcrumb\"},\"inLanguage\":\"es\",\"potentialAction\":[{\"@type\":\"ReadAction\",\"target\":[\"https:\/\/www.aivp.org\/es\/newsroom\/la-aivp-sigue-ampliando-su-presencia-en-florida\/\"]}]},{\"@type\":\"ImageObject\",\"inLanguage\":\"es\",\"@id\":\"https:\/\/www.aivp.org\/es\/newsroom\/la-aivp-sigue-ampliando-su-presencia-en-florida\/#primaryimage\",\"url\":\"https:\/\/www.aivp.org\/wp-content\/uploads\/2024\/02\/tampa_tf_fev24.png\",\"contentUrl\":\"https:\/\/www.aivp.org\/wp-content\/uploads\/2024\/02\/tampa_tf_fev24.png\",\"width\":720,\"height\":576},{\"@type\":\"BreadcrumbList\",\"@id\":\"https:\/\/www.aivp.org\/es\/newsroom\/la-aivp-sigue-ampliando-su-presencia-en-florida\/#breadcrumb\",\"itemListElement\":[{\"@type\":\"ListItem\",\"position\":1,\"name\":\"Home\",\"item\":\"https:\/\/www.aivp.org\/es\/\"},{\"@type\":\"ListItem\",\"position\":2,\"name\":\"La AIVP sigue ampliando su presencia en Florida\"}]},{\"@type\":\"WebSite\",\"@id\":\"https:\/\/www.aivp.org\/es\/#website\",\"url\":\"https:\/\/www.aivp.org\/es\/\",\"name\":\"AIVP\",\"description\":\"Inspiring people of port cities\",\"publisher\":{\"@id\":\"https:\/\/www.aivp.org\/es\/#organization\"},\"potentialAction\":[{\"@type\":\"SearchAction\",\"target\":{\"@type\":\"EntryPoint\",\"urlTemplate\":\"https:\/\/www.aivp.org\/es\/?s={search_term_string}\"},\"query-input\":{\"@type\":\"PropertyValueSpecification\",\"valueRequired\":true,\"valueName\":\"search_term_string\"}}],\"inLanguage\":\"es\"},{\"@type\":\"Organization\",\"@id\":\"https:\/\/www.aivp.org\/es\/#organization\",\"name\":\"AIVP\",\"url\":\"https:\/\/www.aivp.org\/es\/\",\"logo\":{\"@type\":\"ImageObject\",\"inLanguage\":\"es\",\"@id\":\"https:\/\/www.aivp.org\/es\/#\/schema\/logo\/image\/\",\"url\":\"https:\/\/www.aivp.org\/wp-content\/uploads\/2020\/07\/cropped-favicon.png\",\"contentUrl\":\"https:\/\/www.aivp.org\/wp-content\/uploads\/2020\/07\/cropped-favicon.png\",\"width\":512,\"height\":512,\"caption\":\"AIVP\"},\"image\":{\"@id\":\"https:\/\/www.aivp.org\/es\/#\/schema\/logo\/image\/\"}},{\"@type\":\"Person\",\"@id\":\"https:\/\/www.aivp.org\/es\/#\/schema\/person\/c545564904b9451e7a1a8b3a71f10f8c\",\"name\":\"Laureen Goletto\",\"image\":{\"@type\":\"ImageObject\",\"inLanguage\":\"es\",\"@id\":\"https:\/\/www.aivp.org\/es\/#\/schema\/person\/image\/\",\"url\":\"https:\/\/secure.gravatar.com\/avatar\/ecae96b204ed3bb686c0d374845ddfa1?s=96&d=mm&r=g\",\"contentUrl\":\"https:\/\/secure.gravatar.com\/avatar\/ecae96b204ed3bb686c0d374845ddfa1?s=96&d=mm&r=g\",\"caption\":\"Laureen Goletto\"},\"url\":\"https:\/\/www.aivp.org\/es\/newsroom\/author\/lgolettoaivp-org\/\"}]}<\/script>\n<!-- \/ Yoast SEO plugin. -->","yoast_head_json":{"title":"La AIVP sigue ampliando su presencia en Florida - AIVP","robots":{"index":"index","follow":"follow","max-snippet":"max-snippet:-1","max-image-preview":"max-image-preview:large","max-video-preview":"max-video-preview:-1"},"canonical":"https:\/\/www.aivp.org\/es\/newsroom\/la-aivp-sigue-ampliando-su-presencia-en-florida\/","og_locale":"es_ES","og_type":"article","og_title":"La AIVP sigue ampliando su presencia en Florida - AIVP","og_description":"La AIVP estuvo representada una vez m\u00e1s en Florida por uno de sus empleados. Descubra en este art\u00edculo los resultados de esta misi\u00f3n, cuyo objetivo era ampliar nuestra asociaci\u00f3n en Estados Unidos.","og_url":"https:\/\/www.aivp.org\/es\/newsroom\/la-aivp-sigue-ampliando-su-presencia-en-florida\/","og_site_name":"AIVP","article_published_time":"2024-02-07T13:50:18+00:00","article_modified_time":"2024-02-07T14:12:35+00:00","og_image":[{"width":720,"height":576,"url":"https:\/\/www.aivp.org\/wp-content\/uploads\/2024\/02\/tampa_tf_fev24.png","type":"image\/png"}],"author":"Laureen Goletto","twitter_card":"summary_large_image","twitter_misc":{"Escrito por":"Laureen Goletto","Tiempo de lectura":"3 minutos"},"schema":{"@context":"https:\/\/schema.org","@graph":[{"@type":"Article","@id":"https:\/\/www.aivp.org\/es\/newsroom\/la-aivp-sigue-ampliando-su-presencia-en-florida\/#article","isPartOf":{"@id":"https:\/\/www.aivp.org\/es\/newsroom\/la-aivp-sigue-ampliando-su-presencia-en-florida\/"},"author":{"name":"Laureen Goletto","@id":"https:\/\/www.aivp.org\/es\/#\/schema\/person\/c545564904b9451e7a1a8b3a71f10f8c"},"headline":"La AIVP sigue ampliando su presencia en Florida","datePublished":"2024-02-07T13:50:18+00:00","dateModified":"2024-02-07T14:12:35+00:00","mainEntityOfPage":{"@id":"https:\/\/www.aivp.org\/es\/newsroom\/la-aivp-sigue-ampliando-su-presencia-en-florida\/"},"wordCount":389,"publisher":{"@id":"https:\/\/www.aivp.org\/es\/#organization"},"image":{"@id":"https:\/\/www.aivp.org\/es\/newsroom\/la-aivp-sigue-ampliando-su-presencia-en-florida\/#primaryimage"},"thumbnailUrl":"https:\/\/www.aivp.org\/wp-content\/uploads\/2024\/02\/tampa_tf_fev24.png","keywords":["Estados Unidos"],"articleSection":["Noticias"],"inLanguage":"es"},{"@type":"WebPage","@id":"https:\/\/www.aivp.org\/es\/newsroom\/la-aivp-sigue-ampliando-su-presencia-en-florida\/","url":"https:\/\/www.aivp.org\/es\/newsroom\/la-aivp-sigue-ampliando-su-presencia-en-florida\/","name":"La AIVP sigue ampliando su presencia en Florida - AIVP","isPartOf":{"@id":"https:\/\/www.aivp.org\/es\/#website"},"primaryImageOfPage":{"@id":"https:\/\/www.aivp.org\/es\/newsroom\/la-aivp-sigue-ampliando-su-presencia-en-florida\/#primaryimage"},"image":{"@id":"https:\/\/www.aivp.org\/es\/newsroom\/la-aivp-sigue-ampliando-su-presencia-en-florida\/#primaryimage"},"thumbnailUrl":"https:\/\/www.aivp.org\/wp-content\/uploads\/2024\/02\/tampa_tf_fev24.png","datePublished":"2024-02-07T13:50:18+00:00","dateModified":"2024-02-07T14:12:35+00:00","breadcrumb":{"@id":"https:\/\/www.aivp.org\/es\/newsroom\/la-aivp-sigue-ampliando-su-presencia-en-florida\/#breadcrumb"},"inLanguage":"es","potentialAction":[{"@type":"ReadAction","target":["https:\/\/www.aivp.org\/es\/newsroom\/la-aivp-sigue-ampliando-su-presencia-en-florida\/"]}]},{"@type":"ImageObject","inLanguage":"es","@id":"https:\/\/www.aivp.org\/es\/newsroom\/la-aivp-sigue-ampliando-su-presencia-en-florida\/#primaryimage","url":"https:\/\/www.aivp.org\/wp-content\/uploads\/2024\/02\/tampa_tf_fev24.png","contentUrl":"https:\/\/www.aivp.org\/wp-content\/uploads\/2024\/02\/tampa_tf_fev24.png","width":720,"height":576},{"@type":"BreadcrumbList","@id":"https:\/\/www.aivp.org\/es\/newsroom\/la-aivp-sigue-ampliando-su-presencia-en-florida\/#breadcrumb","itemListElement":[{"@type":"ListItem","position":1,"name":"Home","item":"https:\/\/www.aivp.org\/es\/"},{"@type":"ListItem","position":2,"name":"La AIVP sigue ampliando su presencia en Florida"}]},{"@type":"WebSite","@id":"https:\/\/www.aivp.org\/es\/#website","url":"https:\/\/www.aivp.org\/es\/","name":"AIVP","description":"Inspiring people of port cities","publisher":{"@id":"https:\/\/www.aivp.org\/es\/#organization"},"potentialAction":[{"@type":"SearchAction","target":{"@type":"EntryPoint","urlTemplate":"https:\/\/www.aivp.org\/es\/?s={search_term_string}"},"query-input":{"@type":"PropertyValueSpecification","valueRequired":true,"valueName":"search_term_string"}}],"inLanguage":"es"},{"@type":"Organization","@id":"https:\/\/www.aivp.org\/es\/#organization","name":"AIVP","url":"https:\/\/www.aivp.org\/es\/","logo":{"@type":"ImageObject","inLanguage":"es","@id":"https:\/\/www.aivp.org\/es\/#\/schema\/logo\/image\/","url":"https:\/\/www.aivp.org\/wp-content\/uploads\/2020\/07\/cropped-favicon.png","contentUrl":"https:\/\/www.aivp.org\/wp-content\/uploads\/2020\/07\/cropped-favicon.png","width":512,"height":512,"caption":"AIVP"},"image":{"@id":"https:\/\/www.aivp.org\/es\/#\/schema\/logo\/image\/"}},{"@type":"Person","@id":"https:\/\/www.aivp.org\/es\/#\/schema\/person\/c545564904b9451e7a1a8b3a71f10f8c","name":"Laureen Goletto","image":{"@type":"ImageObject","inLanguage":"es","@id":"https:\/\/www.aivp.org\/es\/#\/schema\/person\/image\/","url":"https:\/\/secure.gravatar.com\/avatar\/ecae96b204ed3bb686c0d374845ddfa1?s=96&d=mm&r=g","contentUrl":"https:\/\/secure.gravatar.com\/avatar\/ecae96b204ed3bb686c0d374845ddfa1?s=96&d=mm&r=g","caption":"Laureen Goletto"},"url":"https:\/\/www.aivp.org\/es\/newsroom\/author\/lgolettoaivp-org\/"}]}},"featured_image_url":"https:\/\/www.aivp.org\/wp-content\/uploads\/2024\/02\/tampa_tf_fev24.png","_links":{"self":[{"href":"https:\/\/www.aivp.org\/es\/wp-json\/wp\/v2\/posts\/115640","targetHints":{"allow":["GET"]}}],"collection":[{"href":"https:\/\/www.aivp.org\/es\/wp-json\/wp\/v2\/posts"}],"about":[{"href":"https:\/\/www.aivp.org\/es\/wp-json\/wp\/v2\/types\/post"}],"author":[{"embeddable":true,"href":"https:\/\/www.aivp.org\/es\/wp-json\/wp\/v2\/users\/365"}],"replies":[{"embeddable":true,"href":"https:\/\/www.aivp.org\/es\/wp-json\/wp\/v2\/comments?post=115640"}],"version-history":[{"count":2,"href":"https:\/\/www.aivp.org\/es\/wp-json\/wp\/v2\/posts\/115640\/revisions"}],"predecessor-version":[{"id":115642,"href":"https:\/\/www.aivp.org\/es\/wp-json\/wp\/v2\/posts\/115640\/revisions\/115642"}],"wp:featuredmedia":[{"embeddable":true,"href":"https:\/\/www.aivp.org\/es\/wp-json\/wp\/v2\/media\/115620"}],"wp:attachment":[{"href":"https:\/\/www.aivp.org\/es\/wp-json\/wp\/v2\/media?parent=115640"}],"wp:term":[{"taxonomy":"category","embeddable":true,"href":"https:\/\/www.aivp.org\/es\/wp-json\/wp\/v2\/categories?post=115640"},{"taxonomy":"post_tag","embeddable":true,"href":"https:\/\/www.aivp.org\/es\/wp-json\/wp\/v2\/tags?post=115640"},{"taxonomy":"goal","embeddable":true,"href":"https:\/\/www.aivp.org\/es\/wp-json\/wp\/v2\/goal?post=115640"}],"curies":[{"name":"wp","href":"https:\/\/api.w.org\/{rel}","templated":true}]}}