{"id":116565,"date":"2024-02-28T14:16:42","date_gmt":"2024-02-28T13:16:42","guid":{"rendered":"https:\/\/www.aivp.org\/newsroom\/interview-nouvel-adherent-ville-de-calais-copy-copy\/"},"modified":"2024-03-04T10:55:20","modified_gmt":"2024-03-04T09:55:20","slug":"interview-magpie","status":"publish","type":"post","link":"https:\/\/www.aivp.org\/es\/newsroom\/interview-magpie\/","title":{"rendered":"MAGPIE: preguntas para Caya HEIN, Jefa de Proyecto \u2013 Transici\u00f3n Ecol\u00f3gica y Agenda 2030 by AIVP"},"content":{"rendered":"\n<h3 class=\"wp-block-heading has-vivid-cyan-blue-color has-text-color has-link-color wp-elements-4f326fa75571baaf943577b60bd53e46\"><strong><strong><strong>\u00bfQu\u00e9 es el Proyecto MAGPIE?<\/strong><\/strong><\/strong><\/h3>\n\n\n\n<p class=\"has-small-font-size\">El Proyecto MAGPIE Europeo (sMArt Green Ports as Integrated Efficient Multimodal hubs) forma parte de la estrategia para los puertos verdes alineada con el planteamiento del Pacto Verde Europeo para crear un continente libre de emisiones netas y eficiente desde el punto de vista de los recursos a m\u00e1s tardar en 2050. El Proyecto MAGPIE pretende respaldar la descarbonizaci\u00f3n del transporte relacionado con el puerto. Para lograrlo, los puertos miembros, con el Puerto de Rotterdam a la cabeza, est\u00e1n probando diversos demostradores que podr\u00edan ayudar a encontrar e implementar fuentes de combustibles y energ\u00edas alternativas en los distintos medios de transporte.<\/p>\n\n\n\n<p class=\"has-small-font-size\">Se prev\u00e9 que el proyecto se lleve a cabo entre 2021 y 2026. El Proyecto MAGPIE es financiado por la Comisi\u00f3n Europea a trav\u00e9s de su programa Horizonte 2020.<\/p>\n\n\n\n<h3 class=\"wp-block-heading has-vivid-cyan-blue-color has-text-color has-link-color wp-elements-c4fbcba212cc59726152905d3b05f536\"><strong><strong>\u00bfQui\u00e9nes son nuestros socios principales?<\/strong><\/strong><\/h3>\n\n\n\n<p class=\"has-small-font-size\">El Consorcio MAGPIE est\u00e1 formado por 45 socios, que comprenden a los 4 puertos que albergan actualmente a los demostradores y que los asimilar\u00e1n en el futuro. Otros miembros del consorcio incluyen actores de diversos sectores, transporte, energ\u00eda y academia, que enfrentan en conjunto preguntas y desaf\u00edos tecnol\u00f3gicos y no tecnol\u00f3gicos relativos a la creaci\u00f3n de un puerto verde inteligente.<\/p>\n\n\n\n<p class=\"has-small-font-size\">Los 4 puertos son:<\/p>\n\n\n\n<p class=\"has-small-font-size\">&#8211;&nbsp;&nbsp;&nbsp;&nbsp;&nbsp; El puerto insignia del proyecto: Puerto de Rotterdam (Pa\u00edses Bajos)<\/p>\n\n\n\n<p class=\"has-small-font-size\">&#8211;&nbsp;&nbsp;&nbsp;&nbsp;&nbsp; Puerto HAROPA (Francia)<\/p>\n\n\n\n<p class=\"has-small-font-size\">&#8211;&nbsp;&nbsp;&nbsp;&nbsp;&nbsp; Puerto de Sines (Portugal)<\/p>\n\n\n\n<p class=\"has-small-font-size\">&#8211;&nbsp;&nbsp;&nbsp;&nbsp;&nbsp; Deltaport (Alemania)<\/p>\n\n\n\n<p class=\"has-small-font-size\">Nuestros otros socios incluyen:<\/p>\n\n\n\n<figure class=\"wp-block-image size-large\"><img loading=\"lazy\" decoding=\"async\" width=\"1140\" height=\"641\" src=\"https:\/\/www.aivp.org\/wp-content\/uploads\/2024\/02\/logo-magpie-partenaires-2-1140x641.png\" alt=\"\" class=\"wp-image-116651\" srcset=\"https:\/\/www.aivp.org\/wp-content\/uploads\/2024\/02\/logo-magpie-partenaires-2-1140x641.png 1140w, https:\/\/www.aivp.org\/wp-content\/uploads\/2024\/02\/logo-magpie-partenaires-2-690x388.png 690w, https:\/\/www.aivp.org\/wp-content\/uploads\/2024\/02\/logo-magpie-partenaires-2-768x432.png 768w, https:\/\/www.aivp.org\/wp-content\/uploads\/2024\/02\/logo-magpie-partenaires-2-1536x864.png 1536w, https:\/\/www.aivp.org\/wp-content\/uploads\/2024\/02\/logo-magpie-partenaires-2-255x143.png 255w, https:\/\/www.aivp.org\/wp-content\/uploads\/2024\/02\/logo-magpie-partenaires-2-360x203.png 360w, https:\/\/www.aivp.org\/wp-content\/uploads\/2024\/02\/logo-magpie-partenaires-2-171x96.png 171w, https:\/\/www.aivp.org\/wp-content\/uploads\/2024\/02\/logo-magpie-partenaires-2-548x308.png 548w, https:\/\/www.aivp.org\/wp-content\/uploads\/2024\/02\/logo-magpie-partenaires-2.png 1920w\" sizes=\"auto, (max-width: 1140px) 100vw, 1140px\" \/><\/figure>\n\n\n\n<p class=\"has-small-font-size\">El Proyecto MAGPIE est\u00e1 respaldado tambi\u00e9n por un grupo de actores externos compuestos por una variedad de sectores industriales y mar\u00edtimos. Estos actores contribuyen a las diversas demostraciones y pueden participar en la difusi\u00f3n de los resultados del proyecto.<\/p>\n\n\n\n<h3 class=\"wp-block-heading has-vivid-cyan-blue-color has-text-color has-link-color wp-elements-61f16377eb189d9ba81f6feb7ce75d7a\"><strong><strong>\u00bfCu\u00e1l es el papel de la AIVP?<\/strong><\/strong><\/h3>\n\n\n\n<p class=\"has-small-font-size\">El Proyecto MAGPIE consiste en diez paquetes de trabajo que contemplan las pruebas y la demonstraci\u00f3n de innovaciones t\u00e9cnicas y no tecnol\u00f3gicas. La AIVP participa en 4 de estos paquetes de trabajo.<\/p>\n\n\n\n<p class=\"has-small-font-size\">Th\u00e9o Fortin, Jefe de Proyectos y Cooperaci\u00f3n Internacional de la AIVP, encabeza el Paquete de Trabajo 2, centrado en comunicaci\u00f3n, participaci\u00f3n de los actores y difusi\u00f3n de los resultados del proyecto. La AIVP lidera este paquete de trabajo y organiza boletines, eventos de difusi\u00f3n y talleres.<\/p>\n\n\n\n<p class=\"has-small-font-size\">Asimismo, la AIVP participa en el Paquete de Trabajo 8, dedicado a la supervisi\u00f3n y la evaluaci\u00f3n de impacto de los demostradores y herramientas, y el Paquete de Trabajo 9, dedicado a elaborar el plan regulador de los puertos verdes europeos. El objetivo de la AIVP en estos dos paquetes de trabajo consiste en garantizar que se tome en cuenta la relaci\u00f3n puerto-ciudad y el punto de vista de los ciudadanos en relaci\u00f3n con los proyectos portuarios. A modo de ejemplo, en el Paquete de Trabajo 8, la AIVP se concentra en la aceptaci\u00f3n social y el impacto a nivel espacial. Tambi\u00e9n compartimos las buenas pr\u00e1cticas y los conocimientos de nuestros miembros internacionales para ayudar a enriquecer el Paquete de Trabajo 9. Por \u00faltimo, la AIVP participa tambi\u00e9n en el Paquete de Trabajo 10, que se centra en la cooperaci\u00f3n con otros proyectos europeos e internacionales.<\/p>\n\n\n\n<h3 class=\"wp-block-heading has-vivid-cyan-blue-color has-text-color has-link-color wp-elements-84aefa845e7c6cbfc0afa48d96f043f2\"><strong><strong>\u00bfCu\u00e1les son los resultados esperados?<\/strong><\/strong><\/h3>\n\n\n\n<p class=\"has-small-font-size\">El Proyecto MAGPIE europeo, financiado por Horizonte 2020, est\u00e1 orientado al desarrollo de soluciones tecnol\u00f3gicas y no tecnol\u00f3gicas para descarbonizar el transporte dentro y alrededor de los puertos. El proyecto apunta a provocar avances en el suministro y utilizaci\u00f3n de portadores de energ\u00eda verdes para el transporte hacia, desde y dentro de los puertos.<\/p>\n\n\n\n<p class=\"has-small-font-size\">Lograr que el transporte sea m\u00e1s ecol\u00f3gico es uno de los objetivos fundamentales del Pacto Verde Europeo. Los puertos desempe\u00f1an un papel protag\u00f3nico en el aumento de la captaci\u00f3n de tecnolog\u00edas, portadores de energ\u00eda verdes y conceptos log\u00edsticos ecol\u00f3gicos en materia de transporte mar\u00edtimo, operaciones portuarias y transporte interior (vial, ferroviario, en barcazas y por tuber\u00edas) para disminuir las emisiones de GEI.<\/p>\n\n\n\n<p class=\"has-small-font-size\">Al crear eficiencia en materia de energ\u00eda y desarrollos de respaldo que pongan los portadores de energ\u00eda verdes a disposici\u00f3n de los usuarios, demostrando e implementando soluciones inteligentes en el \u00e1mbito de la digitalizaci\u00f3n y la automatizaci\u00f3n, y adapt\u00e1ndolas a los diferentes puertos, el proyecto pretende respaldar la ecologizaci\u00f3n de los puertos. El Proyecto MAGPIE est\u00e1 orientado a desarrollar un plan regulador para Puertos Verdes Europeos, una hoja de ruta y un manual para acelerar el desarrollo de puertos europeos mar\u00edtimos e interiores sostenibles explicando las lecciones aprendidas en este proyecto y explicando c\u00f3mo poner en pr\u00e1ctica estas innovaciones.<\/p>\n","protected":false},"excerpt":{"rendered":"<p>En esta entrevista, nuestro colega y colaborador permanente de la asociaci\u00f3n Caya Hein nos habla del proyecto europeo MAGPIE, cuyo objetivo es hacer que los puertos sean m\u00e1s ecol\u00f3gicos e inteligentes. Lea el art\u00edculo haciendo clic a continuaci\u00f3n.<\/p>\n","protected":false},"author":130,"featured_media":116650,"comment_status":"closed","ping_status":"closed","sticky":false,"template":"","format":"standard","meta":{"_acf_changed":false,"footnotes":""},"categories":[1952],"tags":[],"goal":[],"class_list":["post-116565","post","type-post","status-publish","format-standard","has-post-thumbnail","hentry","category-entrevistas"],"acf":[],"yoast_head":"<!-- This site is optimized with the Yoast SEO plugin v26.8 - https:\/\/yoast.com\/product\/yoast-seo-wordpress\/ -->\n<title>MAGPIE: preguntas para Caya HEIN, Jefa de Proyecto \u2013 Transici\u00f3n Ecol\u00f3gica y Agenda 2030 by AIVP - AIVP<\/title>\n<meta name=\"robots\" content=\"index, follow, max-snippet:-1, max-image-preview:large, max-video-preview:-1\" \/>\n<link rel=\"canonical\" href=\"https:\/\/www.aivp.org\/es\/newsroom\/interview-magpie\/\" \/>\n<meta property=\"og:locale\" content=\"es_ES\" \/>\n<meta property=\"og:type\" content=\"article\" \/>\n<meta property=\"og:title\" content=\"MAGPIE: preguntas para Caya HEIN, Jefa de Proyecto \u2013 Transici\u00f3n Ecol\u00f3gica y Agenda 2030 by AIVP - AIVP\" \/>\n<meta property=\"og:description\" content=\"En esta entrevista, nuestro colega y colaborador permanente de la asociaci\u00f3n Caya Hein nos habla del proyecto europeo MAGPIE, cuyo objetivo es hacer que los puertos sean m\u00e1s ecol\u00f3gicos e inteligentes. Lea el art\u00edculo haciendo clic a continuaci\u00f3n.\" \/>\n<meta property=\"og:url\" content=\"https:\/\/www.aivp.org\/es\/newsroom\/interview-magpie\/\" \/>\n<meta property=\"og:site_name\" content=\"AIVP\" \/>\n<meta property=\"article:published_time\" content=\"2024-02-28T13:16:42+00:00\" \/>\n<meta property=\"article:modified_time\" content=\"2024-03-04T09:55:20+00:00\" \/>\n<meta property=\"og:image\" content=\"https:\/\/www.aivp.org\/wp-content\/uploads\/2024\/02\/Photo-mise-en-avant-BON-720-x-576-px-14-1.png\" \/>\n\t<meta property=\"og:image:width\" content=\"720\" \/>\n\t<meta property=\"og:image:height\" content=\"576\" \/>\n\t<meta property=\"og:image:type\" content=\"image\/png\" \/>\n<meta name=\"author\" content=\"Caya HEIN\" \/>\n<meta name=\"twitter:card\" content=\"summary_large_image\" \/>\n<meta name=\"twitter:label1\" content=\"Escrito por\" \/>\n\t<meta name=\"twitter:data1\" content=\"Caya HEIN\" \/>\n\t<meta name=\"twitter:label2\" content=\"Tiempo de lectura\" \/>\n\t<meta name=\"twitter:data2\" content=\"5 minutos\" \/>\n<script type=\"application\/ld+json\" class=\"yoast-schema-graph\">{\"@context\":\"https:\/\/schema.org\",\"@graph\":[{\"@type\":\"Article\",\"@id\":\"https:\/\/www.aivp.org\/es\/newsroom\/interview-magpie\/#article\",\"isPartOf\":{\"@id\":\"https:\/\/www.aivp.org\/es\/newsroom\/interview-magpie\/\"},\"author\":{\"name\":\"Caya HEIN\",\"@id\":\"https:\/\/www.aivp.org\/es\/#\/schema\/person\/9bae9f7727a91a1130a91292d0c207c6\"},\"headline\":\"MAGPIE: preguntas para Caya HEIN, Jefa de Proyecto \u2013 Transici\u00f3n Ecol\u00f3gica y Agenda 2030 by AIVP\",\"datePublished\":\"2024-02-28T13:16:42+00:00\",\"dateModified\":\"2024-03-04T09:55:20+00:00\",\"mainEntityOfPage\":{\"@id\":\"https:\/\/www.aivp.org\/es\/newsroom\/interview-magpie\/\"},\"wordCount\":805,\"publisher\":{\"@id\":\"https:\/\/www.aivp.org\/es\/#organization\"},\"image\":{\"@id\":\"https:\/\/www.aivp.org\/es\/newsroom\/interview-magpie\/#primaryimage\"},\"thumbnailUrl\":\"https:\/\/www.aivp.org\/wp-content\/uploads\/2024\/02\/Photo-mise-en-avant-BON-720-x-576-px-14-1.png\",\"articleSection\":[\"Entrevistas\"],\"inLanguage\":\"es\"},{\"@type\":\"WebPage\",\"@id\":\"https:\/\/www.aivp.org\/es\/newsroom\/interview-magpie\/\",\"url\":\"https:\/\/www.aivp.org\/es\/newsroom\/interview-magpie\/\",\"name\":\"MAGPIE: preguntas para Caya HEIN, Jefa de Proyecto \u2013 Transici\u00f3n Ecol\u00f3gica y Agenda 2030 by AIVP - AIVP\",\"isPartOf\":{\"@id\":\"https:\/\/www.aivp.org\/es\/#website\"},\"primaryImageOfPage\":{\"@id\":\"https:\/\/www.aivp.org\/es\/newsroom\/interview-magpie\/#primaryimage\"},\"image\":{\"@id\":\"https:\/\/www.aivp.org\/es\/newsroom\/interview-magpie\/#primaryimage\"},\"thumbnailUrl\":\"https:\/\/www.aivp.org\/wp-content\/uploads\/2024\/02\/Photo-mise-en-avant-BON-720-x-576-px-14-1.png\",\"datePublished\":\"2024-02-28T13:16:42+00:00\",\"dateModified\":\"2024-03-04T09:55:20+00:00\",\"breadcrumb\":{\"@id\":\"https:\/\/www.aivp.org\/es\/newsroom\/interview-magpie\/#breadcrumb\"},\"inLanguage\":\"es\",\"potentialAction\":[{\"@type\":\"ReadAction\",\"target\":[\"https:\/\/www.aivp.org\/es\/newsroom\/interview-magpie\/\"]}]},{\"@type\":\"ImageObject\",\"inLanguage\":\"es\",\"@id\":\"https:\/\/www.aivp.org\/es\/newsroom\/interview-magpie\/#primaryimage\",\"url\":\"https:\/\/www.aivp.org\/wp-content\/uploads\/2024\/02\/Photo-mise-en-avant-BON-720-x-576-px-14-1.png\",\"contentUrl\":\"https:\/\/www.aivp.org\/wp-content\/uploads\/2024\/02\/Photo-mise-en-avant-BON-720-x-576-px-14-1.png\",\"width\":720,\"height\":576},{\"@type\":\"BreadcrumbList\",\"@id\":\"https:\/\/www.aivp.org\/es\/newsroom\/interview-magpie\/#breadcrumb\",\"itemListElement\":[{\"@type\":\"ListItem\",\"position\":1,\"name\":\"Home\",\"item\":\"https:\/\/www.aivp.org\/es\/\"},{\"@type\":\"ListItem\",\"position\":2,\"name\":\"MAGPIE: preguntas para Caya HEIN, Jefa de Proyecto \u2013 Transici\u00f3n Ecol\u00f3gica y Agenda 2030 by AIVP\"}]},{\"@type\":\"WebSite\",\"@id\":\"https:\/\/www.aivp.org\/es\/#website\",\"url\":\"https:\/\/www.aivp.org\/es\/\",\"name\":\"AIVP\",\"description\":\"Inspiring people of port cities\",\"publisher\":{\"@id\":\"https:\/\/www.aivp.org\/es\/#organization\"},\"potentialAction\":[{\"@type\":\"SearchAction\",\"target\":{\"@type\":\"EntryPoint\",\"urlTemplate\":\"https:\/\/www.aivp.org\/es\/?s={search_term_string}\"},\"query-input\":{\"@type\":\"PropertyValueSpecification\",\"valueRequired\":true,\"valueName\":\"search_term_string\"}}],\"inLanguage\":\"es\"},{\"@type\":\"Organization\",\"@id\":\"https:\/\/www.aivp.org\/es\/#organization\",\"name\":\"AIVP\",\"url\":\"https:\/\/www.aivp.org\/es\/\",\"logo\":{\"@type\":\"ImageObject\",\"inLanguage\":\"es\",\"@id\":\"https:\/\/www.aivp.org\/es\/#\/schema\/logo\/image\/\",\"url\":\"https:\/\/www.aivp.org\/wp-content\/uploads\/2020\/07\/cropped-favicon.png\",\"contentUrl\":\"https:\/\/www.aivp.org\/wp-content\/uploads\/2020\/07\/cropped-favicon.png\",\"width\":512,\"height\":512,\"caption\":\"AIVP\"},\"image\":{\"@id\":\"https:\/\/www.aivp.org\/es\/#\/schema\/logo\/image\/\"}},{\"@type\":\"Person\",\"@id\":\"https:\/\/www.aivp.org\/es\/#\/schema\/person\/9bae9f7727a91a1130a91292d0c207c6\",\"name\":\"Caya HEIN\",\"image\":{\"@type\":\"ImageObject\",\"inLanguage\":\"es\",\"@id\":\"https:\/\/www.aivp.org\/es\/#\/schema\/person\/image\/\",\"url\":\"https:\/\/secure.gravatar.com\/avatar\/59e0eee5a48a975aab3c5117c574ffa2?s=96&d=mm&r=g\",\"contentUrl\":\"https:\/\/secure.gravatar.com\/avatar\/59e0eee5a48a975aab3c5117c574ffa2?s=96&d=mm&r=g\",\"caption\":\"Caya HEIN\"},\"url\":\"https:\/\/www.aivp.org\/es\/newsroom\/author\/cheinaivp-org\/\"}]}<\/script>\n<!-- \/ Yoast SEO plugin. -->","yoast_head_json":{"title":"MAGPIE: preguntas para Caya HEIN, Jefa de Proyecto \u2013 Transici\u00f3n Ecol\u00f3gica y Agenda 2030 by AIVP - AIVP","robots":{"index":"index","follow":"follow","max-snippet":"max-snippet:-1","max-image-preview":"max-image-preview:large","max-video-preview":"max-video-preview:-1"},"canonical":"https:\/\/www.aivp.org\/es\/newsroom\/interview-magpie\/","og_locale":"es_ES","og_type":"article","og_title":"MAGPIE: preguntas para Caya HEIN, Jefa de Proyecto \u2013 Transici\u00f3n Ecol\u00f3gica y Agenda 2030 by AIVP - AIVP","og_description":"En esta entrevista, nuestro colega y colaborador permanente de la asociaci\u00f3n Caya Hein nos habla del proyecto europeo MAGPIE, cuyo objetivo es hacer que los puertos sean m\u00e1s ecol\u00f3gicos e inteligentes. Lea el art\u00edculo haciendo clic a continuaci\u00f3n.","og_url":"https:\/\/www.aivp.org\/es\/newsroom\/interview-magpie\/","og_site_name":"AIVP","article_published_time":"2024-02-28T13:16:42+00:00","article_modified_time":"2024-03-04T09:55:20+00:00","og_image":[{"width":720,"height":576,"url":"https:\/\/www.aivp.org\/wp-content\/uploads\/2024\/02\/Photo-mise-en-avant-BON-720-x-576-px-14-1.png","type":"image\/png"}],"author":"Caya HEIN","twitter_card":"summary_large_image","twitter_misc":{"Escrito por":"Caya HEIN","Tiempo de lectura":"5 minutos"},"schema":{"@context":"https:\/\/schema.org","@graph":[{"@type":"Article","@id":"https:\/\/www.aivp.org\/es\/newsroom\/interview-magpie\/#article","isPartOf":{"@id":"https:\/\/www.aivp.org\/es\/newsroom\/interview-magpie\/"},"author":{"name":"Caya HEIN","@id":"https:\/\/www.aivp.org\/es\/#\/schema\/person\/9bae9f7727a91a1130a91292d0c207c6"},"headline":"MAGPIE: preguntas para Caya HEIN, Jefa de Proyecto \u2013 Transici\u00f3n Ecol\u00f3gica y Agenda 2030 by AIVP","datePublished":"2024-02-28T13:16:42+00:00","dateModified":"2024-03-04T09:55:20+00:00","mainEntityOfPage":{"@id":"https:\/\/www.aivp.org\/es\/newsroom\/interview-magpie\/"},"wordCount":805,"publisher":{"@id":"https:\/\/www.aivp.org\/es\/#organization"},"image":{"@id":"https:\/\/www.aivp.org\/es\/newsroom\/interview-magpie\/#primaryimage"},"thumbnailUrl":"https:\/\/www.aivp.org\/wp-content\/uploads\/2024\/02\/Photo-mise-en-avant-BON-720-x-576-px-14-1.png","articleSection":["Entrevistas"],"inLanguage":"es"},{"@type":"WebPage","@id":"https:\/\/www.aivp.org\/es\/newsroom\/interview-magpie\/","url":"https:\/\/www.aivp.org\/es\/newsroom\/interview-magpie\/","name":"MAGPIE: preguntas para Caya HEIN, Jefa de Proyecto \u2013 Transici\u00f3n Ecol\u00f3gica y Agenda 2030 by AIVP - AIVP","isPartOf":{"@id":"https:\/\/www.aivp.org\/es\/#website"},"primaryImageOfPage":{"@id":"https:\/\/www.aivp.org\/es\/newsroom\/interview-magpie\/#primaryimage"},"image":{"@id":"https:\/\/www.aivp.org\/es\/newsroom\/interview-magpie\/#primaryimage"},"thumbnailUrl":"https:\/\/www.aivp.org\/wp-content\/uploads\/2024\/02\/Photo-mise-en-avant-BON-720-x-576-px-14-1.png","datePublished":"2024-02-28T13:16:42+00:00","dateModified":"2024-03-04T09:55:20+00:00","breadcrumb":{"@id":"https:\/\/www.aivp.org\/es\/newsroom\/interview-magpie\/#breadcrumb"},"inLanguage":"es","potentialAction":[{"@type":"ReadAction","target":["https:\/\/www.aivp.org\/es\/newsroom\/interview-magpie\/"]}]},{"@type":"ImageObject","inLanguage":"es","@id":"https:\/\/www.aivp.org\/es\/newsroom\/interview-magpie\/#primaryimage","url":"https:\/\/www.aivp.org\/wp-content\/uploads\/2024\/02\/Photo-mise-en-avant-BON-720-x-576-px-14-1.png","contentUrl":"https:\/\/www.aivp.org\/wp-content\/uploads\/2024\/02\/Photo-mise-en-avant-BON-720-x-576-px-14-1.png","width":720,"height":576},{"@type":"BreadcrumbList","@id":"https:\/\/www.aivp.org\/es\/newsroom\/interview-magpie\/#breadcrumb","itemListElement":[{"@type":"ListItem","position":1,"name":"Home","item":"https:\/\/www.aivp.org\/es\/"},{"@type":"ListItem","position":2,"name":"MAGPIE: preguntas para Caya HEIN, Jefa de Proyecto \u2013 Transici\u00f3n Ecol\u00f3gica y Agenda 2030 by AIVP"}]},{"@type":"WebSite","@id":"https:\/\/www.aivp.org\/es\/#website","url":"https:\/\/www.aivp.org\/es\/","name":"AIVP","description":"Inspiring people of port cities","publisher":{"@id":"https:\/\/www.aivp.org\/es\/#organization"},"potentialAction":[{"@type":"SearchAction","target":{"@type":"EntryPoint","urlTemplate":"https:\/\/www.aivp.org\/es\/?s={search_term_string}"},"query-input":{"@type":"PropertyValueSpecification","valueRequired":true,"valueName":"search_term_string"}}],"inLanguage":"es"},{"@type":"Organization","@id":"https:\/\/www.aivp.org\/es\/#organization","name":"AIVP","url":"https:\/\/www.aivp.org\/es\/","logo":{"@type":"ImageObject","inLanguage":"es","@id":"https:\/\/www.aivp.org\/es\/#\/schema\/logo\/image\/","url":"https:\/\/www.aivp.org\/wp-content\/uploads\/2020\/07\/cropped-favicon.png","contentUrl":"https:\/\/www.aivp.org\/wp-content\/uploads\/2020\/07\/cropped-favicon.png","width":512,"height":512,"caption":"AIVP"},"image":{"@id":"https:\/\/www.aivp.org\/es\/#\/schema\/logo\/image\/"}},{"@type":"Person","@id":"https:\/\/www.aivp.org\/es\/#\/schema\/person\/9bae9f7727a91a1130a91292d0c207c6","name":"Caya HEIN","image":{"@type":"ImageObject","inLanguage":"es","@id":"https:\/\/www.aivp.org\/es\/#\/schema\/person\/image\/","url":"https:\/\/secure.gravatar.com\/avatar\/59e0eee5a48a975aab3c5117c574ffa2?s=96&d=mm&r=g","contentUrl":"https:\/\/secure.gravatar.com\/avatar\/59e0eee5a48a975aab3c5117c574ffa2?s=96&d=mm&r=g","caption":"Caya HEIN"},"url":"https:\/\/www.aivp.org\/es\/newsroom\/author\/cheinaivp-org\/"}]}},"featured_image_url":"https:\/\/www.aivp.org\/wp-content\/uploads\/2024\/02\/Photo-mise-en-avant-BON-720-x-576-px-14-1.png","_links":{"self":[{"href":"https:\/\/www.aivp.org\/es\/wp-json\/wp\/v2\/posts\/116565","targetHints":{"allow":["GET"]}}],"collection":[{"href":"https:\/\/www.aivp.org\/es\/wp-json\/wp\/v2\/posts"}],"about":[{"href":"https:\/\/www.aivp.org\/es\/wp-json\/wp\/v2\/types\/post"}],"author":[{"embeddable":true,"href":"https:\/\/www.aivp.org\/es\/wp-json\/wp\/v2\/users\/130"}],"replies":[{"embeddable":true,"href":"https:\/\/www.aivp.org\/es\/wp-json\/wp\/v2\/comments?post=116565"}],"version-history":[{"count":3,"href":"https:\/\/www.aivp.org\/es\/wp-json\/wp\/v2\/posts\/116565\/revisions"}],"predecessor-version":[{"id":116660,"href":"https:\/\/www.aivp.org\/es\/wp-json\/wp\/v2\/posts\/116565\/revisions\/116660"}],"wp:featuredmedia":[{"embeddable":true,"href":"https:\/\/www.aivp.org\/es\/wp-json\/wp\/v2\/media\/116650"}],"wp:attachment":[{"href":"https:\/\/www.aivp.org\/es\/wp-json\/wp\/v2\/media?parent=116565"}],"wp:term":[{"taxonomy":"category","embeddable":true,"href":"https:\/\/www.aivp.org\/es\/wp-json\/wp\/v2\/categories?post=116565"},{"taxonomy":"post_tag","embeddable":true,"href":"https:\/\/www.aivp.org\/es\/wp-json\/wp\/v2\/tags?post=116565"},{"taxonomy":"goal","embeddable":true,"href":"https:\/\/www.aivp.org\/es\/wp-json\/wp\/v2\/goal?post=116565"}],"curies":[{"name":"wp","href":"https:\/\/api.w.org\/{rel}","templated":true}]}}