{"id":120029,"date":"2024-04-17T17:03:12","date_gmt":"2024-04-17T15:03:12","guid":{"rendered":"https:\/\/www.aivp.org\/newsroom\/communique-de-presse-conference-mondiale-de-laivp\/"},"modified":"2024-04-17T17:21:29","modified_gmt":"2024-04-17T15:21:29","slug":"communique-de-presse-conference-mondiale-de-laivp","status":"publish","type":"post","link":"https:\/\/www.aivp.org\/es\/newsroom\/communique-de-presse-conference-mondiale-de-laivp\/","title":{"rendered":"Comunicado de prensa :  Conferencia Mundial de la AIVP"},"content":{"rendered":"\n<p class=\"has-text-align-center\"><strong>Conferencia Mundial de la AIVP sobre Ciudades y Puertos en Lisboa<\/strong><\/p>\n\n\n\n<p class=\"has-text-align-center\"><strong>\u00bb Abriendo los muelles: Orientando la conexi\u00f3n entre las personas,<\/strong> <strong>el planeta y las ciudades portuarias \u00ab<\/strong><\/p>\n\n\n\n<p class=\"has-pale-cyan-blue-background-color has-background\">Le Havre, Francia &#8211; 15 de abril de 2024 &#8211; La Asociaci\u00f3n Internacional de Ciudades y Puertos (AIVP) se enorgullece de anunciar que su Conferencia Mundial sobre Ciudades y Puertos se celebrar\u00e1 del 27 al 29 de noviembre de 2024 en Lisboa, Portugal, bajo la presidencia de Edouard PHILIPPE, Alcalde de Le Havre (Francia). Bajo el lema \u00bb Abriendo los muelles: Orientando la conexi\u00f3n entre las personas, el planeta y las ciudades portuarias\u00bb, este evento reunir\u00e1 a expertos, responsables de la toma de decisiones y actores clave de todo el mundo para explorar los retos y oportunidades vinculados a la relaci\u00f3n entre las ciudades portuarias y su entorno.<\/p>\n\n\n\n<p>Este acto est\u00e1 coorganizado con el Puerto de Lisboa.<\/p>\n\n\n\n<p><strong>Los muelles son la interfaz por excelencia entre la tierra y el agua. Tambi\u00e9n representan la conexi\u00f3n entre las ciudades portuarias y el planeta. <\/strong><strong>Su accesibilidad ha sido un indicador clave de la evoluci\u00f3n de la relaci\u00f3n puerto-ciudad. <\/strong><strong>Pasaron de ser accesibles en el pasado a convertirse gradualmente en lugares restringidos. <\/strong><strong>Afortunadamente, existe una tendencia a reabrir los muelles, estableciendo un nuevo tipo de relaci\u00f3n puerto-ciudad. <\/strong><strong>Pero, \u00bfhasta qu\u00e9 punto son permeables estas relaciones en la actualidad? \u00bfQu\u00e9 flujos configuran estas interacciones? \u00bfC\u00f3mo est\u00e1n presentando las ciudades portuarias respuestas locales a las tendencias mundiales? \u00bfC\u00f3mo encajan entre s\u00ed? \u00bfY c\u00f3mo est\u00e1n reabriendo los puertos sus muelles?<\/strong><br><br>El cambio clim\u00e1tico est\u00e1 modificando la manera en que la sociedad se relaciona con los r\u00edos, las costas y los mares. Las tensiones geopol\u00edticas afectan los flujos de carga y generan consecuencias para las actividades portuarias y los territorios que los rodean. Aumenta la presi\u00f3n demogr\u00e1fica en las \u00e1reas costeras1. La p\u00e9rdida de biodiversidad es una amenaza grave. Las ciudades portuarias son fundamentales para acelerar algunas transiciones, pero tambi\u00e9n para encontrar un equilibrio entre los flujos de transporte de carga, ideas, capital, energ\u00eda, informaci\u00f3n y conocimiento.<\/p>\n\n\n\n<p><br>Los actores de las ciudades portuarias deben superar este periodo de incertidumbre escuchando tambi\u00e9n a sus ciudadanos. El desarrollo de las nuevas tecnolog\u00edas debe integrar los compromisos sociales. Los habitantes de las ciudades portuarias deben poder adoptar el puerto como parte integrante de su identidad. Deben sentir que su calidad de vida es una prioridad absoluta. De lo contrario, cualquier intento de lograr un cambio real no tendr\u00e1 ning\u00fan impacto.<br>Todos estos temas y desaf\u00edos est\u00e1n moldeando nuevas relaciones y flujos entre las personas, el planeta y las ciudades portuarias. En Lisboa, del 27 al 29 de noviembre de 2024, profundizaremos a\u00fan m\u00e1s en las oportunidades que genera una mentalidad renovada en materia de relaci\u00f3n entre puerto y ciudad.<\/p>\n\n\n\n<p><br>Conversaremos sobre las resoluciones adoptadas en foros mundiales, por ejemplo, la edici\u00f3n 29 de la COP de la CMNUCC, la Conferencia por los Oc\u00e9anos de la ONU o las reuniones del G20, por un ambiente m\u00e1s saludable en las ciudades portuarias.<\/p>\n\n\n\n<p>Analizaremos las repercusiones y las tecnolog\u00edas que traer\u00e1 la transici\u00f3n energ\u00e9tica a las operaciones y al paisaje de la ciudad portuaria. Aprenderemos sobre las oportunidades que genera la econom\u00eda azul y c\u00f3mo redefine el papel de los puertos y las autoridades portuarias. Estudiaremos soluciones y normas innovadoras para proteger el medio ambiente. Hablaremos de las nuevas formas de gobernanza de la ciudad portuaria y la integraci\u00f3n sociocultural de los puertos. Naturalmente, analizaremos las nuevas configuraciones de interfaces entre ciudad y puerto, en puertos fluviales y puertos mar\u00edtimos, en respuesta al cambio clim\u00e1tico, y aprenderemos c\u00f3mo integrar a las ciudades portuarias actividades tales como los cruceros que generan importantes flujos de turistas.<\/p>\n\n\n\n<p>La Conferencia Mundial de Ciudades y Puertos de la AIVP en Lisboa ser\u00e1 la ocasi\u00f3n ideal para que las partes interesadas de todo el mundo se re\u00fanan, compartan sus experiencias y definan juntos las v\u00edas hacia un futuro m\u00e1s sostenible para las ciudades portuarias.<\/p>\n\n\n\n<p>\u00danase a nosotros en la capital portuguesa para explorar juntos las oportunidades que ofrecen las nuevas formas de concebir la relaci\u00f3n ciudad-puerto, \u00a1y prepar\u00e9monos juntos para abrir nuestros muelles!<\/p>\n\n\n\n<p>Para m\u00e1s informaci\u00f3n y para inscribirse, visite la p\u00e1gina web de la AIVP: <a href=\"https:\/\/aivpworldconference.org\/\">https:\/\/aivpworldconference.org\/<\/a><\/p>\n\n\n\n<p><strong>Sobre el Puerto de Lisboa<\/strong><br>El Puerto de Lisboa es un puerto l\u00edder en Europa, estrat\u00e9gicamente orientado hacia el Atl\u00e1ntico y que sirve de puerta de entrada directa al mercado ib\u00e9rico. Situado en el coraz\u00f3n del mayor centro de consumo del pa\u00eds, su importancia se extiende mucho m\u00e1s all\u00e1 de las fronteras locales. Un puerto multifuncional, con 15 terminales portuarias dedicadas a todo tipo de mercanc\u00edas y una terminal para pasajeros de cruceros, que opera 24 horas al d\u00eda, 365 d\u00edas al a\u00f1o y ofrece las mejores condiciones de navegaci\u00f3n para todo tipo de buques.<br>El Puerto de Lisboa tiene capacidad para manejar un mill\u00f3n de contenedores y 11 millones de toneladas de mercanc\u00edas no contenedorizadas al a\u00f1o, as\u00ed como cientos de miles de pasajeros de cruceros que pasan por Lisboa cada a\u00f1o.<br>El puerto est\u00e1 abrigado naturalmente en el estuario del Tajo, con una d\u00e1rsena l\u00edquida de 32.000 hect\u00e1reas, profunda y abrigada. Estas caracter\u00edsticas proporcionan las mejores condiciones de navegaci\u00f3n, tanto para grandes buques como para cualquier actividad n\u00e1utica.<\/p>\n\n\n\n<p><strong>Acerca de la AIVP<\/strong><br>La misi\u00f3n de la Asociaci\u00f3n Internacional de Ciudades y Puertos, AIVP, consiste en mejorar la relaci\u00f3n entre las ciudades y los puertos, instaurando y desarrollando el di\u00e1logo y la cooperaci\u00f3n entre colectividades territoriales, autoridades portuarias, ciudadanos y actores econ\u00f3micos. Hoy en d\u00eda, cerca de 200 ciudades portuarias del mundo entero, afiliados de la AIVP, anhelan transformar el di\u00e1logo puerto ciudad en los cimientos de sus proyectos de desarrollo urbano, portuario y econ\u00f3mico. Porque las ciudades portuarias est\u00e1n en primera l\u00ednea para responder a los desaf\u00edos del desarrollo sostenible, la Agenda 2030 de la AIVP ofrece un marco para las medidas tendientes a experimentar y poner en pr\u00e1ctica soluciones concretas e innovadoras, reafirmando al mismo tiempo su singularidad.<\/p>\n\n\n\n<p>Para m\u00e1s informaci\u00f3n: https: \/\/www.aivp.org\/<br>Siga @AIVP en LinkedIn y @aivp_net en Twitter \u00a0\u00a0<\/p>\n\n\n\n<p><strong>Contacto<\/strong><br>Annabelle ODIEVRE, Responsable Comunicaci\u00f3n AIVP \/ <a href=\"mailto:aodievre@aivp.org\">aodievre@aivp.org<\/a> \/ +33 2 35 42 76 12<\/p>\n\n\n<div class=\"row lien-article\">\n    <div class=\"col-12\">\n        \n                    <div class=\"position-relative anime-in-view link-container\">\n\n                            <a href=\"https:\/\/www.aivp.org\/wp-content\/uploads\/2024\/04\/Comunicado-de-prensa-Conferencia-Mundial-de-la-AIVP.pdf\" target=\"_blank\">Descargar el comunicado de prensa <\/a>\n\n                            <img decoding=\"async\" class=\"position-absolute image-de-fond\" src=\"https:\/\/www.aivp.org\/wp-content\/themes\/lmc-aivp\/img\/link.svg\">\n\n                    <\/div>\n                                        \n                \n                    <div class=\"position-relative anime-in-view link-container\">\n\n                            <a href=\"https:\/\/www.aivp.org\/wp-content\/uploads\/2023\/02\/Logo_AIVP_Horizontal_Baseline.png\" target=\"_blank\">Descargar el logotipo AIVP<\/a>\n\n                            <img decoding=\"async\" class=\"position-absolute image-de-fond\" src=\"https:\/\/www.aivp.org\/wp-content\/themes\/lmc-aivp\/img\/link.svg\">\n\n                    <\/div>\n                                        \n                \n                    <div class=\"position-relative anime-in-view link-container\">\n\n                            <a href=\"https:\/\/www.aivp.org\/wp-content\/uploads\/2024\/04\/Logo-AIVP-world-conference-cities-and-ports.png\" target=\"_blank\">Descargar el logotipo AIVP-world-conference-cities-and-ports<\/a>\n\n                            <img decoding=\"async\" class=\"position-absolute image-de-fond\" src=\"https:\/\/www.aivp.org\/wp-content\/themes\/lmc-aivp\/img\/link.svg\">\n\n                    <\/div>\n                                        \n                    <\/div>\n\n    \n\n<\/div>\n\n","protected":false},"excerpt":{"rendered":"<p>Le Havre, Francia &#8211; 15 de abril de 2024 &#8211; La Asociaci\u00f3n Internacional de Ciudades y Puertos (AIVP) se enorgullece de anunciar que su Conferencia Mundial sobre Ciudades y Puertos se celebrar\u00e1 del 27 al 29 de noviembre de 2024 en Lisboa, Portugal, bajo la presidencia de Edouard PHILIPPE, Alcalde de Le Havre (Francia). Bajo el lema \u00bb Abriendo los muelles: Orientando la conexi\u00f3n entre las personas, el planeta y las ciudades portuarias\u00bb, este evento reunir\u00e1 a expertos, responsables de la toma de decisiones y actores clave de todo el mundo para explorar los retos y oportunidades vinculados a la relaci\u00f3n entre las ciudades portuarias y su entorno.<\/p>\n","protected":false},"author":119,"featured_media":120011,"comment_status":"closed","ping_status":"closed","sticky":false,"template":"","format":"standard","meta":{"_acf_changed":false,"footnotes":""},"categories":[4856],"tags":[3562,5411],"goal":[],"class_list":["post-120029","post","type-post","status-publish","format-standard","has-post-thumbnail","hentry","category-actualites-es","tag-lisboa","tag-lisbon-es"],"acf":[],"yoast_head":"<!-- This site is optimized with the Yoast SEO plugin v26.8 - https:\/\/yoast.com\/product\/yoast-seo-wordpress\/ -->\n<title>Comunicado de prensa : Conferencia Mundial de la AIVP - AIVP<\/title>\n<meta name=\"robots\" content=\"index, follow, max-snippet:-1, max-image-preview:large, max-video-preview:-1\" \/>\n<link rel=\"canonical\" href=\"https:\/\/www.aivp.org\/es\/newsroom\/communique-de-presse-conference-mondiale-de-laivp\/\" \/>\n<meta property=\"og:locale\" content=\"es_ES\" \/>\n<meta property=\"og:type\" content=\"article\" \/>\n<meta property=\"og:title\" content=\"Comunicado de prensa : Conferencia Mundial de la AIVP - AIVP\" \/>\n<meta property=\"og:description\" content=\"Le Havre, Francia - 15 de abril de 2024 - La Asociaci\u00f3n Internacional de Ciudades y Puertos (AIVP) se enorgullece de anunciar que su Conferencia Mundial sobre Ciudades y Puertos se celebrar\u00e1 del 27 al 29 de noviembre de 2024 en Lisboa, Portugal, bajo la presidencia de Edouard PHILIPPE, Alcalde de Le Havre (Francia). Bajo el lema &quot; Abriendo los muelles: Orientando la conexi\u00f3n entre las personas, el planeta y las ciudades portuarias&quot;, este evento reunir\u00e1 a expertos, responsables de la toma de decisiones y actores clave de todo el mundo para explorar los retos y oportunidades vinculados a la relaci\u00f3n entre las ciudades portuarias y su entorno.\" \/>\n<meta property=\"og:url\" content=\"https:\/\/www.aivp.org\/es\/newsroom\/communique-de-presse-conference-mondiale-de-laivp\/\" \/>\n<meta property=\"og:site_name\" content=\"AIVP\" \/>\n<meta property=\"article:published_time\" content=\"2024-04-17T15:03:12+00:00\" \/>\n<meta property=\"article:modified_time\" content=\"2024-04-17T15:21:29+00:00\" \/>\n<meta property=\"og:image\" content=\"https:\/\/www.aivp.org\/wp-content\/uploads\/2024\/04\/Photo-mise-en-avant-BON-720-x-576-px-32-1.png\" \/>\n\t<meta property=\"og:image:width\" content=\"720\" \/>\n\t<meta property=\"og:image:height\" content=\"576\" \/>\n\t<meta property=\"og:image:type\" content=\"image\/png\" \/>\n<meta name=\"author\" content=\"Annabelle ODIEVRE\" \/>\n<meta name=\"twitter:card\" content=\"summary_large_image\" \/>\n<meta name=\"twitter:label1\" content=\"Escrito por\" \/>\n\t<meta name=\"twitter:data1\" content=\"Annabelle ODIEVRE\" \/>\n\t<meta name=\"twitter:label2\" content=\"Tiempo de lectura\" \/>\n\t<meta name=\"twitter:data2\" content=\"6 minutos\" \/>\n<script type=\"application\/ld+json\" class=\"yoast-schema-graph\">{\"@context\":\"https:\/\/schema.org\",\"@graph\":[{\"@type\":\"Article\",\"@id\":\"https:\/\/www.aivp.org\/es\/newsroom\/communique-de-presse-conference-mondiale-de-laivp\/#article\",\"isPartOf\":{\"@id\":\"https:\/\/www.aivp.org\/es\/newsroom\/communique-de-presse-conference-mondiale-de-laivp\/\"},\"author\":{\"name\":\"Annabelle ODIEVRE\",\"@id\":\"https:\/\/www.aivp.org\/es\/#\/schema\/person\/4c3bfa8c31cc76e9234924366c00ab90\"},\"headline\":\"Comunicado de prensa : Conferencia Mundial de la AIVP\",\"datePublished\":\"2024-04-17T15:03:12+00:00\",\"dateModified\":\"2024-04-17T15:21:29+00:00\",\"mainEntityOfPage\":{\"@id\":\"https:\/\/www.aivp.org\/es\/newsroom\/communique-de-presse-conference-mondiale-de-laivp\/\"},\"wordCount\":1092,\"publisher\":{\"@id\":\"https:\/\/www.aivp.org\/es\/#organization\"},\"image\":{\"@id\":\"https:\/\/www.aivp.org\/es\/newsroom\/communique-de-presse-conference-mondiale-de-laivp\/#primaryimage\"},\"thumbnailUrl\":\"https:\/\/www.aivp.org\/wp-content\/uploads\/2024\/04\/Photo-mise-en-avant-BON-720-x-576-px-32-1.png\",\"keywords\":[\"Lisboa\",\"Lisbon\"],\"articleSection\":[\"Noticias\"],\"inLanguage\":\"es\"},{\"@type\":\"WebPage\",\"@id\":\"https:\/\/www.aivp.org\/es\/newsroom\/communique-de-presse-conference-mondiale-de-laivp\/\",\"url\":\"https:\/\/www.aivp.org\/es\/newsroom\/communique-de-presse-conference-mondiale-de-laivp\/\",\"name\":\"Comunicado de prensa : Conferencia Mundial de la AIVP - AIVP\",\"isPartOf\":{\"@id\":\"https:\/\/www.aivp.org\/es\/#website\"},\"primaryImageOfPage\":{\"@id\":\"https:\/\/www.aivp.org\/es\/newsroom\/communique-de-presse-conference-mondiale-de-laivp\/#primaryimage\"},\"image\":{\"@id\":\"https:\/\/www.aivp.org\/es\/newsroom\/communique-de-presse-conference-mondiale-de-laivp\/#primaryimage\"},\"thumbnailUrl\":\"https:\/\/www.aivp.org\/wp-content\/uploads\/2024\/04\/Photo-mise-en-avant-BON-720-x-576-px-32-1.png\",\"datePublished\":\"2024-04-17T15:03:12+00:00\",\"dateModified\":\"2024-04-17T15:21:29+00:00\",\"breadcrumb\":{\"@id\":\"https:\/\/www.aivp.org\/es\/newsroom\/communique-de-presse-conference-mondiale-de-laivp\/#breadcrumb\"},\"inLanguage\":\"es\",\"potentialAction\":[{\"@type\":\"ReadAction\",\"target\":[\"https:\/\/www.aivp.org\/es\/newsroom\/communique-de-presse-conference-mondiale-de-laivp\/\"]}]},{\"@type\":\"ImageObject\",\"inLanguage\":\"es\",\"@id\":\"https:\/\/www.aivp.org\/es\/newsroom\/communique-de-presse-conference-mondiale-de-laivp\/#primaryimage\",\"url\":\"https:\/\/www.aivp.org\/wp-content\/uploads\/2024\/04\/Photo-mise-en-avant-BON-720-x-576-px-32-1.png\",\"contentUrl\":\"https:\/\/www.aivp.org\/wp-content\/uploads\/2024\/04\/Photo-mise-en-avant-BON-720-x-576-px-32-1.png\",\"width\":720,\"height\":576},{\"@type\":\"BreadcrumbList\",\"@id\":\"https:\/\/www.aivp.org\/es\/newsroom\/communique-de-presse-conference-mondiale-de-laivp\/#breadcrumb\",\"itemListElement\":[{\"@type\":\"ListItem\",\"position\":1,\"name\":\"Home\",\"item\":\"https:\/\/www.aivp.org\/es\/\"},{\"@type\":\"ListItem\",\"position\":2,\"name\":\"Comunicado de prensa : Conferencia Mundial de la AIVP\"}]},{\"@type\":\"WebSite\",\"@id\":\"https:\/\/www.aivp.org\/es\/#website\",\"url\":\"https:\/\/www.aivp.org\/es\/\",\"name\":\"AIVP\",\"description\":\"Inspiring people of port cities\",\"publisher\":{\"@id\":\"https:\/\/www.aivp.org\/es\/#organization\"},\"potentialAction\":[{\"@type\":\"SearchAction\",\"target\":{\"@type\":\"EntryPoint\",\"urlTemplate\":\"https:\/\/www.aivp.org\/es\/?s={search_term_string}\"},\"query-input\":{\"@type\":\"PropertyValueSpecification\",\"valueRequired\":true,\"valueName\":\"search_term_string\"}}],\"inLanguage\":\"es\"},{\"@type\":\"Organization\",\"@id\":\"https:\/\/www.aivp.org\/es\/#organization\",\"name\":\"AIVP\",\"url\":\"https:\/\/www.aivp.org\/es\/\",\"logo\":{\"@type\":\"ImageObject\",\"inLanguage\":\"es\",\"@id\":\"https:\/\/www.aivp.org\/es\/#\/schema\/logo\/image\/\",\"url\":\"https:\/\/www.aivp.org\/wp-content\/uploads\/2020\/07\/cropped-favicon.png\",\"contentUrl\":\"https:\/\/www.aivp.org\/wp-content\/uploads\/2020\/07\/cropped-favicon.png\",\"width\":512,\"height\":512,\"caption\":\"AIVP\"},\"image\":{\"@id\":\"https:\/\/www.aivp.org\/es\/#\/schema\/logo\/image\/\"}},{\"@type\":\"Person\",\"@id\":\"https:\/\/www.aivp.org\/es\/#\/schema\/person\/4c3bfa8c31cc76e9234924366c00ab90\",\"name\":\"Annabelle ODIEVRE\",\"image\":{\"@type\":\"ImageObject\",\"inLanguage\":\"es\",\"@id\":\"https:\/\/www.aivp.org\/es\/#\/schema\/person\/image\/\",\"url\":\"https:\/\/secure.gravatar.com\/avatar\/a4b8d446b465afb53045c6aed55b88b6?s=96&d=mm&r=g\",\"contentUrl\":\"https:\/\/secure.gravatar.com\/avatar\/a4b8d446b465afb53045c6aed55b88b6?s=96&d=mm&r=g\",\"caption\":\"Annabelle ODIEVRE\"},\"url\":\"https:\/\/www.aivp.org\/es\/newsroom\/author\/aodievreaivp-org\/\"}]}<\/script>\n<!-- \/ Yoast SEO plugin. -->","yoast_head_json":{"title":"Comunicado de prensa : Conferencia Mundial de la AIVP - AIVP","robots":{"index":"index","follow":"follow","max-snippet":"max-snippet:-1","max-image-preview":"max-image-preview:large","max-video-preview":"max-video-preview:-1"},"canonical":"https:\/\/www.aivp.org\/es\/newsroom\/communique-de-presse-conference-mondiale-de-laivp\/","og_locale":"es_ES","og_type":"article","og_title":"Comunicado de prensa : Conferencia Mundial de la AIVP - AIVP","og_description":"Le Havre, Francia - 15 de abril de 2024 - La Asociaci\u00f3n Internacional de Ciudades y Puertos (AIVP) se enorgullece de anunciar que su Conferencia Mundial sobre Ciudades y Puertos se celebrar\u00e1 del 27 al 29 de noviembre de 2024 en Lisboa, Portugal, bajo la presidencia de Edouard PHILIPPE, Alcalde de Le Havre (Francia). Bajo el lema \" Abriendo los muelles: Orientando la conexi\u00f3n entre las personas, el planeta y las ciudades portuarias\", este evento reunir\u00e1 a expertos, responsables de la toma de decisiones y actores clave de todo el mundo para explorar los retos y oportunidades vinculados a la relaci\u00f3n entre las ciudades portuarias y su entorno.","og_url":"https:\/\/www.aivp.org\/es\/newsroom\/communique-de-presse-conference-mondiale-de-laivp\/","og_site_name":"AIVP","article_published_time":"2024-04-17T15:03:12+00:00","article_modified_time":"2024-04-17T15:21:29+00:00","og_image":[{"width":720,"height":576,"url":"https:\/\/www.aivp.org\/wp-content\/uploads\/2024\/04\/Photo-mise-en-avant-BON-720-x-576-px-32-1.png","type":"image\/png"}],"author":"Annabelle ODIEVRE","twitter_card":"summary_large_image","twitter_misc":{"Escrito por":"Annabelle ODIEVRE","Tiempo de lectura":"6 minutos"},"schema":{"@context":"https:\/\/schema.org","@graph":[{"@type":"Article","@id":"https:\/\/www.aivp.org\/es\/newsroom\/communique-de-presse-conference-mondiale-de-laivp\/#article","isPartOf":{"@id":"https:\/\/www.aivp.org\/es\/newsroom\/communique-de-presse-conference-mondiale-de-laivp\/"},"author":{"name":"Annabelle ODIEVRE","@id":"https:\/\/www.aivp.org\/es\/#\/schema\/person\/4c3bfa8c31cc76e9234924366c00ab90"},"headline":"Comunicado de prensa : Conferencia Mundial de la AIVP","datePublished":"2024-04-17T15:03:12+00:00","dateModified":"2024-04-17T15:21:29+00:00","mainEntityOfPage":{"@id":"https:\/\/www.aivp.org\/es\/newsroom\/communique-de-presse-conference-mondiale-de-laivp\/"},"wordCount":1092,"publisher":{"@id":"https:\/\/www.aivp.org\/es\/#organization"},"image":{"@id":"https:\/\/www.aivp.org\/es\/newsroom\/communique-de-presse-conference-mondiale-de-laivp\/#primaryimage"},"thumbnailUrl":"https:\/\/www.aivp.org\/wp-content\/uploads\/2024\/04\/Photo-mise-en-avant-BON-720-x-576-px-32-1.png","keywords":["Lisboa","Lisbon"],"articleSection":["Noticias"],"inLanguage":"es"},{"@type":"WebPage","@id":"https:\/\/www.aivp.org\/es\/newsroom\/communique-de-presse-conference-mondiale-de-laivp\/","url":"https:\/\/www.aivp.org\/es\/newsroom\/communique-de-presse-conference-mondiale-de-laivp\/","name":"Comunicado de prensa : Conferencia Mundial de la AIVP - AIVP","isPartOf":{"@id":"https:\/\/www.aivp.org\/es\/#website"},"primaryImageOfPage":{"@id":"https:\/\/www.aivp.org\/es\/newsroom\/communique-de-presse-conference-mondiale-de-laivp\/#primaryimage"},"image":{"@id":"https:\/\/www.aivp.org\/es\/newsroom\/communique-de-presse-conference-mondiale-de-laivp\/#primaryimage"},"thumbnailUrl":"https:\/\/www.aivp.org\/wp-content\/uploads\/2024\/04\/Photo-mise-en-avant-BON-720-x-576-px-32-1.png","datePublished":"2024-04-17T15:03:12+00:00","dateModified":"2024-04-17T15:21:29+00:00","breadcrumb":{"@id":"https:\/\/www.aivp.org\/es\/newsroom\/communique-de-presse-conference-mondiale-de-laivp\/#breadcrumb"},"inLanguage":"es","potentialAction":[{"@type":"ReadAction","target":["https:\/\/www.aivp.org\/es\/newsroom\/communique-de-presse-conference-mondiale-de-laivp\/"]}]},{"@type":"ImageObject","inLanguage":"es","@id":"https:\/\/www.aivp.org\/es\/newsroom\/communique-de-presse-conference-mondiale-de-laivp\/#primaryimage","url":"https:\/\/www.aivp.org\/wp-content\/uploads\/2024\/04\/Photo-mise-en-avant-BON-720-x-576-px-32-1.png","contentUrl":"https:\/\/www.aivp.org\/wp-content\/uploads\/2024\/04\/Photo-mise-en-avant-BON-720-x-576-px-32-1.png","width":720,"height":576},{"@type":"BreadcrumbList","@id":"https:\/\/www.aivp.org\/es\/newsroom\/communique-de-presse-conference-mondiale-de-laivp\/#breadcrumb","itemListElement":[{"@type":"ListItem","position":1,"name":"Home","item":"https:\/\/www.aivp.org\/es\/"},{"@type":"ListItem","position":2,"name":"Comunicado de prensa : Conferencia Mundial de la AIVP"}]},{"@type":"WebSite","@id":"https:\/\/www.aivp.org\/es\/#website","url":"https:\/\/www.aivp.org\/es\/","name":"AIVP","description":"Inspiring people of port cities","publisher":{"@id":"https:\/\/www.aivp.org\/es\/#organization"},"potentialAction":[{"@type":"SearchAction","target":{"@type":"EntryPoint","urlTemplate":"https:\/\/www.aivp.org\/es\/?s={search_term_string}"},"query-input":{"@type":"PropertyValueSpecification","valueRequired":true,"valueName":"search_term_string"}}],"inLanguage":"es"},{"@type":"Organization","@id":"https:\/\/www.aivp.org\/es\/#organization","name":"AIVP","url":"https:\/\/www.aivp.org\/es\/","logo":{"@type":"ImageObject","inLanguage":"es","@id":"https:\/\/www.aivp.org\/es\/#\/schema\/logo\/image\/","url":"https:\/\/www.aivp.org\/wp-content\/uploads\/2020\/07\/cropped-favicon.png","contentUrl":"https:\/\/www.aivp.org\/wp-content\/uploads\/2020\/07\/cropped-favicon.png","width":512,"height":512,"caption":"AIVP"},"image":{"@id":"https:\/\/www.aivp.org\/es\/#\/schema\/logo\/image\/"}},{"@type":"Person","@id":"https:\/\/www.aivp.org\/es\/#\/schema\/person\/4c3bfa8c31cc76e9234924366c00ab90","name":"Annabelle ODIEVRE","image":{"@type":"ImageObject","inLanguage":"es","@id":"https:\/\/www.aivp.org\/es\/#\/schema\/person\/image\/","url":"https:\/\/secure.gravatar.com\/avatar\/a4b8d446b465afb53045c6aed55b88b6?s=96&d=mm&r=g","contentUrl":"https:\/\/secure.gravatar.com\/avatar\/a4b8d446b465afb53045c6aed55b88b6?s=96&d=mm&r=g","caption":"Annabelle ODIEVRE"},"url":"https:\/\/www.aivp.org\/es\/newsroom\/author\/aodievreaivp-org\/"}]}},"featured_image_url":"https:\/\/www.aivp.org\/wp-content\/uploads\/2024\/04\/Photo-mise-en-avant-BON-720-x-576-px-32-1.png","_links":{"self":[{"href":"https:\/\/www.aivp.org\/es\/wp-json\/wp\/v2\/posts\/120029","targetHints":{"allow":["GET"]}}],"collection":[{"href":"https:\/\/www.aivp.org\/es\/wp-json\/wp\/v2\/posts"}],"about":[{"href":"https:\/\/www.aivp.org\/es\/wp-json\/wp\/v2\/types\/post"}],"author":[{"embeddable":true,"href":"https:\/\/www.aivp.org\/es\/wp-json\/wp\/v2\/users\/119"}],"replies":[{"embeddable":true,"href":"https:\/\/www.aivp.org\/es\/wp-json\/wp\/v2\/comments?post=120029"}],"version-history":[{"count":1,"href":"https:\/\/www.aivp.org\/es\/wp-json\/wp\/v2\/posts\/120029\/revisions"}],"predecessor-version":[{"id":120047,"href":"https:\/\/www.aivp.org\/es\/wp-json\/wp\/v2\/posts\/120029\/revisions\/120047"}],"wp:featuredmedia":[{"embeddable":true,"href":"https:\/\/www.aivp.org\/es\/wp-json\/wp\/v2\/media\/120011"}],"wp:attachment":[{"href":"https:\/\/www.aivp.org\/es\/wp-json\/wp\/v2\/media?parent=120029"}],"wp:term":[{"taxonomy":"category","embeddable":true,"href":"https:\/\/www.aivp.org\/es\/wp-json\/wp\/v2\/categories?post=120029"},{"taxonomy":"post_tag","embeddable":true,"href":"https:\/\/www.aivp.org\/es\/wp-json\/wp\/v2\/tags?post=120029"},{"taxonomy":"goal","embeddable":true,"href":"https:\/\/www.aivp.org\/es\/wp-json\/wp\/v2\/goal?post=120029"}],"curies":[{"name":"wp","href":"https:\/\/api.w.org\/{rel}","templated":true}]}}