{"id":120358,"date":"2024-04-24T16:02:14","date_gmt":"2024-04-24T14:02:14","guid":{"rendered":"https:\/\/www.aivp.org\/?p=120358"},"modified":"2024-04-24T18:05:53","modified_gmt":"2024-04-24T16:05:53","slug":"talleres-sobre-la-herramienta-de-autodiagnostico-de-la-agenda-2030-by-aivp","status":"publish","type":"post","link":"https:\/\/www.aivp.org\/es\/newsroom\/talleres-sobre-la-herramienta-de-autodiagnostico-de-la-agenda-2030-by-aivp\/","title":{"rendered":"Talleres sobre la herramienta de autodiagn\u00f3stico de la Agenda 2030 by AIVP"},"content":{"rendered":"\n<p>Los d\u00edas 16, 17 y 18 de abril, la AIVP organiz\u00f3 talleres en l\u00ednea para que sus miembros conocieron mejor la Versi\u00f3n Puerto Mar\u00edtimo de la herramienta de autodiagn\u00f3stico, lanzada durante la Conferencia de Venecia. Durante estos talleres, que tuvieron lugar en cada una de nuestras lenguas oficiales, fuimos explicando sobre el objetivo y la finalidad de la herramienta, y tambi\u00e9n sobre la forma de utilizarla. Se dieron consejos pr\u00e1cticos tales como el uso de una cuenta por autoridad portuaria, explicando la distinci\u00f3n entre \u201cautoridad portuaria\u201d y \u201cpuerto\u201d en las preguntas, y la diferencia entre la seccion Estructura y el cuestionario. Tambi\u00e9n se habl\u00f3 del sistema de puntuaci\u00f3n de las preguntas y de c\u00f3mo la AIVP puede ayudar a mejorar o valorizar los resultados una vez completada la evaluaci\u00f3n. Las sesiones fueron muy interactivas y los miembros hicieron muchas preguntas, aportando comentarios sobre c\u00f3mo fomentar y facilitar el uso de la herramienta.<\/p>\n\n\n\n<p>Por el momento, la herramienta de autodiagn\u00f3stico solo es accesible para nuestros miembros. Para saber m\u00e1s sobre la herramienta y ver la grabaci\u00f3n de los talleres, visite la p\u00e1gina web de la AIVP dedicada a la herramienta de autodiagn\u00f3stico: <a href=\"https:\/\/www.aivp.org\/es\/accueil\/nuestras-iniciatives\/agenda-2030\/autodiagnostico-de-la-agenda-2030-by-aivp\/\">Autodiagn\u00f3stico de la Agenda 2030 by AIVP &#8211; AIVP<\/a>, donde encontrar\u00e1 una introducci\u00f3n, una gu\u00eda del usuario, un video tutorial, la grabaci\u00f3n de los talleres y un enlace a la plataforma de autoevaluaci\u00f3n. Si tiene alguna otra pregunta, p\u00f3ngase en contacto con nuestro equipo en <a href=\"mailto:assessment@aivp.org\">assessment@aivp.org<\/a>.<\/p>\n\n\n\n<figure class=\"wp-block-embed is-provider-youtube wp-block-embed-youtube\"><div class=\"wp-block-embed__wrapper\">\n<div class=\"embed-responsive embed-responsive-16by9\"><iframe title=\"Taller AIVP sobre el autodiagn\u00f3stico para los puertos mar\u00edtimos\" src=\"https:\/\/www.youtube.com\/embed\/obeUTlWGIXQ?feature=oembed\" frameborder=\"0\" allow=\"accelerometer; autoplay; clipboard-write; encrypted-media; gyroscope; picture-in-picture; web-share\" referrerpolicy=\"strict-origin-when-cross-origin\" allowfullscreen><\/iframe><\/div> \n<\/div><\/figure>\n\n\n<div class=\"row lien-article\">\n    <div class=\"col-12\">\n        \n                    <div class=\"position-relative anime-in-view link-container\">\n\n                            <a href=\"https:\/\/www.aivp.org\/es\/accueil\/nuestras-iniciatives\/agenda-2030\/autodiagnostico-de-la-agenda-2030-by-aivp\/\" target=\"_blank\">M\u00e1s informaci\u00f3n sobre esta Autodiagn\u00f3stico de la Agenda 2030 by AIVP<\/a>\n\n                            <img decoding=\"async\" class=\"position-absolute image-de-fond\" src=\"https:\/\/www.aivp.org\/wp-content\/themes\/lmc-aivp\/img\/link.svg\">\n\n                    <\/div>\n                                        \n                    <\/div>\n\n    \n\n<\/div>\n\n","protected":false},"excerpt":{"rendered":"<p>Los d\u00edas 16, 17 y 18 de abril, la AIVP organiz\u00f3 talleres en l\u00ednea para que sus miembros conocieron mejor la Versi\u00f3n Puerto Mar\u00edtimo de la herramienta de autoevaluaci\u00f3n, lanzada durante la Conferencia de Venecia. Durante estos talleres, que tuvieron lugar en cada una de nuestras lenguas oficiales, fuimos explicando sobre el objetivo y la finalidad de la herramienta, y tambi\u00e9n sobre la forma de utilizarla. M\u00e1s informaci\u00f3n sobre los talleres y d\u00f3nde ver las repeticiones aqu\u00ed.<\/p>\n","protected":false},"author":130,"featured_media":120229,"comment_status":"closed","ping_status":"closed","sticky":false,"template":"","format":"standard","meta":{"_acf_changed":false,"footnotes":""},"categories":[4856],"tags":[],"goal":[],"class_list":["post-120358","post","type-post","status-publish","format-standard","has-post-thumbnail","hentry","category-actualites-es"],"acf":[],"yoast_head":"<!-- This site is optimized with the Yoast SEO plugin v26.8 - https:\/\/yoast.com\/product\/yoast-seo-wordpress\/ -->\n<title>Talleres sobre la herramienta de autodiagn\u00f3stico de la Agenda 2030 by AIVP - AIVP<\/title>\n<meta name=\"robots\" content=\"index, follow, max-snippet:-1, max-image-preview:large, max-video-preview:-1\" \/>\n<link rel=\"canonical\" href=\"https:\/\/www.aivp.org\/es\/newsroom\/talleres-sobre-la-herramienta-de-autodiagnostico-de-la-agenda-2030-by-aivp\/\" \/>\n<meta property=\"og:locale\" content=\"es_ES\" \/>\n<meta property=\"og:type\" content=\"article\" \/>\n<meta property=\"og:title\" content=\"Talleres sobre la herramienta de autodiagn\u00f3stico de la Agenda 2030 by AIVP - AIVP\" \/>\n<meta property=\"og:description\" content=\"Los d\u00edas 16, 17 y 18 de abril, la AIVP organiz\u00f3 talleres en l\u00ednea para que sus miembros conocieron mejor la Versi\u00f3n Puerto Mar\u00edtimo de la herramienta de autoevaluaci\u00f3n, lanzada durante la Conferencia de Venecia. Durante estos talleres, que tuvieron lugar en cada una de nuestras lenguas oficiales, fuimos explicando sobre el objetivo y la finalidad de la herramienta, y tambi\u00e9n sobre la forma de utilizarla. M\u00e1s informaci\u00f3n sobre los talleres y d\u00f3nde ver las repeticiones aqu\u00ed.\" \/>\n<meta property=\"og:url\" content=\"https:\/\/www.aivp.org\/es\/newsroom\/talleres-sobre-la-herramienta-de-autodiagnostico-de-la-agenda-2030-by-aivp\/\" \/>\n<meta property=\"og:site_name\" content=\"AIVP\" \/>\n<meta property=\"article:published_time\" content=\"2024-04-24T14:02:14+00:00\" \/>\n<meta property=\"article:modified_time\" content=\"2024-04-24T16:05:53+00:00\" \/>\n<meta property=\"og:image\" content=\"https:\/\/www.aivp.org\/wp-content\/uploads\/2024\/04\/Photo-mise-en-avant-BON-720-x-576-px-37.png\" \/>\n\t<meta property=\"og:image:width\" content=\"720\" \/>\n\t<meta property=\"og:image:height\" content=\"576\" \/>\n\t<meta property=\"og:image:type\" content=\"image\/png\" \/>\n<meta name=\"author\" content=\"Caya HEIN\" \/>\n<meta name=\"twitter:card\" content=\"summary_large_image\" \/>\n<meta name=\"twitter:label1\" content=\"Escrito por\" \/>\n\t<meta name=\"twitter:data1\" content=\"Caya HEIN\" \/>\n\t<meta name=\"twitter:label2\" content=\"Tiempo de lectura\" \/>\n\t<meta name=\"twitter:data2\" content=\"2 minutos\" \/>\n<script type=\"application\/ld+json\" class=\"yoast-schema-graph\">{\"@context\":\"https:\/\/schema.org\",\"@graph\":[{\"@type\":\"Article\",\"@id\":\"https:\/\/www.aivp.org\/es\/newsroom\/talleres-sobre-la-herramienta-de-autodiagnostico-de-la-agenda-2030-by-aivp\/#article\",\"isPartOf\":{\"@id\":\"https:\/\/www.aivp.org\/es\/newsroom\/talleres-sobre-la-herramienta-de-autodiagnostico-de-la-agenda-2030-by-aivp\/\"},\"author\":{\"name\":\"Caya HEIN\",\"@id\":\"https:\/\/www.aivp.org\/es\/#\/schema\/person\/9bae9f7727a91a1130a91292d0c207c6\"},\"headline\":\"Talleres sobre la herramienta de autodiagn\u00f3stico de la Agenda 2030 by AIVP\",\"datePublished\":\"2024-04-24T14:02:14+00:00\",\"dateModified\":\"2024-04-24T16:05:53+00:00\",\"mainEntityOfPage\":{\"@id\":\"https:\/\/www.aivp.org\/es\/newsroom\/talleres-sobre-la-herramienta-de-autodiagnostico-de-la-agenda-2030-by-aivp\/\"},\"wordCount\":275,\"publisher\":{\"@id\":\"https:\/\/www.aivp.org\/es\/#organization\"},\"image\":{\"@id\":\"https:\/\/www.aivp.org\/es\/newsroom\/talleres-sobre-la-herramienta-de-autodiagnostico-de-la-agenda-2030-by-aivp\/#primaryimage\"},\"thumbnailUrl\":\"https:\/\/www.aivp.org\/wp-content\/uploads\/2024\/04\/Photo-mise-en-avant-BON-720-x-576-px-37.png\",\"articleSection\":[\"Noticias\"],\"inLanguage\":\"es\"},{\"@type\":\"WebPage\",\"@id\":\"https:\/\/www.aivp.org\/es\/newsroom\/talleres-sobre-la-herramienta-de-autodiagnostico-de-la-agenda-2030-by-aivp\/\",\"url\":\"https:\/\/www.aivp.org\/es\/newsroom\/talleres-sobre-la-herramienta-de-autodiagnostico-de-la-agenda-2030-by-aivp\/\",\"name\":\"Talleres sobre la herramienta de autodiagn\u00f3stico de la Agenda 2030 by AIVP - AIVP\",\"isPartOf\":{\"@id\":\"https:\/\/www.aivp.org\/es\/#website\"},\"primaryImageOfPage\":{\"@id\":\"https:\/\/www.aivp.org\/es\/newsroom\/talleres-sobre-la-herramienta-de-autodiagnostico-de-la-agenda-2030-by-aivp\/#primaryimage\"},\"image\":{\"@id\":\"https:\/\/www.aivp.org\/es\/newsroom\/talleres-sobre-la-herramienta-de-autodiagnostico-de-la-agenda-2030-by-aivp\/#primaryimage\"},\"thumbnailUrl\":\"https:\/\/www.aivp.org\/wp-content\/uploads\/2024\/04\/Photo-mise-en-avant-BON-720-x-576-px-37.png\",\"datePublished\":\"2024-04-24T14:02:14+00:00\",\"dateModified\":\"2024-04-24T16:05:53+00:00\",\"breadcrumb\":{\"@id\":\"https:\/\/www.aivp.org\/es\/newsroom\/talleres-sobre-la-herramienta-de-autodiagnostico-de-la-agenda-2030-by-aivp\/#breadcrumb\"},\"inLanguage\":\"es\",\"potentialAction\":[{\"@type\":\"ReadAction\",\"target\":[\"https:\/\/www.aivp.org\/es\/newsroom\/talleres-sobre-la-herramienta-de-autodiagnostico-de-la-agenda-2030-by-aivp\/\"]}]},{\"@type\":\"ImageObject\",\"inLanguage\":\"es\",\"@id\":\"https:\/\/www.aivp.org\/es\/newsroom\/talleres-sobre-la-herramienta-de-autodiagnostico-de-la-agenda-2030-by-aivp\/#primaryimage\",\"url\":\"https:\/\/www.aivp.org\/wp-content\/uploads\/2024\/04\/Photo-mise-en-avant-BON-720-x-576-px-37.png\",\"contentUrl\":\"https:\/\/www.aivp.org\/wp-content\/uploads\/2024\/04\/Photo-mise-en-avant-BON-720-x-576-px-37.png\",\"width\":720,\"height\":576},{\"@type\":\"BreadcrumbList\",\"@id\":\"https:\/\/www.aivp.org\/es\/newsroom\/talleres-sobre-la-herramienta-de-autodiagnostico-de-la-agenda-2030-by-aivp\/#breadcrumb\",\"itemListElement\":[{\"@type\":\"ListItem\",\"position\":1,\"name\":\"Home\",\"item\":\"https:\/\/www.aivp.org\/es\/\"},{\"@type\":\"ListItem\",\"position\":2,\"name\":\"Talleres sobre la herramienta de autodiagn\u00f3stico de la Agenda 2030 by AIVP\"}]},{\"@type\":\"WebSite\",\"@id\":\"https:\/\/www.aivp.org\/es\/#website\",\"url\":\"https:\/\/www.aivp.org\/es\/\",\"name\":\"AIVP\",\"description\":\"Inspiring people of port cities\",\"publisher\":{\"@id\":\"https:\/\/www.aivp.org\/es\/#organization\"},\"potentialAction\":[{\"@type\":\"SearchAction\",\"target\":{\"@type\":\"EntryPoint\",\"urlTemplate\":\"https:\/\/www.aivp.org\/es\/?s={search_term_string}\"},\"query-input\":{\"@type\":\"PropertyValueSpecification\",\"valueRequired\":true,\"valueName\":\"search_term_string\"}}],\"inLanguage\":\"es\"},{\"@type\":\"Organization\",\"@id\":\"https:\/\/www.aivp.org\/es\/#organization\",\"name\":\"AIVP\",\"url\":\"https:\/\/www.aivp.org\/es\/\",\"logo\":{\"@type\":\"ImageObject\",\"inLanguage\":\"es\",\"@id\":\"https:\/\/www.aivp.org\/es\/#\/schema\/logo\/image\/\",\"url\":\"https:\/\/www.aivp.org\/wp-content\/uploads\/2020\/07\/cropped-favicon.png\",\"contentUrl\":\"https:\/\/www.aivp.org\/wp-content\/uploads\/2020\/07\/cropped-favicon.png\",\"width\":512,\"height\":512,\"caption\":\"AIVP\"},\"image\":{\"@id\":\"https:\/\/www.aivp.org\/es\/#\/schema\/logo\/image\/\"}},{\"@type\":\"Person\",\"@id\":\"https:\/\/www.aivp.org\/es\/#\/schema\/person\/9bae9f7727a91a1130a91292d0c207c6\",\"name\":\"Caya HEIN\",\"image\":{\"@type\":\"ImageObject\",\"inLanguage\":\"es\",\"@id\":\"https:\/\/www.aivp.org\/es\/#\/schema\/person\/image\/\",\"url\":\"https:\/\/secure.gravatar.com\/avatar\/59e0eee5a48a975aab3c5117c574ffa2?s=96&d=mm&r=g\",\"contentUrl\":\"https:\/\/secure.gravatar.com\/avatar\/59e0eee5a48a975aab3c5117c574ffa2?s=96&d=mm&r=g\",\"caption\":\"Caya HEIN\"},\"url\":\"https:\/\/www.aivp.org\/es\/newsroom\/author\/cheinaivp-org\/\"}]}<\/script>\n<!-- \/ Yoast SEO plugin. -->","yoast_head_json":{"title":"Talleres sobre la herramienta de autodiagn\u00f3stico de la Agenda 2030 by AIVP - AIVP","robots":{"index":"index","follow":"follow","max-snippet":"max-snippet:-1","max-image-preview":"max-image-preview:large","max-video-preview":"max-video-preview:-1"},"canonical":"https:\/\/www.aivp.org\/es\/newsroom\/talleres-sobre-la-herramienta-de-autodiagnostico-de-la-agenda-2030-by-aivp\/","og_locale":"es_ES","og_type":"article","og_title":"Talleres sobre la herramienta de autodiagn\u00f3stico de la Agenda 2030 by AIVP - AIVP","og_description":"Los d\u00edas 16, 17 y 18 de abril, la AIVP organiz\u00f3 talleres en l\u00ednea para que sus miembros conocieron mejor la Versi\u00f3n Puerto Mar\u00edtimo de la herramienta de autoevaluaci\u00f3n, lanzada durante la Conferencia de Venecia. Durante estos talleres, que tuvieron lugar en cada una de nuestras lenguas oficiales, fuimos explicando sobre el objetivo y la finalidad de la herramienta, y tambi\u00e9n sobre la forma de utilizarla. M\u00e1s informaci\u00f3n sobre los talleres y d\u00f3nde ver las repeticiones aqu\u00ed.","og_url":"https:\/\/www.aivp.org\/es\/newsroom\/talleres-sobre-la-herramienta-de-autodiagnostico-de-la-agenda-2030-by-aivp\/","og_site_name":"AIVP","article_published_time":"2024-04-24T14:02:14+00:00","article_modified_time":"2024-04-24T16:05:53+00:00","og_image":[{"width":720,"height":576,"url":"https:\/\/www.aivp.org\/wp-content\/uploads\/2024\/04\/Photo-mise-en-avant-BON-720-x-576-px-37.png","type":"image\/png"}],"author":"Caya HEIN","twitter_card":"summary_large_image","twitter_misc":{"Escrito por":"Caya HEIN","Tiempo de lectura":"2 minutos"},"schema":{"@context":"https:\/\/schema.org","@graph":[{"@type":"Article","@id":"https:\/\/www.aivp.org\/es\/newsroom\/talleres-sobre-la-herramienta-de-autodiagnostico-de-la-agenda-2030-by-aivp\/#article","isPartOf":{"@id":"https:\/\/www.aivp.org\/es\/newsroom\/talleres-sobre-la-herramienta-de-autodiagnostico-de-la-agenda-2030-by-aivp\/"},"author":{"name":"Caya HEIN","@id":"https:\/\/www.aivp.org\/es\/#\/schema\/person\/9bae9f7727a91a1130a91292d0c207c6"},"headline":"Talleres sobre la herramienta de autodiagn\u00f3stico de la Agenda 2030 by AIVP","datePublished":"2024-04-24T14:02:14+00:00","dateModified":"2024-04-24T16:05:53+00:00","mainEntityOfPage":{"@id":"https:\/\/www.aivp.org\/es\/newsroom\/talleres-sobre-la-herramienta-de-autodiagnostico-de-la-agenda-2030-by-aivp\/"},"wordCount":275,"publisher":{"@id":"https:\/\/www.aivp.org\/es\/#organization"},"image":{"@id":"https:\/\/www.aivp.org\/es\/newsroom\/talleres-sobre-la-herramienta-de-autodiagnostico-de-la-agenda-2030-by-aivp\/#primaryimage"},"thumbnailUrl":"https:\/\/www.aivp.org\/wp-content\/uploads\/2024\/04\/Photo-mise-en-avant-BON-720-x-576-px-37.png","articleSection":["Noticias"],"inLanguage":"es"},{"@type":"WebPage","@id":"https:\/\/www.aivp.org\/es\/newsroom\/talleres-sobre-la-herramienta-de-autodiagnostico-de-la-agenda-2030-by-aivp\/","url":"https:\/\/www.aivp.org\/es\/newsroom\/talleres-sobre-la-herramienta-de-autodiagnostico-de-la-agenda-2030-by-aivp\/","name":"Talleres sobre la herramienta de autodiagn\u00f3stico de la Agenda 2030 by AIVP - AIVP","isPartOf":{"@id":"https:\/\/www.aivp.org\/es\/#website"},"primaryImageOfPage":{"@id":"https:\/\/www.aivp.org\/es\/newsroom\/talleres-sobre-la-herramienta-de-autodiagnostico-de-la-agenda-2030-by-aivp\/#primaryimage"},"image":{"@id":"https:\/\/www.aivp.org\/es\/newsroom\/talleres-sobre-la-herramienta-de-autodiagnostico-de-la-agenda-2030-by-aivp\/#primaryimage"},"thumbnailUrl":"https:\/\/www.aivp.org\/wp-content\/uploads\/2024\/04\/Photo-mise-en-avant-BON-720-x-576-px-37.png","datePublished":"2024-04-24T14:02:14+00:00","dateModified":"2024-04-24T16:05:53+00:00","breadcrumb":{"@id":"https:\/\/www.aivp.org\/es\/newsroom\/talleres-sobre-la-herramienta-de-autodiagnostico-de-la-agenda-2030-by-aivp\/#breadcrumb"},"inLanguage":"es","potentialAction":[{"@type":"ReadAction","target":["https:\/\/www.aivp.org\/es\/newsroom\/talleres-sobre-la-herramienta-de-autodiagnostico-de-la-agenda-2030-by-aivp\/"]}]},{"@type":"ImageObject","inLanguage":"es","@id":"https:\/\/www.aivp.org\/es\/newsroom\/talleres-sobre-la-herramienta-de-autodiagnostico-de-la-agenda-2030-by-aivp\/#primaryimage","url":"https:\/\/www.aivp.org\/wp-content\/uploads\/2024\/04\/Photo-mise-en-avant-BON-720-x-576-px-37.png","contentUrl":"https:\/\/www.aivp.org\/wp-content\/uploads\/2024\/04\/Photo-mise-en-avant-BON-720-x-576-px-37.png","width":720,"height":576},{"@type":"BreadcrumbList","@id":"https:\/\/www.aivp.org\/es\/newsroom\/talleres-sobre-la-herramienta-de-autodiagnostico-de-la-agenda-2030-by-aivp\/#breadcrumb","itemListElement":[{"@type":"ListItem","position":1,"name":"Home","item":"https:\/\/www.aivp.org\/es\/"},{"@type":"ListItem","position":2,"name":"Talleres sobre la herramienta de autodiagn\u00f3stico de la Agenda 2030 by AIVP"}]},{"@type":"WebSite","@id":"https:\/\/www.aivp.org\/es\/#website","url":"https:\/\/www.aivp.org\/es\/","name":"AIVP","description":"Inspiring people of port cities","publisher":{"@id":"https:\/\/www.aivp.org\/es\/#organization"},"potentialAction":[{"@type":"SearchAction","target":{"@type":"EntryPoint","urlTemplate":"https:\/\/www.aivp.org\/es\/?s={search_term_string}"},"query-input":{"@type":"PropertyValueSpecification","valueRequired":true,"valueName":"search_term_string"}}],"inLanguage":"es"},{"@type":"Organization","@id":"https:\/\/www.aivp.org\/es\/#organization","name":"AIVP","url":"https:\/\/www.aivp.org\/es\/","logo":{"@type":"ImageObject","inLanguage":"es","@id":"https:\/\/www.aivp.org\/es\/#\/schema\/logo\/image\/","url":"https:\/\/www.aivp.org\/wp-content\/uploads\/2020\/07\/cropped-favicon.png","contentUrl":"https:\/\/www.aivp.org\/wp-content\/uploads\/2020\/07\/cropped-favicon.png","width":512,"height":512,"caption":"AIVP"},"image":{"@id":"https:\/\/www.aivp.org\/es\/#\/schema\/logo\/image\/"}},{"@type":"Person","@id":"https:\/\/www.aivp.org\/es\/#\/schema\/person\/9bae9f7727a91a1130a91292d0c207c6","name":"Caya HEIN","image":{"@type":"ImageObject","inLanguage":"es","@id":"https:\/\/www.aivp.org\/es\/#\/schema\/person\/image\/","url":"https:\/\/secure.gravatar.com\/avatar\/59e0eee5a48a975aab3c5117c574ffa2?s=96&d=mm&r=g","contentUrl":"https:\/\/secure.gravatar.com\/avatar\/59e0eee5a48a975aab3c5117c574ffa2?s=96&d=mm&r=g","caption":"Caya HEIN"},"url":"https:\/\/www.aivp.org\/es\/newsroom\/author\/cheinaivp-org\/"}]}},"featured_image_url":"https:\/\/www.aivp.org\/wp-content\/uploads\/2024\/04\/Photo-mise-en-avant-BON-720-x-576-px-37.png","_links":{"self":[{"href":"https:\/\/www.aivp.org\/es\/wp-json\/wp\/v2\/posts\/120358","targetHints":{"allow":["GET"]}}],"collection":[{"href":"https:\/\/www.aivp.org\/es\/wp-json\/wp\/v2\/posts"}],"about":[{"href":"https:\/\/www.aivp.org\/es\/wp-json\/wp\/v2\/types\/post"}],"author":[{"embeddable":true,"href":"https:\/\/www.aivp.org\/es\/wp-json\/wp\/v2\/users\/130"}],"replies":[{"embeddable":true,"href":"https:\/\/www.aivp.org\/es\/wp-json\/wp\/v2\/comments?post=120358"}],"version-history":[{"count":2,"href":"https:\/\/www.aivp.org\/es\/wp-json\/wp\/v2\/posts\/120358\/revisions"}],"predecessor-version":[{"id":120399,"href":"https:\/\/www.aivp.org\/es\/wp-json\/wp\/v2\/posts\/120358\/revisions\/120399"}],"wp:featuredmedia":[{"embeddable":true,"href":"https:\/\/www.aivp.org\/es\/wp-json\/wp\/v2\/media\/120229"}],"wp:attachment":[{"href":"https:\/\/www.aivp.org\/es\/wp-json\/wp\/v2\/media?parent=120358"}],"wp:term":[{"taxonomy":"category","embeddable":true,"href":"https:\/\/www.aivp.org\/es\/wp-json\/wp\/v2\/categories?post=120358"},{"taxonomy":"post_tag","embeddable":true,"href":"https:\/\/www.aivp.org\/es\/wp-json\/wp\/v2\/tags?post=120358"},{"taxonomy":"goal","embeddable":true,"href":"https:\/\/www.aivp.org\/es\/wp-json\/wp\/v2\/goal?post=120358"}],"curies":[{"name":"wp","href":"https:\/\/api.w.org\/{rel}","templated":true}]}}