{"id":122447,"date":"2024-06-07T11:47:51","date_gmt":"2024-06-07T09:47:51","guid":{"rendered":"https:\/\/www.aivp.org\/?p=122447"},"modified":"2024-06-12T10:30:23","modified_gmt":"2024-06-12T08:30:23","slug":"ciudad-de-saint-john-y-puerto-de-saint-john-cofirman-la-agenda-2030-de-la-aivp","status":"publish","type":"post","link":"https:\/\/www.aivp.org\/es\/newsroom\/ciudad-de-saint-john-y-puerto-de-saint-john-cofirman-la-agenda-2030-de-la-aivp\/","title":{"rendered":"El ayuntamiento y la autoridad portuaria de Saint John ratifican conjuntamente la Agenda 2030 de la AIVP"},"content":{"rendered":"\n<p class=\"has-text-align-center\">Saint John, Canada &#8211; 6 de junio de 2024<\/p>\n\n\n\n<p>El 6 de junio, durante la edici\u00f3n 2024 de las Jornadas Portuarias, el Ayuntamiento y la Autoridad Portuaria de Saint John (Canad\u00e1) ratificaron conjuntamente la Agenda 2030 de la AIVP, demostrando as\u00ed su cooperaci\u00f3n en pro de una relaci\u00f3n puerto-ciudad sostenible. Ambas instituciones han puesto en marcha diferentes proyectos que fomentan una sana interacci\u00f3n, como el Container Village, operaciones de regeneraci\u00f3n del frente mar\u00edtimo y varios di\u00e1logos con los ciudadanos.<\/p>\n\n\n\n<p><strong>Seg\u00fan el Dr. Jos\u00e9 M P S\u00e1nchez, Director de la Agenda 2030 de la AIVP, la AIVP se enorgullece del claro y firme compromiso del puerto y la ciudad de Saint John con su Agenda 2030.<\/strong><br>\u00abLa AIVP lanz\u00f3 su Agenda 2030 para facilitar este di\u00e1logo entre ciudades y puertos e indicar una hoja de ruta para unas relaciones puerto-ciudad sostenibles, alineadas con los Objetivos de Desarrollo Sostenible de la ONU en el contexto local.\u00a0\u00a0 Estamos muy orgullosos de ver a dos miembros activos de nuestra red, la Ciudad y la Autoridad Portuaria de Saint John, ratificar conjuntamente nuestra Agenda 2030, mostrando su compromiso y dedicaci\u00f3n a una visi\u00f3n hol\u00edstica puerto-ciudad. Estamos impacientes por presenciar los pr\u00f3ximos pasos de esta cooperaci\u00f3n, los nuevos proyectos y di\u00e1logos comunitarios que tendr\u00e1n lugar y que valorizaremos en nuestra red global.\u00bb<\/p>\n\n\n\n<p><strong>Seg\u00fan la alcaldesa de la ciudad de Saint John, Donna Noade Reardon, la ciudad est\u00e1 encantada de anunciar su compromiso con Port Saint John en la Agenda 2030 de la AIVP:<\/strong><br>\u00abEsta iniciativa supone un importante paso adelante en nuestra visi\u00f3n compartida de un futuro sostenible, inclusivo y pr\u00f3spero. Al adoptar estos ambiciosos objetivos, estamos reforzando nuestra resiliencia econ\u00f3mica y medioambiental y mejorando la calidad de vida de todos nuestros residentes. Nuestra colaboraci\u00f3n con Port Saint John es s\u00f3lida y subraya el papel fundamental que desempe\u00f1a nuestro frente mar\u00edtimo en el desarrollo y el futuro de la ciudad. Juntos, nos dedicamos a fomentar la innovaci\u00f3n, proteger nuestros recursos naturales y garantizar que Saint John siga prosperando como una comunidad vibrante, integradora y din\u00e1mica. Esperamos trabajar con nuestros socios y partes interesadas para lograr estos objetivos y construir un futuro mejor para las generaciones venideras.\u00bb<\/p>\n\n\n\n<p><strong>Seg\u00fan el director general de la Autoridad Portuaria de Saint John, Craig Bell Estabrooks, el puerto considera la formalizaci\u00f3n de una s\u00f3lida asociaci\u00f3n ya existente como un simb\u00f3lico paso adelante:<\/strong><br>\u00abLa firma de la Agenda 2030 junto con la ciudad de Saint John subraya nuestro compromiso compartido con la sostenibilidad presente y futura de nuestra ciudad y regi\u00f3n. Comprometernos a colaborar en los objetivos esbozados en la Agenda 2030 garantiza que la calidad de vida en los frentes social, medioambiental y econ\u00f3mico ocupa un lugar central en nuestros debates y son responsabilidades fundamentales que compartimos y en las que creemos firmemente.&nbsp;&nbsp; Esperamos seguir afrontando juntos los retos y buscando nuevas formas de hacer de nuestro frente mar\u00edtimo compartido un entorno din\u00e1mico e integrador para todos los que viven, trabajan y juegan aqu\u00ed.\u00bb<\/p>\n\n\n\n<p><strong>Acerca de Port Saint John<\/strong><\/p>\n\n\n\n<p>La visi\u00f3n de Port Saint John es ser un catalizador del crecimiento, reconocido por nuestro liderazgo comunitario. El puerto de Saint John es el mayor puerto del Atl\u00e1ntico canadiense por tonelaje y tiene una base de carga diversa, que incluye graneles secos y l\u00edquidos, contenedores y cruceros.<br>Para m\u00e1s informaci\u00f3n, visite: https:\/\/www.sjport.com\/ <\/p>\n\n\n\n<p><strong>Acerca de la AIVP<\/strong><\/p>\n\n\n\n<p>La Asociaci\u00f3n Internacional Ciudades y Puertos (Association Internationale Villes et Ports &#8211; AIVP) trabaja para mejorar el di\u00e1logo entre las ciudades portuarias y promover la cooperaci\u00f3n entre las autoridades gubernamentales locales y regionales, las autoridades portuarias, los ciudadanos y los agentes econ\u00f3micos. En la actualidad, casi 200 ciudades portuarias miembros de la AIVP de todo el mundo se han comprometido a situar el di\u00e1logo entre ciudades portuarias en el centro de sus proyectos de desarrollo urbano, portuario y econ\u00f3mico.<br>Dado que las ciudades portuarias est\u00e1n en primera l\u00ednea en lo que respecta a los retos del desarrollo sostenible, la Agenda 2030 de la AIVP proporciona un marco inestimable para probar y desplegar soluciones innovadoras, conservando al mismo tiempo el car\u00e1cter \u00fanico de cada ciudad portuaria.<br>Para m\u00e1s informaci\u00f3n, visite: https:\/\/www.aivp.org\/<\/p>\n\n\n\n<p><strong>Contactos de prensa<\/strong><\/p>\n\n\n\n<p>Becky Knox<br>Especialista en Comunicaci\u00f3n Estrat\u00e9gica, Puerto de Saint John<br>(506) 608-4921 o bknox@sjport.com<\/p>\n\n\n\n<p>Erin White<br>Responsable de Comunicaci\u00f3n, Ciudad de Saint John<br>Erin.White@saintjohn.ca<\/p>\n\n\n\n<p>Annabelle Odi\u00e8vre<br>Responsable de comunicaci\u00f3n, AIVP <br>+33 2 35 42 76 12 o aodievre@aivp.org<\/p>\n\n\n\n<p><\/p>\n\n\n\n<figure class=\"wp-block-image size-large\"><img decoding=\"async\" src=\"https:\/\/www.aivp.org\/wp-content\/uploads\/2024\/06\/Image-1140x715.jpg\" alt=\"\" class=\"wp-image-122427\"\/><\/figure>\n\n\n\n<p>Descargar el comunicado de prensa: <a href=\"https:\/\/www.aivp.org\/wp-content\/uploads\/2024\/06\/Comunicado-de-prensa.pdf\" target=\"_blank\" rel=\"noreferrer noopener\">aqu\u00ed<\/a><\/p>\n","protected":false},"excerpt":{"rendered":"<p>El 6 de junio, durante la edici\u00f3n 2024 de las Jornadas Portuarias, el Ayuntamiento y la Autoridad Portuaria de Saint John (Canad\u00e1) ratificaron conjuntamente la Agenda 2030 de la AIVP, demostrando as\u00ed su cooperaci\u00f3n en pro de una relaci\u00f3n puerto-ciudad sostenible. Ambas instituciones han puesto en marcha diferentes proyectos que fomentan una sana interacci\u00f3n, como el Container Village, operaciones de regeneraci\u00f3n del frente mar\u00edtimo y varios di\u00e1logos con los ciudadanos.<\/p>\n","protected":false},"author":119,"featured_media":0,"comment_status":"closed","ping_status":"closed","sticky":false,"template":"","format":"standard","meta":{"_acf_changed":false,"footnotes":""},"categories":[4856],"tags":[5011,5332],"goal":[],"class_list":["post-122447","post","type-post","status-publish","format-standard","hentry","category-actualites-es","tag-canada-es-2","tag-saint-john-es-2"],"acf":[],"yoast_head":"<!-- This site is optimized with the Yoast SEO plugin v26.8 - https:\/\/yoast.com\/product\/yoast-seo-wordpress\/ -->\n<title>El ayuntamiento y la autoridad portuaria de Saint John ratifican conjuntamente la Agenda 2030 de la AIVP - AIVP<\/title>\n<meta name=\"robots\" content=\"index, follow, max-snippet:-1, max-image-preview:large, max-video-preview:-1\" \/>\n<link rel=\"canonical\" href=\"https:\/\/www.aivp.org\/es\/newsroom\/ciudad-de-saint-john-y-puerto-de-saint-john-cofirman-la-agenda-2030-de-la-aivp\/\" \/>\n<meta property=\"og:locale\" content=\"es_ES\" \/>\n<meta property=\"og:type\" content=\"article\" \/>\n<meta property=\"og:title\" content=\"El ayuntamiento y la autoridad portuaria de Saint John ratifican conjuntamente la Agenda 2030 de la AIVP - AIVP\" \/>\n<meta property=\"og:description\" content=\"El 6 de junio, durante la edici\u00f3n 2024 de las Jornadas Portuarias, el Ayuntamiento y la Autoridad Portuaria de Saint John (Canad\u00e1) ratificaron conjuntamente la Agenda 2030 de la AIVP, demostrando as\u00ed su cooperaci\u00f3n en pro de una relaci\u00f3n puerto-ciudad sostenible. Ambas instituciones han puesto en marcha diferentes proyectos que fomentan una sana interacci\u00f3n, como el Container Village, operaciones de regeneraci\u00f3n del frente mar\u00edtimo y varios di\u00e1logos con los ciudadanos.\" \/>\n<meta property=\"og:url\" content=\"https:\/\/www.aivp.org\/es\/newsroom\/ciudad-de-saint-john-y-puerto-de-saint-john-cofirman-la-agenda-2030-de-la-aivp\/\" \/>\n<meta property=\"og:site_name\" content=\"AIVP\" \/>\n<meta property=\"article:published_time\" content=\"2024-06-07T09:47:51+00:00\" \/>\n<meta property=\"article:modified_time\" content=\"2024-06-12T08:30:23+00:00\" \/>\n<meta property=\"og:image\" content=\"https:\/\/www.aivp.org\/wp-content\/uploads\/2024\/06\/Photo-mise-en-avant-BON-720-x-576-px-3.png\" \/>\n\t<meta property=\"og:image:width\" content=\"720\" \/>\n\t<meta property=\"og:image:height\" content=\"576\" \/>\n\t<meta property=\"og:image:type\" content=\"image\/png\" \/>\n<meta name=\"author\" content=\"Annabelle ODIEVRE\" \/>\n<meta name=\"twitter:card\" content=\"summary_large_image\" \/>\n<meta name=\"twitter:label1\" content=\"Escrito por\" \/>\n\t<meta name=\"twitter:data1\" content=\"Annabelle ODIEVRE\" \/>\n\t<meta name=\"twitter:label2\" content=\"Tiempo de lectura\" \/>\n\t<meta name=\"twitter:data2\" content=\"5 minutos\" \/>\n<script type=\"application\/ld+json\" class=\"yoast-schema-graph\">{\"@context\":\"https:\/\/schema.org\",\"@graph\":[{\"@type\":\"Article\",\"@id\":\"https:\/\/www.aivp.org\/es\/newsroom\/ciudad-de-saint-john-y-puerto-de-saint-john-cofirman-la-agenda-2030-de-la-aivp\/#article\",\"isPartOf\":{\"@id\":\"https:\/\/www.aivp.org\/es\/newsroom\/ciudad-de-saint-john-y-puerto-de-saint-john-cofirman-la-agenda-2030-de-la-aivp\/\"},\"author\":{\"name\":\"Annabelle ODIEVRE\",\"@id\":\"https:\/\/www.aivp.org\/es\/#\/schema\/person\/4c3bfa8c31cc76e9234924366c00ab90\"},\"headline\":\"El ayuntamiento y la autoridad portuaria de Saint John ratifican conjuntamente la Agenda 2030 de la AIVP\",\"datePublished\":\"2024-06-07T09:47:51+00:00\",\"dateModified\":\"2024-06-12T08:30:23+00:00\",\"mainEntityOfPage\":{\"@id\":\"https:\/\/www.aivp.org\/es\/newsroom\/ciudad-de-saint-john-y-puerto-de-saint-john-cofirman-la-agenda-2030-de-la-aivp\/\"},\"wordCount\":793,\"publisher\":{\"@id\":\"https:\/\/www.aivp.org\/es\/#organization\"},\"image\":{\"@id\":\"https:\/\/www.aivp.org\/es\/newsroom\/ciudad-de-saint-john-y-puerto-de-saint-john-cofirman-la-agenda-2030-de-la-aivp\/#primaryimage\"},\"thumbnailUrl\":\"https:\/\/www.aivp.org\/wp-content\/uploads\/2024\/06\/Image-1140x715.jpg\",\"keywords\":[\"Canada\",\"Saint John\"],\"articleSection\":[\"Noticias\"],\"inLanguage\":\"es\"},{\"@type\":\"WebPage\",\"@id\":\"https:\/\/www.aivp.org\/es\/newsroom\/ciudad-de-saint-john-y-puerto-de-saint-john-cofirman-la-agenda-2030-de-la-aivp\/\",\"url\":\"https:\/\/www.aivp.org\/es\/newsroom\/ciudad-de-saint-john-y-puerto-de-saint-john-cofirman-la-agenda-2030-de-la-aivp\/\",\"name\":\"El ayuntamiento y la autoridad portuaria de Saint John ratifican conjuntamente la Agenda 2030 de la AIVP - AIVP\",\"isPartOf\":{\"@id\":\"https:\/\/www.aivp.org\/es\/#website\"},\"primaryImageOfPage\":{\"@id\":\"https:\/\/www.aivp.org\/es\/newsroom\/ciudad-de-saint-john-y-puerto-de-saint-john-cofirman-la-agenda-2030-de-la-aivp\/#primaryimage\"},\"image\":{\"@id\":\"https:\/\/www.aivp.org\/es\/newsroom\/ciudad-de-saint-john-y-puerto-de-saint-john-cofirman-la-agenda-2030-de-la-aivp\/#primaryimage\"},\"thumbnailUrl\":\"https:\/\/www.aivp.org\/wp-content\/uploads\/2024\/06\/Image-1140x715.jpg\",\"datePublished\":\"2024-06-07T09:47:51+00:00\",\"dateModified\":\"2024-06-12T08:30:23+00:00\",\"breadcrumb\":{\"@id\":\"https:\/\/www.aivp.org\/es\/newsroom\/ciudad-de-saint-john-y-puerto-de-saint-john-cofirman-la-agenda-2030-de-la-aivp\/#breadcrumb\"},\"inLanguage\":\"es\",\"potentialAction\":[{\"@type\":\"ReadAction\",\"target\":[\"https:\/\/www.aivp.org\/es\/newsroom\/ciudad-de-saint-john-y-puerto-de-saint-john-cofirman-la-agenda-2030-de-la-aivp\/\"]}]},{\"@type\":\"ImageObject\",\"inLanguage\":\"es\",\"@id\":\"https:\/\/www.aivp.org\/es\/newsroom\/ciudad-de-saint-john-y-puerto-de-saint-john-cofirman-la-agenda-2030-de-la-aivp\/#primaryimage\",\"url\":\"https:\/\/www.aivp.org\/wp-content\/uploads\/2024\/06\/Image-1140x715.jpg\",\"contentUrl\":\"https:\/\/www.aivp.org\/wp-content\/uploads\/2024\/06\/Image-1140x715.jpg\"},{\"@type\":\"BreadcrumbList\",\"@id\":\"https:\/\/www.aivp.org\/es\/newsroom\/ciudad-de-saint-john-y-puerto-de-saint-john-cofirman-la-agenda-2030-de-la-aivp\/#breadcrumb\",\"itemListElement\":[{\"@type\":\"ListItem\",\"position\":1,\"name\":\"Home\",\"item\":\"https:\/\/www.aivp.org\/es\/\"},{\"@type\":\"ListItem\",\"position\":2,\"name\":\"El ayuntamiento y la autoridad portuaria de Saint John ratifican conjuntamente la Agenda 2030 de la AIVP\"}]},{\"@type\":\"WebSite\",\"@id\":\"https:\/\/www.aivp.org\/es\/#website\",\"url\":\"https:\/\/www.aivp.org\/es\/\",\"name\":\"AIVP\",\"description\":\"Inspiring people of port cities\",\"publisher\":{\"@id\":\"https:\/\/www.aivp.org\/es\/#organization\"},\"potentialAction\":[{\"@type\":\"SearchAction\",\"target\":{\"@type\":\"EntryPoint\",\"urlTemplate\":\"https:\/\/www.aivp.org\/es\/?s={search_term_string}\"},\"query-input\":{\"@type\":\"PropertyValueSpecification\",\"valueRequired\":true,\"valueName\":\"search_term_string\"}}],\"inLanguage\":\"es\"},{\"@type\":\"Organization\",\"@id\":\"https:\/\/www.aivp.org\/es\/#organization\",\"name\":\"AIVP\",\"url\":\"https:\/\/www.aivp.org\/es\/\",\"logo\":{\"@type\":\"ImageObject\",\"inLanguage\":\"es\",\"@id\":\"https:\/\/www.aivp.org\/es\/#\/schema\/logo\/image\/\",\"url\":\"https:\/\/www.aivp.org\/wp-content\/uploads\/2020\/07\/cropped-favicon.png\",\"contentUrl\":\"https:\/\/www.aivp.org\/wp-content\/uploads\/2020\/07\/cropped-favicon.png\",\"width\":512,\"height\":512,\"caption\":\"AIVP\"},\"image\":{\"@id\":\"https:\/\/www.aivp.org\/es\/#\/schema\/logo\/image\/\"}},{\"@type\":\"Person\",\"@id\":\"https:\/\/www.aivp.org\/es\/#\/schema\/person\/4c3bfa8c31cc76e9234924366c00ab90\",\"name\":\"Annabelle ODIEVRE\",\"image\":{\"@type\":\"ImageObject\",\"inLanguage\":\"es\",\"@id\":\"https:\/\/www.aivp.org\/es\/#\/schema\/person\/image\/\",\"url\":\"https:\/\/secure.gravatar.com\/avatar\/a4b8d446b465afb53045c6aed55b88b6?s=96&d=mm&r=g\",\"contentUrl\":\"https:\/\/secure.gravatar.com\/avatar\/a4b8d446b465afb53045c6aed55b88b6?s=96&d=mm&r=g\",\"caption\":\"Annabelle ODIEVRE\"},\"url\":\"https:\/\/www.aivp.org\/es\/newsroom\/author\/aodievreaivp-org\/\"}]}<\/script>\n<!-- \/ Yoast SEO plugin. -->","yoast_head_json":{"title":"El ayuntamiento y la autoridad portuaria de Saint John ratifican conjuntamente la Agenda 2030 de la AIVP - AIVP","robots":{"index":"index","follow":"follow","max-snippet":"max-snippet:-1","max-image-preview":"max-image-preview:large","max-video-preview":"max-video-preview:-1"},"canonical":"https:\/\/www.aivp.org\/es\/newsroom\/ciudad-de-saint-john-y-puerto-de-saint-john-cofirman-la-agenda-2030-de-la-aivp\/","og_locale":"es_ES","og_type":"article","og_title":"El ayuntamiento y la autoridad portuaria de Saint John ratifican conjuntamente la Agenda 2030 de la AIVP - AIVP","og_description":"El 6 de junio, durante la edici\u00f3n 2024 de las Jornadas Portuarias, el Ayuntamiento y la Autoridad Portuaria de Saint John (Canad\u00e1) ratificaron conjuntamente la Agenda 2030 de la AIVP, demostrando as\u00ed su cooperaci\u00f3n en pro de una relaci\u00f3n puerto-ciudad sostenible. Ambas instituciones han puesto en marcha diferentes proyectos que fomentan una sana interacci\u00f3n, como el Container Village, operaciones de regeneraci\u00f3n del frente mar\u00edtimo y varios di\u00e1logos con los ciudadanos.","og_url":"https:\/\/www.aivp.org\/es\/newsroom\/ciudad-de-saint-john-y-puerto-de-saint-john-cofirman-la-agenda-2030-de-la-aivp\/","og_site_name":"AIVP","article_published_time":"2024-06-07T09:47:51+00:00","article_modified_time":"2024-06-12T08:30:23+00:00","og_image":[{"width":720,"height":576,"url":"https:\/\/www.aivp.org\/wp-content\/uploads\/2024\/06\/Photo-mise-en-avant-BON-720-x-576-px-3.png","type":"image\/png"}],"author":"Annabelle ODIEVRE","twitter_card":"summary_large_image","twitter_misc":{"Escrito por":"Annabelle ODIEVRE","Tiempo de lectura":"5 minutos"},"schema":{"@context":"https:\/\/schema.org","@graph":[{"@type":"Article","@id":"https:\/\/www.aivp.org\/es\/newsroom\/ciudad-de-saint-john-y-puerto-de-saint-john-cofirman-la-agenda-2030-de-la-aivp\/#article","isPartOf":{"@id":"https:\/\/www.aivp.org\/es\/newsroom\/ciudad-de-saint-john-y-puerto-de-saint-john-cofirman-la-agenda-2030-de-la-aivp\/"},"author":{"name":"Annabelle ODIEVRE","@id":"https:\/\/www.aivp.org\/es\/#\/schema\/person\/4c3bfa8c31cc76e9234924366c00ab90"},"headline":"El ayuntamiento y la autoridad portuaria de Saint John ratifican conjuntamente la Agenda 2030 de la AIVP","datePublished":"2024-06-07T09:47:51+00:00","dateModified":"2024-06-12T08:30:23+00:00","mainEntityOfPage":{"@id":"https:\/\/www.aivp.org\/es\/newsroom\/ciudad-de-saint-john-y-puerto-de-saint-john-cofirman-la-agenda-2030-de-la-aivp\/"},"wordCount":793,"publisher":{"@id":"https:\/\/www.aivp.org\/es\/#organization"},"image":{"@id":"https:\/\/www.aivp.org\/es\/newsroom\/ciudad-de-saint-john-y-puerto-de-saint-john-cofirman-la-agenda-2030-de-la-aivp\/#primaryimage"},"thumbnailUrl":"https:\/\/www.aivp.org\/wp-content\/uploads\/2024\/06\/Image-1140x715.jpg","keywords":["Canada","Saint John"],"articleSection":["Noticias"],"inLanguage":"es"},{"@type":"WebPage","@id":"https:\/\/www.aivp.org\/es\/newsroom\/ciudad-de-saint-john-y-puerto-de-saint-john-cofirman-la-agenda-2030-de-la-aivp\/","url":"https:\/\/www.aivp.org\/es\/newsroom\/ciudad-de-saint-john-y-puerto-de-saint-john-cofirman-la-agenda-2030-de-la-aivp\/","name":"El ayuntamiento y la autoridad portuaria de Saint John ratifican conjuntamente la Agenda 2030 de la AIVP - AIVP","isPartOf":{"@id":"https:\/\/www.aivp.org\/es\/#website"},"primaryImageOfPage":{"@id":"https:\/\/www.aivp.org\/es\/newsroom\/ciudad-de-saint-john-y-puerto-de-saint-john-cofirman-la-agenda-2030-de-la-aivp\/#primaryimage"},"image":{"@id":"https:\/\/www.aivp.org\/es\/newsroom\/ciudad-de-saint-john-y-puerto-de-saint-john-cofirman-la-agenda-2030-de-la-aivp\/#primaryimage"},"thumbnailUrl":"https:\/\/www.aivp.org\/wp-content\/uploads\/2024\/06\/Image-1140x715.jpg","datePublished":"2024-06-07T09:47:51+00:00","dateModified":"2024-06-12T08:30:23+00:00","breadcrumb":{"@id":"https:\/\/www.aivp.org\/es\/newsroom\/ciudad-de-saint-john-y-puerto-de-saint-john-cofirman-la-agenda-2030-de-la-aivp\/#breadcrumb"},"inLanguage":"es","potentialAction":[{"@type":"ReadAction","target":["https:\/\/www.aivp.org\/es\/newsroom\/ciudad-de-saint-john-y-puerto-de-saint-john-cofirman-la-agenda-2030-de-la-aivp\/"]}]},{"@type":"ImageObject","inLanguage":"es","@id":"https:\/\/www.aivp.org\/es\/newsroom\/ciudad-de-saint-john-y-puerto-de-saint-john-cofirman-la-agenda-2030-de-la-aivp\/#primaryimage","url":"https:\/\/www.aivp.org\/wp-content\/uploads\/2024\/06\/Image-1140x715.jpg","contentUrl":"https:\/\/www.aivp.org\/wp-content\/uploads\/2024\/06\/Image-1140x715.jpg"},{"@type":"BreadcrumbList","@id":"https:\/\/www.aivp.org\/es\/newsroom\/ciudad-de-saint-john-y-puerto-de-saint-john-cofirman-la-agenda-2030-de-la-aivp\/#breadcrumb","itemListElement":[{"@type":"ListItem","position":1,"name":"Home","item":"https:\/\/www.aivp.org\/es\/"},{"@type":"ListItem","position":2,"name":"El ayuntamiento y la autoridad portuaria de Saint John ratifican conjuntamente la Agenda 2030 de la AIVP"}]},{"@type":"WebSite","@id":"https:\/\/www.aivp.org\/es\/#website","url":"https:\/\/www.aivp.org\/es\/","name":"AIVP","description":"Inspiring people of port cities","publisher":{"@id":"https:\/\/www.aivp.org\/es\/#organization"},"potentialAction":[{"@type":"SearchAction","target":{"@type":"EntryPoint","urlTemplate":"https:\/\/www.aivp.org\/es\/?s={search_term_string}"},"query-input":{"@type":"PropertyValueSpecification","valueRequired":true,"valueName":"search_term_string"}}],"inLanguage":"es"},{"@type":"Organization","@id":"https:\/\/www.aivp.org\/es\/#organization","name":"AIVP","url":"https:\/\/www.aivp.org\/es\/","logo":{"@type":"ImageObject","inLanguage":"es","@id":"https:\/\/www.aivp.org\/es\/#\/schema\/logo\/image\/","url":"https:\/\/www.aivp.org\/wp-content\/uploads\/2020\/07\/cropped-favicon.png","contentUrl":"https:\/\/www.aivp.org\/wp-content\/uploads\/2020\/07\/cropped-favicon.png","width":512,"height":512,"caption":"AIVP"},"image":{"@id":"https:\/\/www.aivp.org\/es\/#\/schema\/logo\/image\/"}},{"@type":"Person","@id":"https:\/\/www.aivp.org\/es\/#\/schema\/person\/4c3bfa8c31cc76e9234924366c00ab90","name":"Annabelle ODIEVRE","image":{"@type":"ImageObject","inLanguage":"es","@id":"https:\/\/www.aivp.org\/es\/#\/schema\/person\/image\/","url":"https:\/\/secure.gravatar.com\/avatar\/a4b8d446b465afb53045c6aed55b88b6?s=96&d=mm&r=g","contentUrl":"https:\/\/secure.gravatar.com\/avatar\/a4b8d446b465afb53045c6aed55b88b6?s=96&d=mm&r=g","caption":"Annabelle ODIEVRE"},"url":"https:\/\/www.aivp.org\/es\/newsroom\/author\/aodievreaivp-org\/"}]}},"_links":{"self":[{"href":"https:\/\/www.aivp.org\/es\/wp-json\/wp\/v2\/posts\/122447","targetHints":{"allow":["GET"]}}],"collection":[{"href":"https:\/\/www.aivp.org\/es\/wp-json\/wp\/v2\/posts"}],"about":[{"href":"https:\/\/www.aivp.org\/es\/wp-json\/wp\/v2\/types\/post"}],"author":[{"embeddable":true,"href":"https:\/\/www.aivp.org\/es\/wp-json\/wp\/v2\/users\/119"}],"replies":[{"embeddable":true,"href":"https:\/\/www.aivp.org\/es\/wp-json\/wp\/v2\/comments?post=122447"}],"version-history":[{"count":2,"href":"https:\/\/www.aivp.org\/es\/wp-json\/wp\/v2\/posts\/122447\/revisions"}],"predecessor-version":[{"id":122673,"href":"https:\/\/www.aivp.org\/es\/wp-json\/wp\/v2\/posts\/122447\/revisions\/122673"}],"wp:attachment":[{"href":"https:\/\/www.aivp.org\/es\/wp-json\/wp\/v2\/media?parent=122447"}],"wp:term":[{"taxonomy":"category","embeddable":true,"href":"https:\/\/www.aivp.org\/es\/wp-json\/wp\/v2\/categories?post=122447"},{"taxonomy":"post_tag","embeddable":true,"href":"https:\/\/www.aivp.org\/es\/wp-json\/wp\/v2\/tags?post=122447"},{"taxonomy":"goal","embeddable":true,"href":"https:\/\/www.aivp.org\/es\/wp-json\/wp\/v2\/goal?post=122447"}],"curies":[{"name":"wp","href":"https:\/\/api.w.org\/{rel}","templated":true}]}}