{"id":123262,"date":"2024-06-24T14:10:54","date_gmt":"2024-06-24T12:10:54","guid":{"rendered":"https:\/\/www.aivp.org\/newsroom\/lancement-du-groupe-de-travail-villes-portuaires-fluviales\/"},"modified":"2025-05-27T11:24:19","modified_gmt":"2025-05-27T09:24:19","slug":"lancement-du-groupe-de-travail-villes-portuaires-fluviales","status":"publish","type":"post","link":"https:\/\/www.aivp.org\/es\/newsroom\/lancement-du-groupe-de-travail-villes-portuaires-fluviales\/","title":{"rendered":"Lanzamiento del grupo de trabajo \u00abCiudades portuarias fluviales\u00bb"},"content":{"rendered":"\n<p>Los d\u00edas 18 y 19 de junio, el Puerto Aut\u00f3nomo de Estrasburgo (Francia) acogi\u00f3 la primera reuni\u00f3n del grupo de trabajo \u00abCiudades portuarias fluviales\u00bb de la AIVP. Dirigido por Bruno Delsalle, Director General, y No\u00e9mi Men\u00e9, Jefa de Proyecto responsable del grupo de trabajo, el grupo reuni\u00f3 a una quincena de personas para identificar los retos espec\u00edficos a los que se enfrentan las ciudades portuarias fluviales y comenzar a explorar posibles soluciones.<\/p>\n\n\n\n<p>En la primera jornada, las presentaciones de los asistentes fueron seguidas de un animado intercambio de puntos de vista, que puso de manifiesto las cuestiones compartidas por los participantes a pesar de la diversidad de los contextos locales. El Puerto de Estrasburgo present\u00f3 su plan estrat\u00e9gico, invitando a los puertos a ser una fuerza propositiva en la composici\u00f3n de la relaci\u00f3n ciudad-puerto, llegando incluso a hablar de invertir la perspectiva y hablar de una relaci\u00f3n puerto-ciudad. La Compagnie Nationale du Rh\u00f4ne (CNR, Francia) present\u00f3 al Puerto de Lyon los retos de la gobernanza y la carta de asociaci\u00f3n. HAROPA (Francia) pudo compartir sus interrogantes sobre las especificidades de la gesti\u00f3n de su tramo fluvial.<\/p>\n\n\n\n<p>Por la tarde, la ciudad de Par\u00eds present\u00f3 sus retos en materia de uso compartido de muelles y v\u00edas navegables, con la cuesti\u00f3n cada vez m\u00e1s relevante del ba\u00f1o en la ciudad.<\/p>\n\n\n\n<p>Al final de la jornada, los participantes pudieron visitar la Terminal Norte, observar las maniobras de las gr\u00faas p\u00f3rtico y descubrir la Capitainerie, la zona destinada a Centro Portuario.<\/p>\n\n\n\n<p>El 19 de junio por la ma\u00f1ana, los miembros del grupo embarcaron en un barco de Batorama, filial del PAS, para realizar una excursi\u00f3n de dos horas desde el centro de la ciudad hasta el Rin, yendo de la Terminal Sur a la Terminal Norte.<\/p>\n\n\n\n<p>Tras esta visita t\u00e9cnica, los participantes se volvieron, con la cabeza llena de ideas.<\/p>\n\n\n\n<p>En los pr\u00f3ximos meses, la AIVP elaborar\u00e1 una hoja de ruta para este grupo, resumiendo los intercambios de las dos jornadas para orientar los trabajos futuros. La idea es establecer intercambios virtuales regulares, as\u00ed como una reuni\u00f3n f\u00edsica al a\u00f1o. Algunos puertos tambi\u00e9n han manifestado su inter\u00e9s por utilizar la herramienta de autodiagn\u00f3stico de la Agenda 2030 de la AIVP, que pronto estar\u00e1 disponible para los puertos fluviales.<\/p>\n\n\n\n<p>Gracias una vez m\u00e1s al Puerto de Estrasburgo por su cordial acogida y a nuestros miembros por su compromiso!<\/p>\n\n\n<div class=\"block galerie-photo article py-5 position-relative\"  id=\"block_b8fb684816b0685038bc2d333ce1ad18\">\n\n\t<div class=\"position-relative\">\n\n        \n        <div class=\"grid-galerie-photo row mx-0\">\n            <div class=\"grid-sizer\"><\/div>\n            <div class=\"gutter-sizer\"><\/div>\n\n            \n                    <a class=\"grid-galerie-photo-item\" href=\"https:\/\/www.aivp.org\/wp-content\/uploads\/2024\/06\/IMG-20240619-WA0004.jpg\" data-fancybox=\"galerie-photo-block_b8fb684816b0685038bc2d333ce1ad18\" data-caption=\"\">\n                        <img loading=\"lazy\" decoding=\"async\" width=\"360\" height=\"270\" src=\"https:\/\/www.aivp.org\/wp-content\/uploads\/2024\/06\/IMG-20240619-WA0004-360x270.jpg\" class=\"img-fluid mb-2 anime-in-view\" alt=\"\" srcset=\"https:\/\/www.aivp.org\/wp-content\/uploads\/2024\/06\/IMG-20240619-WA0004-360x270.jpg 360w, https:\/\/www.aivp.org\/wp-content\/uploads\/2024\/06\/IMG-20240619-WA0004-690x518.jpg 690w, https:\/\/www.aivp.org\/wp-content\/uploads\/2024\/06\/IMG-20240619-WA0004-1140x855.jpg 1140w, https:\/\/www.aivp.org\/wp-content\/uploads\/2024\/06\/IMG-20240619-WA0004-768x576.jpg 768w, https:\/\/www.aivp.org\/wp-content\/uploads\/2024\/06\/IMG-20240619-WA0004-1536x1152.jpg 1536w, https:\/\/www.aivp.org\/wp-content\/uploads\/2024\/06\/IMG-20240619-WA0004-255x191.jpg 255w, https:\/\/www.aivp.org\/wp-content\/uploads\/2024\/06\/IMG-20240619-WA0004-171x128.jpg 171w, https:\/\/www.aivp.org\/wp-content\/uploads\/2024\/06\/IMG-20240619-WA0004-548x411.jpg 548w, https:\/\/www.aivp.org\/wp-content\/uploads\/2024\/06\/IMG-20240619-WA0004.jpg 1600w\" sizes=\"auto, (max-width: 360px) 100vw, 360px\" \/>                    <\/a>\n                \n                    <a class=\"grid-galerie-photo-item\" href=\"https:\/\/www.aivp.org\/wp-content\/uploads\/2024\/06\/IMG-20240619-WA0007.jpg\" data-fancybox=\"galerie-photo-block_b8fb684816b0685038bc2d333ce1ad18\" data-caption=\"\">\n                        <img loading=\"lazy\" decoding=\"async\" width=\"360\" height=\"270\" src=\"https:\/\/www.aivp.org\/wp-content\/uploads\/2024\/06\/IMG-20240619-WA0007-360x270.jpg\" class=\"img-fluid mb-2 anime-in-view\" alt=\"\" srcset=\"https:\/\/www.aivp.org\/wp-content\/uploads\/2024\/06\/IMG-20240619-WA0007-360x270.jpg 360w, https:\/\/www.aivp.org\/wp-content\/uploads\/2024\/06\/IMG-20240619-WA0007-690x518.jpg 690w, https:\/\/www.aivp.org\/wp-content\/uploads\/2024\/06\/IMG-20240619-WA0007-1140x855.jpg 1140w, https:\/\/www.aivp.org\/wp-content\/uploads\/2024\/06\/IMG-20240619-WA0007-768x576.jpg 768w, https:\/\/www.aivp.org\/wp-content\/uploads\/2024\/06\/IMG-20240619-WA0007-1536x1152.jpg 1536w, https:\/\/www.aivp.org\/wp-content\/uploads\/2024\/06\/IMG-20240619-WA0007-255x191.jpg 255w, https:\/\/www.aivp.org\/wp-content\/uploads\/2024\/06\/IMG-20240619-WA0007-171x128.jpg 171w, https:\/\/www.aivp.org\/wp-content\/uploads\/2024\/06\/IMG-20240619-WA0007-548x411.jpg 548w, https:\/\/www.aivp.org\/wp-content\/uploads\/2024\/06\/IMG-20240619-WA0007.jpg 1600w\" sizes=\"auto, (max-width: 360px) 100vw, 360px\" \/>                    <\/a>\n                \n                    <a class=\"grid-galerie-photo-item\" href=\"https:\/\/www.aivp.org\/wp-content\/uploads\/2024\/06\/IMG-20240619-WA0012.jpg\" data-fancybox=\"galerie-photo-block_b8fb684816b0685038bc2d333ce1ad18\" data-caption=\"\">\n                        <img loading=\"lazy\" decoding=\"async\" width=\"360\" height=\"270\" src=\"https:\/\/www.aivp.org\/wp-content\/uploads\/2024\/06\/IMG-20240619-WA0012-360x270.jpg\" class=\"img-fluid mb-2 anime-in-view\" alt=\"\" srcset=\"https:\/\/www.aivp.org\/wp-content\/uploads\/2024\/06\/IMG-20240619-WA0012-360x270.jpg 360w, https:\/\/www.aivp.org\/wp-content\/uploads\/2024\/06\/IMG-20240619-WA0012-690x518.jpg 690w, https:\/\/www.aivp.org\/wp-content\/uploads\/2024\/06\/IMG-20240619-WA0012-1140x855.jpg 1140w, https:\/\/www.aivp.org\/wp-content\/uploads\/2024\/06\/IMG-20240619-WA0012-768x576.jpg 768w, https:\/\/www.aivp.org\/wp-content\/uploads\/2024\/06\/IMG-20240619-WA0012-1536x1152.jpg 1536w, https:\/\/www.aivp.org\/wp-content\/uploads\/2024\/06\/IMG-20240619-WA0012-255x191.jpg 255w, https:\/\/www.aivp.org\/wp-content\/uploads\/2024\/06\/IMG-20240619-WA0012-171x128.jpg 171w, https:\/\/www.aivp.org\/wp-content\/uploads\/2024\/06\/IMG-20240619-WA0012-548x411.jpg 548w, https:\/\/www.aivp.org\/wp-content\/uploads\/2024\/06\/IMG-20240619-WA0012.jpg 1600w\" sizes=\"auto, (max-width: 360px) 100vw, 360px\" \/>                    <\/a>\n                \n                    <a class=\"grid-galerie-photo-item\" href=\"https:\/\/www.aivp.org\/wp-content\/uploads\/2024\/06\/IMG-20240619-WA0010-1.jpg\" data-fancybox=\"galerie-photo-block_b8fb684816b0685038bc2d333ce1ad18\" data-caption=\"\">\n                        <img loading=\"lazy\" decoding=\"async\" width=\"360\" height=\"270\" src=\"https:\/\/www.aivp.org\/wp-content\/uploads\/2024\/06\/IMG-20240619-WA0010-1-360x270.jpg\" class=\"img-fluid mb-2 anime-in-view\" alt=\"\" srcset=\"https:\/\/www.aivp.org\/wp-content\/uploads\/2024\/06\/IMG-20240619-WA0010-1-360x270.jpg 360w, https:\/\/www.aivp.org\/wp-content\/uploads\/2024\/06\/IMG-20240619-WA0010-1-690x518.jpg 690w, https:\/\/www.aivp.org\/wp-content\/uploads\/2024\/06\/IMG-20240619-WA0010-1-1140x855.jpg 1140w, https:\/\/www.aivp.org\/wp-content\/uploads\/2024\/06\/IMG-20240619-WA0010-1-768x576.jpg 768w, https:\/\/www.aivp.org\/wp-content\/uploads\/2024\/06\/IMG-20240619-WA0010-1-1536x1152.jpg 1536w, https:\/\/www.aivp.org\/wp-content\/uploads\/2024\/06\/IMG-20240619-WA0010-1-255x191.jpg 255w, https:\/\/www.aivp.org\/wp-content\/uploads\/2024\/06\/IMG-20240619-WA0010-1-171x128.jpg 171w, https:\/\/www.aivp.org\/wp-content\/uploads\/2024\/06\/IMG-20240619-WA0010-1-548x411.jpg 548w, https:\/\/www.aivp.org\/wp-content\/uploads\/2024\/06\/IMG-20240619-WA0010-1.jpg 1600w\" sizes=\"auto, (max-width: 360px) 100vw, 360px\" \/>                    <\/a>\n                        <\/div>\n        \n\t<\/div>\n\n<\/div>","protected":false},"excerpt":{"rendered":"<p>Los d\u00edas 18 y 19 de junio, el Puerto Aut\u00f3nomo de Estrasburgo acogi\u00f3 la primera reuni\u00f3n del grupo de trabajo \u00abCiudades portuarias fluviales\u00bb de la AIVP. Dirigido por Bruno Delsalle, Director General, y No\u00e9mi Men\u00e9, Jefe de Proyecto responsable del grupo de trabajo, el grupo reuni\u00f3 a una quincena de personas para identificar los retos espec\u00edficos a los que se enfrentan las ciudades portuarias fluviales y comenzar a explorar posibles soluciones.<\/p>\n","protected":false},"author":246,"featured_media":139395,"comment_status":"closed","ping_status":"closed","sticky":false,"template":"","format":"standard","meta":{"_acf_changed":false,"footnotes":""},"categories":[4856],"tags":[5317,5500],"goal":[],"class_list":["post-123262","post","type-post","status-publish","format-standard","has-post-thumbnail","hentry","category-actualites-es","tag-france-es","tag-strasbourg-es"],"acf":[],"yoast_head":"<!-- This site is optimized with the Yoast SEO plugin v26.8 - https:\/\/yoast.com\/product\/yoast-seo-wordpress\/ -->\n<title>Lanzamiento del grupo de trabajo &quot;Ciudades portuarias fluviales&quot; - AIVP<\/title>\n<meta name=\"robots\" content=\"index, follow, max-snippet:-1, max-image-preview:large, max-video-preview:-1\" \/>\n<link rel=\"canonical\" href=\"https:\/\/www.aivp.org\/es\/newsroom\/lancement-du-groupe-de-travail-villes-portuaires-fluviales\/\" \/>\n<meta property=\"og:locale\" content=\"es_ES\" \/>\n<meta property=\"og:type\" content=\"article\" \/>\n<meta property=\"og:title\" content=\"Lanzamiento del grupo de trabajo &quot;Ciudades portuarias fluviales&quot; - AIVP\" \/>\n<meta property=\"og:description\" content=\"Los d\u00edas 18 y 19 de junio, el Puerto Aut\u00f3nomo de Estrasburgo acogi\u00f3 la primera reuni\u00f3n del grupo de trabajo &quot;Ciudades portuarias fluviales&quot; de la AIVP. Dirigido por Bruno Delsalle, Director General, y No\u00e9mi Men\u00e9, Jefe de Proyecto responsable del grupo de trabajo, el grupo reuni\u00f3 a una quincena de personas para identificar los retos espec\u00edficos a los que se enfrentan las ciudades portuarias fluviales y comenzar a explorar posibles soluciones.\" \/>\n<meta property=\"og:url\" content=\"https:\/\/www.aivp.org\/es\/newsroom\/lancement-du-groupe-de-travail-villes-portuaires-fluviales\/\" \/>\n<meta property=\"og:site_name\" content=\"AIVP\" \/>\n<meta property=\"article:published_time\" content=\"2024-06-24T12:10:54+00:00\" \/>\n<meta property=\"article:modified_time\" content=\"2025-05-27T09:24:19+00:00\" \/>\n<meta property=\"og:image\" content=\"https:\/\/www.aivp.org\/wp-content\/uploads\/2024\/06\/gb-11.jpg\" \/>\n\t<meta property=\"og:image:width\" content=\"720\" \/>\n\t<meta property=\"og:image:height\" content=\"576\" \/>\n\t<meta property=\"og:image:type\" content=\"image\/jpeg\" \/>\n<meta name=\"author\" content=\"No\u00e9mi MENE\" \/>\n<meta name=\"twitter:card\" content=\"summary_large_image\" \/>\n<meta name=\"twitter:label1\" content=\"Escrito por\" \/>\n\t<meta name=\"twitter:data1\" content=\"No\u00e9mi MENE\" \/>\n\t<meta name=\"twitter:label2\" content=\"Tiempo de lectura\" \/>\n\t<meta name=\"twitter:data2\" content=\"3 minutos\" \/>\n<script type=\"application\/ld+json\" class=\"yoast-schema-graph\">{\"@context\":\"https:\/\/schema.org\",\"@graph\":[{\"@type\":\"Article\",\"@id\":\"https:\/\/www.aivp.org\/es\/newsroom\/lancement-du-groupe-de-travail-villes-portuaires-fluviales\/#article\",\"isPartOf\":{\"@id\":\"https:\/\/www.aivp.org\/es\/newsroom\/lancement-du-groupe-de-travail-villes-portuaires-fluviales\/\"},\"author\":{\"name\":\"No\u00e9mi MENE\",\"@id\":\"https:\/\/www.aivp.org\/es\/#\/schema\/person\/ea7f9da9fd389be883f67e5651063c2b\"},\"headline\":\"Lanzamiento del grupo de trabajo \u00abCiudades portuarias fluviales\u00bb\",\"datePublished\":\"2024-06-24T12:10:54+00:00\",\"dateModified\":\"2025-05-27T09:24:19+00:00\",\"mainEntityOfPage\":{\"@id\":\"https:\/\/www.aivp.org\/es\/newsroom\/lancement-du-groupe-de-travail-villes-portuaires-fluviales\/\"},\"wordCount\":427,\"publisher\":{\"@id\":\"https:\/\/www.aivp.org\/es\/#organization\"},\"image\":{\"@id\":\"https:\/\/www.aivp.org\/es\/newsroom\/lancement-du-groupe-de-travail-villes-portuaires-fluviales\/#primaryimage\"},\"thumbnailUrl\":\"https:\/\/www.aivp.org\/wp-content\/uploads\/2024\/06\/gb-11.jpg\",\"keywords\":[\"Francia\",\"Strasbourg\"],\"articleSection\":[\"Noticias\"],\"inLanguage\":\"es\"},{\"@type\":\"WebPage\",\"@id\":\"https:\/\/www.aivp.org\/es\/newsroom\/lancement-du-groupe-de-travail-villes-portuaires-fluviales\/\",\"url\":\"https:\/\/www.aivp.org\/es\/newsroom\/lancement-du-groupe-de-travail-villes-portuaires-fluviales\/\",\"name\":\"Lanzamiento del grupo de trabajo \\\"Ciudades portuarias fluviales\\\" - AIVP\",\"isPartOf\":{\"@id\":\"https:\/\/www.aivp.org\/es\/#website\"},\"primaryImageOfPage\":{\"@id\":\"https:\/\/www.aivp.org\/es\/newsroom\/lancement-du-groupe-de-travail-villes-portuaires-fluviales\/#primaryimage\"},\"image\":{\"@id\":\"https:\/\/www.aivp.org\/es\/newsroom\/lancement-du-groupe-de-travail-villes-portuaires-fluviales\/#primaryimage\"},\"thumbnailUrl\":\"https:\/\/www.aivp.org\/wp-content\/uploads\/2024\/06\/gb-11.jpg\",\"datePublished\":\"2024-06-24T12:10:54+00:00\",\"dateModified\":\"2025-05-27T09:24:19+00:00\",\"breadcrumb\":{\"@id\":\"https:\/\/www.aivp.org\/es\/newsroom\/lancement-du-groupe-de-travail-villes-portuaires-fluviales\/#breadcrumb\"},\"inLanguage\":\"es\",\"potentialAction\":[{\"@type\":\"ReadAction\",\"target\":[\"https:\/\/www.aivp.org\/es\/newsroom\/lancement-du-groupe-de-travail-villes-portuaires-fluviales\/\"]}]},{\"@type\":\"ImageObject\",\"inLanguage\":\"es\",\"@id\":\"https:\/\/www.aivp.org\/es\/newsroom\/lancement-du-groupe-de-travail-villes-portuaires-fluviales\/#primaryimage\",\"url\":\"https:\/\/www.aivp.org\/wp-content\/uploads\/2024\/06\/gb-11.jpg\",\"contentUrl\":\"https:\/\/www.aivp.org\/wp-content\/uploads\/2024\/06\/gb-11.jpg\",\"width\":720,\"height\":576},{\"@type\":\"BreadcrumbList\",\"@id\":\"https:\/\/www.aivp.org\/es\/newsroom\/lancement-du-groupe-de-travail-villes-portuaires-fluviales\/#breadcrumb\",\"itemListElement\":[{\"@type\":\"ListItem\",\"position\":1,\"name\":\"Home\",\"item\":\"https:\/\/www.aivp.org\/es\/\"},{\"@type\":\"ListItem\",\"position\":2,\"name\":\"Lanzamiento del grupo de trabajo \u00abCiudades portuarias fluviales\u00bb\"}]},{\"@type\":\"WebSite\",\"@id\":\"https:\/\/www.aivp.org\/es\/#website\",\"url\":\"https:\/\/www.aivp.org\/es\/\",\"name\":\"AIVP\",\"description\":\"Inspiring people of port cities\",\"publisher\":{\"@id\":\"https:\/\/www.aivp.org\/es\/#organization\"},\"potentialAction\":[{\"@type\":\"SearchAction\",\"target\":{\"@type\":\"EntryPoint\",\"urlTemplate\":\"https:\/\/www.aivp.org\/es\/?s={search_term_string}\"},\"query-input\":{\"@type\":\"PropertyValueSpecification\",\"valueRequired\":true,\"valueName\":\"search_term_string\"}}],\"inLanguage\":\"es\"},{\"@type\":\"Organization\",\"@id\":\"https:\/\/www.aivp.org\/es\/#organization\",\"name\":\"AIVP\",\"url\":\"https:\/\/www.aivp.org\/es\/\",\"logo\":{\"@type\":\"ImageObject\",\"inLanguage\":\"es\",\"@id\":\"https:\/\/www.aivp.org\/es\/#\/schema\/logo\/image\/\",\"url\":\"https:\/\/www.aivp.org\/wp-content\/uploads\/2020\/07\/cropped-favicon.png\",\"contentUrl\":\"https:\/\/www.aivp.org\/wp-content\/uploads\/2020\/07\/cropped-favicon.png\",\"width\":512,\"height\":512,\"caption\":\"AIVP\"},\"image\":{\"@id\":\"https:\/\/www.aivp.org\/es\/#\/schema\/logo\/image\/\"}},{\"@type\":\"Person\",\"@id\":\"https:\/\/www.aivp.org\/es\/#\/schema\/person\/ea7f9da9fd389be883f67e5651063c2b\",\"name\":\"No\u00e9mi MENE\",\"image\":{\"@type\":\"ImageObject\",\"inLanguage\":\"es\",\"@id\":\"https:\/\/www.aivp.org\/es\/#\/schema\/person\/image\/\",\"url\":\"https:\/\/secure.gravatar.com\/avatar\/b60eccebe6cfaab000ebc7646aac247c?s=96&d=mm&r=g\",\"contentUrl\":\"https:\/\/secure.gravatar.com\/avatar\/b60eccebe6cfaab000ebc7646aac247c?s=96&d=mm&r=g\",\"caption\":\"No\u00e9mi MENE\"},\"url\":\"https:\/\/www.aivp.org\/es\/newsroom\/author\/nmene\/\"}]}<\/script>\n<!-- \/ Yoast SEO plugin. -->","yoast_head_json":{"title":"Lanzamiento del grupo de trabajo \"Ciudades portuarias fluviales\" - AIVP","robots":{"index":"index","follow":"follow","max-snippet":"max-snippet:-1","max-image-preview":"max-image-preview:large","max-video-preview":"max-video-preview:-1"},"canonical":"https:\/\/www.aivp.org\/es\/newsroom\/lancement-du-groupe-de-travail-villes-portuaires-fluviales\/","og_locale":"es_ES","og_type":"article","og_title":"Lanzamiento del grupo de trabajo \"Ciudades portuarias fluviales\" - AIVP","og_description":"Los d\u00edas 18 y 19 de junio, el Puerto Aut\u00f3nomo de Estrasburgo acogi\u00f3 la primera reuni\u00f3n del grupo de trabajo \"Ciudades portuarias fluviales\" de la AIVP. Dirigido por Bruno Delsalle, Director General, y No\u00e9mi Men\u00e9, Jefe de Proyecto responsable del grupo de trabajo, el grupo reuni\u00f3 a una quincena de personas para identificar los retos espec\u00edficos a los que se enfrentan las ciudades portuarias fluviales y comenzar a explorar posibles soluciones.","og_url":"https:\/\/www.aivp.org\/es\/newsroom\/lancement-du-groupe-de-travail-villes-portuaires-fluviales\/","og_site_name":"AIVP","article_published_time":"2024-06-24T12:10:54+00:00","article_modified_time":"2025-05-27T09:24:19+00:00","og_image":[{"width":720,"height":576,"url":"https:\/\/www.aivp.org\/wp-content\/uploads\/2024\/06\/gb-11.jpg","type":"image\/jpeg"}],"author":"No\u00e9mi MENE","twitter_card":"summary_large_image","twitter_misc":{"Escrito por":"No\u00e9mi MENE","Tiempo de lectura":"3 minutos"},"schema":{"@context":"https:\/\/schema.org","@graph":[{"@type":"Article","@id":"https:\/\/www.aivp.org\/es\/newsroom\/lancement-du-groupe-de-travail-villes-portuaires-fluviales\/#article","isPartOf":{"@id":"https:\/\/www.aivp.org\/es\/newsroom\/lancement-du-groupe-de-travail-villes-portuaires-fluviales\/"},"author":{"name":"No\u00e9mi MENE","@id":"https:\/\/www.aivp.org\/es\/#\/schema\/person\/ea7f9da9fd389be883f67e5651063c2b"},"headline":"Lanzamiento del grupo de trabajo \u00abCiudades portuarias fluviales\u00bb","datePublished":"2024-06-24T12:10:54+00:00","dateModified":"2025-05-27T09:24:19+00:00","mainEntityOfPage":{"@id":"https:\/\/www.aivp.org\/es\/newsroom\/lancement-du-groupe-de-travail-villes-portuaires-fluviales\/"},"wordCount":427,"publisher":{"@id":"https:\/\/www.aivp.org\/es\/#organization"},"image":{"@id":"https:\/\/www.aivp.org\/es\/newsroom\/lancement-du-groupe-de-travail-villes-portuaires-fluviales\/#primaryimage"},"thumbnailUrl":"https:\/\/www.aivp.org\/wp-content\/uploads\/2024\/06\/gb-11.jpg","keywords":["Francia","Strasbourg"],"articleSection":["Noticias"],"inLanguage":"es"},{"@type":"WebPage","@id":"https:\/\/www.aivp.org\/es\/newsroom\/lancement-du-groupe-de-travail-villes-portuaires-fluviales\/","url":"https:\/\/www.aivp.org\/es\/newsroom\/lancement-du-groupe-de-travail-villes-portuaires-fluviales\/","name":"Lanzamiento del grupo de trabajo \"Ciudades portuarias fluviales\" - AIVP","isPartOf":{"@id":"https:\/\/www.aivp.org\/es\/#website"},"primaryImageOfPage":{"@id":"https:\/\/www.aivp.org\/es\/newsroom\/lancement-du-groupe-de-travail-villes-portuaires-fluviales\/#primaryimage"},"image":{"@id":"https:\/\/www.aivp.org\/es\/newsroom\/lancement-du-groupe-de-travail-villes-portuaires-fluviales\/#primaryimage"},"thumbnailUrl":"https:\/\/www.aivp.org\/wp-content\/uploads\/2024\/06\/gb-11.jpg","datePublished":"2024-06-24T12:10:54+00:00","dateModified":"2025-05-27T09:24:19+00:00","breadcrumb":{"@id":"https:\/\/www.aivp.org\/es\/newsroom\/lancement-du-groupe-de-travail-villes-portuaires-fluviales\/#breadcrumb"},"inLanguage":"es","potentialAction":[{"@type":"ReadAction","target":["https:\/\/www.aivp.org\/es\/newsroom\/lancement-du-groupe-de-travail-villes-portuaires-fluviales\/"]}]},{"@type":"ImageObject","inLanguage":"es","@id":"https:\/\/www.aivp.org\/es\/newsroom\/lancement-du-groupe-de-travail-villes-portuaires-fluviales\/#primaryimage","url":"https:\/\/www.aivp.org\/wp-content\/uploads\/2024\/06\/gb-11.jpg","contentUrl":"https:\/\/www.aivp.org\/wp-content\/uploads\/2024\/06\/gb-11.jpg","width":720,"height":576},{"@type":"BreadcrumbList","@id":"https:\/\/www.aivp.org\/es\/newsroom\/lancement-du-groupe-de-travail-villes-portuaires-fluviales\/#breadcrumb","itemListElement":[{"@type":"ListItem","position":1,"name":"Home","item":"https:\/\/www.aivp.org\/es\/"},{"@type":"ListItem","position":2,"name":"Lanzamiento del grupo de trabajo \u00abCiudades portuarias fluviales\u00bb"}]},{"@type":"WebSite","@id":"https:\/\/www.aivp.org\/es\/#website","url":"https:\/\/www.aivp.org\/es\/","name":"AIVP","description":"Inspiring people of port cities","publisher":{"@id":"https:\/\/www.aivp.org\/es\/#organization"},"potentialAction":[{"@type":"SearchAction","target":{"@type":"EntryPoint","urlTemplate":"https:\/\/www.aivp.org\/es\/?s={search_term_string}"},"query-input":{"@type":"PropertyValueSpecification","valueRequired":true,"valueName":"search_term_string"}}],"inLanguage":"es"},{"@type":"Organization","@id":"https:\/\/www.aivp.org\/es\/#organization","name":"AIVP","url":"https:\/\/www.aivp.org\/es\/","logo":{"@type":"ImageObject","inLanguage":"es","@id":"https:\/\/www.aivp.org\/es\/#\/schema\/logo\/image\/","url":"https:\/\/www.aivp.org\/wp-content\/uploads\/2020\/07\/cropped-favicon.png","contentUrl":"https:\/\/www.aivp.org\/wp-content\/uploads\/2020\/07\/cropped-favicon.png","width":512,"height":512,"caption":"AIVP"},"image":{"@id":"https:\/\/www.aivp.org\/es\/#\/schema\/logo\/image\/"}},{"@type":"Person","@id":"https:\/\/www.aivp.org\/es\/#\/schema\/person\/ea7f9da9fd389be883f67e5651063c2b","name":"No\u00e9mi MENE","image":{"@type":"ImageObject","inLanguage":"es","@id":"https:\/\/www.aivp.org\/es\/#\/schema\/person\/image\/","url":"https:\/\/secure.gravatar.com\/avatar\/b60eccebe6cfaab000ebc7646aac247c?s=96&d=mm&r=g","contentUrl":"https:\/\/secure.gravatar.com\/avatar\/b60eccebe6cfaab000ebc7646aac247c?s=96&d=mm&r=g","caption":"No\u00e9mi MENE"},"url":"https:\/\/www.aivp.org\/es\/newsroom\/author\/nmene\/"}]}},"featured_image_url":"https:\/\/www.aivp.org\/wp-content\/uploads\/2024\/06\/gb-11.jpg","_links":{"self":[{"href":"https:\/\/www.aivp.org\/es\/wp-json\/wp\/v2\/posts\/123262","targetHints":{"allow":["GET"]}}],"collection":[{"href":"https:\/\/www.aivp.org\/es\/wp-json\/wp\/v2\/posts"}],"about":[{"href":"https:\/\/www.aivp.org\/es\/wp-json\/wp\/v2\/types\/post"}],"author":[{"embeddable":true,"href":"https:\/\/www.aivp.org\/es\/wp-json\/wp\/v2\/users\/246"}],"replies":[{"embeddable":true,"href":"https:\/\/www.aivp.org\/es\/wp-json\/wp\/v2\/comments?post=123262"}],"version-history":[{"count":2,"href":"https:\/\/www.aivp.org\/es\/wp-json\/wp\/v2\/posts\/123262\/revisions"}],"predecessor-version":[{"id":139425,"href":"https:\/\/www.aivp.org\/es\/wp-json\/wp\/v2\/posts\/123262\/revisions\/139425"}],"wp:featuredmedia":[{"embeddable":true,"href":"https:\/\/www.aivp.org\/es\/wp-json\/wp\/v2\/media\/139395"}],"wp:attachment":[{"href":"https:\/\/www.aivp.org\/es\/wp-json\/wp\/v2\/media?parent=123262"}],"wp:term":[{"taxonomy":"category","embeddable":true,"href":"https:\/\/www.aivp.org\/es\/wp-json\/wp\/v2\/categories?post=123262"},{"taxonomy":"post_tag","embeddable":true,"href":"https:\/\/www.aivp.org\/es\/wp-json\/wp\/v2\/tags?post=123262"},{"taxonomy":"goal","embeddable":true,"href":"https:\/\/www.aivp.org\/es\/wp-json\/wp\/v2\/goal?post=123262"}],"curies":[{"name":"wp","href":"https:\/\/api.w.org\/{rel}","templated":true}]}}