{"id":127367,"date":"2024-10-16T16:30:55","date_gmt":"2024-10-16T14:30:55","guid":{"rendered":"https:\/\/www.aivp.org\/?p=127367"},"modified":"2024-10-16T18:11:38","modified_gmt":"2024-10-16T16:11:38","slug":"premio-aivp-antoine-rufenacht-reunion-del-gran-jurado","status":"publish","type":"post","link":"https:\/\/www.aivp.org\/es\/newsroom\/premio-aivp-antoine-rufenacht-reunion-del-gran-jurado\/","title":{"rendered":"Premio AIVP Antoine Rufenacht: Reuni\u00f3n del Gran Jurado"},"content":{"rendered":"\n<p><\/p>\n\n\n\n<p>Los miembros del Gran Jurado del Premio AIVP Antoine Rufenacht se reunieron en Le Havre, Francia, los d\u00edas 10 y 11 de octubre 2024 para entrevistar a los 6 candidatos finalistas de esta primera edici\u00f3n.<\/p>\n\n\n\n<p>El Gran Jurado estaba compuesto por las siguientes personas:<\/p>\n\n\n\n<ul class=\"wp-block-list\">\n<li><strong>Geraldine Knatz<\/strong> \u2013 <em>Copresidenta a cargo del Gran Jurado \u2013 <\/em>Estados Unidos: presidenta del Consejo de Administraci\u00f3n de Altasea (Los Angeles), ex directora del Puerto de Los Angeles;<\/li>\n\n\n\n<li><strong>Carola Hein<\/strong> \u2013 <em>Copresidenta a cargo del Comit\u00e9 de expertos \u2013 <\/em>Pa\u00edses Bajos: profesora y directora de la C\u00e1tedra Historia de la Arquitectura y Planificaci\u00f3n Urbana de la Universidad de Delft;<\/li>\n\n\n\n<li><strong>H\u00e9l\u00e8ne Chartier<\/strong> \u2013 <em>Urbanista<\/em> \u2013 Francia: directora de Planificaci\u00f3n y Desarrollo Urbano de la organizaci\u00f3n internacional C40 Cities;<\/li>\n\n\n\n<li><strong>Deborah Dearing<\/strong> \u2013 <em>Arquitecta\/Urbanista \u2013 <\/em>Australia: miembro no ejecutivo del Consejo de Administraci\u00f3n de la Autoridad Portuaria de Nuevas Gales del Sur;<\/li>\n\n\n\n<li><strong>Jean-Baptiste Gastinne<\/strong> \u2013 <em>1<sup>er<\/sup> teniente de alcalde del Ayuntamiento de Le Havre \u2013 <\/em>Francia: responsable de Urbanismo y Medioambiente \u2013 Presidente de Le Havre Port Center;<\/li>\n\n\n\n<li><strong>Gaetan Siew<\/strong> \u2013 <em>Arquitecto Urbanista \u2013 <\/em>Mauricio: ex presidente de la Uni\u00f3n Internacional de Arquitectos, Enviado Eespecial de ONU Habitat;<\/li>\n\n\n\n<li><strong>Hoe Soon Tan<\/strong> \u2013 <em>Alto ejecutivo del sector portuario y mar\u00edtimo \u2013 <\/em>Singapur: director general adjunto (\u00e1mbito corporativo y estrategia) de la Autoridad Mar\u00edtima y Portuaria de Singapur (MPA)<\/li>\n<\/ul>\n\n\n\n<p><strong>Descubra los 6 candidatos finalistas<\/strong><\/p>\n\n\n\n<p>Los 6 proyectos finalistas fueron seleccionados por los 7 miembros del Comit\u00e9 de expertos reunidos en Bruselas el 6 de septiembre 2024.<\/p>\n\n\n\n<p><a><strong><u>Proyecto finalista <\/u><\/strong><\/a><strong><u>n\u00b01<\/u><\/strong>: <em>\u201cBekkelagsbadet &#8211; Buffer Zone\u201d<\/em> propuesto por el <strong>puerto de Oslo<\/strong>&nbsp;<\/p>\n\n\n\n<p>El proyecto se centra en la creaci\u00f3n de un nuevo parque urbano en una antigua terminal de contenedores. El proyecto ha sido dise\u00f1ado como una herramienta para fomentar el reencuentro entre los ciudadanos y el puerto.<\/p>\n\n\n\n<p><strong><u>Proyecto finalista n\u00b02<\/u><\/strong>: \u201c<em>Reconversion de la zone portuaire de Tanger\u201d<\/em> propuesto por la <strong>Sociedad de Desarrollo para la Reconversi\u00f3n de la zona Portuaria de T\u00e1nger<\/strong><\/p>\n\n\n\n<p>El traslado de la casi todas las actividades comerciales del puerto de T\u00e1nger al puerto de Tanger Med ha contribuido a descongestionar la zona urbana y a reorientar el puerto hist\u00f3rico de T\u00e1nger hacia actividades de turismo y de ocio. Esta iniciativa ha llevado al desarrollo de un nuevo borde mar\u00edtimo integrado en la ciudad, lo que permiti\u00f3 reforzar el potencial econ\u00f3mico, el dinamismo cultural y la sostenibilidad urbana de T\u00e1nger.<\/p>\n\n\n\n<p><strong><u>Proyecto finalista n\u00b03<\/u><\/strong>: \u201c<em>Paseo del Bajo Parks, esplanade and northern portal\u201d<\/em>, propuesto por la <strong>Corporaci\u00f3n Antiguo Puerto Madero (Buenos Aires)<\/strong><\/p>\n\n\n\n<p>El proyecto Paseo del Bajo surgi\u00f3 de la necesidad de reducir la congesti\u00f3n urbana y mejorar las conexiones norte-sur del puerto de Buenos Aires. Concebido en un principio como un proyecto de infraestructuras, Paseo del Bajo modific\u00f3 su l\u00ednea para incorporar nuevos objetivos. Demuestra que las exigencias log\u00edsticas centradas en las conexiones portuarias pueden complementarse con un componente urbano en beneficio de la comunidad mediante el desarrollo de nuevos espacios p\u00fablicos.<\/p>\n\n\n\n<p><strong><u>Proyecto finalista n\u00b04<\/u><\/strong>: \u201cWilmington Waterfront Project\u201d, propuesto por el <strong>Puerto de Los Angeles<\/strong><\/p>\n\n\n\n<p>Finalizado en febrero de 2024, el proyecto Wilmington Waterfront Promenade, en plena zona portuaria de Los Angeles, forma parte de una estrategia global a largo plazo destinada a mejorar la calidad de vida, promover un crecimiento sostenible y generar nuevas oportunidades econ\u00f3micas para la comunidad.<\/p>\n\n\n\n<p><strong><u>Proyecto finalista n\u00b05<\/u><\/strong>: \u201d<em>Duwamish River People&#8217;s Park and Shoreline Habitat\u201d,<\/em> propuesto por el <strong>Puerto de Seattle<\/strong><\/p>\n\n\n\n<p>El Duwamish River People&#8217;s Park and Shoreline Habitat (DRPP) es el mayor proyecto de recuperaci\u00f3n del \u00fanico r\u00edo de Seattle. El lugar, muy contaminado, se ha convertido en un parque de 14 acres y refugio de biodiversidad, y se sit\u00faa en lo que se conoce como un barrio de \u201cjusticia ambiental\u201d. El proyecto se ejecut\u00f3 en un contexto territorial y cultural especifico.<\/p>\n\n\n\n<p><strong><u>Proyecto finalista n\u00b06<\/u><\/strong>: <em>\u201cR\u00e9am\u00e9nagement du port de Javel Bas\u201d, <\/em>propuesto por <strong>HAROPA Ports de Paris<\/strong><\/p>\n\n\n\n<p>En 2012, HAROPA\/Ports de Paris puso en marcha un proyecto global de rehabilitaci\u00f3n del puerto de Javel-Bas con la ambici\u00f3n de transformar todas sus instalaciones existentes, buscando el equilibrio entre la mantenci\u00f3n de la actividad portuaria vinculada con los principales servicios urbanos (industriales y log\u00edsticos) y el bienestar de los vecinos del puerto, abriendo al mismo tiempo la zona portuaria a la ciudadan\u00eda.<\/p>\n\n\n\n<p><strong>Acerca de la reuni\u00f3n del Gran Jurado<\/strong><\/p>\n\n\n\n<p>Los candidatos finalistas fueron entrevistados en el Port Center de Le Havre. Cada candidato dispon\u00eda de una hora para presentar su proyecto y responder a las preguntas del Jurado. Las entrevistas se desarrollaron de forma p\u00fablica, en presencia de unas veinte personas.<\/p>\n\n\n\n<p>Las deliberaciones finales se realizaron a puerta cerrada en la ma\u00f1ana del 11 de octubre, tras lo cual los miembros del jurado fueron invitados a visitar la zona de interfaz puerto-ciudad de Le Havre, y a reunirse con Edouard Philippe, presidente de la AIVP y alcalde de Le Havre.<\/p>\n\n\n\n<p>El 11 de octubre por la ma\u00f1ana, los finalistas tambi\u00e9n tuvieron la oportunidad de conocer la interfaz puerto-ciudad de Le Havre y conversar detenidamente con los representantes de la ciudad : autoridades municipales, autoridad portuaria y agencia de urbanismo.<\/p>\n\n\n\n<p>El nombre del ganador se dar\u00e1 a conocer en Lisboa, el 27 de noviembre 2024, con motivo de la pr\u00f3xima Conferencia Mundial de la AIVP.<em><\/em><\/p>\n\n\n<div class=\"block galerie-photo article py-5 position-relative\"  id=\"block_3112109a78878e48a917bd2f13ca7cf1\">\n\n\t<div class=\"position-relative\">\n\n        \n        <div class=\"grid-galerie-photo row mx-0\">\n            <div class=\"grid-sizer\"><\/div>\n            <div class=\"gutter-sizer\"><\/div>\n\n            \n                    <a class=\"grid-galerie-photo-item\" href=\"https:\/\/www.aivp.org\/wp-content\/uploads\/2024\/10\/DSC00363-scaled.jpg\" data-fancybox=\"galerie-photo-block_3112109a78878e48a917bd2f13ca7cf1\" data-caption=\"\">\n                        <img loading=\"lazy\" decoding=\"async\" width=\"360\" height=\"240\" src=\"https:\/\/www.aivp.org\/wp-content\/uploads\/2024\/10\/DSC00363-360x240.jpg\" class=\"img-fluid mb-2 anime-in-view\" alt=\"\" srcset=\"https:\/\/www.aivp.org\/wp-content\/uploads\/2024\/10\/DSC00363-360x240.jpg 360w, https:\/\/www.aivp.org\/wp-content\/uploads\/2024\/10\/DSC00363-690x460.jpg 690w, https:\/\/www.aivp.org\/wp-content\/uploads\/2024\/10\/DSC00363-1140x760.jpg 1140w, https:\/\/www.aivp.org\/wp-content\/uploads\/2024\/10\/DSC00363-768x512.jpg 768w, https:\/\/www.aivp.org\/wp-content\/uploads\/2024\/10\/DSC00363-1536x1024.jpg 1536w, https:\/\/www.aivp.org\/wp-content\/uploads\/2024\/10\/DSC00363-2048x1365.jpg 2048w, https:\/\/www.aivp.org\/wp-content\/uploads\/2024\/10\/DSC00363-255x170.jpg 255w, https:\/\/www.aivp.org\/wp-content\/uploads\/2024\/10\/DSC00363-171x114.jpg 171w, https:\/\/www.aivp.org\/wp-content\/uploads\/2024\/10\/DSC00363-548x365.jpg 548w\" sizes=\"auto, (max-width: 360px) 100vw, 360px\" \/>                    <\/a>\n                \n                    <a class=\"grid-galerie-photo-item\" href=\"https:\/\/www.aivp.org\/wp-content\/uploads\/2024\/10\/DSC00369-scaled.jpg\" data-fancybox=\"galerie-photo-block_3112109a78878e48a917bd2f13ca7cf1\" data-caption=\"\">\n                        <img loading=\"lazy\" decoding=\"async\" width=\"360\" height=\"240\" src=\"https:\/\/www.aivp.org\/wp-content\/uploads\/2024\/10\/DSC00369-360x240.jpg\" class=\"img-fluid mb-2 anime-in-view\" alt=\"\" srcset=\"https:\/\/www.aivp.org\/wp-content\/uploads\/2024\/10\/DSC00369-360x240.jpg 360w, https:\/\/www.aivp.org\/wp-content\/uploads\/2024\/10\/DSC00369-690x460.jpg 690w, https:\/\/www.aivp.org\/wp-content\/uploads\/2024\/10\/DSC00369-1140x760.jpg 1140w, https:\/\/www.aivp.org\/wp-content\/uploads\/2024\/10\/DSC00369-768x512.jpg 768w, https:\/\/www.aivp.org\/wp-content\/uploads\/2024\/10\/DSC00369-1536x1024.jpg 1536w, https:\/\/www.aivp.org\/wp-content\/uploads\/2024\/10\/DSC00369-2048x1365.jpg 2048w, https:\/\/www.aivp.org\/wp-content\/uploads\/2024\/10\/DSC00369-255x170.jpg 255w, https:\/\/www.aivp.org\/wp-content\/uploads\/2024\/10\/DSC00369-171x114.jpg 171w, https:\/\/www.aivp.org\/wp-content\/uploads\/2024\/10\/DSC00369-548x365.jpg 548w\" sizes=\"auto, (max-width: 360px) 100vw, 360px\" \/>                    <\/a>\n                \n                    <a class=\"grid-galerie-photo-item\" href=\"https:\/\/www.aivp.org\/wp-content\/uploads\/2024\/10\/DSC00542-scaled.jpg\" data-fancybox=\"galerie-photo-block_3112109a78878e48a917bd2f13ca7cf1\" data-caption=\"\">\n                        <img loading=\"lazy\" decoding=\"async\" width=\"360\" height=\"240\" src=\"https:\/\/www.aivp.org\/wp-content\/uploads\/2024\/10\/DSC00542-360x240.jpg\" class=\"img-fluid mb-2 anime-in-view\" alt=\"\" srcset=\"https:\/\/www.aivp.org\/wp-content\/uploads\/2024\/10\/DSC00542-360x240.jpg 360w, https:\/\/www.aivp.org\/wp-content\/uploads\/2024\/10\/DSC00542-690x460.jpg 690w, https:\/\/www.aivp.org\/wp-content\/uploads\/2024\/10\/DSC00542-1140x760.jpg 1140w, https:\/\/www.aivp.org\/wp-content\/uploads\/2024\/10\/DSC00542-768x512.jpg 768w, https:\/\/www.aivp.org\/wp-content\/uploads\/2024\/10\/DSC00542-1536x1024.jpg 1536w, https:\/\/www.aivp.org\/wp-content\/uploads\/2024\/10\/DSC00542-2048x1365.jpg 2048w, https:\/\/www.aivp.org\/wp-content\/uploads\/2024\/10\/DSC00542-255x170.jpg 255w, https:\/\/www.aivp.org\/wp-content\/uploads\/2024\/10\/DSC00542-171x114.jpg 171w, https:\/\/www.aivp.org\/wp-content\/uploads\/2024\/10\/DSC00542-548x365.jpg 548w\" sizes=\"auto, (max-width: 360px) 100vw, 360px\" \/>                    <\/a>\n                \n                    <a class=\"grid-galerie-photo-item\" href=\"https:\/\/www.aivp.org\/wp-content\/uploads\/2024\/10\/DSC00560-scaled.jpg\" data-fancybox=\"galerie-photo-block_3112109a78878e48a917bd2f13ca7cf1\" data-caption=\"\">\n                        <img loading=\"lazy\" decoding=\"async\" width=\"360\" height=\"240\" src=\"https:\/\/www.aivp.org\/wp-content\/uploads\/2024\/10\/DSC00560-360x240.jpg\" class=\"img-fluid mb-2 anime-in-view\" alt=\"\" srcset=\"https:\/\/www.aivp.org\/wp-content\/uploads\/2024\/10\/DSC00560-360x240.jpg 360w, https:\/\/www.aivp.org\/wp-content\/uploads\/2024\/10\/DSC00560-690x460.jpg 690w, https:\/\/www.aivp.org\/wp-content\/uploads\/2024\/10\/DSC00560-1140x760.jpg 1140w, https:\/\/www.aivp.org\/wp-content\/uploads\/2024\/10\/DSC00560-768x512.jpg 768w, https:\/\/www.aivp.org\/wp-content\/uploads\/2024\/10\/DSC00560-1536x1024.jpg 1536w, https:\/\/www.aivp.org\/wp-content\/uploads\/2024\/10\/DSC00560-2048x1365.jpg 2048w, https:\/\/www.aivp.org\/wp-content\/uploads\/2024\/10\/DSC00560-255x170.jpg 255w, https:\/\/www.aivp.org\/wp-content\/uploads\/2024\/10\/DSC00560-171x114.jpg 171w, https:\/\/www.aivp.org\/wp-content\/uploads\/2024\/10\/DSC00560-548x365.jpg 548w\" sizes=\"auto, (max-width: 360px) 100vw, 360px\" \/>                    <\/a>\n                \n                    <a class=\"grid-galerie-photo-item\" href=\"https:\/\/www.aivp.org\/wp-content\/uploads\/2024\/10\/DSC00666-scaled.jpg\" data-fancybox=\"galerie-photo-block_3112109a78878e48a917bd2f13ca7cf1\" data-caption=\"\">\n                        <img loading=\"lazy\" decoding=\"async\" width=\"360\" height=\"240\" src=\"https:\/\/www.aivp.org\/wp-content\/uploads\/2024\/10\/DSC00666-360x240.jpg\" class=\"img-fluid mb-2 anime-in-view\" alt=\"\" srcset=\"https:\/\/www.aivp.org\/wp-content\/uploads\/2024\/10\/DSC00666-360x240.jpg 360w, https:\/\/www.aivp.org\/wp-content\/uploads\/2024\/10\/DSC00666-690x460.jpg 690w, https:\/\/www.aivp.org\/wp-content\/uploads\/2024\/10\/DSC00666-1140x760.jpg 1140w, https:\/\/www.aivp.org\/wp-content\/uploads\/2024\/10\/DSC00666-768x512.jpg 768w, https:\/\/www.aivp.org\/wp-content\/uploads\/2024\/10\/DSC00666-1536x1024.jpg 1536w, https:\/\/www.aivp.org\/wp-content\/uploads\/2024\/10\/DSC00666-2048x1365.jpg 2048w, https:\/\/www.aivp.org\/wp-content\/uploads\/2024\/10\/DSC00666-255x170.jpg 255w, https:\/\/www.aivp.org\/wp-content\/uploads\/2024\/10\/DSC00666-171x114.jpg 171w, https:\/\/www.aivp.org\/wp-content\/uploads\/2024\/10\/DSC00666-548x365.jpg 548w\" sizes=\"auto, (max-width: 360px) 100vw, 360px\" \/>                    <\/a>\n                \n                    <a class=\"grid-galerie-photo-item\" href=\"https:\/\/www.aivp.org\/wp-content\/uploads\/2024\/10\/DSC00674-scaled.jpg\" data-fancybox=\"galerie-photo-block_3112109a78878e48a917bd2f13ca7cf1\" data-caption=\"\">\n                        <img loading=\"lazy\" decoding=\"async\" width=\"360\" height=\"248\" src=\"https:\/\/www.aivp.org\/wp-content\/uploads\/2024\/10\/DSC00674-360x248.jpg\" class=\"img-fluid mb-2 anime-in-view\" alt=\"\" srcset=\"https:\/\/www.aivp.org\/wp-content\/uploads\/2024\/10\/DSC00674-360x248.jpg 360w, https:\/\/www.aivp.org\/wp-content\/uploads\/2024\/10\/DSC00674-690x475.jpg 690w, https:\/\/www.aivp.org\/wp-content\/uploads\/2024\/10\/DSC00674-1140x785.jpg 1140w, https:\/\/www.aivp.org\/wp-content\/uploads\/2024\/10\/DSC00674-768x529.jpg 768w, https:\/\/www.aivp.org\/wp-content\/uploads\/2024\/10\/DSC00674-1536x1058.jpg 1536w, https:\/\/www.aivp.org\/wp-content\/uploads\/2024\/10\/DSC00674-2048x1410.jpg 2048w, https:\/\/www.aivp.org\/wp-content\/uploads\/2024\/10\/DSC00674-255x176.jpg 255w, https:\/\/www.aivp.org\/wp-content\/uploads\/2024\/10\/DSC00674-171x118.jpg 171w, https:\/\/www.aivp.org\/wp-content\/uploads\/2024\/10\/DSC00674-548x377.jpg 548w\" sizes=\"auto, (max-width: 360px) 100vw, 360px\" \/>                    <\/a>\n                \n                    <a class=\"grid-galerie-photo-item\" href=\"https:\/\/www.aivp.org\/wp-content\/uploads\/2024\/10\/DSC00685-scaled.jpg\" data-fancybox=\"galerie-photo-block_3112109a78878e48a917bd2f13ca7cf1\" data-caption=\"\">\n                        <img loading=\"lazy\" decoding=\"async\" width=\"360\" height=\"240\" src=\"https:\/\/www.aivp.org\/wp-content\/uploads\/2024\/10\/DSC00685-360x240.jpg\" class=\"img-fluid mb-2 anime-in-view\" alt=\"\" srcset=\"https:\/\/www.aivp.org\/wp-content\/uploads\/2024\/10\/DSC00685-360x240.jpg 360w, https:\/\/www.aivp.org\/wp-content\/uploads\/2024\/10\/DSC00685-690x460.jpg 690w, https:\/\/www.aivp.org\/wp-content\/uploads\/2024\/10\/DSC00685-1140x760.jpg 1140w, https:\/\/www.aivp.org\/wp-content\/uploads\/2024\/10\/DSC00685-768x512.jpg 768w, https:\/\/www.aivp.org\/wp-content\/uploads\/2024\/10\/DSC00685-1536x1024.jpg 1536w, https:\/\/www.aivp.org\/wp-content\/uploads\/2024\/10\/DSC00685-2048x1365.jpg 2048w, https:\/\/www.aivp.org\/wp-content\/uploads\/2024\/10\/DSC00685-255x170.jpg 255w, https:\/\/www.aivp.org\/wp-content\/uploads\/2024\/10\/DSC00685-171x114.jpg 171w, https:\/\/www.aivp.org\/wp-content\/uploads\/2024\/10\/DSC00685-548x365.jpg 548w\" sizes=\"auto, (max-width: 360px) 100vw, 360px\" \/>                    <\/a>\n                        <\/div>\n        \n\t<\/div>\n\n<\/div>\n\n\n<p>Cr\u00e9dito de la foto: VH Visual \/ Friso realizado por Jos\u00e9phine Billey<\/p>\n","protected":false},"excerpt":{"rendered":"<p>El 10 y 11 de octubre de 2024, los miembros del Gran Jurado del Premio AIVP Antoine Rufenacht se reunieron en Le Havre para entrevistar a los seis finalistas de la primera edici\u00f3n. El jurado, compuesto por figuras internacionales como Geraldine Knatz, Carola Hein y Jean-Baptiste Gastinne, evalu\u00f3 proyectos innovadores de rehabilitaci\u00f3n urbana y portuaria de Oslo, T\u00e1nger, Buenos Aires, Los \u00c1ngeles, Seattle y Par\u00eds. Despu\u00e9s de las audiencias p\u00fablicas en el Le Havre Port Center, el ganador ser\u00e1 anunciado el 27 de noviembre de 2024 en Lisboa, durante la Conferencia Mundial de la AIVP.<\/p>\n","protected":false},"author":119,"featured_media":127368,"comment_status":"closed","ping_status":"closed","sticky":false,"template":"","format":"standard","meta":{"_acf_changed":false,"footnotes":""},"categories":[4856],"tags":[],"goal":[],"class_list":["post-127367","post","type-post","status-publish","format-standard","has-post-thumbnail","hentry","category-actualites-es"],"acf":[],"yoast_head":"<!-- This site is optimized with the Yoast SEO plugin v26.8 - https:\/\/yoast.com\/product\/yoast-seo-wordpress\/ -->\n<title>Premio AIVP Antoine Rufenacht: Reuni\u00f3n del Gran Jurado - AIVP<\/title>\n<meta name=\"robots\" content=\"index, follow, max-snippet:-1, max-image-preview:large, max-video-preview:-1\" \/>\n<link rel=\"canonical\" href=\"https:\/\/www.aivp.org\/es\/newsroom\/premio-aivp-antoine-rufenacht-reunion-del-gran-jurado\/\" \/>\n<meta property=\"og:locale\" content=\"es_ES\" \/>\n<meta property=\"og:type\" content=\"article\" \/>\n<meta property=\"og:title\" content=\"Premio AIVP Antoine Rufenacht: Reuni\u00f3n del Gran Jurado - AIVP\" \/>\n<meta property=\"og:description\" content=\"El 10 y 11 de octubre de 2024, los miembros del Gran Jurado del Premio AIVP Antoine Rufenacht se reunieron en Le Havre para entrevistar a los seis finalistas de la primera edici\u00f3n. El jurado, compuesto por figuras internacionales como Geraldine Knatz, Carola Hein y Jean-Baptiste Gastinne, evalu\u00f3 proyectos innovadores de rehabilitaci\u00f3n urbana y portuaria de Oslo, T\u00e1nger, Buenos Aires, Los \u00c1ngeles, Seattle y Par\u00eds. Despu\u00e9s de las audiencias p\u00fablicas en el Le Havre Port Center, el ganador ser\u00e1 anunciado el 27 de noviembre de 2024 en Lisboa, durante la Conferencia Mundial de la AIVP.\" \/>\n<meta property=\"og:url\" content=\"https:\/\/www.aivp.org\/es\/newsroom\/premio-aivp-antoine-rufenacht-reunion-del-gran-jurado\/\" \/>\n<meta property=\"og:site_name\" content=\"AIVP\" \/>\n<meta property=\"article:published_time\" content=\"2024-10-16T14:30:55+00:00\" \/>\n<meta property=\"article:modified_time\" content=\"2024-10-16T16:11:38+00:00\" \/>\n<meta property=\"og:image\" content=\"https:\/\/www.aivp.org\/wp-content\/uploads\/2024\/10\/Photo-mise-en-avant-BON-720-x-576-px-57.png\" \/>\n\t<meta property=\"og:image:width\" content=\"720\" \/>\n\t<meta property=\"og:image:height\" content=\"576\" \/>\n\t<meta property=\"og:image:type\" content=\"image\/png\" \/>\n<meta name=\"author\" content=\"Annabelle ODIEVRE\" \/>\n<meta name=\"twitter:card\" content=\"summary_large_image\" \/>\n<meta name=\"twitter:label1\" content=\"Escrito por\" \/>\n\t<meta name=\"twitter:data1\" content=\"Annabelle ODIEVRE\" \/>\n\t<meta name=\"twitter:label2\" content=\"Tiempo de lectura\" \/>\n\t<meta name=\"twitter:data2\" content=\"5 minutos\" \/>\n<script type=\"application\/ld+json\" class=\"yoast-schema-graph\">{\"@context\":\"https:\/\/schema.org\",\"@graph\":[{\"@type\":\"Article\",\"@id\":\"https:\/\/www.aivp.org\/es\/newsroom\/premio-aivp-antoine-rufenacht-reunion-del-gran-jurado\/#article\",\"isPartOf\":{\"@id\":\"https:\/\/www.aivp.org\/es\/newsroom\/premio-aivp-antoine-rufenacht-reunion-del-gran-jurado\/\"},\"author\":{\"name\":\"Annabelle ODIEVRE\",\"@id\":\"https:\/\/www.aivp.org\/es\/#\/schema\/person\/4c3bfa8c31cc76e9234924366c00ab90\"},\"headline\":\"Premio AIVP Antoine Rufenacht: Reuni\u00f3n del Gran Jurado\",\"datePublished\":\"2024-10-16T14:30:55+00:00\",\"dateModified\":\"2024-10-16T16:11:38+00:00\",\"mainEntityOfPage\":{\"@id\":\"https:\/\/www.aivp.org\/es\/newsroom\/premio-aivp-antoine-rufenacht-reunion-del-gran-jurado\/\"},\"wordCount\":899,\"publisher\":{\"@id\":\"https:\/\/www.aivp.org\/es\/#organization\"},\"image\":{\"@id\":\"https:\/\/www.aivp.org\/es\/newsroom\/premio-aivp-antoine-rufenacht-reunion-del-gran-jurado\/#primaryimage\"},\"thumbnailUrl\":\"https:\/\/www.aivp.org\/wp-content\/uploads\/2024\/10\/Photo-mise-en-avant-BON-720-x-576-px-57.png\",\"articleSection\":[\"Noticias\"],\"inLanguage\":\"es\"},{\"@type\":\"WebPage\",\"@id\":\"https:\/\/www.aivp.org\/es\/newsroom\/premio-aivp-antoine-rufenacht-reunion-del-gran-jurado\/\",\"url\":\"https:\/\/www.aivp.org\/es\/newsroom\/premio-aivp-antoine-rufenacht-reunion-del-gran-jurado\/\",\"name\":\"Premio AIVP Antoine Rufenacht: Reuni\u00f3n del Gran Jurado - AIVP\",\"isPartOf\":{\"@id\":\"https:\/\/www.aivp.org\/es\/#website\"},\"primaryImageOfPage\":{\"@id\":\"https:\/\/www.aivp.org\/es\/newsroom\/premio-aivp-antoine-rufenacht-reunion-del-gran-jurado\/#primaryimage\"},\"image\":{\"@id\":\"https:\/\/www.aivp.org\/es\/newsroom\/premio-aivp-antoine-rufenacht-reunion-del-gran-jurado\/#primaryimage\"},\"thumbnailUrl\":\"https:\/\/www.aivp.org\/wp-content\/uploads\/2024\/10\/Photo-mise-en-avant-BON-720-x-576-px-57.png\",\"datePublished\":\"2024-10-16T14:30:55+00:00\",\"dateModified\":\"2024-10-16T16:11:38+00:00\",\"breadcrumb\":{\"@id\":\"https:\/\/www.aivp.org\/es\/newsroom\/premio-aivp-antoine-rufenacht-reunion-del-gran-jurado\/#breadcrumb\"},\"inLanguage\":\"es\",\"potentialAction\":[{\"@type\":\"ReadAction\",\"target\":[\"https:\/\/www.aivp.org\/es\/newsroom\/premio-aivp-antoine-rufenacht-reunion-del-gran-jurado\/\"]}]},{\"@type\":\"ImageObject\",\"inLanguage\":\"es\",\"@id\":\"https:\/\/www.aivp.org\/es\/newsroom\/premio-aivp-antoine-rufenacht-reunion-del-gran-jurado\/#primaryimage\",\"url\":\"https:\/\/www.aivp.org\/wp-content\/uploads\/2024\/10\/Photo-mise-en-avant-BON-720-x-576-px-57.png\",\"contentUrl\":\"https:\/\/www.aivp.org\/wp-content\/uploads\/2024\/10\/Photo-mise-en-avant-BON-720-x-576-px-57.png\",\"width\":720,\"height\":576},{\"@type\":\"BreadcrumbList\",\"@id\":\"https:\/\/www.aivp.org\/es\/newsroom\/premio-aivp-antoine-rufenacht-reunion-del-gran-jurado\/#breadcrumb\",\"itemListElement\":[{\"@type\":\"ListItem\",\"position\":1,\"name\":\"Home\",\"item\":\"https:\/\/www.aivp.org\/es\/\"},{\"@type\":\"ListItem\",\"position\":2,\"name\":\"Premio AIVP Antoine Rufenacht: Reuni\u00f3n del Gran Jurado\"}]},{\"@type\":\"WebSite\",\"@id\":\"https:\/\/www.aivp.org\/es\/#website\",\"url\":\"https:\/\/www.aivp.org\/es\/\",\"name\":\"AIVP\",\"description\":\"Inspiring people of port cities\",\"publisher\":{\"@id\":\"https:\/\/www.aivp.org\/es\/#organization\"},\"potentialAction\":[{\"@type\":\"SearchAction\",\"target\":{\"@type\":\"EntryPoint\",\"urlTemplate\":\"https:\/\/www.aivp.org\/es\/?s={search_term_string}\"},\"query-input\":{\"@type\":\"PropertyValueSpecification\",\"valueRequired\":true,\"valueName\":\"search_term_string\"}}],\"inLanguage\":\"es\"},{\"@type\":\"Organization\",\"@id\":\"https:\/\/www.aivp.org\/es\/#organization\",\"name\":\"AIVP\",\"url\":\"https:\/\/www.aivp.org\/es\/\",\"logo\":{\"@type\":\"ImageObject\",\"inLanguage\":\"es\",\"@id\":\"https:\/\/www.aivp.org\/es\/#\/schema\/logo\/image\/\",\"url\":\"https:\/\/www.aivp.org\/wp-content\/uploads\/2020\/07\/cropped-favicon.png\",\"contentUrl\":\"https:\/\/www.aivp.org\/wp-content\/uploads\/2020\/07\/cropped-favicon.png\",\"width\":512,\"height\":512,\"caption\":\"AIVP\"},\"image\":{\"@id\":\"https:\/\/www.aivp.org\/es\/#\/schema\/logo\/image\/\"}},{\"@type\":\"Person\",\"@id\":\"https:\/\/www.aivp.org\/es\/#\/schema\/person\/4c3bfa8c31cc76e9234924366c00ab90\",\"name\":\"Annabelle ODIEVRE\",\"image\":{\"@type\":\"ImageObject\",\"inLanguage\":\"es\",\"@id\":\"https:\/\/www.aivp.org\/es\/#\/schema\/person\/image\/\",\"url\":\"https:\/\/secure.gravatar.com\/avatar\/a4b8d446b465afb53045c6aed55b88b6?s=96&d=mm&r=g\",\"contentUrl\":\"https:\/\/secure.gravatar.com\/avatar\/a4b8d446b465afb53045c6aed55b88b6?s=96&d=mm&r=g\",\"caption\":\"Annabelle ODIEVRE\"},\"url\":\"https:\/\/www.aivp.org\/es\/newsroom\/author\/aodievreaivp-org\/\"}]}<\/script>\n<!-- \/ Yoast SEO plugin. -->","yoast_head_json":{"title":"Premio AIVP Antoine Rufenacht: Reuni\u00f3n del Gran Jurado - AIVP","robots":{"index":"index","follow":"follow","max-snippet":"max-snippet:-1","max-image-preview":"max-image-preview:large","max-video-preview":"max-video-preview:-1"},"canonical":"https:\/\/www.aivp.org\/es\/newsroom\/premio-aivp-antoine-rufenacht-reunion-del-gran-jurado\/","og_locale":"es_ES","og_type":"article","og_title":"Premio AIVP Antoine Rufenacht: Reuni\u00f3n del Gran Jurado - AIVP","og_description":"El 10 y 11 de octubre de 2024, los miembros del Gran Jurado del Premio AIVP Antoine Rufenacht se reunieron en Le Havre para entrevistar a los seis finalistas de la primera edici\u00f3n. El jurado, compuesto por figuras internacionales como Geraldine Knatz, Carola Hein y Jean-Baptiste Gastinne, evalu\u00f3 proyectos innovadores de rehabilitaci\u00f3n urbana y portuaria de Oslo, T\u00e1nger, Buenos Aires, Los \u00c1ngeles, Seattle y Par\u00eds. Despu\u00e9s de las audiencias p\u00fablicas en el Le Havre Port Center, el ganador ser\u00e1 anunciado el 27 de noviembre de 2024 en Lisboa, durante la Conferencia Mundial de la AIVP.","og_url":"https:\/\/www.aivp.org\/es\/newsroom\/premio-aivp-antoine-rufenacht-reunion-del-gran-jurado\/","og_site_name":"AIVP","article_published_time":"2024-10-16T14:30:55+00:00","article_modified_time":"2024-10-16T16:11:38+00:00","og_image":[{"width":720,"height":576,"url":"https:\/\/www.aivp.org\/wp-content\/uploads\/2024\/10\/Photo-mise-en-avant-BON-720-x-576-px-57.png","type":"image\/png"}],"author":"Annabelle ODIEVRE","twitter_card":"summary_large_image","twitter_misc":{"Escrito por":"Annabelle ODIEVRE","Tiempo de lectura":"5 minutos"},"schema":{"@context":"https:\/\/schema.org","@graph":[{"@type":"Article","@id":"https:\/\/www.aivp.org\/es\/newsroom\/premio-aivp-antoine-rufenacht-reunion-del-gran-jurado\/#article","isPartOf":{"@id":"https:\/\/www.aivp.org\/es\/newsroom\/premio-aivp-antoine-rufenacht-reunion-del-gran-jurado\/"},"author":{"name":"Annabelle ODIEVRE","@id":"https:\/\/www.aivp.org\/es\/#\/schema\/person\/4c3bfa8c31cc76e9234924366c00ab90"},"headline":"Premio AIVP Antoine Rufenacht: Reuni\u00f3n del Gran Jurado","datePublished":"2024-10-16T14:30:55+00:00","dateModified":"2024-10-16T16:11:38+00:00","mainEntityOfPage":{"@id":"https:\/\/www.aivp.org\/es\/newsroom\/premio-aivp-antoine-rufenacht-reunion-del-gran-jurado\/"},"wordCount":899,"publisher":{"@id":"https:\/\/www.aivp.org\/es\/#organization"},"image":{"@id":"https:\/\/www.aivp.org\/es\/newsroom\/premio-aivp-antoine-rufenacht-reunion-del-gran-jurado\/#primaryimage"},"thumbnailUrl":"https:\/\/www.aivp.org\/wp-content\/uploads\/2024\/10\/Photo-mise-en-avant-BON-720-x-576-px-57.png","articleSection":["Noticias"],"inLanguage":"es"},{"@type":"WebPage","@id":"https:\/\/www.aivp.org\/es\/newsroom\/premio-aivp-antoine-rufenacht-reunion-del-gran-jurado\/","url":"https:\/\/www.aivp.org\/es\/newsroom\/premio-aivp-antoine-rufenacht-reunion-del-gran-jurado\/","name":"Premio AIVP Antoine Rufenacht: Reuni\u00f3n del Gran Jurado - AIVP","isPartOf":{"@id":"https:\/\/www.aivp.org\/es\/#website"},"primaryImageOfPage":{"@id":"https:\/\/www.aivp.org\/es\/newsroom\/premio-aivp-antoine-rufenacht-reunion-del-gran-jurado\/#primaryimage"},"image":{"@id":"https:\/\/www.aivp.org\/es\/newsroom\/premio-aivp-antoine-rufenacht-reunion-del-gran-jurado\/#primaryimage"},"thumbnailUrl":"https:\/\/www.aivp.org\/wp-content\/uploads\/2024\/10\/Photo-mise-en-avant-BON-720-x-576-px-57.png","datePublished":"2024-10-16T14:30:55+00:00","dateModified":"2024-10-16T16:11:38+00:00","breadcrumb":{"@id":"https:\/\/www.aivp.org\/es\/newsroom\/premio-aivp-antoine-rufenacht-reunion-del-gran-jurado\/#breadcrumb"},"inLanguage":"es","potentialAction":[{"@type":"ReadAction","target":["https:\/\/www.aivp.org\/es\/newsroom\/premio-aivp-antoine-rufenacht-reunion-del-gran-jurado\/"]}]},{"@type":"ImageObject","inLanguage":"es","@id":"https:\/\/www.aivp.org\/es\/newsroom\/premio-aivp-antoine-rufenacht-reunion-del-gran-jurado\/#primaryimage","url":"https:\/\/www.aivp.org\/wp-content\/uploads\/2024\/10\/Photo-mise-en-avant-BON-720-x-576-px-57.png","contentUrl":"https:\/\/www.aivp.org\/wp-content\/uploads\/2024\/10\/Photo-mise-en-avant-BON-720-x-576-px-57.png","width":720,"height":576},{"@type":"BreadcrumbList","@id":"https:\/\/www.aivp.org\/es\/newsroom\/premio-aivp-antoine-rufenacht-reunion-del-gran-jurado\/#breadcrumb","itemListElement":[{"@type":"ListItem","position":1,"name":"Home","item":"https:\/\/www.aivp.org\/es\/"},{"@type":"ListItem","position":2,"name":"Premio AIVP Antoine Rufenacht: Reuni\u00f3n del Gran Jurado"}]},{"@type":"WebSite","@id":"https:\/\/www.aivp.org\/es\/#website","url":"https:\/\/www.aivp.org\/es\/","name":"AIVP","description":"Inspiring people of port cities","publisher":{"@id":"https:\/\/www.aivp.org\/es\/#organization"},"potentialAction":[{"@type":"SearchAction","target":{"@type":"EntryPoint","urlTemplate":"https:\/\/www.aivp.org\/es\/?s={search_term_string}"},"query-input":{"@type":"PropertyValueSpecification","valueRequired":true,"valueName":"search_term_string"}}],"inLanguage":"es"},{"@type":"Organization","@id":"https:\/\/www.aivp.org\/es\/#organization","name":"AIVP","url":"https:\/\/www.aivp.org\/es\/","logo":{"@type":"ImageObject","inLanguage":"es","@id":"https:\/\/www.aivp.org\/es\/#\/schema\/logo\/image\/","url":"https:\/\/www.aivp.org\/wp-content\/uploads\/2020\/07\/cropped-favicon.png","contentUrl":"https:\/\/www.aivp.org\/wp-content\/uploads\/2020\/07\/cropped-favicon.png","width":512,"height":512,"caption":"AIVP"},"image":{"@id":"https:\/\/www.aivp.org\/es\/#\/schema\/logo\/image\/"}},{"@type":"Person","@id":"https:\/\/www.aivp.org\/es\/#\/schema\/person\/4c3bfa8c31cc76e9234924366c00ab90","name":"Annabelle ODIEVRE","image":{"@type":"ImageObject","inLanguage":"es","@id":"https:\/\/www.aivp.org\/es\/#\/schema\/person\/image\/","url":"https:\/\/secure.gravatar.com\/avatar\/a4b8d446b465afb53045c6aed55b88b6?s=96&d=mm&r=g","contentUrl":"https:\/\/secure.gravatar.com\/avatar\/a4b8d446b465afb53045c6aed55b88b6?s=96&d=mm&r=g","caption":"Annabelle ODIEVRE"},"url":"https:\/\/www.aivp.org\/es\/newsroom\/author\/aodievreaivp-org\/"}]}},"featured_image_url":"https:\/\/www.aivp.org\/wp-content\/uploads\/2024\/10\/Photo-mise-en-avant-BON-720-x-576-px-57.png","_links":{"self":[{"href":"https:\/\/www.aivp.org\/es\/wp-json\/wp\/v2\/posts\/127367","targetHints":{"allow":["GET"]}}],"collection":[{"href":"https:\/\/www.aivp.org\/es\/wp-json\/wp\/v2\/posts"}],"about":[{"href":"https:\/\/www.aivp.org\/es\/wp-json\/wp\/v2\/types\/post"}],"author":[{"embeddable":true,"href":"https:\/\/www.aivp.org\/es\/wp-json\/wp\/v2\/users\/119"}],"replies":[{"embeddable":true,"href":"https:\/\/www.aivp.org\/es\/wp-json\/wp\/v2\/comments?post=127367"}],"version-history":[{"count":2,"href":"https:\/\/www.aivp.org\/es\/wp-json\/wp\/v2\/posts\/127367\/revisions"}],"predecessor-version":[{"id":127437,"href":"https:\/\/www.aivp.org\/es\/wp-json\/wp\/v2\/posts\/127367\/revisions\/127437"}],"wp:featuredmedia":[{"embeddable":true,"href":"https:\/\/www.aivp.org\/es\/wp-json\/wp\/v2\/media\/127368"}],"wp:attachment":[{"href":"https:\/\/www.aivp.org\/es\/wp-json\/wp\/v2\/media?parent=127367"}],"wp:term":[{"taxonomy":"category","embeddable":true,"href":"https:\/\/www.aivp.org\/es\/wp-json\/wp\/v2\/categories?post=127367"},{"taxonomy":"post_tag","embeddable":true,"href":"https:\/\/www.aivp.org\/es\/wp-json\/wp\/v2\/tags?post=127367"},{"taxonomy":"goal","embeddable":true,"href":"https:\/\/www.aivp.org\/es\/wp-json\/wp\/v2\/goal?post=127367"}],"curies":[{"name":"wp","href":"https:\/\/api.w.org\/{rel}","templated":true}]}}