{"id":152287,"date":"2026-04-27T15:07:56","date_gmt":"2026-04-27T13:07:56","guid":{"rendered":"https:\/\/www.aivp.org\/newsroom\/le-projet-magpie-expose-a-rotterdam\/"},"modified":"2026-04-27T15:11:46","modified_gmt":"2026-04-27T13:11:46","slug":"le-projet-magpie-expose-a-rotterdam","status":"publish","type":"post","link":"https:\/\/www.aivp.org\/es\/newsroom\/le-projet-magpie-expose-a-rotterdam\/","title":{"rendered":"El proyecto MAGPIE se presenta en R\u00f3terdam"},"content":{"rendered":"\n<p class=\"has--font-size\">La AIVP es socia del proyecto europeo MAGPIE, financiado por el programa Horizon, que busca desarrollar los puertos del futuro, descarbonizados y multimodales. Tras una primera exposici\u00f3n inaugurada en Le Havre a principios de marzo, R\u00f3terdam acoge ahora una muestra interactiva en Portlantis, un espacio dedicado a la divulgaci\u00f3n portuaria. <\/p>\n\n\n<div class=\"wp-block-image\">\n<figure class=\"aligncenter size-full\"><img loading=\"lazy\" decoding=\"async\" width=\"720\" height=\"576\" src=\"https:\/\/www.aivp.org\/wp-content\/uploads\/2026\/04\/my-mise-en-avant-BON-720-x-576-px-2026-04-27T150315.151.png\" alt=\"\" class=\"wp-image-152276\" srcset=\"https:\/\/www.aivp.org\/wp-content\/uploads\/2026\/04\/my-mise-en-avant-BON-720-x-576-px-2026-04-27T150315.151.png 720w, https:\/\/www.aivp.org\/wp-content\/uploads\/2026\/04\/my-mise-en-avant-BON-720-x-576-px-2026-04-27T150315.151-690x552.png 690w, https:\/\/www.aivp.org\/wp-content\/uploads\/2026\/04\/my-mise-en-avant-BON-720-x-576-px-2026-04-27T150315.151-255x204.png 255w, https:\/\/www.aivp.org\/wp-content\/uploads\/2026\/04\/my-mise-en-avant-BON-720-x-576-px-2026-04-27T150315.151-360x288.png 360w, https:\/\/www.aivp.org\/wp-content\/uploads\/2026\/04\/my-mise-en-avant-BON-720-x-576-px-2026-04-27T150315.151-171x137.png 171w, https:\/\/www.aivp.org\/wp-content\/uploads\/2026\/04\/my-mise-en-avant-BON-720-x-576-px-2026-04-27T150315.151-548x438.png 548w\" sizes=\"auto, (max-width: 720px) 100vw, 720px\" \/><\/figure><\/div>\n\n<style>.wp-block-kadence-advancedheading.kt-adv-heading152287_fce506-37, .wp-block-kadence-advancedheading.kt-adv-heading152287_fce506-37[data-kb-block=\"kb-adv-heading152287_fce506-37\"]{font-style:normal;}.wp-block-kadence-advancedheading.kt-adv-heading152287_fce506-37 mark.kt-highlight, .wp-block-kadence-advancedheading.kt-adv-heading152287_fce506-37[data-kb-block=\"kb-adv-heading152287_fce506-37\"] mark.kt-highlight{font-style:normal;color:#f76a0c;-webkit-box-decoration-break:clone;box-decoration-break:clone;padding-top:0px;padding-right:0px;padding-bottom:0px;padding-left:0px;}.wp-block-kadence-advancedheading.kt-adv-heading152287_fce506-37 img.kb-inline-image, .wp-block-kadence-advancedheading.kt-adv-heading152287_fce506-37[data-kb-block=\"kb-adv-heading152287_fce506-37\"] img.kb-inline-image{width:150px;vertical-align:baseline;}<\/style>\n<p class=\"kt-adv-heading152287_fce506-37 wp-block-kadence-advancedheading\" data-kb-block=\"kb-adv-heading152287_fce506-37\">Desde su inicio, el proyecto incluye acciones de sensibilizaci\u00f3n para facilitar la adopci\u00f3n de sus innovaciones. La inauguraci\u00f3n cont\u00f3 con intervenciones de Berte Simons, COO del Puerto de R\u00f3terdam, y Nico van Dooren, director de Innovaci\u00f3n. Los visitantes pueden descubrir cinco maquetas: una locomotora de hidr\u00f3geno, un cami\u00f3n aut\u00f3nomo, una bater\u00eda inteligente, una torre offshore de amarre para recarga el\u00e9ctrica y un contenedor el\u00e9ctrico para barcazas, con animaciones en realidad aumentada.Desde su inicio, el proyecto incluye acciones de sensibilizaci\u00f3n para facilitar la adopci\u00f3n de sus innovaciones. La inauguraci\u00f3n cont\u00f3 con intervenciones de Berte Simons, COO del Puerto de R\u00f3terdam, y Nico van Dooren, director de Innovaci\u00f3n. Los visitantes pueden descubrir cinco maquetas: una locomotora de hidr\u00f3geno, un cami\u00f3n aut\u00f3nomo, una bater\u00eda inteligente, una torre offshore de amarre para recarga el\u00e9ctrica y un contenedor el\u00e9ctrico para barcazas, con animaciones en realidad aumentada. La exposici\u00f3n de R\u00f3terdam es la continuaci\u00f3n de <a href=\"https:\/\/www.magpie-ports.eu\/elementor-6530\/\" type=\"link\" id=\"https:\/\/www.magpie-ports.eu\/elementor-6530\/\">una primera exposici\u00f3n dedicada al proyecto MAGPIE<\/a>, que podr\u00e1 visitarse en el Le Havre Port Center hasta finales de agosto de 2026.<\/p>\n\n\n<div class=\"wp-block-image\">\n<figure class=\"aligncenter size-full\"><img loading=\"lazy\" decoding=\"async\" width=\"720\" height=\"576\" src=\"https:\/\/www.aivp.org\/wp-content\/uploads\/2026\/04\/my-mise-en-avant-BON-720-x-576-px-2026-04-27T150224.367-1.png\" alt=\"\" class=\"wp-image-152279\" srcset=\"https:\/\/www.aivp.org\/wp-content\/uploads\/2026\/04\/my-mise-en-avant-BON-720-x-576-px-2026-04-27T150224.367-1.png 720w, https:\/\/www.aivp.org\/wp-content\/uploads\/2026\/04\/my-mise-en-avant-BON-720-x-576-px-2026-04-27T150224.367-1-690x552.png 690w, https:\/\/www.aivp.org\/wp-content\/uploads\/2026\/04\/my-mise-en-avant-BON-720-x-576-px-2026-04-27T150224.367-1-255x204.png 255w, https:\/\/www.aivp.org\/wp-content\/uploads\/2026\/04\/my-mise-en-avant-BON-720-x-576-px-2026-04-27T150224.367-1-360x288.png 360w, https:\/\/www.aivp.org\/wp-content\/uploads\/2026\/04\/my-mise-en-avant-BON-720-x-576-px-2026-04-27T150224.367-1-171x137.png 171w, https:\/\/www.aivp.org\/wp-content\/uploads\/2026\/04\/my-mise-en-avant-BON-720-x-576-px-2026-04-27T150224.367-1-548x438.png 548w\" sizes=\"auto, (max-width: 720px) 100vw, 720px\" \/><\/figure><\/div>","protected":false},"excerpt":{"rendered":"<p>La AIVP es socia del proyecto europeo MAGPIE, financiado por el programa Horizon, que busca [&hellip;]<\/p>\n","protected":false},"author":416,"featured_media":152284,"comment_status":"closed","ping_status":"closed","sticky":false,"template":"","format":"standard","meta":{"_acf_changed":false,"footnotes":""},"categories":[4856],"tags":[6265,4865,5576],"goal":[],"class_list":["post-152287","post","type-post","status-publish","format-standard","has-post-thumbnail","hentry","category-actualites-es","tag-magpie-es","tag-pays-bas-2-es","tag-rotterdam-es-2"],"acf":[],"yoast_head":"<!-- This site is optimized with the Yoast SEO plugin v26.8 - https:\/\/yoast.com\/product\/yoast-seo-wordpress\/ -->\n<title>El proyecto MAGPIE se presenta en R\u00f3terdam - AIVP<\/title>\n<meta name=\"robots\" content=\"index, follow, max-snippet:-1, max-image-preview:large, max-video-preview:-1\" \/>\n<link rel=\"canonical\" href=\"https:\/\/www.aivp.org\/es\/newsroom\/le-projet-magpie-expose-a-rotterdam\/\" \/>\n<meta property=\"og:locale\" content=\"es_ES\" \/>\n<meta property=\"og:type\" content=\"article\" \/>\n<meta property=\"og:title\" content=\"El proyecto MAGPIE se presenta en R\u00f3terdam - AIVP\" \/>\n<meta property=\"og:description\" content=\"La AIVP es socia del proyecto europeo MAGPIE, financiado por el programa Horizon, que busca [&hellip;]\" \/>\n<meta property=\"og:url\" content=\"https:\/\/www.aivp.org\/es\/newsroom\/le-projet-magpie-expose-a-rotterdam\/\" \/>\n<meta property=\"og:site_name\" content=\"AIVP\" \/>\n<meta property=\"article:published_time\" content=\"2026-04-27T13:07:56+00:00\" \/>\n<meta property=\"article:modified_time\" content=\"2026-04-27T13:11:46+00:00\" \/>\n<meta property=\"og:image\" content=\"https:\/\/www.aivp.org\/wp-content\/uploads\/2026\/04\/my-mise-en-avant-BON-720-x-576-px-2026-04-27T150615.918.png\" \/>\n\t<meta property=\"og:image:width\" content=\"720\" \/>\n\t<meta property=\"og:image:height\" content=\"576\" \/>\n\t<meta property=\"og:image:type\" content=\"image\/png\" \/>\n<meta name=\"author\" content=\"Edgar GILLET\" \/>\n<meta name=\"twitter:card\" content=\"summary_large_image\" \/>\n<meta name=\"twitter:label1\" content=\"Escrito por\" \/>\n\t<meta name=\"twitter:data1\" content=\"Edgar GILLET\" \/>\n\t<meta name=\"twitter:label2\" content=\"Tiempo de lectura\" \/>\n\t<meta name=\"twitter:data2\" content=\"2 minutos\" \/>\n<script type=\"application\/ld+json\" class=\"yoast-schema-graph\">{\"@context\":\"https:\/\/schema.org\",\"@graph\":[{\"@type\":\"Article\",\"@id\":\"https:\/\/www.aivp.org\/es\/newsroom\/le-projet-magpie-expose-a-rotterdam\/#article\",\"isPartOf\":{\"@id\":\"https:\/\/www.aivp.org\/es\/newsroom\/le-projet-magpie-expose-a-rotterdam\/\"},\"author\":{\"name\":\"Edgar GILLET\",\"@id\":\"https:\/\/www.aivp.org\/es\/#\/schema\/person\/d37ca96b3656f9f297cba1a6287026ad\"},\"headline\":\"El proyecto MAGPIE se presenta en R\u00f3terdam\",\"datePublished\":\"2026-04-27T13:07:56+00:00\",\"dateModified\":\"2026-04-27T13:11:46+00:00\",\"mainEntityOfPage\":{\"@id\":\"https:\/\/www.aivp.org\/es\/newsroom\/le-projet-magpie-expose-a-rotterdam\/\"},\"wordCount\":258,\"publisher\":{\"@id\":\"https:\/\/www.aivp.org\/es\/#organization\"},\"image\":{\"@id\":\"https:\/\/www.aivp.org\/es\/newsroom\/le-projet-magpie-expose-a-rotterdam\/#primaryimage\"},\"thumbnailUrl\":\"https:\/\/www.aivp.org\/wp-content\/uploads\/2026\/04\/my-mise-en-avant-BON-720-x-576-px-2026-04-27T150615.918.png\",\"keywords\":[\"MAGPIE\",\"Pays-Bas\",\"Rotterdam\"],\"articleSection\":[\"Noticias\"],\"inLanguage\":\"es\"},{\"@type\":\"WebPage\",\"@id\":\"https:\/\/www.aivp.org\/es\/newsroom\/le-projet-magpie-expose-a-rotterdam\/\",\"url\":\"https:\/\/www.aivp.org\/es\/newsroom\/le-projet-magpie-expose-a-rotterdam\/\",\"name\":\"El proyecto MAGPIE se presenta en R\u00f3terdam - AIVP\",\"isPartOf\":{\"@id\":\"https:\/\/www.aivp.org\/es\/#website\"},\"primaryImageOfPage\":{\"@id\":\"https:\/\/www.aivp.org\/es\/newsroom\/le-projet-magpie-expose-a-rotterdam\/#primaryimage\"},\"image\":{\"@id\":\"https:\/\/www.aivp.org\/es\/newsroom\/le-projet-magpie-expose-a-rotterdam\/#primaryimage\"},\"thumbnailUrl\":\"https:\/\/www.aivp.org\/wp-content\/uploads\/2026\/04\/my-mise-en-avant-BON-720-x-576-px-2026-04-27T150615.918.png\",\"datePublished\":\"2026-04-27T13:07:56+00:00\",\"dateModified\":\"2026-04-27T13:11:46+00:00\",\"breadcrumb\":{\"@id\":\"https:\/\/www.aivp.org\/es\/newsroom\/le-projet-magpie-expose-a-rotterdam\/#breadcrumb\"},\"inLanguage\":\"es\",\"potentialAction\":[{\"@type\":\"ReadAction\",\"target\":[\"https:\/\/www.aivp.org\/es\/newsroom\/le-projet-magpie-expose-a-rotterdam\/\"]}]},{\"@type\":\"ImageObject\",\"inLanguage\":\"es\",\"@id\":\"https:\/\/www.aivp.org\/es\/newsroom\/le-projet-magpie-expose-a-rotterdam\/#primaryimage\",\"url\":\"https:\/\/www.aivp.org\/wp-content\/uploads\/2026\/04\/my-mise-en-avant-BON-720-x-576-px-2026-04-27T150615.918.png\",\"contentUrl\":\"https:\/\/www.aivp.org\/wp-content\/uploads\/2026\/04\/my-mise-en-avant-BON-720-x-576-px-2026-04-27T150615.918.png\",\"width\":720,\"height\":576},{\"@type\":\"BreadcrumbList\",\"@id\":\"https:\/\/www.aivp.org\/es\/newsroom\/le-projet-magpie-expose-a-rotterdam\/#breadcrumb\",\"itemListElement\":[{\"@type\":\"ListItem\",\"position\":1,\"name\":\"Home\",\"item\":\"https:\/\/www.aivp.org\/es\/\"},{\"@type\":\"ListItem\",\"position\":2,\"name\":\"El proyecto MAGPIE se presenta en R\u00f3terdam\"}]},{\"@type\":\"WebSite\",\"@id\":\"https:\/\/www.aivp.org\/es\/#website\",\"url\":\"https:\/\/www.aivp.org\/es\/\",\"name\":\"AIVP\",\"description\":\"Inspiring people of port cities\",\"publisher\":{\"@id\":\"https:\/\/www.aivp.org\/es\/#organization\"},\"potentialAction\":[{\"@type\":\"SearchAction\",\"target\":{\"@type\":\"EntryPoint\",\"urlTemplate\":\"https:\/\/www.aivp.org\/es\/?s={search_term_string}\"},\"query-input\":{\"@type\":\"PropertyValueSpecification\",\"valueRequired\":true,\"valueName\":\"search_term_string\"}}],\"inLanguage\":\"es\"},{\"@type\":\"Organization\",\"@id\":\"https:\/\/www.aivp.org\/es\/#organization\",\"name\":\"AIVP\",\"url\":\"https:\/\/www.aivp.org\/es\/\",\"logo\":{\"@type\":\"ImageObject\",\"inLanguage\":\"es\",\"@id\":\"https:\/\/www.aivp.org\/es\/#\/schema\/logo\/image\/\",\"url\":\"https:\/\/www.aivp.org\/wp-content\/uploads\/2020\/07\/cropped-favicon.png\",\"contentUrl\":\"https:\/\/www.aivp.org\/wp-content\/uploads\/2020\/07\/cropped-favicon.png\",\"width\":512,\"height\":512,\"caption\":\"AIVP\"},\"image\":{\"@id\":\"https:\/\/www.aivp.org\/es\/#\/schema\/logo\/image\/\"}},{\"@type\":\"Person\",\"@id\":\"https:\/\/www.aivp.org\/es\/#\/schema\/person\/d37ca96b3656f9f297cba1a6287026ad\",\"name\":\"Edgar GILLET\",\"image\":{\"@type\":\"ImageObject\",\"inLanguage\":\"es\",\"@id\":\"https:\/\/www.aivp.org\/es\/#\/schema\/person\/image\/\",\"url\":\"https:\/\/secure.gravatar.com\/avatar\/824623864a2aa10e017b94d96948a14e?s=96&d=mm&r=g\",\"contentUrl\":\"https:\/\/secure.gravatar.com\/avatar\/824623864a2aa10e017b94d96948a14e?s=96&d=mm&r=g\",\"caption\":\"Edgar GILLET\"},\"url\":\"https:\/\/www.aivp.org\/es\/newsroom\/author\/egilletaivp-org\/\"}]}<\/script>\n<!-- \/ Yoast SEO plugin. -->","yoast_head_json":{"title":"El proyecto MAGPIE se presenta en R\u00f3terdam - AIVP","robots":{"index":"index","follow":"follow","max-snippet":"max-snippet:-1","max-image-preview":"max-image-preview:large","max-video-preview":"max-video-preview:-1"},"canonical":"https:\/\/www.aivp.org\/es\/newsroom\/le-projet-magpie-expose-a-rotterdam\/","og_locale":"es_ES","og_type":"article","og_title":"El proyecto MAGPIE se presenta en R\u00f3terdam - AIVP","og_description":"La AIVP es socia del proyecto europeo MAGPIE, financiado por el programa Horizon, que busca [&hellip;]","og_url":"https:\/\/www.aivp.org\/es\/newsroom\/le-projet-magpie-expose-a-rotterdam\/","og_site_name":"AIVP","article_published_time":"2026-04-27T13:07:56+00:00","article_modified_time":"2026-04-27T13:11:46+00:00","og_image":[{"width":720,"height":576,"url":"https:\/\/www.aivp.org\/wp-content\/uploads\/2026\/04\/my-mise-en-avant-BON-720-x-576-px-2026-04-27T150615.918.png","type":"image\/png"}],"author":"Edgar GILLET","twitter_card":"summary_large_image","twitter_misc":{"Escrito por":"Edgar GILLET","Tiempo de lectura":"2 minutos"},"schema":{"@context":"https:\/\/schema.org","@graph":[{"@type":"Article","@id":"https:\/\/www.aivp.org\/es\/newsroom\/le-projet-magpie-expose-a-rotterdam\/#article","isPartOf":{"@id":"https:\/\/www.aivp.org\/es\/newsroom\/le-projet-magpie-expose-a-rotterdam\/"},"author":{"name":"Edgar GILLET","@id":"https:\/\/www.aivp.org\/es\/#\/schema\/person\/d37ca96b3656f9f297cba1a6287026ad"},"headline":"El proyecto MAGPIE se presenta en R\u00f3terdam","datePublished":"2026-04-27T13:07:56+00:00","dateModified":"2026-04-27T13:11:46+00:00","mainEntityOfPage":{"@id":"https:\/\/www.aivp.org\/es\/newsroom\/le-projet-magpie-expose-a-rotterdam\/"},"wordCount":258,"publisher":{"@id":"https:\/\/www.aivp.org\/es\/#organization"},"image":{"@id":"https:\/\/www.aivp.org\/es\/newsroom\/le-projet-magpie-expose-a-rotterdam\/#primaryimage"},"thumbnailUrl":"https:\/\/www.aivp.org\/wp-content\/uploads\/2026\/04\/my-mise-en-avant-BON-720-x-576-px-2026-04-27T150615.918.png","keywords":["MAGPIE","Pays-Bas","Rotterdam"],"articleSection":["Noticias"],"inLanguage":"es"},{"@type":"WebPage","@id":"https:\/\/www.aivp.org\/es\/newsroom\/le-projet-magpie-expose-a-rotterdam\/","url":"https:\/\/www.aivp.org\/es\/newsroom\/le-projet-magpie-expose-a-rotterdam\/","name":"El proyecto MAGPIE se presenta en R\u00f3terdam - AIVP","isPartOf":{"@id":"https:\/\/www.aivp.org\/es\/#website"},"primaryImageOfPage":{"@id":"https:\/\/www.aivp.org\/es\/newsroom\/le-projet-magpie-expose-a-rotterdam\/#primaryimage"},"image":{"@id":"https:\/\/www.aivp.org\/es\/newsroom\/le-projet-magpie-expose-a-rotterdam\/#primaryimage"},"thumbnailUrl":"https:\/\/www.aivp.org\/wp-content\/uploads\/2026\/04\/my-mise-en-avant-BON-720-x-576-px-2026-04-27T150615.918.png","datePublished":"2026-04-27T13:07:56+00:00","dateModified":"2026-04-27T13:11:46+00:00","breadcrumb":{"@id":"https:\/\/www.aivp.org\/es\/newsroom\/le-projet-magpie-expose-a-rotterdam\/#breadcrumb"},"inLanguage":"es","potentialAction":[{"@type":"ReadAction","target":["https:\/\/www.aivp.org\/es\/newsroom\/le-projet-magpie-expose-a-rotterdam\/"]}]},{"@type":"ImageObject","inLanguage":"es","@id":"https:\/\/www.aivp.org\/es\/newsroom\/le-projet-magpie-expose-a-rotterdam\/#primaryimage","url":"https:\/\/www.aivp.org\/wp-content\/uploads\/2026\/04\/my-mise-en-avant-BON-720-x-576-px-2026-04-27T150615.918.png","contentUrl":"https:\/\/www.aivp.org\/wp-content\/uploads\/2026\/04\/my-mise-en-avant-BON-720-x-576-px-2026-04-27T150615.918.png","width":720,"height":576},{"@type":"BreadcrumbList","@id":"https:\/\/www.aivp.org\/es\/newsroom\/le-projet-magpie-expose-a-rotterdam\/#breadcrumb","itemListElement":[{"@type":"ListItem","position":1,"name":"Home","item":"https:\/\/www.aivp.org\/es\/"},{"@type":"ListItem","position":2,"name":"El proyecto MAGPIE se presenta en R\u00f3terdam"}]},{"@type":"WebSite","@id":"https:\/\/www.aivp.org\/es\/#website","url":"https:\/\/www.aivp.org\/es\/","name":"AIVP","description":"Inspiring people of port cities","publisher":{"@id":"https:\/\/www.aivp.org\/es\/#organization"},"potentialAction":[{"@type":"SearchAction","target":{"@type":"EntryPoint","urlTemplate":"https:\/\/www.aivp.org\/es\/?s={search_term_string}"},"query-input":{"@type":"PropertyValueSpecification","valueRequired":true,"valueName":"search_term_string"}}],"inLanguage":"es"},{"@type":"Organization","@id":"https:\/\/www.aivp.org\/es\/#organization","name":"AIVP","url":"https:\/\/www.aivp.org\/es\/","logo":{"@type":"ImageObject","inLanguage":"es","@id":"https:\/\/www.aivp.org\/es\/#\/schema\/logo\/image\/","url":"https:\/\/www.aivp.org\/wp-content\/uploads\/2020\/07\/cropped-favicon.png","contentUrl":"https:\/\/www.aivp.org\/wp-content\/uploads\/2020\/07\/cropped-favicon.png","width":512,"height":512,"caption":"AIVP"},"image":{"@id":"https:\/\/www.aivp.org\/es\/#\/schema\/logo\/image\/"}},{"@type":"Person","@id":"https:\/\/www.aivp.org\/es\/#\/schema\/person\/d37ca96b3656f9f297cba1a6287026ad","name":"Edgar GILLET","image":{"@type":"ImageObject","inLanguage":"es","@id":"https:\/\/www.aivp.org\/es\/#\/schema\/person\/image\/","url":"https:\/\/secure.gravatar.com\/avatar\/824623864a2aa10e017b94d96948a14e?s=96&d=mm&r=g","contentUrl":"https:\/\/secure.gravatar.com\/avatar\/824623864a2aa10e017b94d96948a14e?s=96&d=mm&r=g","caption":"Edgar GILLET"},"url":"https:\/\/www.aivp.org\/es\/newsroom\/author\/egilletaivp-org\/"}]}},"featured_image_url":"https:\/\/www.aivp.org\/wp-content\/uploads\/2026\/04\/my-mise-en-avant-BON-720-x-576-px-2026-04-27T150615.918.png","_links":{"self":[{"href":"https:\/\/www.aivp.org\/es\/wp-json\/wp\/v2\/posts\/152287","targetHints":{"allow":["GET"]}}],"collection":[{"href":"https:\/\/www.aivp.org\/es\/wp-json\/wp\/v2\/posts"}],"about":[{"href":"https:\/\/www.aivp.org\/es\/wp-json\/wp\/v2\/types\/post"}],"author":[{"embeddable":true,"href":"https:\/\/www.aivp.org\/es\/wp-json\/wp\/v2\/users\/416"}],"replies":[{"embeddable":true,"href":"https:\/\/www.aivp.org\/es\/wp-json\/wp\/v2\/comments?post=152287"}],"version-history":[{"count":3,"href":"https:\/\/www.aivp.org\/es\/wp-json\/wp\/v2\/posts\/152287\/revisions"}],"predecessor-version":[{"id":152292,"href":"https:\/\/www.aivp.org\/es\/wp-json\/wp\/v2\/posts\/152287\/revisions\/152292"}],"wp:featuredmedia":[{"embeddable":true,"href":"https:\/\/www.aivp.org\/es\/wp-json\/wp\/v2\/media\/152284"}],"wp:attachment":[{"href":"https:\/\/www.aivp.org\/es\/wp-json\/wp\/v2\/media?parent=152287"}],"wp:term":[{"taxonomy":"category","embeddable":true,"href":"https:\/\/www.aivp.org\/es\/wp-json\/wp\/v2\/categories?post=152287"},{"taxonomy":"post_tag","embeddable":true,"href":"https:\/\/www.aivp.org\/es\/wp-json\/wp\/v2\/tags?post=152287"},{"taxonomy":"goal","embeddable":true,"href":"https:\/\/www.aivp.org\/es\/wp-json\/wp\/v2\/goal?post=152287"}],"curies":[{"name":"wp","href":"https:\/\/api.w.org\/{rel}","templated":true}]}}