{"id":152308,"date":"2026-04-27T15:34:50","date_gmt":"2026-04-27T13:34:50","guid":{"rendered":"https:\/\/www.aivp.org\/newsroom\/laivp-a-helsinki\/"},"modified":"2026-04-27T15:40:36","modified_gmt":"2026-04-27T13:40:36","slug":"laivp-a-helsinki","status":"publish","type":"post","link":"https:\/\/www.aivp.org\/es\/newsroom\/laivp-a-helsinki\/","title":{"rendered":"La AIVP en Helsinki"},"content":{"rendered":"\n<p class=\"has--font-size\">Invitado por Ship.Energy, nuestro responsable de proyectos Edgar Gillet asisti\u00f3 al <a href=\"https:\/\/ship.energy\/conference\/nordic-baltic-maritime-forum-26\/\" type=\"link\" id=\"https:\/\/ship.energy\/conference\/nordic-baltic-maritime-forum-26\/\">Nordic Baltic Maritime Forum <\/a>para presentar el proyecto europeo de investigaci\u00f3n MAGPIE (Smart Green Ports of the Future). Esta invitaci\u00f3n se produjo tras la publicaci\u00f3n de un <a href=\"https:\/\/www.magpie-ports.eu\/birds-eye-view-of-the-magpie-project\/\" type=\"link\" id=\"https:\/\/www.magpie-ports.eu\/birds-eye-view-of-the-magpie-project\/\">panorama detallado del proyecto<\/a> en la revista especializada <em>Bunkerspot<\/em>.<\/p>\n\n\n<style>.wp-block-kadence-advancedheading.kt-adv-heading152308_a45646-f3_0, .wp-block-kadence-advancedheading.kt-adv-heading152308_a45646-f3_0[data-kb-block=\"kb-adv-heading152308_a45646-f3_0\"]{font-style:normal;}.wp-block-kadence-advancedheading.kt-adv-heading152308_a45646-f3_0 mark.kt-highlight, .wp-block-kadence-advancedheading.kt-adv-heading152308_a45646-f3_0[data-kb-block=\"kb-adv-heading152308_a45646-f3_0\"] mark.kt-highlight{font-style:normal;color:#f76a0c;-webkit-box-decoration-break:clone;box-decoration-break:clone;padding-top:0px;padding-right:0px;padding-bottom:0px;padding-left:0px;}.wp-block-kadence-advancedheading.kt-adv-heading152308_a45646-f3_0 img.kb-inline-image, .wp-block-kadence-advancedheading.kt-adv-heading152308_a45646-f3_0[data-kb-block=\"kb-adv-heading152308_a45646-f3_0\"] img.kb-inline-image{width:150px;vertical-align:baseline;}<\/style>\n<p class=\"kt-adv-heading152308_a45646-f3_0 wp-block-kadence-advancedheading\" data-kb-block=\"kb-adv-heading152308_a45646-f3_0\">Mientras que las conversaciones del foro se centraron en los combustibles alternativos y sus perspectivas en el mar B\u00e1ltico, el programa del evento tambi\u00e9n incluy\u00f3 intervenciones de David Osborn, director del Departamento de Medio Marino de la Organizaci\u00f3n Mar\u00edtima Internacional; Maja Markov\u010di\u0107 Kostelac, directora ejecutiva de la Agencia Europea de Seguridad Mar\u00edtima; y la ministra de Transportes de Finlandia, Lulu Ranne.<\/p>\n\n\n<div class=\"wp-block-image\">\n<figure class=\"aligncenter size-full\"><img loading=\"lazy\" decoding=\"async\" width=\"720\" height=\"576\" src=\"https:\/\/www.aivp.org\/wp-content\/uploads\/2026\/04\/my-mise-en-avant-BON-720-x-576-px-2026-04-27T153153.626.png\" alt=\"\" class=\"wp-image-152299\" srcset=\"https:\/\/www.aivp.org\/wp-content\/uploads\/2026\/04\/my-mise-en-avant-BON-720-x-576-px-2026-04-27T153153.626.png 720w, https:\/\/www.aivp.org\/wp-content\/uploads\/2026\/04\/my-mise-en-avant-BON-720-x-576-px-2026-04-27T153153.626-690x552.png 690w, https:\/\/www.aivp.org\/wp-content\/uploads\/2026\/04\/my-mise-en-avant-BON-720-x-576-px-2026-04-27T153153.626-255x204.png 255w, https:\/\/www.aivp.org\/wp-content\/uploads\/2026\/04\/my-mise-en-avant-BON-720-x-576-px-2026-04-27T153153.626-360x288.png 360w, https:\/\/www.aivp.org\/wp-content\/uploads\/2026\/04\/my-mise-en-avant-BON-720-x-576-px-2026-04-27T153153.626-171x137.png 171w, https:\/\/www.aivp.org\/wp-content\/uploads\/2026\/04\/my-mise-en-avant-BON-720-x-576-px-2026-04-27T153153.626-548x438.png 548w\" sizes=\"auto, (max-width: 720px) 100vw, 720px\" \/><\/figure><\/div>\n\n\n<p class=\"has--font-size\">El evento fue tambi\u00e9n una oportunidad para que la AIVP se reuniera con uno de los miembros de su red, el Puerto de Helsinki. Ubicado en el hist\u00f3rico edificio Olympiaterminal, construido con motivo de los Juegos Ol\u00edmpicos de 1952, el puerto de Helsinki est\u00e1 actualmente reorganizando su espacio al trasladar sus actividades de contenedores y graneles hacia el oeste de la ciudad. Por su parte, la ciudad recupera el antiguo terminal de contenedores, mientras contin\u00faa el desarrollo de la terminal de ferris que conecta la capital finlandesa con Tallin, la capital de Estonia, una de las rutas m\u00e1s importantes del mundo con unos 8 millones de pasajeros al a\u00f1o.<\/p>\n\n\n<div class=\"wp-block-image\">\n<figure class=\"aligncenter size-full\"><img loading=\"lazy\" decoding=\"async\" width=\"720\" height=\"576\" src=\"https:\/\/www.aivp.org\/wp-content\/uploads\/2026\/04\/my-mise-en-avant-BON-720-x-576-px-2026-04-27T153209.767.png\" alt=\"\" class=\"wp-image-152296\" srcset=\"https:\/\/www.aivp.org\/wp-content\/uploads\/2026\/04\/my-mise-en-avant-BON-720-x-576-px-2026-04-27T153209.767.png 720w, https:\/\/www.aivp.org\/wp-content\/uploads\/2026\/04\/my-mise-en-avant-BON-720-x-576-px-2026-04-27T153209.767-690x552.png 690w, https:\/\/www.aivp.org\/wp-content\/uploads\/2026\/04\/my-mise-en-avant-BON-720-x-576-px-2026-04-27T153209.767-255x204.png 255w, https:\/\/www.aivp.org\/wp-content\/uploads\/2026\/04\/my-mise-en-avant-BON-720-x-576-px-2026-04-27T153209.767-360x288.png 360w, https:\/\/www.aivp.org\/wp-content\/uploads\/2026\/04\/my-mise-en-avant-BON-720-x-576-px-2026-04-27T153209.767-171x137.png 171w, https:\/\/www.aivp.org\/wp-content\/uploads\/2026\/04\/my-mise-en-avant-BON-720-x-576-px-2026-04-27T153209.767-548x438.png 548w\" sizes=\"auto, (max-width: 720px) 100vw, 720px\" \/><\/figure><\/div>\n\n\n<p class=\"has--font-size\">A pesar de la interrupci\u00f3n de los cruceros hacia San Petersburgo, Helsinki tambi\u00e9n se consolida como un destino atractivo para los cruceristas, con cifras en aumento desde el fin de la pandemia. Por ello, su terminal de cruceros tambi\u00e9n ser\u00e1 objeto de una reorganizaci\u00f3n, mientras que el frente mar\u00edtimo del hist\u00f3rico distrito portuario de Katajanokka acoger\u00e1 a medio plazo un conjunto de edificios que incluir\u00e1 un museo dedicado a la historia mar\u00edtima de Helsinki y las nuevas oficinas de la autoridad portuaria, todo ello en concertaci\u00f3n con los residentes.<\/p>\n","protected":false},"excerpt":{"rendered":"<p>Invitado por Ship.Energy, nuestro responsable de proyectos Edgar Gillet asisti\u00f3 al Nordic Baltic Maritime Forum [&hellip;]<\/p>\n","protected":false},"author":416,"featured_media":152304,"comment_status":"closed","ping_status":"closed","sticky":false,"template":"","format":"standard","meta":{"_acf_changed":false,"footnotes":""},"categories":[4856],"tags":[5492,269],"goal":[],"class_list":["post-152308","post","type-post","status-publish","format-standard","has-post-thumbnail","hentry","category-actualites-es","tag-finland-es","tag-helsinki-es"],"acf":[],"yoast_head":"<!-- This site is optimized with the Yoast SEO plugin v26.8 - https:\/\/yoast.com\/product\/yoast-seo-wordpress\/ -->\n<title>La AIVP en Helsinki - AIVP<\/title>\n<meta name=\"robots\" content=\"index, follow, max-snippet:-1, max-image-preview:large, max-video-preview:-1\" \/>\n<link rel=\"canonical\" href=\"https:\/\/www.aivp.org\/es\/newsroom\/laivp-a-helsinki\/\" \/>\n<meta property=\"og:locale\" content=\"es_ES\" \/>\n<meta property=\"og:type\" content=\"article\" \/>\n<meta property=\"og:title\" content=\"La AIVP en Helsinki - AIVP\" \/>\n<meta property=\"og:description\" content=\"Invitado por Ship.Energy, nuestro responsable de proyectos Edgar Gillet asisti\u00f3 al Nordic Baltic Maritime Forum [&hellip;]\" \/>\n<meta property=\"og:url\" content=\"https:\/\/www.aivp.org\/es\/newsroom\/laivp-a-helsinki\/\" \/>\n<meta property=\"og:site_name\" content=\"AIVP\" \/>\n<meta property=\"article:published_time\" content=\"2026-04-27T13:34:50+00:00\" \/>\n<meta property=\"article:modified_time\" content=\"2026-04-27T13:40:36+00:00\" \/>\n<meta property=\"og:image\" content=\"https:\/\/www.aivp.org\/wp-content\/uploads\/2026\/04\/my-mise-en-avant-BON-720-x-576-px-2026-04-27T153006.464.png\" \/>\n\t<meta property=\"og:image:width\" content=\"720\" \/>\n\t<meta property=\"og:image:height\" content=\"576\" \/>\n\t<meta property=\"og:image:type\" content=\"image\/png\" \/>\n<meta name=\"author\" content=\"Edgar GILLET\" \/>\n<meta name=\"twitter:card\" content=\"summary_large_image\" \/>\n<meta name=\"twitter:label1\" content=\"Escrito por\" \/>\n\t<meta name=\"twitter:data1\" content=\"Edgar GILLET\" \/>\n\t<meta name=\"twitter:label2\" content=\"Tiempo de lectura\" \/>\n\t<meta name=\"twitter:data2\" content=\"3 minutos\" \/>\n<script type=\"application\/ld+json\" class=\"yoast-schema-graph\">{\"@context\":\"https:\/\/schema.org\",\"@graph\":[{\"@type\":\"Article\",\"@id\":\"https:\/\/www.aivp.org\/es\/newsroom\/laivp-a-helsinki\/#article\",\"isPartOf\":{\"@id\":\"https:\/\/www.aivp.org\/es\/newsroom\/laivp-a-helsinki\/\"},\"author\":{\"name\":\"Edgar GILLET\",\"@id\":\"https:\/\/www.aivp.org\/es\/#\/schema\/person\/d37ca96b3656f9f297cba1a6287026ad\"},\"headline\":\"La AIVP en Helsinki\",\"datePublished\":\"2026-04-27T13:34:50+00:00\",\"dateModified\":\"2026-04-27T13:40:36+00:00\",\"mainEntityOfPage\":{\"@id\":\"https:\/\/www.aivp.org\/es\/newsroom\/laivp-a-helsinki\/\"},\"wordCount\":332,\"publisher\":{\"@id\":\"https:\/\/www.aivp.org\/es\/#organization\"},\"image\":{\"@id\":\"https:\/\/www.aivp.org\/es\/newsroom\/laivp-a-helsinki\/#primaryimage\"},\"thumbnailUrl\":\"https:\/\/www.aivp.org\/wp-content\/uploads\/2026\/04\/my-mise-en-avant-BON-720-x-576-px-2026-04-27T153006.464.png\",\"keywords\":[\"Finland\",\"Helsinki\"],\"articleSection\":[\"Noticias\"],\"inLanguage\":\"es\"},{\"@type\":\"WebPage\",\"@id\":\"https:\/\/www.aivp.org\/es\/newsroom\/laivp-a-helsinki\/\",\"url\":\"https:\/\/www.aivp.org\/es\/newsroom\/laivp-a-helsinki\/\",\"name\":\"La AIVP en Helsinki - AIVP\",\"isPartOf\":{\"@id\":\"https:\/\/www.aivp.org\/es\/#website\"},\"primaryImageOfPage\":{\"@id\":\"https:\/\/www.aivp.org\/es\/newsroom\/laivp-a-helsinki\/#primaryimage\"},\"image\":{\"@id\":\"https:\/\/www.aivp.org\/es\/newsroom\/laivp-a-helsinki\/#primaryimage\"},\"thumbnailUrl\":\"https:\/\/www.aivp.org\/wp-content\/uploads\/2026\/04\/my-mise-en-avant-BON-720-x-576-px-2026-04-27T153006.464.png\",\"datePublished\":\"2026-04-27T13:34:50+00:00\",\"dateModified\":\"2026-04-27T13:40:36+00:00\",\"breadcrumb\":{\"@id\":\"https:\/\/www.aivp.org\/es\/newsroom\/laivp-a-helsinki\/#breadcrumb\"},\"inLanguage\":\"es\",\"potentialAction\":[{\"@type\":\"ReadAction\",\"target\":[\"https:\/\/www.aivp.org\/es\/newsroom\/laivp-a-helsinki\/\"]}]},{\"@type\":\"ImageObject\",\"inLanguage\":\"es\",\"@id\":\"https:\/\/www.aivp.org\/es\/newsroom\/laivp-a-helsinki\/#primaryimage\",\"url\":\"https:\/\/www.aivp.org\/wp-content\/uploads\/2026\/04\/my-mise-en-avant-BON-720-x-576-px-2026-04-27T153006.464.png\",\"contentUrl\":\"https:\/\/www.aivp.org\/wp-content\/uploads\/2026\/04\/my-mise-en-avant-BON-720-x-576-px-2026-04-27T153006.464.png\",\"width\":720,\"height\":576},{\"@type\":\"BreadcrumbList\",\"@id\":\"https:\/\/www.aivp.org\/es\/newsroom\/laivp-a-helsinki\/#breadcrumb\",\"itemListElement\":[{\"@type\":\"ListItem\",\"position\":1,\"name\":\"Home\",\"item\":\"https:\/\/www.aivp.org\/es\/\"},{\"@type\":\"ListItem\",\"position\":2,\"name\":\"La AIVP en Helsinki\"}]},{\"@type\":\"WebSite\",\"@id\":\"https:\/\/www.aivp.org\/es\/#website\",\"url\":\"https:\/\/www.aivp.org\/es\/\",\"name\":\"AIVP\",\"description\":\"Inspiring people of port cities\",\"publisher\":{\"@id\":\"https:\/\/www.aivp.org\/es\/#organization\"},\"potentialAction\":[{\"@type\":\"SearchAction\",\"target\":{\"@type\":\"EntryPoint\",\"urlTemplate\":\"https:\/\/www.aivp.org\/es\/?s={search_term_string}\"},\"query-input\":{\"@type\":\"PropertyValueSpecification\",\"valueRequired\":true,\"valueName\":\"search_term_string\"}}],\"inLanguage\":\"es\"},{\"@type\":\"Organization\",\"@id\":\"https:\/\/www.aivp.org\/es\/#organization\",\"name\":\"AIVP\",\"url\":\"https:\/\/www.aivp.org\/es\/\",\"logo\":{\"@type\":\"ImageObject\",\"inLanguage\":\"es\",\"@id\":\"https:\/\/www.aivp.org\/es\/#\/schema\/logo\/image\/\",\"url\":\"https:\/\/www.aivp.org\/wp-content\/uploads\/2020\/07\/cropped-favicon.png\",\"contentUrl\":\"https:\/\/www.aivp.org\/wp-content\/uploads\/2020\/07\/cropped-favicon.png\",\"width\":512,\"height\":512,\"caption\":\"AIVP\"},\"image\":{\"@id\":\"https:\/\/www.aivp.org\/es\/#\/schema\/logo\/image\/\"}},{\"@type\":\"Person\",\"@id\":\"https:\/\/www.aivp.org\/es\/#\/schema\/person\/d37ca96b3656f9f297cba1a6287026ad\",\"name\":\"Edgar GILLET\",\"image\":{\"@type\":\"ImageObject\",\"inLanguage\":\"es\",\"@id\":\"https:\/\/www.aivp.org\/es\/#\/schema\/person\/image\/\",\"url\":\"https:\/\/secure.gravatar.com\/avatar\/824623864a2aa10e017b94d96948a14e?s=96&d=mm&r=g\",\"contentUrl\":\"https:\/\/secure.gravatar.com\/avatar\/824623864a2aa10e017b94d96948a14e?s=96&d=mm&r=g\",\"caption\":\"Edgar GILLET\"},\"url\":\"https:\/\/www.aivp.org\/es\/newsroom\/author\/egilletaivp-org\/\"}]}<\/script>\n<!-- \/ Yoast SEO plugin. -->","yoast_head_json":{"title":"La AIVP en Helsinki - AIVP","robots":{"index":"index","follow":"follow","max-snippet":"max-snippet:-1","max-image-preview":"max-image-preview:large","max-video-preview":"max-video-preview:-1"},"canonical":"https:\/\/www.aivp.org\/es\/newsroom\/laivp-a-helsinki\/","og_locale":"es_ES","og_type":"article","og_title":"La AIVP en Helsinki - AIVP","og_description":"Invitado por Ship.Energy, nuestro responsable de proyectos Edgar Gillet asisti\u00f3 al Nordic Baltic Maritime Forum [&hellip;]","og_url":"https:\/\/www.aivp.org\/es\/newsroom\/laivp-a-helsinki\/","og_site_name":"AIVP","article_published_time":"2026-04-27T13:34:50+00:00","article_modified_time":"2026-04-27T13:40:36+00:00","og_image":[{"width":720,"height":576,"url":"https:\/\/www.aivp.org\/wp-content\/uploads\/2026\/04\/my-mise-en-avant-BON-720-x-576-px-2026-04-27T153006.464.png","type":"image\/png"}],"author":"Edgar GILLET","twitter_card":"summary_large_image","twitter_misc":{"Escrito por":"Edgar GILLET","Tiempo de lectura":"3 minutos"},"schema":{"@context":"https:\/\/schema.org","@graph":[{"@type":"Article","@id":"https:\/\/www.aivp.org\/es\/newsroom\/laivp-a-helsinki\/#article","isPartOf":{"@id":"https:\/\/www.aivp.org\/es\/newsroom\/laivp-a-helsinki\/"},"author":{"name":"Edgar GILLET","@id":"https:\/\/www.aivp.org\/es\/#\/schema\/person\/d37ca96b3656f9f297cba1a6287026ad"},"headline":"La AIVP en Helsinki","datePublished":"2026-04-27T13:34:50+00:00","dateModified":"2026-04-27T13:40:36+00:00","mainEntityOfPage":{"@id":"https:\/\/www.aivp.org\/es\/newsroom\/laivp-a-helsinki\/"},"wordCount":332,"publisher":{"@id":"https:\/\/www.aivp.org\/es\/#organization"},"image":{"@id":"https:\/\/www.aivp.org\/es\/newsroom\/laivp-a-helsinki\/#primaryimage"},"thumbnailUrl":"https:\/\/www.aivp.org\/wp-content\/uploads\/2026\/04\/my-mise-en-avant-BON-720-x-576-px-2026-04-27T153006.464.png","keywords":["Finland","Helsinki"],"articleSection":["Noticias"],"inLanguage":"es"},{"@type":"WebPage","@id":"https:\/\/www.aivp.org\/es\/newsroom\/laivp-a-helsinki\/","url":"https:\/\/www.aivp.org\/es\/newsroom\/laivp-a-helsinki\/","name":"La AIVP en Helsinki - AIVP","isPartOf":{"@id":"https:\/\/www.aivp.org\/es\/#website"},"primaryImageOfPage":{"@id":"https:\/\/www.aivp.org\/es\/newsroom\/laivp-a-helsinki\/#primaryimage"},"image":{"@id":"https:\/\/www.aivp.org\/es\/newsroom\/laivp-a-helsinki\/#primaryimage"},"thumbnailUrl":"https:\/\/www.aivp.org\/wp-content\/uploads\/2026\/04\/my-mise-en-avant-BON-720-x-576-px-2026-04-27T153006.464.png","datePublished":"2026-04-27T13:34:50+00:00","dateModified":"2026-04-27T13:40:36+00:00","breadcrumb":{"@id":"https:\/\/www.aivp.org\/es\/newsroom\/laivp-a-helsinki\/#breadcrumb"},"inLanguage":"es","potentialAction":[{"@type":"ReadAction","target":["https:\/\/www.aivp.org\/es\/newsroom\/laivp-a-helsinki\/"]}]},{"@type":"ImageObject","inLanguage":"es","@id":"https:\/\/www.aivp.org\/es\/newsroom\/laivp-a-helsinki\/#primaryimage","url":"https:\/\/www.aivp.org\/wp-content\/uploads\/2026\/04\/my-mise-en-avant-BON-720-x-576-px-2026-04-27T153006.464.png","contentUrl":"https:\/\/www.aivp.org\/wp-content\/uploads\/2026\/04\/my-mise-en-avant-BON-720-x-576-px-2026-04-27T153006.464.png","width":720,"height":576},{"@type":"BreadcrumbList","@id":"https:\/\/www.aivp.org\/es\/newsroom\/laivp-a-helsinki\/#breadcrumb","itemListElement":[{"@type":"ListItem","position":1,"name":"Home","item":"https:\/\/www.aivp.org\/es\/"},{"@type":"ListItem","position":2,"name":"La AIVP en Helsinki"}]},{"@type":"WebSite","@id":"https:\/\/www.aivp.org\/es\/#website","url":"https:\/\/www.aivp.org\/es\/","name":"AIVP","description":"Inspiring people of port cities","publisher":{"@id":"https:\/\/www.aivp.org\/es\/#organization"},"potentialAction":[{"@type":"SearchAction","target":{"@type":"EntryPoint","urlTemplate":"https:\/\/www.aivp.org\/es\/?s={search_term_string}"},"query-input":{"@type":"PropertyValueSpecification","valueRequired":true,"valueName":"search_term_string"}}],"inLanguage":"es"},{"@type":"Organization","@id":"https:\/\/www.aivp.org\/es\/#organization","name":"AIVP","url":"https:\/\/www.aivp.org\/es\/","logo":{"@type":"ImageObject","inLanguage":"es","@id":"https:\/\/www.aivp.org\/es\/#\/schema\/logo\/image\/","url":"https:\/\/www.aivp.org\/wp-content\/uploads\/2020\/07\/cropped-favicon.png","contentUrl":"https:\/\/www.aivp.org\/wp-content\/uploads\/2020\/07\/cropped-favicon.png","width":512,"height":512,"caption":"AIVP"},"image":{"@id":"https:\/\/www.aivp.org\/es\/#\/schema\/logo\/image\/"}},{"@type":"Person","@id":"https:\/\/www.aivp.org\/es\/#\/schema\/person\/d37ca96b3656f9f297cba1a6287026ad","name":"Edgar GILLET","image":{"@type":"ImageObject","inLanguage":"es","@id":"https:\/\/www.aivp.org\/es\/#\/schema\/person\/image\/","url":"https:\/\/secure.gravatar.com\/avatar\/824623864a2aa10e017b94d96948a14e?s=96&d=mm&r=g","contentUrl":"https:\/\/secure.gravatar.com\/avatar\/824623864a2aa10e017b94d96948a14e?s=96&d=mm&r=g","caption":"Edgar GILLET"},"url":"https:\/\/www.aivp.org\/es\/newsroom\/author\/egilletaivp-org\/"}]}},"featured_image_url":"https:\/\/www.aivp.org\/wp-content\/uploads\/2026\/04\/my-mise-en-avant-BON-720-x-576-px-2026-04-27T153006.464.png","_links":{"self":[{"href":"https:\/\/www.aivp.org\/es\/wp-json\/wp\/v2\/posts\/152308","targetHints":{"allow":["GET"]}}],"collection":[{"href":"https:\/\/www.aivp.org\/es\/wp-json\/wp\/v2\/posts"}],"about":[{"href":"https:\/\/www.aivp.org\/es\/wp-json\/wp\/v2\/types\/post"}],"author":[{"embeddable":true,"href":"https:\/\/www.aivp.org\/es\/wp-json\/wp\/v2\/users\/416"}],"replies":[{"embeddable":true,"href":"https:\/\/www.aivp.org\/es\/wp-json\/wp\/v2\/comments?post=152308"}],"version-history":[{"count":1,"href":"https:\/\/www.aivp.org\/es\/wp-json\/wp\/v2\/posts\/152308\/revisions"}],"predecessor-version":[{"id":152312,"href":"https:\/\/www.aivp.org\/es\/wp-json\/wp\/v2\/posts\/152308\/revisions\/152312"}],"wp:featuredmedia":[{"embeddable":true,"href":"https:\/\/www.aivp.org\/es\/wp-json\/wp\/v2\/media\/152304"}],"wp:attachment":[{"href":"https:\/\/www.aivp.org\/es\/wp-json\/wp\/v2\/media?parent=152308"}],"wp:term":[{"taxonomy":"category","embeddable":true,"href":"https:\/\/www.aivp.org\/es\/wp-json\/wp\/v2\/categories?post=152308"},{"taxonomy":"post_tag","embeddable":true,"href":"https:\/\/www.aivp.org\/es\/wp-json\/wp\/v2\/tags?post=152308"},{"taxonomy":"goal","embeddable":true,"href":"https:\/\/www.aivp.org\/es\/wp-json\/wp\/v2\/goal?post=152308"}],"curies":[{"name":"wp","href":"https:\/\/api.w.org\/{rel}","templated":true}]}}