{"id":152331,"date":"2026-04-27T16:21:45","date_gmt":"2026-04-27T14:21:45","guid":{"rendered":"https:\/\/www.aivp.org\/newsroom\/laivp-na-participe-au-processus-de-consultation-citoyenne-de-sept-iles-pour-le-reamenagement-de-son-front-de-mer\/"},"modified":"2026-04-27T16:34:44","modified_gmt":"2026-04-27T14:34:44","slug":"la-aivp-na-participa-en-el-proceso-de-consulta-ciudadana-de-sept-iles-para-la-remodelacion-de-su-frente-maritimo","status":"publish","type":"post","link":"https:\/\/www.aivp.org\/es\/newsroom\/la-aivp-na-participa-en-el-proceso-de-consulta-ciudadana-de-sept-iles-para-la-remodelacion-de-su-frente-maritimo\/","title":{"rendered":"La AIVP NA participa en el proceso de consulta ciudadana de Sept-\u00celes para la remodelaci\u00f3n de su frente mar\u00edtimo"},"content":{"rendered":"\n<p style=\"font-size:15px\">El 23 de abril, el Puerto y el Ayuntamiento de Sept-\u00celes (Canad\u00e1) anunciaron su proyecto \u00abRivage\u00bb (Costa). El proyecto desarrollar\u00e1 el frente mar\u00edtimo y la parte baja de la ciudad, utilizando terrenos que pertenecen tanto al puerto como al ayuntamiento. El objetivo es crear una zona costera din\u00e1mica y accesible que refleje la historia y la cultura de la comunidad. Para ello, el proyecto Rivage se basa en un proceso de cocreaci\u00f3n en el que participan personas con diferentes perfiles, incluyendo ciudadanos y usuarios. Este grupo participar\u00e1 en la elaboraci\u00f3n de un plan director para el desarrollo de la zona costera. El proceso de consulta ciudadana ya comenz\u00f3 en 2022. Caya Hein, directora de AIVP para Am\u00e9rica del Norte, intervino durante el proceso de consulta ciudadana en una mesa redonda el 23 de abril, junto con Steve Dubreuil, antrop\u00f3logo del Mus\u00e9e r\u00e9gional de la C\u00f4te-Nord, y Caroline Girard, de la firma Architecture + Design Urbain, encargados de desarrollar el plan, y como moderadora Marie-Am\u00e9lie Dub\u00e9, de LLio (Laboratoire en innovation ouverte du C\u00e9gep de Rivi\u00e8re-du-Loup), responsable de organizar el proceso de consulta ciudadana. Caya Hein particip\u00f3 a petici\u00f3n del puerto de Sept-\u00celes para aportar casos de \u00e9xito internacionales y ejemplos de c\u00f3mo crear un frente mar\u00edtimo acogedor para todas las partes implicadas.<\/p>\n\n\n<div class=\"row lien-article\">\n    <div class=\"col-12\">\n        \n                    <div class=\"position-relative anime-in-view link-container\">\n\n                            <a href=\"https:\/\/www.portsi.com\/la-ville-de-sept-iles-et-le-port-de-sept-iles-lancent-le-projet-rivage\/\" target=\"_blank\">Port de Sept-\u00celes<\/a>\n\n                            <img decoding=\"async\" class=\"position-absolute image-de-fond\" src=\"https:\/\/www.aivp.org\/wp-content\/themes\/lmc-aivp\/img\/link.svg\">\n\n                    <\/div>\n                                        \n                    <\/div>\n\n    \n\n<\/div>\n\n","protected":false},"excerpt":{"rendered":"<p>El 23 de abril, el Puerto y el Ayuntamiento de Sept-\u00celes (Canad\u00e1) anunciaron su proyecto [&hellip;]<\/p>\n","protected":false},"author":130,"featured_media":152318,"comment_status":"closed","ping_status":"closed","sticky":false,"template":"","format":"standard","meta":{"_acf_changed":false,"footnotes":""},"categories":[4856],"tags":[2253,5614],"goal":[],"class_list":["post-152331","post","type-post","status-publish","format-standard","has-post-thumbnail","hentry","category-actualites-es","tag-canada-3","tag-sept-iles-3"],"acf":[],"yoast_head":"<!-- This site is optimized with the Yoast SEO plugin v26.8 - https:\/\/yoast.com\/product\/yoast-seo-wordpress\/ -->\n<title>La AIVP NA participa en el proceso de consulta ciudadana de Sept-\u00celes para la remodelaci\u00f3n de su frente mar\u00edtimo - AIVP<\/title>\n<meta name=\"robots\" content=\"index, follow, max-snippet:-1, max-image-preview:large, max-video-preview:-1\" \/>\n<link rel=\"canonical\" href=\"https:\/\/www.aivp.org\/es\/newsroom\/la-aivp-na-participa-en-el-proceso-de-consulta-ciudadana-de-sept-iles-para-la-remodelacion-de-su-frente-maritimo\/\" \/>\n<meta property=\"og:locale\" content=\"es_ES\" \/>\n<meta property=\"og:type\" content=\"article\" \/>\n<meta property=\"og:title\" content=\"La AIVP NA participa en el proceso de consulta ciudadana de Sept-\u00celes para la remodelaci\u00f3n de su frente mar\u00edtimo - AIVP\" \/>\n<meta property=\"og:description\" content=\"El 23 de abril, el Puerto y el Ayuntamiento de Sept-\u00celes (Canad\u00e1) anunciaron su proyecto [&hellip;]\" \/>\n<meta property=\"og:url\" content=\"https:\/\/www.aivp.org\/es\/newsroom\/la-aivp-na-participa-en-el-proceso-de-consulta-ciudadana-de-sept-iles-para-la-remodelacion-de-su-frente-maritimo\/\" \/>\n<meta property=\"og:site_name\" content=\"AIVP\" \/>\n<meta property=\"article:published_time\" content=\"2026-04-27T14:21:45+00:00\" \/>\n<meta property=\"article:modified_time\" content=\"2026-04-27T14:34:44+00:00\" \/>\n<meta property=\"og:image\" content=\"https:\/\/www.aivp.org\/wp-content\/uploads\/2026\/04\/Photo-mise-en-avant-BON-720-x-576-px-6.png\" \/>\n\t<meta property=\"og:image:width\" content=\"720\" \/>\n\t<meta property=\"og:image:height\" content=\"576\" \/>\n\t<meta property=\"og:image:type\" content=\"image\/png\" \/>\n<meta name=\"author\" content=\"Caya HEIN\" \/>\n<meta name=\"twitter:card\" content=\"summary_large_image\" \/>\n<meta name=\"twitter:label1\" content=\"Escrito por\" \/>\n\t<meta name=\"twitter:data1\" content=\"Caya HEIN\" \/>\n\t<meta name=\"twitter:label2\" content=\"Tiempo de lectura\" \/>\n\t<meta name=\"twitter:data2\" content=\"2 minutos\" \/>\n<script type=\"application\/ld+json\" class=\"yoast-schema-graph\">{\"@context\":\"https:\/\/schema.org\",\"@graph\":[{\"@type\":\"Article\",\"@id\":\"https:\/\/www.aivp.org\/es\/newsroom\/la-aivp-na-participa-en-el-proceso-de-consulta-ciudadana-de-sept-iles-para-la-remodelacion-de-su-frente-maritimo\/#article\",\"isPartOf\":{\"@id\":\"https:\/\/www.aivp.org\/es\/newsroom\/la-aivp-na-participa-en-el-proceso-de-consulta-ciudadana-de-sept-iles-para-la-remodelacion-de-su-frente-maritimo\/\"},\"author\":{\"name\":\"Caya HEIN\",\"@id\":\"https:\/\/www.aivp.org\/es\/#\/schema\/person\/9bae9f7727a91a1130a91292d0c207c6\"},\"headline\":\"La AIVP NA participa en el proceso de consulta ciudadana de Sept-\u00celes para la remodelaci\u00f3n de su frente mar\u00edtimo\",\"datePublished\":\"2026-04-27T14:21:45+00:00\",\"dateModified\":\"2026-04-27T14:34:44+00:00\",\"mainEntityOfPage\":{\"@id\":\"https:\/\/www.aivp.org\/es\/newsroom\/la-aivp-na-participa-en-el-proceso-de-consulta-ciudadana-de-sept-iles-para-la-remodelacion-de-su-frente-maritimo\/\"},\"wordCount\":247,\"publisher\":{\"@id\":\"https:\/\/www.aivp.org\/es\/#organization\"},\"image\":{\"@id\":\"https:\/\/www.aivp.org\/es\/newsroom\/la-aivp-na-participa-en-el-proceso-de-consulta-ciudadana-de-sept-iles-para-la-remodelacion-de-su-frente-maritimo\/#primaryimage\"},\"thumbnailUrl\":\"https:\/\/www.aivp.org\/wp-content\/uploads\/2026\/04\/Photo-mise-en-avant-BON-720-x-576-px-6.png\",\"keywords\":[\"Canad\u00e1\",\"Sept-Iles\"],\"articleSection\":[\"Noticias\"],\"inLanguage\":\"es\"},{\"@type\":\"WebPage\",\"@id\":\"https:\/\/www.aivp.org\/es\/newsroom\/la-aivp-na-participa-en-el-proceso-de-consulta-ciudadana-de-sept-iles-para-la-remodelacion-de-su-frente-maritimo\/\",\"url\":\"https:\/\/www.aivp.org\/es\/newsroom\/la-aivp-na-participa-en-el-proceso-de-consulta-ciudadana-de-sept-iles-para-la-remodelacion-de-su-frente-maritimo\/\",\"name\":\"La AIVP NA participa en el proceso de consulta ciudadana de Sept-\u00celes para la remodelaci\u00f3n de su frente mar\u00edtimo - AIVP\",\"isPartOf\":{\"@id\":\"https:\/\/www.aivp.org\/es\/#website\"},\"primaryImageOfPage\":{\"@id\":\"https:\/\/www.aivp.org\/es\/newsroom\/la-aivp-na-participa-en-el-proceso-de-consulta-ciudadana-de-sept-iles-para-la-remodelacion-de-su-frente-maritimo\/#primaryimage\"},\"image\":{\"@id\":\"https:\/\/www.aivp.org\/es\/newsroom\/la-aivp-na-participa-en-el-proceso-de-consulta-ciudadana-de-sept-iles-para-la-remodelacion-de-su-frente-maritimo\/#primaryimage\"},\"thumbnailUrl\":\"https:\/\/www.aivp.org\/wp-content\/uploads\/2026\/04\/Photo-mise-en-avant-BON-720-x-576-px-6.png\",\"datePublished\":\"2026-04-27T14:21:45+00:00\",\"dateModified\":\"2026-04-27T14:34:44+00:00\",\"breadcrumb\":{\"@id\":\"https:\/\/www.aivp.org\/es\/newsroom\/la-aivp-na-participa-en-el-proceso-de-consulta-ciudadana-de-sept-iles-para-la-remodelacion-de-su-frente-maritimo\/#breadcrumb\"},\"inLanguage\":\"es\",\"potentialAction\":[{\"@type\":\"ReadAction\",\"target\":[\"https:\/\/www.aivp.org\/es\/newsroom\/la-aivp-na-participa-en-el-proceso-de-consulta-ciudadana-de-sept-iles-para-la-remodelacion-de-su-frente-maritimo\/\"]}]},{\"@type\":\"ImageObject\",\"inLanguage\":\"es\",\"@id\":\"https:\/\/www.aivp.org\/es\/newsroom\/la-aivp-na-participa-en-el-proceso-de-consulta-ciudadana-de-sept-iles-para-la-remodelacion-de-su-frente-maritimo\/#primaryimage\",\"url\":\"https:\/\/www.aivp.org\/wp-content\/uploads\/2026\/04\/Photo-mise-en-avant-BON-720-x-576-px-6.png\",\"contentUrl\":\"https:\/\/www.aivp.org\/wp-content\/uploads\/2026\/04\/Photo-mise-en-avant-BON-720-x-576-px-6.png\",\"width\":720,\"height\":576},{\"@type\":\"BreadcrumbList\",\"@id\":\"https:\/\/www.aivp.org\/es\/newsroom\/la-aivp-na-participa-en-el-proceso-de-consulta-ciudadana-de-sept-iles-para-la-remodelacion-de-su-frente-maritimo\/#breadcrumb\",\"itemListElement\":[{\"@type\":\"ListItem\",\"position\":1,\"name\":\"Home\",\"item\":\"https:\/\/www.aivp.org\/es\/\"},{\"@type\":\"ListItem\",\"position\":2,\"name\":\"La AIVP NA participa en el proceso de consulta ciudadana de Sept-\u00celes para la remodelaci\u00f3n de su frente mar\u00edtimo\"}]},{\"@type\":\"WebSite\",\"@id\":\"https:\/\/www.aivp.org\/es\/#website\",\"url\":\"https:\/\/www.aivp.org\/es\/\",\"name\":\"AIVP\",\"description\":\"Inspiring people of port cities\",\"publisher\":{\"@id\":\"https:\/\/www.aivp.org\/es\/#organization\"},\"potentialAction\":[{\"@type\":\"SearchAction\",\"target\":{\"@type\":\"EntryPoint\",\"urlTemplate\":\"https:\/\/www.aivp.org\/es\/?s={search_term_string}\"},\"query-input\":{\"@type\":\"PropertyValueSpecification\",\"valueRequired\":true,\"valueName\":\"search_term_string\"}}],\"inLanguage\":\"es\"},{\"@type\":\"Organization\",\"@id\":\"https:\/\/www.aivp.org\/es\/#organization\",\"name\":\"AIVP\",\"url\":\"https:\/\/www.aivp.org\/es\/\",\"logo\":{\"@type\":\"ImageObject\",\"inLanguage\":\"es\",\"@id\":\"https:\/\/www.aivp.org\/es\/#\/schema\/logo\/image\/\",\"url\":\"https:\/\/www.aivp.org\/wp-content\/uploads\/2020\/07\/cropped-favicon.png\",\"contentUrl\":\"https:\/\/www.aivp.org\/wp-content\/uploads\/2020\/07\/cropped-favicon.png\",\"width\":512,\"height\":512,\"caption\":\"AIVP\"},\"image\":{\"@id\":\"https:\/\/www.aivp.org\/es\/#\/schema\/logo\/image\/\"}},{\"@type\":\"Person\",\"@id\":\"https:\/\/www.aivp.org\/es\/#\/schema\/person\/9bae9f7727a91a1130a91292d0c207c6\",\"name\":\"Caya HEIN\",\"image\":{\"@type\":\"ImageObject\",\"inLanguage\":\"es\",\"@id\":\"https:\/\/www.aivp.org\/es\/#\/schema\/person\/image\/\",\"url\":\"https:\/\/secure.gravatar.com\/avatar\/59e0eee5a48a975aab3c5117c574ffa2?s=96&d=mm&r=g\",\"contentUrl\":\"https:\/\/secure.gravatar.com\/avatar\/59e0eee5a48a975aab3c5117c574ffa2?s=96&d=mm&r=g\",\"caption\":\"Caya HEIN\"},\"url\":\"https:\/\/www.aivp.org\/es\/newsroom\/author\/cheinaivp-org\/\"}]}<\/script>\n<!-- \/ Yoast SEO plugin. -->","yoast_head_json":{"title":"La AIVP NA participa en el proceso de consulta ciudadana de Sept-\u00celes para la remodelaci\u00f3n de su frente mar\u00edtimo - AIVP","robots":{"index":"index","follow":"follow","max-snippet":"max-snippet:-1","max-image-preview":"max-image-preview:large","max-video-preview":"max-video-preview:-1"},"canonical":"https:\/\/www.aivp.org\/es\/newsroom\/la-aivp-na-participa-en-el-proceso-de-consulta-ciudadana-de-sept-iles-para-la-remodelacion-de-su-frente-maritimo\/","og_locale":"es_ES","og_type":"article","og_title":"La AIVP NA participa en el proceso de consulta ciudadana de Sept-\u00celes para la remodelaci\u00f3n de su frente mar\u00edtimo - AIVP","og_description":"El 23 de abril, el Puerto y el Ayuntamiento de Sept-\u00celes (Canad\u00e1) anunciaron su proyecto [&hellip;]","og_url":"https:\/\/www.aivp.org\/es\/newsroom\/la-aivp-na-participa-en-el-proceso-de-consulta-ciudadana-de-sept-iles-para-la-remodelacion-de-su-frente-maritimo\/","og_site_name":"AIVP","article_published_time":"2026-04-27T14:21:45+00:00","article_modified_time":"2026-04-27T14:34:44+00:00","og_image":[{"width":720,"height":576,"url":"https:\/\/www.aivp.org\/wp-content\/uploads\/2026\/04\/Photo-mise-en-avant-BON-720-x-576-px-6.png","type":"image\/png"}],"author":"Caya HEIN","twitter_card":"summary_large_image","twitter_misc":{"Escrito por":"Caya HEIN","Tiempo de lectura":"2 minutos"},"schema":{"@context":"https:\/\/schema.org","@graph":[{"@type":"Article","@id":"https:\/\/www.aivp.org\/es\/newsroom\/la-aivp-na-participa-en-el-proceso-de-consulta-ciudadana-de-sept-iles-para-la-remodelacion-de-su-frente-maritimo\/#article","isPartOf":{"@id":"https:\/\/www.aivp.org\/es\/newsroom\/la-aivp-na-participa-en-el-proceso-de-consulta-ciudadana-de-sept-iles-para-la-remodelacion-de-su-frente-maritimo\/"},"author":{"name":"Caya HEIN","@id":"https:\/\/www.aivp.org\/es\/#\/schema\/person\/9bae9f7727a91a1130a91292d0c207c6"},"headline":"La AIVP NA participa en el proceso de consulta ciudadana de Sept-\u00celes para la remodelaci\u00f3n de su frente mar\u00edtimo","datePublished":"2026-04-27T14:21:45+00:00","dateModified":"2026-04-27T14:34:44+00:00","mainEntityOfPage":{"@id":"https:\/\/www.aivp.org\/es\/newsroom\/la-aivp-na-participa-en-el-proceso-de-consulta-ciudadana-de-sept-iles-para-la-remodelacion-de-su-frente-maritimo\/"},"wordCount":247,"publisher":{"@id":"https:\/\/www.aivp.org\/es\/#organization"},"image":{"@id":"https:\/\/www.aivp.org\/es\/newsroom\/la-aivp-na-participa-en-el-proceso-de-consulta-ciudadana-de-sept-iles-para-la-remodelacion-de-su-frente-maritimo\/#primaryimage"},"thumbnailUrl":"https:\/\/www.aivp.org\/wp-content\/uploads\/2026\/04\/Photo-mise-en-avant-BON-720-x-576-px-6.png","keywords":["Canad\u00e1","Sept-Iles"],"articleSection":["Noticias"],"inLanguage":"es"},{"@type":"WebPage","@id":"https:\/\/www.aivp.org\/es\/newsroom\/la-aivp-na-participa-en-el-proceso-de-consulta-ciudadana-de-sept-iles-para-la-remodelacion-de-su-frente-maritimo\/","url":"https:\/\/www.aivp.org\/es\/newsroom\/la-aivp-na-participa-en-el-proceso-de-consulta-ciudadana-de-sept-iles-para-la-remodelacion-de-su-frente-maritimo\/","name":"La AIVP NA participa en el proceso de consulta ciudadana de Sept-\u00celes para la remodelaci\u00f3n de su frente mar\u00edtimo - AIVP","isPartOf":{"@id":"https:\/\/www.aivp.org\/es\/#website"},"primaryImageOfPage":{"@id":"https:\/\/www.aivp.org\/es\/newsroom\/la-aivp-na-participa-en-el-proceso-de-consulta-ciudadana-de-sept-iles-para-la-remodelacion-de-su-frente-maritimo\/#primaryimage"},"image":{"@id":"https:\/\/www.aivp.org\/es\/newsroom\/la-aivp-na-participa-en-el-proceso-de-consulta-ciudadana-de-sept-iles-para-la-remodelacion-de-su-frente-maritimo\/#primaryimage"},"thumbnailUrl":"https:\/\/www.aivp.org\/wp-content\/uploads\/2026\/04\/Photo-mise-en-avant-BON-720-x-576-px-6.png","datePublished":"2026-04-27T14:21:45+00:00","dateModified":"2026-04-27T14:34:44+00:00","breadcrumb":{"@id":"https:\/\/www.aivp.org\/es\/newsroom\/la-aivp-na-participa-en-el-proceso-de-consulta-ciudadana-de-sept-iles-para-la-remodelacion-de-su-frente-maritimo\/#breadcrumb"},"inLanguage":"es","potentialAction":[{"@type":"ReadAction","target":["https:\/\/www.aivp.org\/es\/newsroom\/la-aivp-na-participa-en-el-proceso-de-consulta-ciudadana-de-sept-iles-para-la-remodelacion-de-su-frente-maritimo\/"]}]},{"@type":"ImageObject","inLanguage":"es","@id":"https:\/\/www.aivp.org\/es\/newsroom\/la-aivp-na-participa-en-el-proceso-de-consulta-ciudadana-de-sept-iles-para-la-remodelacion-de-su-frente-maritimo\/#primaryimage","url":"https:\/\/www.aivp.org\/wp-content\/uploads\/2026\/04\/Photo-mise-en-avant-BON-720-x-576-px-6.png","contentUrl":"https:\/\/www.aivp.org\/wp-content\/uploads\/2026\/04\/Photo-mise-en-avant-BON-720-x-576-px-6.png","width":720,"height":576},{"@type":"BreadcrumbList","@id":"https:\/\/www.aivp.org\/es\/newsroom\/la-aivp-na-participa-en-el-proceso-de-consulta-ciudadana-de-sept-iles-para-la-remodelacion-de-su-frente-maritimo\/#breadcrumb","itemListElement":[{"@type":"ListItem","position":1,"name":"Home","item":"https:\/\/www.aivp.org\/es\/"},{"@type":"ListItem","position":2,"name":"La AIVP NA participa en el proceso de consulta ciudadana de Sept-\u00celes para la remodelaci\u00f3n de su frente mar\u00edtimo"}]},{"@type":"WebSite","@id":"https:\/\/www.aivp.org\/es\/#website","url":"https:\/\/www.aivp.org\/es\/","name":"AIVP","description":"Inspiring people of port cities","publisher":{"@id":"https:\/\/www.aivp.org\/es\/#organization"},"potentialAction":[{"@type":"SearchAction","target":{"@type":"EntryPoint","urlTemplate":"https:\/\/www.aivp.org\/es\/?s={search_term_string}"},"query-input":{"@type":"PropertyValueSpecification","valueRequired":true,"valueName":"search_term_string"}}],"inLanguage":"es"},{"@type":"Organization","@id":"https:\/\/www.aivp.org\/es\/#organization","name":"AIVP","url":"https:\/\/www.aivp.org\/es\/","logo":{"@type":"ImageObject","inLanguage":"es","@id":"https:\/\/www.aivp.org\/es\/#\/schema\/logo\/image\/","url":"https:\/\/www.aivp.org\/wp-content\/uploads\/2020\/07\/cropped-favicon.png","contentUrl":"https:\/\/www.aivp.org\/wp-content\/uploads\/2020\/07\/cropped-favicon.png","width":512,"height":512,"caption":"AIVP"},"image":{"@id":"https:\/\/www.aivp.org\/es\/#\/schema\/logo\/image\/"}},{"@type":"Person","@id":"https:\/\/www.aivp.org\/es\/#\/schema\/person\/9bae9f7727a91a1130a91292d0c207c6","name":"Caya HEIN","image":{"@type":"ImageObject","inLanguage":"es","@id":"https:\/\/www.aivp.org\/es\/#\/schema\/person\/image\/","url":"https:\/\/secure.gravatar.com\/avatar\/59e0eee5a48a975aab3c5117c574ffa2?s=96&d=mm&r=g","contentUrl":"https:\/\/secure.gravatar.com\/avatar\/59e0eee5a48a975aab3c5117c574ffa2?s=96&d=mm&r=g","caption":"Caya HEIN"},"url":"https:\/\/www.aivp.org\/es\/newsroom\/author\/cheinaivp-org\/"}]}},"featured_image_url":"https:\/\/www.aivp.org\/wp-content\/uploads\/2026\/04\/Photo-mise-en-avant-BON-720-x-576-px-6.png","_links":{"self":[{"href":"https:\/\/www.aivp.org\/es\/wp-json\/wp\/v2\/posts\/152331","targetHints":{"allow":["GET"]}}],"collection":[{"href":"https:\/\/www.aivp.org\/es\/wp-json\/wp\/v2\/posts"}],"about":[{"href":"https:\/\/www.aivp.org\/es\/wp-json\/wp\/v2\/types\/post"}],"author":[{"embeddable":true,"href":"https:\/\/www.aivp.org\/es\/wp-json\/wp\/v2\/users\/130"}],"replies":[{"embeddable":true,"href":"https:\/\/www.aivp.org\/es\/wp-json\/wp\/v2\/comments?post=152331"}],"version-history":[{"count":2,"href":"https:\/\/www.aivp.org\/es\/wp-json\/wp\/v2\/posts\/152331\/revisions"}],"predecessor-version":[{"id":152336,"href":"https:\/\/www.aivp.org\/es\/wp-json\/wp\/v2\/posts\/152331\/revisions\/152336"}],"wp:featuredmedia":[{"embeddable":true,"href":"https:\/\/www.aivp.org\/es\/wp-json\/wp\/v2\/media\/152318"}],"wp:attachment":[{"href":"https:\/\/www.aivp.org\/es\/wp-json\/wp\/v2\/media?parent=152331"}],"wp:term":[{"taxonomy":"category","embeddable":true,"href":"https:\/\/www.aivp.org\/es\/wp-json\/wp\/v2\/categories?post=152331"},{"taxonomy":"post_tag","embeddable":true,"href":"https:\/\/www.aivp.org\/es\/wp-json\/wp\/v2\/tags?post=152331"},{"taxonomy":"goal","embeddable":true,"href":"https:\/\/www.aivp.org\/es\/wp-json\/wp\/v2\/goal?post=152331"}],"curies":[{"name":"wp","href":"https:\/\/api.w.org\/{rel}","templated":true}]}}