{"id":26979,"date":"2019-09-27T13:57:00","date_gmt":"2019-09-27T11:57:00","guid":{"rendered":"https:\/\/www.aivp.org\/newsroom\/un-port-center-dedicado-a-los-super-yates-en-antibes-estara-listo-en-2021\/"},"modified":"2021-02-09T15:22:39","modified_gmt":"2021-02-09T14:22:39","slug":"un-port-center-dedicado-a-los-super-yates-en-antibes-estara-listo-en-2021","status":"publish","type":"post","link":"https:\/\/www.aivp.org\/es\/newsroom\/un-port-center-dedicado-a-los-super-yates-en-antibes-estara-listo-en-2021\/","title":{"rendered":"Un Port Center dedicado a los super yates en Antibes estar\u00e1 listo en 2021"},"content":{"rendered":"<p><em>El 17 de septiembre 2019, en respuesta a la invitaci\u00f3n de la C\u00e1mara de Comercio e Industria Nice Cote d\u2019Azur, Olivier Lemaire, Director General de la AIVP, viaj\u00f3 a Antibes para intervenir en el Workshop del proyecto europeo Gran Itinerario Tirr\u00e9nico Accesible (GRITACCESS) sobre el patrimonio portuario. Este programa europeo sobre la accesibilidad del patrimonio, que cuenta con 15 socios participantes procedentes de 5 regiones transfronterizas, trata de desarrollar una red tur\u00edstica. Olivier Lemaire hizo hincapi\u00e9 en la importancia de valorar los elementos patrimoniales y la arquitectura de las ciudades portuarias.<\/em><!--more--><\/p>\n<h1>Workshop puerto y patrimonio<\/h1>\n<p>La presencia de edificios ic\u00f3nicos, ya sean antiguos o recientes, culturales y tambi\u00e9n industriales, en las interfaces ciudad puerto, permite reforzar los v\u00ednculos entre los ciudadanos y la ciudad portuaria \u00ab<strong>ofreciendo el puerto a la vista<\/strong>\u00ab. La valoraci\u00f3n del paisaje portuario, jugando con la complementariedad de los espacios y de la diversidad de escalas, se convierte de esta manera en una estrategia para integrar el puerto a la ciudad y reforzar el sentimiento de identidad propia de cada ciudad portuaria. Tanto los ciudadanos como los visitantes celebran el ambiente portuario, que en s\u00ed se convierte en un factor de atractividad y de din\u00e1mica econ\u00f3mica para la ciudad.<\/p>\n<p>Los elementos patrimoniales emblem\u00e1ticos de la ciudad de Antibes, el Fort Carr\u00e9, el puerto deportivo y el muelle de los grandes yates, el casco antiguo detr\u00e1s de sus murallas, se convierten de esta manera en <strong>elementos de di\u00e1logo entre las funciones portuarias y las funciones urbanas, a trav\u00e9s de su valoraci\u00f3n<\/strong>.<\/p>\n<p>El tema de la integraci\u00f3n societal de los puertos tambi\u00e9n es de gran actualidad para los grandes puertos deportivos como Antibes. <strong>La din\u00e1mica econ\u00f3mica relacionada con los super yates a\u00fan es mal entendida o incluso mal vista por la poblaci\u00f3n, y conviene poder explic\u00e1rsela a los ciudadanos.<\/strong> Los empleos relacionados con esta actividad son muchas veces desconocidos y las relaciones con el contexto urbano a\u00fan deben ser valoradas. La idea de desarrollar en Antibes un Port Center con la marca de la AIVP siguiendo el ejemplo de Lorient et de Le Havre, que tambi\u00e9n expusieron sus logros en el workshop, se inscribe en esta nueva din\u00e1mica de integraci\u00f3n societal.<\/p>\n<h1>Firma de la carta Port Center<\/h1>\n<p>La AIVP se enorgullece de haber podido firmar con la ciudad de Antibes, representada por su alcalde, el Sr. Jean Leonetti, y con la CCI Nice Cote d\u2019Azur, representada por su Presidente, el Sr. Jean-Pierre SAVARINO, la <a href=\"https:\/\/www.aivp.org\/portcenternetwork\/files\/2019\/06\/Charte-PCN_espagnol_mars2019-basse-def.pdf\" target=\"_blank\" rel=\"noopener\">Carta de las Misiones de un Port Center<\/a>, acto fundacional de la creaci\u00f3n de un Port Center, cuya apertura est\u00e1 prevista para 2021. La AIVP tambi\u00e9n se comprometi\u00f3 a acompa\u00f1ar este proyecto con gran atenci\u00f3n y a contribuir con su experticia.<\/p>\n<hr \/>\n<p>En 2014, la AIVP tom\u00f3 la iniciativa de conceptualizar la idea de <a href=\"https:\/\/www.aivp.org\/portcenternetwork\/\" target=\"_blank\" rel=\"noopener\">Port Center<\/a>, herramienta al servicio de una mejor integraci\u00f3n entre la ciudad, el puerto y los ciudadanos contenida en una <a href=\"https:\/\/www.aivp.org\/portcenternetwork\/how-can-we-assist-you\/the-missions-charter-of-a-port-center\/\" target=\"_blank\" rel=\"noopener\">carta<\/a> innovadora que ha sido adoptada en m\u00e1s de 15 ciudades portuarias:<\/p>\n<ul>\n<li>Amberes (B\u00e9lgica)<\/li>\n<li>G\u00e9nova (Italia)<\/li>\n<li>Le Havre (Francia)<\/li>\n<li>Livorno (Italia)<\/li>\n<li>Montreal (Canad\u00e1)<\/li>\n<li>Ashdod (Israel)<\/li>\n<li>Guadalupe (Francia)<\/li>\n<li>Transnet Port Authority (Sud\u00e1frica)<\/li>\n<li>Dubl\u00edn (Irlanda)<\/li>\n<li>Lorient (Francia)<\/li>\n<li>Quebec (Canad\u00e1)<\/li>\n<li><a href=\"https:\/\/www.aivp.org\/es\/2017\/06\/14\/port-metro-vancouver-firma-la-carta-de-las-misiones-de-un-port-center-de-la-aivp-para-fomentar-el-discovery-centre-del-puerto-de-vancouver-y-los-programas-de-participacion-comunitaria-asociados\/\" target=\"_blank\" rel=\"noopener\">Vancouver<\/a> (Canada)<\/li>\n<li><a href=\"https:\/\/www.aivp.org\/es\/2017\/07\/07\/el-puerto-de-bruselas-y-la-comunidad-portuaria-de-bruselas-se-suman-a-los-signatarios-de-la-carta-de-las-misiones-de-un-port-center-de-la-aivp\/\" target=\"_blank\" rel=\"noopener\">Bruselas<\/a> (B\u00e9lgica)<\/li>\n<li><a href=\"https:\/\/www.aivp.org\/es\/2017\/09\/19\/ahora-con-la-carta-de-los-port-centers-los-marselleses-se-encuentran-en-el-centro-de-la-relacion-puerto-ciudad\/\" target=\"_blank\" rel=\"noopener\">Marsella<\/a> (Francia)<\/li>\n<li><a href=\"https:\/\/www.aivp.org\/es\/2018\/11\/30\/le-port-la-reunion-firma-la-carta-de-las-misiones-de-un-port-center\/\" target=\"_blank\" rel=\"noopener\">Le Port<\/a>, La Reuni\u00f3n, Francia<\/li>\n<\/ul>\n<p>El Port Center es <strong>una herramienta de acci\u00f3n y educaci\u00f3n indispensable para desarrollar una cultura mar\u00edtima y portuaria y contribuir de manera m\u00e1s eficaz a la animaci\u00f3n y desarrollo de sinergias entre todos los actores<\/strong>: profesionales, instituciones y ciudadanos.<\/p>\n","protected":false},"excerpt":{"rendered":"<p>El 17 de septiembre 2019, en respuesta a la invitaci\u00f3n de la C\u00e1mara de Comercio [&hellip;]<\/p>\n","protected":false},"author":13,"featured_media":37018,"comment_status":"closed","ping_status":"closed","sticky":false,"template":"","format":"standard","meta":{"_acf_changed":false,"footnotes":""},"categories":[],"tags":[],"goal":[2132],"class_list":["post-26979","post","type-post","status-publish","format-standard","has-post-thumbnail","hentry","goal-cultura-e-identidad"],"acf":[],"yoast_head":"<!-- This site is optimized with the Yoast SEO plugin v26.8 - https:\/\/yoast.com\/product\/yoast-seo-wordpress\/ -->\n<title>Un Port Center dedicado a los super yates en Antibes estar\u00e1 listo en 2021 - AIVP<\/title>\n<meta name=\"robots\" content=\"index, follow, max-snippet:-1, max-image-preview:large, max-video-preview:-1\" \/>\n<link rel=\"canonical\" href=\"https:\/\/www.aivp.org\/es\/newsroom\/un-port-center-dedicado-a-los-super-yates-en-antibes-estara-listo-en-2021\/\" \/>\n<meta property=\"og:locale\" content=\"es_ES\" \/>\n<meta property=\"og:type\" content=\"article\" \/>\n<meta property=\"og:title\" content=\"Un Port Center dedicado a los super yates en Antibes estar\u00e1 listo en 2021 - AIVP\" \/>\n<meta property=\"og:description\" content=\"El 17 de septiembre 2019, en respuesta a la invitaci\u00f3n de la C\u00e1mara de Comercio [&hellip;]\" \/>\n<meta property=\"og:url\" content=\"https:\/\/www.aivp.org\/es\/newsroom\/un-port-center-dedicado-a-los-super-yates-en-antibes-estara-listo-en-2021\/\" \/>\n<meta property=\"og:site_name\" content=\"AIVP\" \/>\n<meta property=\"article:published_time\" content=\"2019-09-27T11:57:00+00:00\" \/>\n<meta property=\"article:modified_time\" content=\"2021-02-09T14:22:39+00:00\" \/>\n<meta property=\"og:image\" content=\"https:\/\/www.aivp.org\/wp-content\/uploads\/2021\/01\/signature-charte-port-center-antibes.jpg\" \/>\n\t<meta property=\"og:image:width\" content=\"1000\" \/>\n\t<meta property=\"og:image:height\" content=\"667\" \/>\n\t<meta property=\"og:image:type\" content=\"image\/jpeg\" \/>\n<meta name=\"author\" content=\"Chlo\u00e9 COLBOC\" \/>\n<meta name=\"twitter:card\" content=\"summary_large_image\" \/>\n<meta name=\"twitter:label1\" content=\"Escrito por\" \/>\n\t<meta name=\"twitter:data1\" content=\"Chlo\u00e9 COLBOC\" \/>\n\t<meta name=\"twitter:label2\" content=\"Tiempo de lectura\" \/>\n\t<meta name=\"twitter:data2\" content=\"3 minutos\" \/>\n<script type=\"application\/ld+json\" class=\"yoast-schema-graph\">{\"@context\":\"https:\/\/schema.org\",\"@graph\":[{\"@type\":\"Article\",\"@id\":\"https:\/\/www.aivp.org\/es\/newsroom\/un-port-center-dedicado-a-los-super-yates-en-antibes-estara-listo-en-2021\/#article\",\"isPartOf\":{\"@id\":\"https:\/\/www.aivp.org\/es\/newsroom\/un-port-center-dedicado-a-los-super-yates-en-antibes-estara-listo-en-2021\/\"},\"author\":{\"name\":\"Chlo\u00e9 COLBOC\",\"@id\":\"https:\/\/www.aivp.org\/es\/#\/schema\/person\/492a19cab6d235c20616f66946feeb45\"},\"headline\":\"Un Port Center dedicado a los super yates en Antibes estar\u00e1 listo en 2021\",\"datePublished\":\"2019-09-27T11:57:00+00:00\",\"dateModified\":\"2021-02-09T14:22:39+00:00\",\"mainEntityOfPage\":{\"@id\":\"https:\/\/www.aivp.org\/es\/newsroom\/un-port-center-dedicado-a-los-super-yates-en-antibes-estara-listo-en-2021\/\"},\"wordCount\":616,\"publisher\":{\"@id\":\"https:\/\/www.aivp.org\/es\/#organization\"},\"image\":{\"@id\":\"https:\/\/www.aivp.org\/es\/newsroom\/un-port-center-dedicado-a-los-super-yates-en-antibes-estara-listo-en-2021\/#primaryimage\"},\"thumbnailUrl\":\"https:\/\/www.aivp.org\/wp-content\/uploads\/2021\/01\/signature-charte-port-center-antibes.jpg\",\"inLanguage\":\"es\"},{\"@type\":\"WebPage\",\"@id\":\"https:\/\/www.aivp.org\/es\/newsroom\/un-port-center-dedicado-a-los-super-yates-en-antibes-estara-listo-en-2021\/\",\"url\":\"https:\/\/www.aivp.org\/es\/newsroom\/un-port-center-dedicado-a-los-super-yates-en-antibes-estara-listo-en-2021\/\",\"name\":\"Un Port Center dedicado a los super yates en Antibes estar\u00e1 listo en 2021 - AIVP\",\"isPartOf\":{\"@id\":\"https:\/\/www.aivp.org\/es\/#website\"},\"primaryImageOfPage\":{\"@id\":\"https:\/\/www.aivp.org\/es\/newsroom\/un-port-center-dedicado-a-los-super-yates-en-antibes-estara-listo-en-2021\/#primaryimage\"},\"image\":{\"@id\":\"https:\/\/www.aivp.org\/es\/newsroom\/un-port-center-dedicado-a-los-super-yates-en-antibes-estara-listo-en-2021\/#primaryimage\"},\"thumbnailUrl\":\"https:\/\/www.aivp.org\/wp-content\/uploads\/2021\/01\/signature-charte-port-center-antibes.jpg\",\"datePublished\":\"2019-09-27T11:57:00+00:00\",\"dateModified\":\"2021-02-09T14:22:39+00:00\",\"breadcrumb\":{\"@id\":\"https:\/\/www.aivp.org\/es\/newsroom\/un-port-center-dedicado-a-los-super-yates-en-antibes-estara-listo-en-2021\/#breadcrumb\"},\"inLanguage\":\"es\",\"potentialAction\":[{\"@type\":\"ReadAction\",\"target\":[\"https:\/\/www.aivp.org\/es\/newsroom\/un-port-center-dedicado-a-los-super-yates-en-antibes-estara-listo-en-2021\/\"]}]},{\"@type\":\"ImageObject\",\"inLanguage\":\"es\",\"@id\":\"https:\/\/www.aivp.org\/es\/newsroom\/un-port-center-dedicado-a-los-super-yates-en-antibes-estara-listo-en-2021\/#primaryimage\",\"url\":\"https:\/\/www.aivp.org\/wp-content\/uploads\/2021\/01\/signature-charte-port-center-antibes.jpg\",\"contentUrl\":\"https:\/\/www.aivp.org\/wp-content\/uploads\/2021\/01\/signature-charte-port-center-antibes.jpg\",\"width\":1000,\"height\":667,\"caption\":\"Signature de la charte Workshop international \\\"PORTS ET PATRIMOINES\\\" 17.09.2019.Yann COATSALIOU\/360 MEDIAS\"},{\"@type\":\"BreadcrumbList\",\"@id\":\"https:\/\/www.aivp.org\/es\/newsroom\/un-port-center-dedicado-a-los-super-yates-en-antibes-estara-listo-en-2021\/#breadcrumb\",\"itemListElement\":[{\"@type\":\"ListItem\",\"position\":1,\"name\":\"Home\",\"item\":\"https:\/\/www.aivp.org\/es\/\"},{\"@type\":\"ListItem\",\"position\":2,\"name\":\"Un Port Center dedicado a los super yates en Antibes estar\u00e1 listo en 2021\"}]},{\"@type\":\"WebSite\",\"@id\":\"https:\/\/www.aivp.org\/es\/#website\",\"url\":\"https:\/\/www.aivp.org\/es\/\",\"name\":\"AIVP\",\"description\":\"Inspiring people of port cities\",\"publisher\":{\"@id\":\"https:\/\/www.aivp.org\/es\/#organization\"},\"potentialAction\":[{\"@type\":\"SearchAction\",\"target\":{\"@type\":\"EntryPoint\",\"urlTemplate\":\"https:\/\/www.aivp.org\/es\/?s={search_term_string}\"},\"query-input\":{\"@type\":\"PropertyValueSpecification\",\"valueRequired\":true,\"valueName\":\"search_term_string\"}}],\"inLanguage\":\"es\"},{\"@type\":\"Organization\",\"@id\":\"https:\/\/www.aivp.org\/es\/#organization\",\"name\":\"AIVP\",\"url\":\"https:\/\/www.aivp.org\/es\/\",\"logo\":{\"@type\":\"ImageObject\",\"inLanguage\":\"es\",\"@id\":\"https:\/\/www.aivp.org\/es\/#\/schema\/logo\/image\/\",\"url\":\"https:\/\/www.aivp.org\/wp-content\/uploads\/2020\/07\/cropped-favicon.png\",\"contentUrl\":\"https:\/\/www.aivp.org\/wp-content\/uploads\/2020\/07\/cropped-favicon.png\",\"width\":512,\"height\":512,\"caption\":\"AIVP\"},\"image\":{\"@id\":\"https:\/\/www.aivp.org\/es\/#\/schema\/logo\/image\/\"}},{\"@type\":\"Person\",\"@id\":\"https:\/\/www.aivp.org\/es\/#\/schema\/person\/492a19cab6d235c20616f66946feeb45\",\"name\":\"Chlo\u00e9 COLBOC\",\"image\":{\"@type\":\"ImageObject\",\"inLanguage\":\"es\",\"@id\":\"https:\/\/www.aivp.org\/es\/#\/schema\/person\/image\/\",\"url\":\"https:\/\/secure.gravatar.com\/avatar\/7be117de39e60fb8c224f12ffa7c2e22?s=96&d=mm&r=g\",\"contentUrl\":\"https:\/\/secure.gravatar.com\/avatar\/7be117de39e60fb8c224f12ffa7c2e22?s=96&d=mm&r=g\",\"caption\":\"Chlo\u00e9 COLBOC\"},\"url\":\"https:\/\/www.aivp.org\/es\/newsroom\/author\/ccolbocaivp-org\/\"}]}<\/script>\n<!-- \/ Yoast SEO plugin. -->","yoast_head_json":{"title":"Un Port Center dedicado a los super yates en Antibes estar\u00e1 listo en 2021 - AIVP","robots":{"index":"index","follow":"follow","max-snippet":"max-snippet:-1","max-image-preview":"max-image-preview:large","max-video-preview":"max-video-preview:-1"},"canonical":"https:\/\/www.aivp.org\/es\/newsroom\/un-port-center-dedicado-a-los-super-yates-en-antibes-estara-listo-en-2021\/","og_locale":"es_ES","og_type":"article","og_title":"Un Port Center dedicado a los super yates en Antibes estar\u00e1 listo en 2021 - AIVP","og_description":"El 17 de septiembre 2019, en respuesta a la invitaci\u00f3n de la C\u00e1mara de Comercio [&hellip;]","og_url":"https:\/\/www.aivp.org\/es\/newsroom\/un-port-center-dedicado-a-los-super-yates-en-antibes-estara-listo-en-2021\/","og_site_name":"AIVP","article_published_time":"2019-09-27T11:57:00+00:00","article_modified_time":"2021-02-09T14:22:39+00:00","og_image":[{"width":1000,"height":667,"url":"https:\/\/www.aivp.org\/wp-content\/uploads\/2021\/01\/signature-charte-port-center-antibes.jpg","type":"image\/jpeg"}],"author":"Chlo\u00e9 COLBOC","twitter_card":"summary_large_image","twitter_misc":{"Escrito por":"Chlo\u00e9 COLBOC","Tiempo de lectura":"3 minutos"},"schema":{"@context":"https:\/\/schema.org","@graph":[{"@type":"Article","@id":"https:\/\/www.aivp.org\/es\/newsroom\/un-port-center-dedicado-a-los-super-yates-en-antibes-estara-listo-en-2021\/#article","isPartOf":{"@id":"https:\/\/www.aivp.org\/es\/newsroom\/un-port-center-dedicado-a-los-super-yates-en-antibes-estara-listo-en-2021\/"},"author":{"name":"Chlo\u00e9 COLBOC","@id":"https:\/\/www.aivp.org\/es\/#\/schema\/person\/492a19cab6d235c20616f66946feeb45"},"headline":"Un Port Center dedicado a los super yates en Antibes estar\u00e1 listo en 2021","datePublished":"2019-09-27T11:57:00+00:00","dateModified":"2021-02-09T14:22:39+00:00","mainEntityOfPage":{"@id":"https:\/\/www.aivp.org\/es\/newsroom\/un-port-center-dedicado-a-los-super-yates-en-antibes-estara-listo-en-2021\/"},"wordCount":616,"publisher":{"@id":"https:\/\/www.aivp.org\/es\/#organization"},"image":{"@id":"https:\/\/www.aivp.org\/es\/newsroom\/un-port-center-dedicado-a-los-super-yates-en-antibes-estara-listo-en-2021\/#primaryimage"},"thumbnailUrl":"https:\/\/www.aivp.org\/wp-content\/uploads\/2021\/01\/signature-charte-port-center-antibes.jpg","inLanguage":"es"},{"@type":"WebPage","@id":"https:\/\/www.aivp.org\/es\/newsroom\/un-port-center-dedicado-a-los-super-yates-en-antibes-estara-listo-en-2021\/","url":"https:\/\/www.aivp.org\/es\/newsroom\/un-port-center-dedicado-a-los-super-yates-en-antibes-estara-listo-en-2021\/","name":"Un Port Center dedicado a los super yates en Antibes estar\u00e1 listo en 2021 - AIVP","isPartOf":{"@id":"https:\/\/www.aivp.org\/es\/#website"},"primaryImageOfPage":{"@id":"https:\/\/www.aivp.org\/es\/newsroom\/un-port-center-dedicado-a-los-super-yates-en-antibes-estara-listo-en-2021\/#primaryimage"},"image":{"@id":"https:\/\/www.aivp.org\/es\/newsroom\/un-port-center-dedicado-a-los-super-yates-en-antibes-estara-listo-en-2021\/#primaryimage"},"thumbnailUrl":"https:\/\/www.aivp.org\/wp-content\/uploads\/2021\/01\/signature-charte-port-center-antibes.jpg","datePublished":"2019-09-27T11:57:00+00:00","dateModified":"2021-02-09T14:22:39+00:00","breadcrumb":{"@id":"https:\/\/www.aivp.org\/es\/newsroom\/un-port-center-dedicado-a-los-super-yates-en-antibes-estara-listo-en-2021\/#breadcrumb"},"inLanguage":"es","potentialAction":[{"@type":"ReadAction","target":["https:\/\/www.aivp.org\/es\/newsroom\/un-port-center-dedicado-a-los-super-yates-en-antibes-estara-listo-en-2021\/"]}]},{"@type":"ImageObject","inLanguage":"es","@id":"https:\/\/www.aivp.org\/es\/newsroom\/un-port-center-dedicado-a-los-super-yates-en-antibes-estara-listo-en-2021\/#primaryimage","url":"https:\/\/www.aivp.org\/wp-content\/uploads\/2021\/01\/signature-charte-port-center-antibes.jpg","contentUrl":"https:\/\/www.aivp.org\/wp-content\/uploads\/2021\/01\/signature-charte-port-center-antibes.jpg","width":1000,"height":667,"caption":"Signature de la charte Workshop international \"PORTS ET PATRIMOINES\" 17.09.2019.Yann COATSALIOU\/360 MEDIAS"},{"@type":"BreadcrumbList","@id":"https:\/\/www.aivp.org\/es\/newsroom\/un-port-center-dedicado-a-los-super-yates-en-antibes-estara-listo-en-2021\/#breadcrumb","itemListElement":[{"@type":"ListItem","position":1,"name":"Home","item":"https:\/\/www.aivp.org\/es\/"},{"@type":"ListItem","position":2,"name":"Un Port Center dedicado a los super yates en Antibes estar\u00e1 listo en 2021"}]},{"@type":"WebSite","@id":"https:\/\/www.aivp.org\/es\/#website","url":"https:\/\/www.aivp.org\/es\/","name":"AIVP","description":"Inspiring people of port cities","publisher":{"@id":"https:\/\/www.aivp.org\/es\/#organization"},"potentialAction":[{"@type":"SearchAction","target":{"@type":"EntryPoint","urlTemplate":"https:\/\/www.aivp.org\/es\/?s={search_term_string}"},"query-input":{"@type":"PropertyValueSpecification","valueRequired":true,"valueName":"search_term_string"}}],"inLanguage":"es"},{"@type":"Organization","@id":"https:\/\/www.aivp.org\/es\/#organization","name":"AIVP","url":"https:\/\/www.aivp.org\/es\/","logo":{"@type":"ImageObject","inLanguage":"es","@id":"https:\/\/www.aivp.org\/es\/#\/schema\/logo\/image\/","url":"https:\/\/www.aivp.org\/wp-content\/uploads\/2020\/07\/cropped-favicon.png","contentUrl":"https:\/\/www.aivp.org\/wp-content\/uploads\/2020\/07\/cropped-favicon.png","width":512,"height":512,"caption":"AIVP"},"image":{"@id":"https:\/\/www.aivp.org\/es\/#\/schema\/logo\/image\/"}},{"@type":"Person","@id":"https:\/\/www.aivp.org\/es\/#\/schema\/person\/492a19cab6d235c20616f66946feeb45","name":"Chlo\u00e9 COLBOC","image":{"@type":"ImageObject","inLanguage":"es","@id":"https:\/\/www.aivp.org\/es\/#\/schema\/person\/image\/","url":"https:\/\/secure.gravatar.com\/avatar\/7be117de39e60fb8c224f12ffa7c2e22?s=96&d=mm&r=g","contentUrl":"https:\/\/secure.gravatar.com\/avatar\/7be117de39e60fb8c224f12ffa7c2e22?s=96&d=mm&r=g","caption":"Chlo\u00e9 COLBOC"},"url":"https:\/\/www.aivp.org\/es\/newsroom\/author\/ccolbocaivp-org\/"}]}},"featured_image_url":"https:\/\/www.aivp.org\/wp-content\/uploads\/2021\/01\/signature-charte-port-center-antibes.jpg","_links":{"self":[{"href":"https:\/\/www.aivp.org\/es\/wp-json\/wp\/v2\/posts\/26979","targetHints":{"allow":["GET"]}}],"collection":[{"href":"https:\/\/www.aivp.org\/es\/wp-json\/wp\/v2\/posts"}],"about":[{"href":"https:\/\/www.aivp.org\/es\/wp-json\/wp\/v2\/types\/post"}],"author":[{"embeddable":true,"href":"https:\/\/www.aivp.org\/es\/wp-json\/wp\/v2\/users\/13"}],"replies":[{"embeddable":true,"href":"https:\/\/www.aivp.org\/es\/wp-json\/wp\/v2\/comments?post=26979"}],"version-history":[{"count":0,"href":"https:\/\/www.aivp.org\/es\/wp-json\/wp\/v2\/posts\/26979\/revisions"}],"wp:featuredmedia":[{"embeddable":true,"href":"https:\/\/www.aivp.org\/es\/wp-json\/wp\/v2\/media\/37018"}],"wp:attachment":[{"href":"https:\/\/www.aivp.org\/es\/wp-json\/wp\/v2\/media?parent=26979"}],"wp:term":[{"taxonomy":"category","embeddable":true,"href":"https:\/\/www.aivp.org\/es\/wp-json\/wp\/v2\/categories?post=26979"},{"taxonomy":"post_tag","embeddable":true,"href":"https:\/\/www.aivp.org\/es\/wp-json\/wp\/v2\/tags?post=26979"},{"taxonomy":"goal","embeddable":true,"href":"https:\/\/www.aivp.org\/es\/wp-json\/wp\/v2\/goal?post=26979"}],"curies":[{"name":"wp","href":"https:\/\/api.w.org\/{rel}","templated":true}]}}