{"id":26983,"date":"2019-10-21T13:57:00","date_gmt":"2019-10-21T11:57:00","guid":{"rendered":"https:\/\/www.aivp.org\/newsroom\/puerto-de-bilbao-innovando-para-reconectar-con-los-ciudadanos\/"},"modified":"2021-02-18T11:10:14","modified_gmt":"2021-02-18T10:10:14","slug":"puerto-de-bilbao-innovando-para-reconectar-con-los-ciudadanos","status":"publish","type":"post","link":"https:\/\/www.aivp.org\/es\/newsroom\/puerto-de-bilbao-innovando-para-reconectar-con-los-ciudadanos\/","title":{"rendered":"Puerto de Bilbao: innovando para reconectar con los ciudadanos"},"content":{"rendered":"<h2>Entrevista con el Sr. Ricardo Barkala Zumelzu \u2013 Presidente de la Autoridad Portuaria de Bilbao<\/h2>\n<p>El puerto de Bilbao es el mayor puerto de la costa atl\u00e1ntica espa\u00f1ola y uno de los principales puertos del pa\u00eds con un tr\u00e1fico en 2018 de casi 36 millones de toneladas. Al mismo tiempo, el \u00e1rea metropolitana de Bilbao concentra una poblaci\u00f3n superior al mill\u00f3n de personas. En las \u00faltimas d\u00e9cadas el waterfront urbano ha sufrido grandes modificaciones, reconocido globalmente por su obra m\u00e1s simb\u00f3lica, el Museo Guggenheim. Sin embargo, la operaci\u00f3n urban\u00edstica es mucho m\u00e1s compleja que el famoso equipamiento cultural, incluyendo por ejemplo planos urbanos para la zona de Abandoibarra, o m\u00e1s recientemente Zorrotzaurre. En este proceso de transformaci\u00f3n, el puerto ha jugado un papel fundamental, liberando terrenos y relocalizando distintas operaciones en la fachada mar\u00edtima. Esta nueva configuraci\u00f3n portuaria implica nuevos desaf\u00edos, c\u00f3mo la conexi\u00f3n con los ciudadanos que ya no tienen una conexi\u00f3n tan directa con las actividades portuarias como ocurr\u00eda anteriormente.\u00a0 <!--more--><\/p>\n<p>En esta entrevista preguntamos al presidente de la Autoridad Portuaria de Bilbao sobre las medidas que se est\u00e1n llevando a cabo para favorecer la integraci\u00f3n social del puerto. Entre \u00e9stas, se incluye en nuevo Port Center, donde tendr\u00e1 lugar el <span style=\"text-decoration: underline; color: #0000ff;\"><a style=\"color: #0000ff; text-decoration: underline;\" href=\"https:\/\/www.aivp.org\/portcenternetwork\/es\/bilbao\/\" target=\"_blank\" rel=\"noopener\">6\u00ba Encuentro Ciudadano<\/a><\/span> de la red de Port Centers de AIVP.<\/p>\n<figure id=\"attachment_38231\" aria-describedby=\"caption-attachment-38231\" style=\"width: 640px\" class=\"wp-caption alignnone\"><img loading=\"lazy\" decoding=\"async\" class=\"size-full wp-image-38231\" src=\"https:\/\/www.aivp.org\/wp-content\/uploads\/2019\/10\/04_puerto-de-bilbao-junio-16-8289_web-1.jpg\" alt=\"\" width=\"640\" height=\"427\" srcset=\"https:\/\/www.aivp.org\/wp-content\/uploads\/2019\/10\/04_puerto-de-bilbao-junio-16-8289_web-1.jpg 640w, https:\/\/www.aivp.org\/wp-content\/uploads\/2019\/10\/04_puerto-de-bilbao-junio-16-8289_web-1-255x170.jpg 255w, https:\/\/www.aivp.org\/wp-content\/uploads\/2019\/10\/04_puerto-de-bilbao-junio-16-8289_web-1-360x240.jpg 360w, https:\/\/www.aivp.org\/wp-content\/uploads\/2019\/10\/04_puerto-de-bilbao-junio-16-8289_web-1-171x114.jpg 171w, https:\/\/www.aivp.org\/wp-content\/uploads\/2019\/10\/04_puerto-de-bilbao-junio-16-8289_web-1-548x366.jpg 548w\" sizes=\"auto, (max-width: 640px) 100vw, 640px\" \/><figcaption id=\"caption-attachment-38231\" class=\"wp-caption-text\">Port of Bilbao<\/figcaption><\/figure>\n<p><em>La <span style=\"color: #0000ff;\"><a style=\"color: #0000ff;\" href=\"https:\/\/www.bilbaoport.eus\/\" target=\"_blank\" rel=\"noopener\">Autoridad Portuaria de Bilbao<\/a><\/span> es un miembro de la AIVP desde 1989!<\/em><\/p>\n<p><em>y la <a href=\"http:\/\/www.bilbao.eus\" target=\"_blank\" rel=\"noopener\"><span style=\"color: #0000ff;\">Ayuntamiento de Bilbao<\/span><\/a> desde 2005<\/em><\/p>\n<p><em><span style=\"color: #800080;\"><strong>AIVP \u2013<\/strong> <\/span>El puerto de Bilbao ha evolucionado en las \u00faltimas d\u00e9cadas, abandonando su posici\u00f3n central en el n\u00facleo urbano y expandi\u00e9ndose en El Abra exterior. Considerando esta nueva configuraci\u00f3n del puerto \u00bfC\u00f3mo caracteriza la relaci\u00f3n puerto-ciudad hoy en d\u00eda en Bilbao? \u00bfC\u00f3mo se articula la relaci\u00f3n del puerto con otros municipios lim\u00edtrofes c\u00f3mo Santurtzi, Getxo o Portugalete?<\/em><\/p>\n<p><strong>Ricardo Barkala Zumelzu,\u00a0Presidente de la Autoridad Portuaria de Bilbao <\/strong><strong>\u2013 <\/strong>El puerto de Bilbao, efectivamente, no est\u00e1 en el centro de la ciudad y eso es bueno para la ciudad, pero negativo para la percepci\u00f3n que se puede tener de \u00e9l. Nosotros queremos que la ciudadan\u00eda lo conozca, ser una entidad cercana y valorada como motor de la econom\u00eda. Dentro de las actividades que emprendemos en este sentido, mantenemos una estrecha relaci\u00f3n con los nueve municipios ribere\u00f1os, donde a\u00fan tenemos superficies, y en especial con aquellos donde se desarrolla especialmente nuestra actividad como Santurtzi y Zierbena, en el caso del tr\u00e1fico de mercanc\u00edas y pasajeros de ferry, y Getxo, que acoge nuestras terminales de cruceros. Sin olvidar, claro est\u00e1, Bilbao, la ciudad donde empez\u00f3 todo, la ciudad a la que el Puerto dio nombre, y la ciudad en cuya regeneraci\u00f3n hemos contribuido estrechamente a trav\u00e9s de la sociedad Bilbao R\u00eda 2000 y ahora a trav\u00e9s de la Comisi\u00f3n gestora de Zorrotzaurre.<\/p>\n<figure id=\"attachment_38234\" aria-describedby=\"caption-attachment-38234\" style=\"width: 640px\" class=\"wp-caption alignnone\"><img loading=\"lazy\" decoding=\"async\" class=\"size-full wp-image-38234\" src=\"https:\/\/www.aivp.org\/wp-content\/uploads\/2019\/10\/03_8603_web-1.jpg\" alt=\"\" width=\"640\" height=\"381\" srcset=\"https:\/\/www.aivp.org\/wp-content\/uploads\/2019\/10\/03_8603_web-1.jpg 640w, https:\/\/www.aivp.org\/wp-content\/uploads\/2019\/10\/03_8603_web-1-255x152.jpg 255w, https:\/\/www.aivp.org\/wp-content\/uploads\/2019\/10\/03_8603_web-1-360x214.jpg 360w, https:\/\/www.aivp.org\/wp-content\/uploads\/2019\/10\/03_8603_web-1-171x102.jpg 171w, https:\/\/www.aivp.org\/wp-content\/uploads\/2019\/10\/03_8603_web-1-548x326.jpg 548w\" sizes=\"auto, (max-width: 640px) 100vw, 640px\" \/><figcaption id=\"caption-attachment-38234\" class=\"wp-caption-text\">Guggenheim Museum on the Waterfront<\/figcaption><\/figure>\n<p>Mantenemos una estrecha relaci\u00f3n porque estamos en esos municipios y tambi\u00e9n por nuestra responsabilidad social corporativa como entidad p\u00fablica que somos. \u00bfDe qu\u00e9 manera mantenemos ese contacto? Por un lado, porque Santurtzi, Zierbena y Bilbao cuentan con representantes en nuestro consejo de administraci\u00f3n. Por otro lado, en la participaci\u00f3n activa en la Fundaci\u00f3n Puerto y R\u00eda de Bilbao; en la implicaci\u00f3n en un gran n\u00famero de actividades y patrocinios de eventos deportivos y culturales; en el apoyo a foros para promocionar el empleo; en el mantenimiento de nuestro patrimonio y de paseos ribere\u00f1os \u2026Pero si me tengo que quedar con un par de actividades para afianzar esa relaci\u00f3n puerto-ciudad, una ser\u00eda la celebraci\u00f3n del d\u00eda del puerto, en el que abrimos nuestras puertas y mostramos nuestra actividad de un modo l\u00fadico; y, sobre todo, las visitas diarias que organizamos a nuestras instalaciones. El a\u00f1o pasado, nos visitaron 7.500 personas, entre escolares, universitarios y adultos en general.<\/p>\n<p><em><span style=\"color: #800080;\"><strong>AIVP \u2013<\/strong> <\/span>En 2011, la autoridad portuaria de Bilbao junto 9 ayuntamientos cercanos al puerto crean la Fundaci\u00f3n Puerto y R\u00eda de Bilbao para favorecer la integraci\u00f3n y reconocimiento social del puerto \u00bfC\u00f3mo eval\u00faa sus acciones hasta hoy?<br \/>\n<\/em><\/p>\n<p><strong>Ricardo Barkala Zumelzu \u2013<\/strong> La Fundaci\u00f3n tiene como objetivo principal promover y desarrollar planes y actuaciones de inter\u00e9s general, con una amplia proyecci\u00f3n socio-cultural y recreativa, que permita un mejor conocimiento de la relevancia presente e hist\u00f3rica del Puerto de Bilbao y de la propia R\u00eda de Bilbao en el desarrollo econ\u00f3mico y social e integraci\u00f3n de los municipios ribere\u00f1os, as\u00ed como el fomento y desarrollo de proyectos e iniciativas vinculadas a la innovaci\u00f3n en el sector portuario. Vamos dando pasos conjuntos importantes, con actividades anuales en todos los municipios y, por quinto a\u00f1o consecutivo, ofrecemos un \u00abPrograma de Pr\u00e1cticas en Empresa\u00bb para j\u00f3venes que se desarrollara, en el marco de la colaboraci\u00f3n entre los miembros del patronato, en las \u00e1reas funcionales de los distintos departamentos de la Autoridad Portuaria de Bilbao. Es un balance muy positivo y queremos seguir creciendo y aumentando la actividad de la Fundaci\u00f3n.<\/p>\n<p><em><span style=\"color: #800080;\"><strong>AIVP \u2013 <\/strong><\/span>Adem\u00e1s de la Fundaci\u00f3n, la autoridad portuaria inaugur\u00f3 en 2018 el nuevo Port Center conectado al museo mar\u00edtimo de Bilbao, que el <a href=\"https:\/\/www.aivp.org\/portcenternetwork\/es\/bilbao\/\" target=\"_blank\" rel=\"noopener\">24 y 25 de octubre tendremos la oportunidad de conocer durante el Citizen Port Meeting<\/a>. \u00bfNos puede indicar brevemente cu\u00e1l fue la motivaci\u00f3n principal para crear este nuevo equipamiento y cu\u00e1les son sus principales objetivos?<\/em><\/p>\n<p><strong>Ricardo Barkala Zumelzu \u2013<\/strong> Los puertos deben llevar a cabo todas sus actividades y asumir sus responsabilidades, incluyendo en ellas no s\u00f3lo el cumplimiento de la normativa, sino tambi\u00e9n mirando al futuro y siendo valedores de lo que nos aporta el pasado. Por eso, desde sus inicios formamos parte del patronato del Museo Mar\u00edtimo y, por ello tambi\u00e9n, en 2018 dimos un paso m\u00e1s creando en este museo un Port Center del que nos sentimos sumamente orgullosos y satisfechos, para acercar al ciudadano nuestra actividad y nuestra importancia econ\u00f3mica.<\/p>\n<p>El Puerto de Bilbao es m\u00e1s que un enclave donde atracan buques y se carga y descarga mercanc\u00eda. Este Puerto es un centro log\u00edstico industrial de referencia en el eje atl\u00e1ntico, que contribuye a la mejora de la competitividad en el comercio internacional. Su actividad aporta el 1,29% del PIB de la CAPV y el 2,55% del de Bizkaia. Asimismo, contribuye al mantenimiento de cerca de 11.500 empleos.<\/p>\n<p>Con este Port Center queremos, por lo tanto, acercarnos a los ciudadanos y ciudadanas de todas las edades, de una manera l\u00fadica y, de acuerdo a los nuevos tiempos, de la mano de la m\u00e1s moderna tecnolog\u00eda. Nos hemos fijado como meta que se conozca su importancia y el trabajo de los hombres y mujeres que desarrollan su actividad profesional en un puerto comercial, de su alta capacitaci\u00f3n, de lo preciso y esencial que es su trabajo, que empieza cuando una mercanc\u00eda se quiere exportar hasta que llega el buque, se carga y este parte rumbo a uno de los 900 puertos con los que estamos conectado. Pr\u00e1cticos, remolcadores, amarradores, estibadores, consignatarios, transitarios, transportistas, capitanes\u2026.todos ellos est\u00e1n representados en esta peque\u00f1a y a la vez ambiciosa recreaci\u00f3n de c\u00f3mo funciona un puerto como Bilbao, donde la profesionalidad y la calidad se dan la mano con unos altos est\u00e1ndares en materia de sostenibilidad.<\/p>\n<div id='gallery-1' class='gallery galleryid-26983 gallery-columns-3 gallery-size-full'><figure class='gallery-item'>\n\t\t\t<div class='gallery-icon landscape'>\n\t\t\t\t<a href='https:\/\/www.aivp.org\/es\/newsroom\/puerto-de-bilbao-innovando-para-reconectar-con-los-ciudadanos\/06_portcenter_mgl8863_web-2\/'><img loading=\"lazy\" decoding=\"async\" width=\"600\" height=\"400\" src=\"https:\/\/www.aivp.org\/wp-content\/uploads\/2019\/10\/06_portcenter_mgl8863_web-1.jpg\" class=\"attachment-full size-full\" alt=\"\" aria-describedby=\"gallery-1-38238\" srcset=\"https:\/\/www.aivp.org\/wp-content\/uploads\/2019\/10\/06_portcenter_mgl8863_web-1.jpg 600w, https:\/\/www.aivp.org\/wp-content\/uploads\/2019\/10\/06_portcenter_mgl8863_web-1-255x170.jpg 255w, https:\/\/www.aivp.org\/wp-content\/uploads\/2019\/10\/06_portcenter_mgl8863_web-1-360x240.jpg 360w, https:\/\/www.aivp.org\/wp-content\/uploads\/2019\/10\/06_portcenter_mgl8863_web-1-171x114.jpg 171w, https:\/\/www.aivp.org\/wp-content\/uploads\/2019\/10\/06_portcenter_mgl8863_web-1-548x365.jpg 548w\" sizes=\"auto, (max-width: 600px) 100vw, 600px\" \/><\/a>\n\t\t\t<\/div>\n\t\t\t\t<figcaption class='wp-caption-text gallery-caption' id='gallery-1-38238'>\n\t\t\t\tPort Center of Bilbao\n\t\t\t\t<\/figcaption><\/figure><figure class='gallery-item'>\n\t\t\t<div class='gallery-icon landscape'>\n\t\t\t\t<a href='https:\/\/www.aivp.org\/es\/newsroom\/puerto-de-bilbao-innovando-para-reconectar-con-los-ciudadanos\/07_a3a0826_web-2\/'><img loading=\"lazy\" decoding=\"async\" width=\"640\" height=\"427\" src=\"https:\/\/www.aivp.org\/wp-content\/uploads\/2019\/10\/07_a3a0826_web-1.jpg\" class=\"attachment-full size-full\" alt=\"\" aria-describedby=\"gallery-1-38241\" srcset=\"https:\/\/www.aivp.org\/wp-content\/uploads\/2019\/10\/07_a3a0826_web-1.jpg 640w, https:\/\/www.aivp.org\/wp-content\/uploads\/2019\/10\/07_a3a0826_web-1-255x170.jpg 255w, https:\/\/www.aivp.org\/wp-content\/uploads\/2019\/10\/07_a3a0826_web-1-360x240.jpg 360w, https:\/\/www.aivp.org\/wp-content\/uploads\/2019\/10\/07_a3a0826_web-1-171x114.jpg 171w, https:\/\/www.aivp.org\/wp-content\/uploads\/2019\/10\/07_a3a0826_web-1-548x366.jpg 548w\" sizes=\"auto, (max-width: 640px) 100vw, 640px\" \/><\/a>\n\t\t\t<\/div>\n\t\t\t\t<figcaption class='wp-caption-text gallery-caption' id='gallery-1-38241'>\n\t\t\t\tPort Center of Bilbao\n\t\t\t\t<\/figcaption><\/figure><figure class='gallery-item'>\n\t\t\t<div class='gallery-icon landscape'>\n\t\t\t\t<a href='https:\/\/www.aivp.org\/es\/newsroom\/puerto-de-bilbao-innovando-para-reconectar-con-los-ciudadanos\/08_a3a0863_web-2\/'><img loading=\"lazy\" decoding=\"async\" width=\"640\" height=\"359\" src=\"https:\/\/www.aivp.org\/wp-content\/uploads\/2019\/10\/08_a3a0863_web-1.jpg\" class=\"attachment-full size-full\" alt=\"\" aria-describedby=\"gallery-1-38244\" srcset=\"https:\/\/www.aivp.org\/wp-content\/uploads\/2019\/10\/08_a3a0863_web-1.jpg 640w, https:\/\/www.aivp.org\/wp-content\/uploads\/2019\/10\/08_a3a0863_web-1-255x143.jpg 255w, https:\/\/www.aivp.org\/wp-content\/uploads\/2019\/10\/08_a3a0863_web-1-360x202.jpg 360w, https:\/\/www.aivp.org\/wp-content\/uploads\/2019\/10\/08_a3a0863_web-1-171x96.jpg 171w, https:\/\/www.aivp.org\/wp-content\/uploads\/2019\/10\/08_a3a0863_web-1-548x307.jpg 548w\" sizes=\"auto, (max-width: 640px) 100vw, 640px\" \/><\/a>\n\t\t\t<\/div>\n\t\t\t\t<figcaption class='wp-caption-text gallery-caption' id='gallery-1-38244'>\n\t\t\t\tPort Center of Bilbao\n\t\t\t\t<\/figcaption><\/figure><figure class='gallery-item'>\n\t\t\t<div class='gallery-icon landscape'>\n\t\t\t\t<a href='https:\/\/www.aivp.org\/es\/newsroom\/puerto-de-bilbao-innovando-para-reconectar-con-los-ciudadanos\/09_portcenter_mgl9004_web-2\/'><img loading=\"lazy\" decoding=\"async\" width=\"600\" height=\"400\" src=\"https:\/\/www.aivp.org\/wp-content\/uploads\/2019\/10\/09_portcenter_mgl9004_web-1.jpg\" class=\"attachment-full size-full\" alt=\"\" aria-describedby=\"gallery-1-38247\" srcset=\"https:\/\/www.aivp.org\/wp-content\/uploads\/2019\/10\/09_portcenter_mgl9004_web-1.jpg 600w, https:\/\/www.aivp.org\/wp-content\/uploads\/2019\/10\/09_portcenter_mgl9004_web-1-255x170.jpg 255w, https:\/\/www.aivp.org\/wp-content\/uploads\/2019\/10\/09_portcenter_mgl9004_web-1-360x240.jpg 360w, https:\/\/www.aivp.org\/wp-content\/uploads\/2019\/10\/09_portcenter_mgl9004_web-1-171x114.jpg 171w, https:\/\/www.aivp.org\/wp-content\/uploads\/2019\/10\/09_portcenter_mgl9004_web-1-548x365.jpg 548w\" sizes=\"auto, (max-width: 600px) 100vw, 600px\" \/><\/a>\n\t\t\t<\/div>\n\t\t\t\t<figcaption class='wp-caption-text gallery-caption' id='gallery-1-38247'>\n\t\t\t\tPort Center of Bilbao\n\t\t\t\t<\/figcaption><\/figure><figure class='gallery-item'>\n\t\t\t<div class='gallery-icon landscape'>\n\t\t\t\t<a href='https:\/\/www.aivp.org\/es\/newsroom\/puerto-de-bilbao-innovando-para-reconectar-con-los-ciudadanos\/10_portcenter_mgl8963-web-2\/'><img loading=\"lazy\" decoding=\"async\" width=\"600\" height=\"400\" src=\"https:\/\/www.aivp.org\/wp-content\/uploads\/2019\/10\/10_portcenter_mgl8963-web-1.jpg\" class=\"attachment-full size-full\" alt=\"\" aria-describedby=\"gallery-1-38250\" srcset=\"https:\/\/www.aivp.org\/wp-content\/uploads\/2019\/10\/10_portcenter_mgl8963-web-1.jpg 600w, https:\/\/www.aivp.org\/wp-content\/uploads\/2019\/10\/10_portcenter_mgl8963-web-1-255x170.jpg 255w, https:\/\/www.aivp.org\/wp-content\/uploads\/2019\/10\/10_portcenter_mgl8963-web-1-360x240.jpg 360w, https:\/\/www.aivp.org\/wp-content\/uploads\/2019\/10\/10_portcenter_mgl8963-web-1-171x114.jpg 171w, https:\/\/www.aivp.org\/wp-content\/uploads\/2019\/10\/10_portcenter_mgl8963-web-1-548x365.jpg 548w\" sizes=\"auto, (max-width: 600px) 100vw, 600px\" \/><\/a>\n\t\t\t<\/div>\n\t\t\t\t<figcaption class='wp-caption-text gallery-caption' id='gallery-1-38250'>\n\t\t\t\tPort Center of Bilbao\n\t\t\t\t<\/figcaption><\/figure>\n\t\t<\/div>\n\n<p><em><span style=\"color: #800080;\"><strong>AIVP \u2013<\/strong><\/span> Una de las iniciativas m\u00e1s innovadoras de la autoridad portuaria es el reciente Bilbao Port Lab. \u00bfCu\u00e1les son los principales objetivos de este proyecto? \u00bfC\u00f3mo se articula la relaci\u00f3n con los actores (empresas, universidades, instituciones p\u00fablicas) que a priori pueden tener objetivos muy diferentes?<br \/>\n<\/em><\/p>\n<p><strong>Ricardo Barkala Zumelzu \u2013<\/strong> Bilbao Port Lab es un hub de innovaci\u00f3n e investigaci\u00f3n ubicado en las propias instalaciones portuarias, que queremos que se convierta en un espacio donde se unan las necesidades identificadas por las empresas de la comunidad portuaria para transitar a un modelo de Puertos 4.0. con las ideas y proyectos a desarrollar por emprendedores, startups, estudiantes de doctorado e investigadores. Permitir\u00e1, adem\u00e1s, impulsar el Fondo Puertos 4.0., cuya convocatoria est\u00e1 a punto de salir, que subvencionar\u00e1 proyectos al sistema portuario estatal, en coordinaci\u00f3n con los distintos programas del Gobierno vasco y Diputaci\u00f3n Foral de Bizkaia de ayuda a la innovaci\u00f3n y emprendimiento.<\/p>\n<p><img loading=\"lazy\" decoding=\"async\" class=\"aligncenter wp-image-20253\" src=\"https:\/\/www.aivp.org\/wp-content\/uploads\/2019\/10\/11_8708_web.jpg\" alt=\"\" width=\"640\" height=\"263\" \/><\/p>\n<p>Con este centro para la mejora competitiva del Puerto, la Autoridad Portuaria quiere contribuir a potenciar un entorno y un clima de innovaci\u00f3n e investigaci\u00f3n, facilitando los medios necesarios para que puedan prosperar las ideas y proyectos que aporten soluciones log\u00edstico-portuarias a problemas reales del sector. La iniciativa encuadra, asimismo, en los objetivos del Plan estrat\u00e9gico de la Autoridad Portuaria para convertir al Puerto en un referente en innovaci\u00f3n y digitalizaci\u00f3n.<\/p>\n<p>Bilbao Port Lab se complementa, asimismo, con otros programas de aprendizaje y emprendimiento vascos de innovaci\u00f3n con los que busca sinergias. Para ello, se ha integrado en la Fundaci\u00f3n Puerto y Ria de Bilbao, que crear\u00e1 un equipo de trabajo para impulsar y coordinar el centro.<\/p>\n<p><em><span style=\"color: #800080;\"><strong>AIVP \u2013<\/strong><\/span> Para concluir me gustar\u00eda preguntarle cu\u00e1l es el objetivo m\u00e1s relevante de los 10 que forman la Agenda AIVP 2030 para la relaci\u00f3n puerto-ciudad en Bilbao.<\/em><\/p>\n<p><strong>Ricardo Barkala Zumelzu \u2013<\/strong> Los diez objetivos son importantes para nosotros y en nuestro plan estrat\u00e9gico hay dos que de alg\u00fan modo se incluye en esta agenda: la innovaci\u00f3n, que incluye la transici\u00f3n energ\u00e9tica, y el cuidado del medioambiente para perservar la calidad de vida de los ciudadanos. Trabajamos, desde la transparencia, por ser un puerto referente en innovaci\u00f3n y sostenibilidad, y eso tambi\u00e9n est\u00e1 presente en el Port Center.<\/p>\n","protected":false},"excerpt":{"rendered":"<p>Entrevista con el Sr. Ricardo Barkala Zumelzu \u2013 Presidente de la Autoridad Portuaria de Bilbao [&hellip;]<\/p>\n","protected":false},"author":14,"featured_media":38227,"comment_status":"closed","ping_status":"closed","sticky":false,"template":"","format":"standard","meta":{"_acf_changed":false,"footnotes":""},"categories":[1952],"tags":[509,248],"goal":[2129],"class_list":["post-26983","post","type-post","status-publish","format-standard","has-post-thumbnail","hentry","category-entrevistas","tag-bilbao-es-2","tag-espana","goal-gobernanza"],"acf":[],"yoast_head":"<!-- This site is optimized with the Yoast SEO plugin v26.8 - https:\/\/yoast.com\/product\/yoast-seo-wordpress\/ -->\n<title>Puerto de Bilbao: innovando para reconectar con los ciudadanos - AIVP<\/title>\n<meta name=\"robots\" content=\"index, follow, max-snippet:-1, max-image-preview:large, max-video-preview:-1\" \/>\n<link rel=\"canonical\" href=\"https:\/\/www.aivp.org\/es\/newsroom\/puerto-de-bilbao-innovando-para-reconectar-con-los-ciudadanos\/\" \/>\n<meta property=\"og:locale\" content=\"es_ES\" \/>\n<meta property=\"og:type\" content=\"article\" \/>\n<meta property=\"og:title\" content=\"Puerto de Bilbao: innovando para reconectar con los ciudadanos - AIVP\" \/>\n<meta property=\"og:description\" content=\"Entrevista con el Sr. Ricardo Barkala Zumelzu \u2013 Presidente de la Autoridad Portuaria de Bilbao [&hellip;]\" \/>\n<meta property=\"og:url\" content=\"https:\/\/www.aivp.org\/es\/newsroom\/puerto-de-bilbao-innovando-para-reconectar-con-los-ciudadanos\/\" \/>\n<meta property=\"og:site_name\" content=\"AIVP\" \/>\n<meta property=\"article:published_time\" content=\"2019-10-21T11:57:00+00:00\" \/>\n<meta property=\"article:modified_time\" content=\"2021-02-18T10:10:14+00:00\" \/>\n<meta property=\"og:image\" content=\"https:\/\/www.aivp.org\/wp-content\/uploads\/2021\/01\/r_barkala_2844-New-Website.jpg\" \/>\n\t<meta property=\"og:image:width\" content=\"1024\" \/>\n\t<meta property=\"og:image:height\" content=\"683\" \/>\n\t<meta property=\"og:image:type\" content=\"image\/jpeg\" \/>\n<meta name=\"author\" content=\"Jos\u00e9 SANCHEZ\" \/>\n<meta name=\"twitter:card\" content=\"summary_large_image\" \/>\n<meta name=\"twitter:label1\" content=\"Escrito por\" \/>\n\t<meta name=\"twitter:data1\" content=\"Jos\u00e9 SANCHEZ\" \/>\n\t<meta name=\"twitter:label2\" content=\"Tiempo de lectura\" \/>\n\t<meta name=\"twitter:data2\" content=\"8 minutos\" \/>\n<script type=\"application\/ld+json\" class=\"yoast-schema-graph\">{\"@context\":\"https:\/\/schema.org\",\"@graph\":[{\"@type\":\"Article\",\"@id\":\"https:\/\/www.aivp.org\/es\/newsroom\/puerto-de-bilbao-innovando-para-reconectar-con-los-ciudadanos\/#article\",\"isPartOf\":{\"@id\":\"https:\/\/www.aivp.org\/es\/newsroom\/puerto-de-bilbao-innovando-para-reconectar-con-los-ciudadanos\/\"},\"author\":{\"name\":\"Jos\u00e9 SANCHEZ\",\"@id\":\"https:\/\/www.aivp.org\/es\/#\/schema\/person\/905e0ce025d136d3d3c6b5a51b9c3498\"},\"headline\":\"Puerto de Bilbao: innovando para reconectar con los ciudadanos\",\"datePublished\":\"2019-10-21T11:57:00+00:00\",\"dateModified\":\"2021-02-18T10:10:14+00:00\",\"mainEntityOfPage\":{\"@id\":\"https:\/\/www.aivp.org\/es\/newsroom\/puerto-de-bilbao-innovando-para-reconectar-con-los-ciudadanos\/\"},\"wordCount\":1676,\"publisher\":{\"@id\":\"https:\/\/www.aivp.org\/es\/#organization\"},\"image\":{\"@id\":\"https:\/\/www.aivp.org\/es\/newsroom\/puerto-de-bilbao-innovando-para-reconectar-con-los-ciudadanos\/#primaryimage\"},\"thumbnailUrl\":\"https:\/\/www.aivp.org\/wp-content\/uploads\/2021\/01\/r_barkala_2844-New-Website.jpg\",\"keywords\":[\"Bilbao\",\"Espa\u00f1a\"],\"articleSection\":[\"Entrevistas\"],\"inLanguage\":\"es\"},{\"@type\":\"WebPage\",\"@id\":\"https:\/\/www.aivp.org\/es\/newsroom\/puerto-de-bilbao-innovando-para-reconectar-con-los-ciudadanos\/\",\"url\":\"https:\/\/www.aivp.org\/es\/newsroom\/puerto-de-bilbao-innovando-para-reconectar-con-los-ciudadanos\/\",\"name\":\"Puerto de Bilbao: innovando para reconectar con los ciudadanos - AIVP\",\"isPartOf\":{\"@id\":\"https:\/\/www.aivp.org\/es\/#website\"},\"primaryImageOfPage\":{\"@id\":\"https:\/\/www.aivp.org\/es\/newsroom\/puerto-de-bilbao-innovando-para-reconectar-con-los-ciudadanos\/#primaryimage\"},\"image\":{\"@id\":\"https:\/\/www.aivp.org\/es\/newsroom\/puerto-de-bilbao-innovando-para-reconectar-con-los-ciudadanos\/#primaryimage\"},\"thumbnailUrl\":\"https:\/\/www.aivp.org\/wp-content\/uploads\/2021\/01\/r_barkala_2844-New-Website.jpg\",\"datePublished\":\"2019-10-21T11:57:00+00:00\",\"dateModified\":\"2021-02-18T10:10:14+00:00\",\"breadcrumb\":{\"@id\":\"https:\/\/www.aivp.org\/es\/newsroom\/puerto-de-bilbao-innovando-para-reconectar-con-los-ciudadanos\/#breadcrumb\"},\"inLanguage\":\"es\",\"potentialAction\":[{\"@type\":\"ReadAction\",\"target\":[\"https:\/\/www.aivp.org\/es\/newsroom\/puerto-de-bilbao-innovando-para-reconectar-con-los-ciudadanos\/\"]}]},{\"@type\":\"ImageObject\",\"inLanguage\":\"es\",\"@id\":\"https:\/\/www.aivp.org\/es\/newsroom\/puerto-de-bilbao-innovando-para-reconectar-con-los-ciudadanos\/#primaryimage\",\"url\":\"https:\/\/www.aivp.org\/wp-content\/uploads\/2021\/01\/r_barkala_2844-New-Website.jpg\",\"contentUrl\":\"https:\/\/www.aivp.org\/wp-content\/uploads\/2021\/01\/r_barkala_2844-New-Website.jpg\",\"width\":1024,\"height\":683,\"caption\":\"Ricardo Barkala, President of the Port of Bilbao\"},{\"@type\":\"BreadcrumbList\",\"@id\":\"https:\/\/www.aivp.org\/es\/newsroom\/puerto-de-bilbao-innovando-para-reconectar-con-los-ciudadanos\/#breadcrumb\",\"itemListElement\":[{\"@type\":\"ListItem\",\"position\":1,\"name\":\"Home\",\"item\":\"https:\/\/www.aivp.org\/es\/\"},{\"@type\":\"ListItem\",\"position\":2,\"name\":\"Puerto de Bilbao: innovando para reconectar con los ciudadanos\"}]},{\"@type\":\"WebSite\",\"@id\":\"https:\/\/www.aivp.org\/es\/#website\",\"url\":\"https:\/\/www.aivp.org\/es\/\",\"name\":\"AIVP\",\"description\":\"Inspiring people of port cities\",\"publisher\":{\"@id\":\"https:\/\/www.aivp.org\/es\/#organization\"},\"potentialAction\":[{\"@type\":\"SearchAction\",\"target\":{\"@type\":\"EntryPoint\",\"urlTemplate\":\"https:\/\/www.aivp.org\/es\/?s={search_term_string}\"},\"query-input\":{\"@type\":\"PropertyValueSpecification\",\"valueRequired\":true,\"valueName\":\"search_term_string\"}}],\"inLanguage\":\"es\"},{\"@type\":\"Organization\",\"@id\":\"https:\/\/www.aivp.org\/es\/#organization\",\"name\":\"AIVP\",\"url\":\"https:\/\/www.aivp.org\/es\/\",\"logo\":{\"@type\":\"ImageObject\",\"inLanguage\":\"es\",\"@id\":\"https:\/\/www.aivp.org\/es\/#\/schema\/logo\/image\/\",\"url\":\"https:\/\/www.aivp.org\/wp-content\/uploads\/2020\/07\/cropped-favicon.png\",\"contentUrl\":\"https:\/\/www.aivp.org\/wp-content\/uploads\/2020\/07\/cropped-favicon.png\",\"width\":512,\"height\":512,\"caption\":\"AIVP\"},\"image\":{\"@id\":\"https:\/\/www.aivp.org\/es\/#\/schema\/logo\/image\/\"}},{\"@type\":\"Person\",\"@id\":\"https:\/\/www.aivp.org\/es\/#\/schema\/person\/905e0ce025d136d3d3c6b5a51b9c3498\",\"name\":\"Jos\u00e9 SANCHEZ\",\"image\":{\"@type\":\"ImageObject\",\"inLanguage\":\"es\",\"@id\":\"https:\/\/www.aivp.org\/es\/#\/schema\/person\/image\/\",\"url\":\"https:\/\/secure.gravatar.com\/avatar\/8d2eff7ef0ec4c75bd676545f78010c5?s=96&d=mm&r=g\",\"contentUrl\":\"https:\/\/secure.gravatar.com\/avatar\/8d2eff7ef0ec4c75bd676545f78010c5?s=96&d=mm&r=g\",\"caption\":\"Jos\u00e9 SANCHEZ\"},\"sameAs\":[\"http:\/\/hdelepouve@aivp.org\"],\"url\":\"https:\/\/www.aivp.org\/es\/newsroom\/author\/jsanchezaivp-org\/\"}]}<\/script>\n<!-- \/ Yoast SEO plugin. -->","yoast_head_json":{"title":"Puerto de Bilbao: innovando para reconectar con los ciudadanos - AIVP","robots":{"index":"index","follow":"follow","max-snippet":"max-snippet:-1","max-image-preview":"max-image-preview:large","max-video-preview":"max-video-preview:-1"},"canonical":"https:\/\/www.aivp.org\/es\/newsroom\/puerto-de-bilbao-innovando-para-reconectar-con-los-ciudadanos\/","og_locale":"es_ES","og_type":"article","og_title":"Puerto de Bilbao: innovando para reconectar con los ciudadanos - AIVP","og_description":"Entrevista con el Sr. Ricardo Barkala Zumelzu \u2013 Presidente de la Autoridad Portuaria de Bilbao [&hellip;]","og_url":"https:\/\/www.aivp.org\/es\/newsroom\/puerto-de-bilbao-innovando-para-reconectar-con-los-ciudadanos\/","og_site_name":"AIVP","article_published_time":"2019-10-21T11:57:00+00:00","article_modified_time":"2021-02-18T10:10:14+00:00","og_image":[{"width":1024,"height":683,"url":"https:\/\/www.aivp.org\/wp-content\/uploads\/2021\/01\/r_barkala_2844-New-Website.jpg","type":"image\/jpeg"}],"author":"Jos\u00e9 SANCHEZ","twitter_card":"summary_large_image","twitter_misc":{"Escrito por":"Jos\u00e9 SANCHEZ","Tiempo de lectura":"8 minutos"},"schema":{"@context":"https:\/\/schema.org","@graph":[{"@type":"Article","@id":"https:\/\/www.aivp.org\/es\/newsroom\/puerto-de-bilbao-innovando-para-reconectar-con-los-ciudadanos\/#article","isPartOf":{"@id":"https:\/\/www.aivp.org\/es\/newsroom\/puerto-de-bilbao-innovando-para-reconectar-con-los-ciudadanos\/"},"author":{"name":"Jos\u00e9 SANCHEZ","@id":"https:\/\/www.aivp.org\/es\/#\/schema\/person\/905e0ce025d136d3d3c6b5a51b9c3498"},"headline":"Puerto de Bilbao: innovando para reconectar con los ciudadanos","datePublished":"2019-10-21T11:57:00+00:00","dateModified":"2021-02-18T10:10:14+00:00","mainEntityOfPage":{"@id":"https:\/\/www.aivp.org\/es\/newsroom\/puerto-de-bilbao-innovando-para-reconectar-con-los-ciudadanos\/"},"wordCount":1676,"publisher":{"@id":"https:\/\/www.aivp.org\/es\/#organization"},"image":{"@id":"https:\/\/www.aivp.org\/es\/newsroom\/puerto-de-bilbao-innovando-para-reconectar-con-los-ciudadanos\/#primaryimage"},"thumbnailUrl":"https:\/\/www.aivp.org\/wp-content\/uploads\/2021\/01\/r_barkala_2844-New-Website.jpg","keywords":["Bilbao","Espa\u00f1a"],"articleSection":["Entrevistas"],"inLanguage":"es"},{"@type":"WebPage","@id":"https:\/\/www.aivp.org\/es\/newsroom\/puerto-de-bilbao-innovando-para-reconectar-con-los-ciudadanos\/","url":"https:\/\/www.aivp.org\/es\/newsroom\/puerto-de-bilbao-innovando-para-reconectar-con-los-ciudadanos\/","name":"Puerto de Bilbao: innovando para reconectar con los ciudadanos - AIVP","isPartOf":{"@id":"https:\/\/www.aivp.org\/es\/#website"},"primaryImageOfPage":{"@id":"https:\/\/www.aivp.org\/es\/newsroom\/puerto-de-bilbao-innovando-para-reconectar-con-los-ciudadanos\/#primaryimage"},"image":{"@id":"https:\/\/www.aivp.org\/es\/newsroom\/puerto-de-bilbao-innovando-para-reconectar-con-los-ciudadanos\/#primaryimage"},"thumbnailUrl":"https:\/\/www.aivp.org\/wp-content\/uploads\/2021\/01\/r_barkala_2844-New-Website.jpg","datePublished":"2019-10-21T11:57:00+00:00","dateModified":"2021-02-18T10:10:14+00:00","breadcrumb":{"@id":"https:\/\/www.aivp.org\/es\/newsroom\/puerto-de-bilbao-innovando-para-reconectar-con-los-ciudadanos\/#breadcrumb"},"inLanguage":"es","potentialAction":[{"@type":"ReadAction","target":["https:\/\/www.aivp.org\/es\/newsroom\/puerto-de-bilbao-innovando-para-reconectar-con-los-ciudadanos\/"]}]},{"@type":"ImageObject","inLanguage":"es","@id":"https:\/\/www.aivp.org\/es\/newsroom\/puerto-de-bilbao-innovando-para-reconectar-con-los-ciudadanos\/#primaryimage","url":"https:\/\/www.aivp.org\/wp-content\/uploads\/2021\/01\/r_barkala_2844-New-Website.jpg","contentUrl":"https:\/\/www.aivp.org\/wp-content\/uploads\/2021\/01\/r_barkala_2844-New-Website.jpg","width":1024,"height":683,"caption":"Ricardo Barkala, President of the Port of Bilbao"},{"@type":"BreadcrumbList","@id":"https:\/\/www.aivp.org\/es\/newsroom\/puerto-de-bilbao-innovando-para-reconectar-con-los-ciudadanos\/#breadcrumb","itemListElement":[{"@type":"ListItem","position":1,"name":"Home","item":"https:\/\/www.aivp.org\/es\/"},{"@type":"ListItem","position":2,"name":"Puerto de Bilbao: innovando para reconectar con los ciudadanos"}]},{"@type":"WebSite","@id":"https:\/\/www.aivp.org\/es\/#website","url":"https:\/\/www.aivp.org\/es\/","name":"AIVP","description":"Inspiring people of port cities","publisher":{"@id":"https:\/\/www.aivp.org\/es\/#organization"},"potentialAction":[{"@type":"SearchAction","target":{"@type":"EntryPoint","urlTemplate":"https:\/\/www.aivp.org\/es\/?s={search_term_string}"},"query-input":{"@type":"PropertyValueSpecification","valueRequired":true,"valueName":"search_term_string"}}],"inLanguage":"es"},{"@type":"Organization","@id":"https:\/\/www.aivp.org\/es\/#organization","name":"AIVP","url":"https:\/\/www.aivp.org\/es\/","logo":{"@type":"ImageObject","inLanguage":"es","@id":"https:\/\/www.aivp.org\/es\/#\/schema\/logo\/image\/","url":"https:\/\/www.aivp.org\/wp-content\/uploads\/2020\/07\/cropped-favicon.png","contentUrl":"https:\/\/www.aivp.org\/wp-content\/uploads\/2020\/07\/cropped-favicon.png","width":512,"height":512,"caption":"AIVP"},"image":{"@id":"https:\/\/www.aivp.org\/es\/#\/schema\/logo\/image\/"}},{"@type":"Person","@id":"https:\/\/www.aivp.org\/es\/#\/schema\/person\/905e0ce025d136d3d3c6b5a51b9c3498","name":"Jos\u00e9 SANCHEZ","image":{"@type":"ImageObject","inLanguage":"es","@id":"https:\/\/www.aivp.org\/es\/#\/schema\/person\/image\/","url":"https:\/\/secure.gravatar.com\/avatar\/8d2eff7ef0ec4c75bd676545f78010c5?s=96&d=mm&r=g","contentUrl":"https:\/\/secure.gravatar.com\/avatar\/8d2eff7ef0ec4c75bd676545f78010c5?s=96&d=mm&r=g","caption":"Jos\u00e9 SANCHEZ"},"sameAs":["http:\/\/hdelepouve@aivp.org"],"url":"https:\/\/www.aivp.org\/es\/newsroom\/author\/jsanchezaivp-org\/"}]}},"featured_image_url":"https:\/\/www.aivp.org\/wp-content\/uploads\/2021\/01\/r_barkala_2844-New-Website.jpg","_links":{"self":[{"href":"https:\/\/www.aivp.org\/es\/wp-json\/wp\/v2\/posts\/26983","targetHints":{"allow":["GET"]}}],"collection":[{"href":"https:\/\/www.aivp.org\/es\/wp-json\/wp\/v2\/posts"}],"about":[{"href":"https:\/\/www.aivp.org\/es\/wp-json\/wp\/v2\/types\/post"}],"author":[{"embeddable":true,"href":"https:\/\/www.aivp.org\/es\/wp-json\/wp\/v2\/users\/14"}],"replies":[{"embeddable":true,"href":"https:\/\/www.aivp.org\/es\/wp-json\/wp\/v2\/comments?post=26983"}],"version-history":[{"count":0,"href":"https:\/\/www.aivp.org\/es\/wp-json\/wp\/v2\/posts\/26983\/revisions"}],"wp:featuredmedia":[{"embeddable":true,"href":"https:\/\/www.aivp.org\/es\/wp-json\/wp\/v2\/media\/38227"}],"wp:attachment":[{"href":"https:\/\/www.aivp.org\/es\/wp-json\/wp\/v2\/media?parent=26983"}],"wp:term":[{"taxonomy":"category","embeddable":true,"href":"https:\/\/www.aivp.org\/es\/wp-json\/wp\/v2\/categories?post=26983"},{"taxonomy":"post_tag","embeddable":true,"href":"https:\/\/www.aivp.org\/es\/wp-json\/wp\/v2\/tags?post=26983"},{"taxonomy":"goal","embeddable":true,"href":"https:\/\/www.aivp.org\/es\/wp-json\/wp\/v2\/goal?post=26983"}],"curies":[{"name":"wp","href":"https:\/\/api.w.org\/{rel}","templated":true}]}}