{"id":26985,"date":"2019-11-13T13:57:57","date_gmt":"2019-11-13T12:57:57","guid":{"rendered":"https:\/\/www.aivp.org\/newsroom\/la-ciudad-de-buffalo-sudafrica-se-une-a-la-influyente-red-mundial-de-ciudades-portuarias\/"},"modified":"2021-02-23T15:05:56","modified_gmt":"2021-02-23T14:05:56","slug":"la-ciudad-de-buffalo-sudafrica-se-une-a-la-influyente-red-mundial-de-ciudades-portuarias","status":"publish","type":"post","link":"https:\/\/www.aivp.org\/es\/newsroom\/la-ciudad-de-buffalo-sudafrica-se-une-a-la-influyente-red-mundial-de-ciudades-portuarias\/","title":{"rendered":"La ciudad de Buffalo (Sud\u00e1frica) se une a la influyente red mundial de ciudades portuarias"},"content":{"rendered":"<p>El Municipio metropolitano de la ciudad de Buffalo, sede del \u00fanico puerto fluvial del \u00c1frica Austral, se ubica en el litoral oriental de Sud\u00e1frica. La ciudad cumple una funci\u00f3n primordial para el comercio, la industria, la cultura y el turismo.<\/p>\n<p>La prosperidad de la zona se basa en el sector automotriz, encabezado por la Mercedes Benz. Otras industrias presentes en la zona incluyen los sectores agr\u00edcola, electr\u00f3nico, fabril, farmac\u00e9utico, repostero y textil. La pujante Zona de desarrollo Industrial (ZDI) tiene f\u00e1cil acceso al puerto. <a href=\"http:\/\/www.investbuffalocity.com\/growth-areas\/port-of-east-london\/transnet-port-terminal\" target=\"_blank\" rel=\"noopener\">El puerto<\/a>, que alberga el famoso rompeolas <a href=\"https:\/\/en.wikipedia.org\/wiki\/Dolos\" target=\"_blank\" rel=\"noopener\">Dolos<\/a>, s\u00edmbolo del orgullo local, cataliza el crecimiento econ\u00f3mico de la ciudad. Proporciona un rentable acceso a los mercados internacionales con la creaci\u00f3n de moderna infraestructura destinada a veh\u00edculos motorizados, contenedores, graneros, a la reparaci\u00f3n naval y para almacenamiento de l\u00edquidos a granel. Es un destino tur\u00edstico cada vez mayor para los cruceros.<\/p>\n<p>Recientemente, por medio de un MdA suscrito entre <strong>Metro, el Puerto y la ZDI, se puso de relieve su compromiso con el desarrollo de la ciudad<\/strong>. La expansi\u00f3n y modernizaci\u00f3n de la costanera del muelle de Latimer pondr\u00e1 en marcha esta iniciativa.<\/p>\n<h2>\u00bfPor qu\u00e9 tomaron la decisi\u00f3n de unirse a la AIVP?<\/h2>\n<p>Si bien somos una ciudad portuaria, el desarrollo del puerto ha estado bastante estancado durante varios a\u00f1os, y Metro considera que el desarrollo del puerto es un catalizador del crecimiento econ\u00f3mico de la regi\u00f3n. Por lo tanto, consideramos que esta es una oportunidad de aprender de lo que hacen otras ciudades, y adem\u00e1s, para compartir lo que intentamos hacer como ciudad.<\/p>\n<h2>\u00bfQu\u00e9 esperan de esta membres\u00eda?<\/h2>\n<p>A trav\u00e9s del programa esperamos tener acceso a la experiencia internacional, tener acceso a las redes, conocimientos y capacitaci\u00f3n internacionales, adem\u00e1s de acceso a fuentes de financiamiento.<\/p>\n<h2>\u00bfQu\u00e9 pueden aportar a la AIVP? (pericias, informaci\u00f3n sobre proyectos, algo m\u00e1s)<\/h2>\n<p>El Municipio metropolitano de la ciudad de Buffalo, el puerto, y la Zona de desarrollo industrial de East London son socios, y todos cuentan con una enorme experiencia que aportar. Firmamos un MdA recientemente, por lo que somos nuevos como asociados en este trabajo conjunto. A medida que se identifiquen e implementen proyectos, pondremos los resultados a disposici\u00f3n de la red.<\/p>\n<p>Para saber m\u00e1s:<\/p>\n<p><a href=\"https:\/\/www.buffalocity.gov.za\/index.php\" target=\"_blank\" rel=\"noopener\">Ver el sitio web de la ciudad de Buffalo<\/a><\/p>\n","protected":false},"excerpt":{"rendered":"<p>El Municipio metropolitano de la ciudad de Buffalo, sede del \u00fanico puerto fluvial del \u00c1frica [&hellip;]<\/p>\n","protected":false},"author":13,"featured_media":38724,"comment_status":"closed","ping_status":"closed","sticky":false,"template":"","format":"standard","meta":{"_acf_changed":false,"footnotes":""},"categories":[],"tags":[2103,395],"goal":[],"class_list":["post-26985","post","type-post","status-publish","format-standard","has-post-thumbnail","hentry","tag-buffalo-es-2","tag-sudafrica"],"acf":[],"yoast_head":"<!-- This site is optimized with the Yoast SEO plugin v26.8 - https:\/\/yoast.com\/product\/yoast-seo-wordpress\/ -->\n<title>La ciudad de Buffalo (Sud\u00e1frica) se une a la influyente red mundial de ciudades portuarias - AIVP<\/title>\n<meta name=\"robots\" content=\"index, follow, max-snippet:-1, max-image-preview:large, max-video-preview:-1\" \/>\n<link rel=\"canonical\" href=\"https:\/\/www.aivp.org\/es\/newsroom\/la-ciudad-de-buffalo-sudafrica-se-une-a-la-influyente-red-mundial-de-ciudades-portuarias\/\" \/>\n<meta property=\"og:locale\" content=\"es_ES\" \/>\n<meta property=\"og:type\" content=\"article\" \/>\n<meta property=\"og:title\" content=\"La ciudad de Buffalo (Sud\u00e1frica) se une a la influyente red mundial de ciudades portuarias - AIVP\" \/>\n<meta property=\"og:description\" content=\"El Municipio metropolitano de la ciudad de Buffalo, sede del \u00fanico puerto fluvial del \u00c1frica [&hellip;]\" \/>\n<meta property=\"og:url\" content=\"https:\/\/www.aivp.org\/es\/newsroom\/la-ciudad-de-buffalo-sudafrica-se-une-a-la-influyente-red-mundial-de-ciudades-portuarias\/\" \/>\n<meta property=\"og:site_name\" content=\"AIVP\" \/>\n<meta property=\"article:published_time\" content=\"2019-11-13T12:57:57+00:00\" \/>\n<meta property=\"article:modified_time\" content=\"2021-02-23T14:05:56+00:00\" \/>\n<meta property=\"og:image\" content=\"https:\/\/www.aivp.org\/wp-content\/uploads\/2021\/01\/Aerial-pic-buffalo-metropolitan-city-UNE.jpg\" \/>\n\t<meta property=\"og:image:width\" content=\"864\" \/>\n\t<meta property=\"og:image:height\" content=\"576\" \/>\n\t<meta property=\"og:image:type\" content=\"image\/jpeg\" \/>\n<meta name=\"author\" content=\"Chlo\u00e9 COLBOC\" \/>\n<meta name=\"twitter:card\" content=\"summary_large_image\" \/>\n<meta name=\"twitter:label1\" content=\"Escrito por\" \/>\n\t<meta name=\"twitter:data1\" content=\"Chlo\u00e9 COLBOC\" \/>\n\t<meta name=\"twitter:label2\" content=\"Tiempo de lectura\" \/>\n\t<meta name=\"twitter:data2\" content=\"2 minutos\" \/>\n<script type=\"application\/ld+json\" class=\"yoast-schema-graph\">{\"@context\":\"https:\/\/schema.org\",\"@graph\":[{\"@type\":\"Article\",\"@id\":\"https:\/\/www.aivp.org\/es\/newsroom\/la-ciudad-de-buffalo-sudafrica-se-une-a-la-influyente-red-mundial-de-ciudades-portuarias\/#article\",\"isPartOf\":{\"@id\":\"https:\/\/www.aivp.org\/es\/newsroom\/la-ciudad-de-buffalo-sudafrica-se-une-a-la-influyente-red-mundial-de-ciudades-portuarias\/\"},\"author\":{\"name\":\"Chlo\u00e9 COLBOC\",\"@id\":\"https:\/\/www.aivp.org\/es\/#\/schema\/person\/492a19cab6d235c20616f66946feeb45\"},\"headline\":\"La ciudad de Buffalo (Sud\u00e1frica) se une a la influyente red mundial de ciudades portuarias\",\"datePublished\":\"2019-11-13T12:57:57+00:00\",\"dateModified\":\"2021-02-23T14:05:56+00:00\",\"mainEntityOfPage\":{\"@id\":\"https:\/\/www.aivp.org\/es\/newsroom\/la-ciudad-de-buffalo-sudafrica-se-une-a-la-influyente-red-mundial-de-ciudades-portuarias\/\"},\"wordCount\":418,\"publisher\":{\"@id\":\"https:\/\/www.aivp.org\/es\/#organization\"},\"image\":{\"@id\":\"https:\/\/www.aivp.org\/es\/newsroom\/la-ciudad-de-buffalo-sudafrica-se-une-a-la-influyente-red-mundial-de-ciudades-portuarias\/#primaryimage\"},\"thumbnailUrl\":\"https:\/\/www.aivp.org\/wp-content\/uploads\/2021\/01\/Aerial-pic-buffalo-metropolitan-city-UNE.jpg\",\"keywords\":[\"Buffalo\",\"Sud\u00e1frica\"],\"inLanguage\":\"es\"},{\"@type\":\"WebPage\",\"@id\":\"https:\/\/www.aivp.org\/es\/newsroom\/la-ciudad-de-buffalo-sudafrica-se-une-a-la-influyente-red-mundial-de-ciudades-portuarias\/\",\"url\":\"https:\/\/www.aivp.org\/es\/newsroom\/la-ciudad-de-buffalo-sudafrica-se-une-a-la-influyente-red-mundial-de-ciudades-portuarias\/\",\"name\":\"La ciudad de Buffalo (Sud\u00e1frica) se une a la influyente red mundial de ciudades portuarias - AIVP\",\"isPartOf\":{\"@id\":\"https:\/\/www.aivp.org\/es\/#website\"},\"primaryImageOfPage\":{\"@id\":\"https:\/\/www.aivp.org\/es\/newsroom\/la-ciudad-de-buffalo-sudafrica-se-une-a-la-influyente-red-mundial-de-ciudades-portuarias\/#primaryimage\"},\"image\":{\"@id\":\"https:\/\/www.aivp.org\/es\/newsroom\/la-ciudad-de-buffalo-sudafrica-se-une-a-la-influyente-red-mundial-de-ciudades-portuarias\/#primaryimage\"},\"thumbnailUrl\":\"https:\/\/www.aivp.org\/wp-content\/uploads\/2021\/01\/Aerial-pic-buffalo-metropolitan-city-UNE.jpg\",\"datePublished\":\"2019-11-13T12:57:57+00:00\",\"dateModified\":\"2021-02-23T14:05:56+00:00\",\"breadcrumb\":{\"@id\":\"https:\/\/www.aivp.org\/es\/newsroom\/la-ciudad-de-buffalo-sudafrica-se-une-a-la-influyente-red-mundial-de-ciudades-portuarias\/#breadcrumb\"},\"inLanguage\":\"es\",\"potentialAction\":[{\"@type\":\"ReadAction\",\"target\":[\"https:\/\/www.aivp.org\/es\/newsroom\/la-ciudad-de-buffalo-sudafrica-se-une-a-la-influyente-red-mundial-de-ciudades-portuarias\/\"]}]},{\"@type\":\"ImageObject\",\"inLanguage\":\"es\",\"@id\":\"https:\/\/www.aivp.org\/es\/newsroom\/la-ciudad-de-buffalo-sudafrica-se-une-a-la-influyente-red-mundial-de-ciudades-portuarias\/#primaryimage\",\"url\":\"https:\/\/www.aivp.org\/wp-content\/uploads\/2021\/01\/Aerial-pic-buffalo-metropolitan-city-UNE.jpg\",\"contentUrl\":\"https:\/\/www.aivp.org\/wp-content\/uploads\/2021\/01\/Aerial-pic-buffalo-metropolitan-city-UNE.jpg\",\"width\":864,\"height\":576},{\"@type\":\"BreadcrumbList\",\"@id\":\"https:\/\/www.aivp.org\/es\/newsroom\/la-ciudad-de-buffalo-sudafrica-se-une-a-la-influyente-red-mundial-de-ciudades-portuarias\/#breadcrumb\",\"itemListElement\":[{\"@type\":\"ListItem\",\"position\":1,\"name\":\"Home\",\"item\":\"https:\/\/www.aivp.org\/es\/\"},{\"@type\":\"ListItem\",\"position\":2,\"name\":\"La ciudad de Buffalo (Sud\u00e1frica) se une a la influyente red mundial de ciudades portuarias\"}]},{\"@type\":\"WebSite\",\"@id\":\"https:\/\/www.aivp.org\/es\/#website\",\"url\":\"https:\/\/www.aivp.org\/es\/\",\"name\":\"AIVP\",\"description\":\"Inspiring people of port cities\",\"publisher\":{\"@id\":\"https:\/\/www.aivp.org\/es\/#organization\"},\"potentialAction\":[{\"@type\":\"SearchAction\",\"target\":{\"@type\":\"EntryPoint\",\"urlTemplate\":\"https:\/\/www.aivp.org\/es\/?s={search_term_string}\"},\"query-input\":{\"@type\":\"PropertyValueSpecification\",\"valueRequired\":true,\"valueName\":\"search_term_string\"}}],\"inLanguage\":\"es\"},{\"@type\":\"Organization\",\"@id\":\"https:\/\/www.aivp.org\/es\/#organization\",\"name\":\"AIVP\",\"url\":\"https:\/\/www.aivp.org\/es\/\",\"logo\":{\"@type\":\"ImageObject\",\"inLanguage\":\"es\",\"@id\":\"https:\/\/www.aivp.org\/es\/#\/schema\/logo\/image\/\",\"url\":\"https:\/\/www.aivp.org\/wp-content\/uploads\/2020\/07\/cropped-favicon.png\",\"contentUrl\":\"https:\/\/www.aivp.org\/wp-content\/uploads\/2020\/07\/cropped-favicon.png\",\"width\":512,\"height\":512,\"caption\":\"AIVP\"},\"image\":{\"@id\":\"https:\/\/www.aivp.org\/es\/#\/schema\/logo\/image\/\"}},{\"@type\":\"Person\",\"@id\":\"https:\/\/www.aivp.org\/es\/#\/schema\/person\/492a19cab6d235c20616f66946feeb45\",\"name\":\"Chlo\u00e9 COLBOC\",\"image\":{\"@type\":\"ImageObject\",\"inLanguage\":\"es\",\"@id\":\"https:\/\/www.aivp.org\/es\/#\/schema\/person\/image\/\",\"url\":\"https:\/\/secure.gravatar.com\/avatar\/7be117de39e60fb8c224f12ffa7c2e22?s=96&d=mm&r=g\",\"contentUrl\":\"https:\/\/secure.gravatar.com\/avatar\/7be117de39e60fb8c224f12ffa7c2e22?s=96&d=mm&r=g\",\"caption\":\"Chlo\u00e9 COLBOC\"},\"url\":\"https:\/\/www.aivp.org\/es\/newsroom\/author\/ccolbocaivp-org\/\"}]}<\/script>\n<!-- \/ Yoast SEO plugin. -->","yoast_head_json":{"title":"La ciudad de Buffalo (Sud\u00e1frica) se une a la influyente red mundial de ciudades portuarias - AIVP","robots":{"index":"index","follow":"follow","max-snippet":"max-snippet:-1","max-image-preview":"max-image-preview:large","max-video-preview":"max-video-preview:-1"},"canonical":"https:\/\/www.aivp.org\/es\/newsroom\/la-ciudad-de-buffalo-sudafrica-se-une-a-la-influyente-red-mundial-de-ciudades-portuarias\/","og_locale":"es_ES","og_type":"article","og_title":"La ciudad de Buffalo (Sud\u00e1frica) se une a la influyente red mundial de ciudades portuarias - AIVP","og_description":"El Municipio metropolitano de la ciudad de Buffalo, sede del \u00fanico puerto fluvial del \u00c1frica [&hellip;]","og_url":"https:\/\/www.aivp.org\/es\/newsroom\/la-ciudad-de-buffalo-sudafrica-se-une-a-la-influyente-red-mundial-de-ciudades-portuarias\/","og_site_name":"AIVP","article_published_time":"2019-11-13T12:57:57+00:00","article_modified_time":"2021-02-23T14:05:56+00:00","og_image":[{"width":864,"height":576,"url":"https:\/\/www.aivp.org\/wp-content\/uploads\/2021\/01\/Aerial-pic-buffalo-metropolitan-city-UNE.jpg","type":"image\/jpeg"}],"author":"Chlo\u00e9 COLBOC","twitter_card":"summary_large_image","twitter_misc":{"Escrito por":"Chlo\u00e9 COLBOC","Tiempo de lectura":"2 minutos"},"schema":{"@context":"https:\/\/schema.org","@graph":[{"@type":"Article","@id":"https:\/\/www.aivp.org\/es\/newsroom\/la-ciudad-de-buffalo-sudafrica-se-une-a-la-influyente-red-mundial-de-ciudades-portuarias\/#article","isPartOf":{"@id":"https:\/\/www.aivp.org\/es\/newsroom\/la-ciudad-de-buffalo-sudafrica-se-une-a-la-influyente-red-mundial-de-ciudades-portuarias\/"},"author":{"name":"Chlo\u00e9 COLBOC","@id":"https:\/\/www.aivp.org\/es\/#\/schema\/person\/492a19cab6d235c20616f66946feeb45"},"headline":"La ciudad de Buffalo (Sud\u00e1frica) se une a la influyente red mundial de ciudades portuarias","datePublished":"2019-11-13T12:57:57+00:00","dateModified":"2021-02-23T14:05:56+00:00","mainEntityOfPage":{"@id":"https:\/\/www.aivp.org\/es\/newsroom\/la-ciudad-de-buffalo-sudafrica-se-une-a-la-influyente-red-mundial-de-ciudades-portuarias\/"},"wordCount":418,"publisher":{"@id":"https:\/\/www.aivp.org\/es\/#organization"},"image":{"@id":"https:\/\/www.aivp.org\/es\/newsroom\/la-ciudad-de-buffalo-sudafrica-se-une-a-la-influyente-red-mundial-de-ciudades-portuarias\/#primaryimage"},"thumbnailUrl":"https:\/\/www.aivp.org\/wp-content\/uploads\/2021\/01\/Aerial-pic-buffalo-metropolitan-city-UNE.jpg","keywords":["Buffalo","Sud\u00e1frica"],"inLanguage":"es"},{"@type":"WebPage","@id":"https:\/\/www.aivp.org\/es\/newsroom\/la-ciudad-de-buffalo-sudafrica-se-une-a-la-influyente-red-mundial-de-ciudades-portuarias\/","url":"https:\/\/www.aivp.org\/es\/newsroom\/la-ciudad-de-buffalo-sudafrica-se-une-a-la-influyente-red-mundial-de-ciudades-portuarias\/","name":"La ciudad de Buffalo (Sud\u00e1frica) se une a la influyente red mundial de ciudades portuarias - AIVP","isPartOf":{"@id":"https:\/\/www.aivp.org\/es\/#website"},"primaryImageOfPage":{"@id":"https:\/\/www.aivp.org\/es\/newsroom\/la-ciudad-de-buffalo-sudafrica-se-une-a-la-influyente-red-mundial-de-ciudades-portuarias\/#primaryimage"},"image":{"@id":"https:\/\/www.aivp.org\/es\/newsroom\/la-ciudad-de-buffalo-sudafrica-se-une-a-la-influyente-red-mundial-de-ciudades-portuarias\/#primaryimage"},"thumbnailUrl":"https:\/\/www.aivp.org\/wp-content\/uploads\/2021\/01\/Aerial-pic-buffalo-metropolitan-city-UNE.jpg","datePublished":"2019-11-13T12:57:57+00:00","dateModified":"2021-02-23T14:05:56+00:00","breadcrumb":{"@id":"https:\/\/www.aivp.org\/es\/newsroom\/la-ciudad-de-buffalo-sudafrica-se-une-a-la-influyente-red-mundial-de-ciudades-portuarias\/#breadcrumb"},"inLanguage":"es","potentialAction":[{"@type":"ReadAction","target":["https:\/\/www.aivp.org\/es\/newsroom\/la-ciudad-de-buffalo-sudafrica-se-une-a-la-influyente-red-mundial-de-ciudades-portuarias\/"]}]},{"@type":"ImageObject","inLanguage":"es","@id":"https:\/\/www.aivp.org\/es\/newsroom\/la-ciudad-de-buffalo-sudafrica-se-une-a-la-influyente-red-mundial-de-ciudades-portuarias\/#primaryimage","url":"https:\/\/www.aivp.org\/wp-content\/uploads\/2021\/01\/Aerial-pic-buffalo-metropolitan-city-UNE.jpg","contentUrl":"https:\/\/www.aivp.org\/wp-content\/uploads\/2021\/01\/Aerial-pic-buffalo-metropolitan-city-UNE.jpg","width":864,"height":576},{"@type":"BreadcrumbList","@id":"https:\/\/www.aivp.org\/es\/newsroom\/la-ciudad-de-buffalo-sudafrica-se-une-a-la-influyente-red-mundial-de-ciudades-portuarias\/#breadcrumb","itemListElement":[{"@type":"ListItem","position":1,"name":"Home","item":"https:\/\/www.aivp.org\/es\/"},{"@type":"ListItem","position":2,"name":"La ciudad de Buffalo (Sud\u00e1frica) se une a la influyente red mundial de ciudades portuarias"}]},{"@type":"WebSite","@id":"https:\/\/www.aivp.org\/es\/#website","url":"https:\/\/www.aivp.org\/es\/","name":"AIVP","description":"Inspiring people of port cities","publisher":{"@id":"https:\/\/www.aivp.org\/es\/#organization"},"potentialAction":[{"@type":"SearchAction","target":{"@type":"EntryPoint","urlTemplate":"https:\/\/www.aivp.org\/es\/?s={search_term_string}"},"query-input":{"@type":"PropertyValueSpecification","valueRequired":true,"valueName":"search_term_string"}}],"inLanguage":"es"},{"@type":"Organization","@id":"https:\/\/www.aivp.org\/es\/#organization","name":"AIVP","url":"https:\/\/www.aivp.org\/es\/","logo":{"@type":"ImageObject","inLanguage":"es","@id":"https:\/\/www.aivp.org\/es\/#\/schema\/logo\/image\/","url":"https:\/\/www.aivp.org\/wp-content\/uploads\/2020\/07\/cropped-favicon.png","contentUrl":"https:\/\/www.aivp.org\/wp-content\/uploads\/2020\/07\/cropped-favicon.png","width":512,"height":512,"caption":"AIVP"},"image":{"@id":"https:\/\/www.aivp.org\/es\/#\/schema\/logo\/image\/"}},{"@type":"Person","@id":"https:\/\/www.aivp.org\/es\/#\/schema\/person\/492a19cab6d235c20616f66946feeb45","name":"Chlo\u00e9 COLBOC","image":{"@type":"ImageObject","inLanguage":"es","@id":"https:\/\/www.aivp.org\/es\/#\/schema\/person\/image\/","url":"https:\/\/secure.gravatar.com\/avatar\/7be117de39e60fb8c224f12ffa7c2e22?s=96&d=mm&r=g","contentUrl":"https:\/\/secure.gravatar.com\/avatar\/7be117de39e60fb8c224f12ffa7c2e22?s=96&d=mm&r=g","caption":"Chlo\u00e9 COLBOC"},"url":"https:\/\/www.aivp.org\/es\/newsroom\/author\/ccolbocaivp-org\/"}]}},"featured_image_url":"https:\/\/www.aivp.org\/wp-content\/uploads\/2021\/01\/Aerial-pic-buffalo-metropolitan-city-UNE.jpg","_links":{"self":[{"href":"https:\/\/www.aivp.org\/es\/wp-json\/wp\/v2\/posts\/26985","targetHints":{"allow":["GET"]}}],"collection":[{"href":"https:\/\/www.aivp.org\/es\/wp-json\/wp\/v2\/posts"}],"about":[{"href":"https:\/\/www.aivp.org\/es\/wp-json\/wp\/v2\/types\/post"}],"author":[{"embeddable":true,"href":"https:\/\/www.aivp.org\/es\/wp-json\/wp\/v2\/users\/13"}],"replies":[{"embeddable":true,"href":"https:\/\/www.aivp.org\/es\/wp-json\/wp\/v2\/comments?post=26985"}],"version-history":[{"count":0,"href":"https:\/\/www.aivp.org\/es\/wp-json\/wp\/v2\/posts\/26985\/revisions"}],"wp:featuredmedia":[{"embeddable":true,"href":"https:\/\/www.aivp.org\/es\/wp-json\/wp\/v2\/media\/38724"}],"wp:attachment":[{"href":"https:\/\/www.aivp.org\/es\/wp-json\/wp\/v2\/media?parent=26985"}],"wp:term":[{"taxonomy":"category","embeddable":true,"href":"https:\/\/www.aivp.org\/es\/wp-json\/wp\/v2\/categories?post=26985"},{"taxonomy":"post_tag","embeddable":true,"href":"https:\/\/www.aivp.org\/es\/wp-json\/wp\/v2\/tags?post=26985"},{"taxonomy":"goal","embeddable":true,"href":"https:\/\/www.aivp.org\/es\/wp-json\/wp\/v2\/goal?post=26985"}],"curies":[{"name":"wp","href":"https:\/\/api.w.org\/{rel}","templated":true}]}}