{"id":26991,"date":"2019-11-27T13:58:00","date_gmt":"2019-11-27T12:58:00","guid":{"rendered":"https:\/\/www.aivp.org\/newsroom\/la-aivp-estuvo-presente-en-la-principal-reunion-internacional-de-puertos-latinoamericanos\/"},"modified":"2021-02-18T11:11:48","modified_gmt":"2021-02-18T10:11:48","slug":"la-aivp-estuvo-presente-en-la-principal-reunion-internacional-de-puertos-latinoamericanos","status":"publish","type":"post","link":"https:\/\/www.aivp.org\/es\/newsroom\/la-aivp-estuvo-presente-en-la-principal-reunion-internacional-de-puertos-latinoamericanos\/","title":{"rendered":"La AIVP estuvo presente en la principal reuni\u00f3n internacional de puertos latinoamericanos"},"content":{"rendered":"<p>M\u00e1s de 400 participantes que incluyen a varios miembros de la AIVP se reunieron en la 28.\u00aa edici\u00f3n de la Asociaci\u00f3n Americana de Autoridades Portuarias (AAPA Latino) que se llev\u00f3 a cabo en Miami entre el 19 y 21 de noviembre de 2019.<\/p>\n<p>Luego de la firma de un Memor\u00e1ndum de Acuerdo en 2006, la AIVP ha colaborado de manera estrecha con la AAPA. El Sr. Olivier Lemaire, Gerente general, y Jos\u00e9 M. P. S\u00e1nchez, asesor estrat\u00e9gico externo, representaron en esta ocasi\u00f3n a nuestra organizaci\u00f3n. Se trat\u00f3 de una excelente oportunidad para ponernos en contacto con los miembros de Latinoam\u00e9rica y para presentar nuestra <a href=\"https:\/\/www.aivpagenda2030.com\/?lang=es\" target=\"_blank\" rel=\"noopener\">Agenda para 2030<\/a>, una iniciativa que ha captado cada vez mayor atenci\u00f3n en todo el mundo.<\/p>\n<h2>La creciente necesidad de di\u00e1logo entre los puertos y sus ciudadanos<\/h2>\n<p>Un tema subyacente fue el de las relaciones entre la ciudad y el puerto, que fue tratado por muchos de los oradores. Este evento suele ser el escenario de presentaciones para ambiciosos planes expansivos de los puertos, lo que pudimos constatar en las intervenciones de las autoridades portuarias de San Antonio (Chile), de Bah\u00eda Blanca (Argentina), o de Per\u00fa. Sin embargo, en todas dichas intervenciones se enfatiz\u00f3 tambi\u00e9n la necesidad de establecer un di\u00e1logo con las comunidades portuarias, incluidos los ciudadanos. Este asunto tiene particular relevancia hoy, a la luz de la inestabilidad social que afecta a muchos pa\u00edses de la regi\u00f3n.<\/p>\n<div id='gallery-1' class='gallery galleryid-26991 gallery-columns-3 gallery-size-medium'><figure class='gallery-item'>\n\t\t\t<div class='gallery-icon landscape'>\n\t\t\t\t<img loading=\"lazy\" decoding=\"async\" width=\"690\" height=\"518\" src=\"https:\/\/www.aivp.org\/wp-content\/uploads\/2021\/01\/Members-2-690x518.jpg\" class=\"attachment-medium size-medium\" alt=\"\" aria-describedby=\"gallery-1-38209\" srcset=\"https:\/\/www.aivp.org\/wp-content\/uploads\/2021\/01\/Members-2-690x518.jpg 690w, https:\/\/www.aivp.org\/wp-content\/uploads\/2021\/01\/Members-2-768x576.jpg 768w, https:\/\/www.aivp.org\/wp-content\/uploads\/2021\/01\/Members-2-255x191.jpg 255w, https:\/\/www.aivp.org\/wp-content\/uploads\/2021\/01\/Members-2-360x270.jpg 360w, https:\/\/www.aivp.org\/wp-content\/uploads\/2021\/01\/Members-2-171x128.jpg 171w, https:\/\/www.aivp.org\/wp-content\/uploads\/2021\/01\/Members-2-548x411.jpg 548w, https:\/\/www.aivp.org\/wp-content\/uploads\/2021\/01\/Members-2.jpg 1024w\" sizes=\"auto, (max-width: 690px) 100vw, 690px\" \/>\n\t\t\t<\/div>\n\t\t\t\t<figcaption class='wp-caption-text gallery-caption' id='gallery-1-38209'>\n\t\t\t\tAIVP with the port of Buenos Aires\n\t\t\t\t<\/figcaption><\/figure><figure class='gallery-item'>\n\t\t\t<div class='gallery-icon landscape'>\n\t\t\t\t<img loading=\"lazy\" decoding=\"async\" width=\"690\" height=\"518\" src=\"https:\/\/www.aivp.org\/wp-content\/uploads\/2021\/01\/Members-3-690x518.jpg\" class=\"attachment-medium size-medium\" alt=\"\" aria-describedby=\"gallery-1-38212\" srcset=\"https:\/\/www.aivp.org\/wp-content\/uploads\/2021\/01\/Members-3-690x518.jpg 690w, https:\/\/www.aivp.org\/wp-content\/uploads\/2021\/01\/Members-3-255x191.jpg 255w, https:\/\/www.aivp.org\/wp-content\/uploads\/2021\/01\/Members-3-360x270.jpg 360w, https:\/\/www.aivp.org\/wp-content\/uploads\/2021\/01\/Members-3-171x128.jpg 171w, https:\/\/www.aivp.org\/wp-content\/uploads\/2021\/01\/Members-3-548x411.jpg 548w, https:\/\/www.aivp.org\/wp-content\/uploads\/2021\/01\/Members-3.jpg 734w\" sizes=\"auto, (max-width: 690px) 100vw, 690px\" \/>\n\t\t\t<\/div>\n\t\t\t\t<figcaption class='wp-caption-text gallery-caption' id='gallery-1-38212'>\n\t\t\t\tAIVP with the port of Talcahuano\n\t\t\t\t<\/figcaption><\/figure><figure class='gallery-item'>\n\t\t\t<div class='gallery-icon landscape'>\n\t\t\t\t<img loading=\"lazy\" decoding=\"async\" width=\"690\" height=\"518\" src=\"https:\/\/www.aivp.org\/wp-content\/uploads\/2021\/01\/Members-1-690x518.jpg\" class=\"attachment-medium size-medium\" alt=\"\" aria-describedby=\"gallery-1-38215\" srcset=\"https:\/\/www.aivp.org\/wp-content\/uploads\/2021\/01\/Members-1-690x518.jpg 690w, https:\/\/www.aivp.org\/wp-content\/uploads\/2021\/01\/Members-1-768x576.jpg 768w, https:\/\/www.aivp.org\/wp-content\/uploads\/2021\/01\/Members-1-255x191.jpg 255w, https:\/\/www.aivp.org\/wp-content\/uploads\/2021\/01\/Members-1-360x270.jpg 360w, https:\/\/www.aivp.org\/wp-content\/uploads\/2021\/01\/Members-1-171x128.jpg 171w, https:\/\/www.aivp.org\/wp-content\/uploads\/2021\/01\/Members-1-548x411.jpg 548w, https:\/\/www.aivp.org\/wp-content\/uploads\/2021\/01\/Members-1.jpg 1024w\" sizes=\"auto, (max-width: 690px) 100vw, 690px\" \/>\n\t\t\t<\/div>\n\t\t\t\t<figcaption class='wp-caption-text gallery-caption' id='gallery-1-38215'>\n\t\t\t\tAIVP with the port of Bah\u00eda Blanca\n\t\t\t\t<\/figcaption><\/figure>\n\t\t<\/div>\n\n<h2>Miami, una capital mundial de los cruceros<\/h2>\n<p>Miami es la capital del mundo para los cruceros, y su tr\u00e1fico de pasajeros se eleva a casi 7 millones. Por lo mismo, este tambi\u00e9n fue un asunto fundamental para muchos de los participantes, seg\u00fan lo explic\u00f3 el presidente del puerto de Buenos Aires. Los puertos de la regi\u00f3n se preparan para recibir buques de mayor envergadura y para diversificar su oferta tur\u00edstica. Por cierto, esta expansi\u00f3n comportar\u00e1 algunos desaf\u00edos para las relaciones Ciudad Puerto, tal como lo hemos apreciado en otros lugares del mundo. Otros asuntos clave que se debatieron en la conferencia incluyeron el cada vez mayor gigantismo de los buques y sus impactos en los puertos latinoamericanos, en gran parte debido al efecto de \u00abcascada\u00bb, conforme al cual los buques que actualmente tienen mayor envergadura se redirigir\u00e1n a puertos secundarios, lo que requerir\u00e1 de nuevas inversiones.<\/p>\n<p><img loading=\"lazy\" decoding=\"async\" class=\"size-medium wp-image-38206 alignleft\" src=\"https:\/\/www.aivp.org\/wp-content\/uploads\/2021\/01\/miami-cruise-new-website-690x501.jpg\" alt=\"\" width=\"690\" height=\"501\" srcset=\"https:\/\/www.aivp.org\/wp-content\/uploads\/2021\/01\/miami-cruise-new-website-690x501.jpg 690w, https:\/\/www.aivp.org\/wp-content\/uploads\/2021\/01\/miami-cruise-new-website-768x558.jpg 768w, https:\/\/www.aivp.org\/wp-content\/uploads\/2021\/01\/miami-cruise-new-website-255x185.jpg 255w, https:\/\/www.aivp.org\/wp-content\/uploads\/2021\/01\/miami-cruise-new-website-360x262.jpg 360w, https:\/\/www.aivp.org\/wp-content\/uploads\/2021\/01\/miami-cruise-new-website-171x124.jpg 171w, https:\/\/www.aivp.org\/wp-content\/uploads\/2021\/01\/miami-cruise-new-website-548x398.jpg 548w, https:\/\/www.aivp.org\/wp-content\/uploads\/2021\/01\/miami-cruise-new-website.jpg 1024w\" sizes=\"auto, (max-width: 690px) 100vw, 690px\" \/><\/p>\n<p>Tambi\u00e9n se debatieron temas relativos a la Agenda AIVP 2030, como, por ejemplo, los efectos del cambio clim\u00e1tico y la forma en que los puertos deber\u00e1n combinar estrategias de mitigaci\u00f3n y de adaptaci\u00f3n con respecto a asuntos tales como el aumento en el nivel del mar o el problema de la movilidad sostenible en las ciudades portuarias.<\/p>\n<p>El evento de AAPA Latino fue la \u00faltima misi\u00f3n de la AIVP en un a\u00f1o muy atareado. En 2020, sin embargo, se llevar\u00e1n a cabo a\u00fan m\u00e1s eventos, los que incluyen nuestras propias reuniones en Venecia y T\u00e1nger, o la 29.\u00aa edici\u00f3n de AAPA Latino, que se llevar\u00e1 a cabo en Cartagena, Colombia.<\/p>\n","protected":false},"excerpt":{"rendered":"<p>M\u00e1s de 400 participantes que incluyen a varios miembros de la AIVP se reunieron en [&hellip;]<\/p>\n","protected":false},"author":14,"featured_media":38218,"comment_status":"closed","ping_status":"closed","sticky":false,"template":"","format":"standard","meta":{"_acf_changed":false,"footnotes":""},"categories":[],"tags":[2078,2077],"goal":[],"class_list":["post-26991","post","type-post","status-publish","format-standard","has-post-thumbnail","hentry","tag-aapa-3","tag-miami-3"],"acf":[],"yoast_head":"<!-- This site is optimized with the Yoast SEO plugin v26.8 - https:\/\/yoast.com\/product\/yoast-seo-wordpress\/ -->\n<title>La AIVP estuvo presente en la principal reuni\u00f3n internacional de puertos latinoamericanos - AIVP<\/title>\n<meta name=\"robots\" content=\"index, follow, max-snippet:-1, max-image-preview:large, max-video-preview:-1\" \/>\n<link rel=\"canonical\" href=\"https:\/\/www.aivp.org\/es\/newsroom\/la-aivp-estuvo-presente-en-la-principal-reunion-internacional-de-puertos-latinoamericanos\/\" \/>\n<meta property=\"og:locale\" content=\"es_ES\" \/>\n<meta property=\"og:type\" content=\"article\" \/>\n<meta property=\"og:title\" content=\"La AIVP estuvo presente en la principal reuni\u00f3n internacional de puertos latinoamericanos - AIVP\" \/>\n<meta property=\"og:description\" content=\"M\u00e1s de 400 participantes que incluyen a varios miembros de la AIVP se reunieron en [&hellip;]\" \/>\n<meta property=\"og:url\" content=\"https:\/\/www.aivp.org\/es\/newsroom\/la-aivp-estuvo-presente-en-la-principal-reunion-internacional-de-puertos-latinoamericanos\/\" \/>\n<meta property=\"og:site_name\" content=\"AIVP\" \/>\n<meta property=\"article:published_time\" content=\"2019-11-27T12:58:00+00:00\" \/>\n<meta property=\"article:modified_time\" content=\"2021-02-18T10:11:48+00:00\" \/>\n<meta property=\"og:image\" content=\"https:\/\/www.aivp.org\/wp-content\/uploads\/2021\/01\/aapa-latino.jpg\" \/>\n\t<meta property=\"og:image:width\" content=\"1280\" \/>\n\t<meta property=\"og:image:height\" content=\"720\" \/>\n\t<meta property=\"og:image:type\" content=\"image\/jpeg\" \/>\n<meta name=\"author\" content=\"Jos\u00e9 SANCHEZ\" \/>\n<meta name=\"twitter:card\" content=\"summary_large_image\" \/>\n<meta name=\"twitter:label1\" content=\"Escrito por\" \/>\n\t<meta name=\"twitter:data1\" content=\"Jos\u00e9 SANCHEZ\" \/>\n\t<meta name=\"twitter:label2\" content=\"Tiempo de lectura\" \/>\n\t<meta name=\"twitter:data2\" content=\"3 minutos\" \/>\n<script type=\"application\/ld+json\" class=\"yoast-schema-graph\">{\"@context\":\"https:\/\/schema.org\",\"@graph\":[{\"@type\":\"Article\",\"@id\":\"https:\/\/www.aivp.org\/es\/newsroom\/la-aivp-estuvo-presente-en-la-principal-reunion-internacional-de-puertos-latinoamericanos\/#article\",\"isPartOf\":{\"@id\":\"https:\/\/www.aivp.org\/es\/newsroom\/la-aivp-estuvo-presente-en-la-principal-reunion-internacional-de-puertos-latinoamericanos\/\"},\"author\":{\"name\":\"Jos\u00e9 SANCHEZ\",\"@id\":\"https:\/\/www.aivp.org\/es\/#\/schema\/person\/905e0ce025d136d3d3c6b5a51b9c3498\"},\"headline\":\"La AIVP estuvo presente en la principal reuni\u00f3n internacional de puertos latinoamericanos\",\"datePublished\":\"2019-11-27T12:58:00+00:00\",\"dateModified\":\"2021-02-18T10:11:48+00:00\",\"mainEntityOfPage\":{\"@id\":\"https:\/\/www.aivp.org\/es\/newsroom\/la-aivp-estuvo-presente-en-la-principal-reunion-internacional-de-puertos-latinoamericanos\/\"},\"wordCount\":533,\"publisher\":{\"@id\":\"https:\/\/www.aivp.org\/es\/#organization\"},\"image\":{\"@id\":\"https:\/\/www.aivp.org\/es\/newsroom\/la-aivp-estuvo-presente-en-la-principal-reunion-internacional-de-puertos-latinoamericanos\/#primaryimage\"},\"thumbnailUrl\":\"https:\/\/www.aivp.org\/wp-content\/uploads\/2021\/01\/aapa-latino.jpg\",\"keywords\":[\"AAPA\",\"Miami\"],\"inLanguage\":\"es\"},{\"@type\":\"WebPage\",\"@id\":\"https:\/\/www.aivp.org\/es\/newsroom\/la-aivp-estuvo-presente-en-la-principal-reunion-internacional-de-puertos-latinoamericanos\/\",\"url\":\"https:\/\/www.aivp.org\/es\/newsroom\/la-aivp-estuvo-presente-en-la-principal-reunion-internacional-de-puertos-latinoamericanos\/\",\"name\":\"La AIVP estuvo presente en la principal reuni\u00f3n internacional de puertos latinoamericanos - AIVP\",\"isPartOf\":{\"@id\":\"https:\/\/www.aivp.org\/es\/#website\"},\"primaryImageOfPage\":{\"@id\":\"https:\/\/www.aivp.org\/es\/newsroom\/la-aivp-estuvo-presente-en-la-principal-reunion-internacional-de-puertos-latinoamericanos\/#primaryimage\"},\"image\":{\"@id\":\"https:\/\/www.aivp.org\/es\/newsroom\/la-aivp-estuvo-presente-en-la-principal-reunion-internacional-de-puertos-latinoamericanos\/#primaryimage\"},\"thumbnailUrl\":\"https:\/\/www.aivp.org\/wp-content\/uploads\/2021\/01\/aapa-latino.jpg\",\"datePublished\":\"2019-11-27T12:58:00+00:00\",\"dateModified\":\"2021-02-18T10:11:48+00:00\",\"breadcrumb\":{\"@id\":\"https:\/\/www.aivp.org\/es\/newsroom\/la-aivp-estuvo-presente-en-la-principal-reunion-internacional-de-puertos-latinoamericanos\/#breadcrumb\"},\"inLanguage\":\"es\",\"potentialAction\":[{\"@type\":\"ReadAction\",\"target\":[\"https:\/\/www.aivp.org\/es\/newsroom\/la-aivp-estuvo-presente-en-la-principal-reunion-internacional-de-puertos-latinoamericanos\/\"]}]},{\"@type\":\"ImageObject\",\"inLanguage\":\"es\",\"@id\":\"https:\/\/www.aivp.org\/es\/newsroom\/la-aivp-estuvo-presente-en-la-principal-reunion-internacional-de-puertos-latinoamericanos\/#primaryimage\",\"url\":\"https:\/\/www.aivp.org\/wp-content\/uploads\/2021\/01\/aapa-latino.jpg\",\"contentUrl\":\"https:\/\/www.aivp.org\/wp-content\/uploads\/2021\/01\/aapa-latino.jpg\",\"width\":1280,\"height\":720,\"caption\":\"AAPA Latino\"},{\"@type\":\"BreadcrumbList\",\"@id\":\"https:\/\/www.aivp.org\/es\/newsroom\/la-aivp-estuvo-presente-en-la-principal-reunion-internacional-de-puertos-latinoamericanos\/#breadcrumb\",\"itemListElement\":[{\"@type\":\"ListItem\",\"position\":1,\"name\":\"Home\",\"item\":\"https:\/\/www.aivp.org\/es\/\"},{\"@type\":\"ListItem\",\"position\":2,\"name\":\"La AIVP estuvo presente en la principal reuni\u00f3n internacional de puertos latinoamericanos\"}]},{\"@type\":\"WebSite\",\"@id\":\"https:\/\/www.aivp.org\/es\/#website\",\"url\":\"https:\/\/www.aivp.org\/es\/\",\"name\":\"AIVP\",\"description\":\"Inspiring people of port cities\",\"publisher\":{\"@id\":\"https:\/\/www.aivp.org\/es\/#organization\"},\"potentialAction\":[{\"@type\":\"SearchAction\",\"target\":{\"@type\":\"EntryPoint\",\"urlTemplate\":\"https:\/\/www.aivp.org\/es\/?s={search_term_string}\"},\"query-input\":{\"@type\":\"PropertyValueSpecification\",\"valueRequired\":true,\"valueName\":\"search_term_string\"}}],\"inLanguage\":\"es\"},{\"@type\":\"Organization\",\"@id\":\"https:\/\/www.aivp.org\/es\/#organization\",\"name\":\"AIVP\",\"url\":\"https:\/\/www.aivp.org\/es\/\",\"logo\":{\"@type\":\"ImageObject\",\"inLanguage\":\"es\",\"@id\":\"https:\/\/www.aivp.org\/es\/#\/schema\/logo\/image\/\",\"url\":\"https:\/\/www.aivp.org\/wp-content\/uploads\/2020\/07\/cropped-favicon.png\",\"contentUrl\":\"https:\/\/www.aivp.org\/wp-content\/uploads\/2020\/07\/cropped-favicon.png\",\"width\":512,\"height\":512,\"caption\":\"AIVP\"},\"image\":{\"@id\":\"https:\/\/www.aivp.org\/es\/#\/schema\/logo\/image\/\"}},{\"@type\":\"Person\",\"@id\":\"https:\/\/www.aivp.org\/es\/#\/schema\/person\/905e0ce025d136d3d3c6b5a51b9c3498\",\"name\":\"Jos\u00e9 SANCHEZ\",\"image\":{\"@type\":\"ImageObject\",\"inLanguage\":\"es\",\"@id\":\"https:\/\/www.aivp.org\/es\/#\/schema\/person\/image\/\",\"url\":\"https:\/\/secure.gravatar.com\/avatar\/8d2eff7ef0ec4c75bd676545f78010c5?s=96&d=mm&r=g\",\"contentUrl\":\"https:\/\/secure.gravatar.com\/avatar\/8d2eff7ef0ec4c75bd676545f78010c5?s=96&d=mm&r=g\",\"caption\":\"Jos\u00e9 SANCHEZ\"},\"sameAs\":[\"http:\/\/hdelepouve@aivp.org\"],\"url\":\"https:\/\/www.aivp.org\/es\/newsroom\/author\/jsanchezaivp-org\/\"}]}<\/script>\n<!-- \/ Yoast SEO plugin. -->","yoast_head_json":{"title":"La AIVP estuvo presente en la principal reuni\u00f3n internacional de puertos latinoamericanos - AIVP","robots":{"index":"index","follow":"follow","max-snippet":"max-snippet:-1","max-image-preview":"max-image-preview:large","max-video-preview":"max-video-preview:-1"},"canonical":"https:\/\/www.aivp.org\/es\/newsroom\/la-aivp-estuvo-presente-en-la-principal-reunion-internacional-de-puertos-latinoamericanos\/","og_locale":"es_ES","og_type":"article","og_title":"La AIVP estuvo presente en la principal reuni\u00f3n internacional de puertos latinoamericanos - AIVP","og_description":"M\u00e1s de 400 participantes que incluyen a varios miembros de la AIVP se reunieron en [&hellip;]","og_url":"https:\/\/www.aivp.org\/es\/newsroom\/la-aivp-estuvo-presente-en-la-principal-reunion-internacional-de-puertos-latinoamericanos\/","og_site_name":"AIVP","article_published_time":"2019-11-27T12:58:00+00:00","article_modified_time":"2021-02-18T10:11:48+00:00","og_image":[{"width":1280,"height":720,"url":"https:\/\/www.aivp.org\/wp-content\/uploads\/2021\/01\/aapa-latino.jpg","type":"image\/jpeg"}],"author":"Jos\u00e9 SANCHEZ","twitter_card":"summary_large_image","twitter_misc":{"Escrito por":"Jos\u00e9 SANCHEZ","Tiempo de lectura":"3 minutos"},"schema":{"@context":"https:\/\/schema.org","@graph":[{"@type":"Article","@id":"https:\/\/www.aivp.org\/es\/newsroom\/la-aivp-estuvo-presente-en-la-principal-reunion-internacional-de-puertos-latinoamericanos\/#article","isPartOf":{"@id":"https:\/\/www.aivp.org\/es\/newsroom\/la-aivp-estuvo-presente-en-la-principal-reunion-internacional-de-puertos-latinoamericanos\/"},"author":{"name":"Jos\u00e9 SANCHEZ","@id":"https:\/\/www.aivp.org\/es\/#\/schema\/person\/905e0ce025d136d3d3c6b5a51b9c3498"},"headline":"La AIVP estuvo presente en la principal reuni\u00f3n internacional de puertos latinoamericanos","datePublished":"2019-11-27T12:58:00+00:00","dateModified":"2021-02-18T10:11:48+00:00","mainEntityOfPage":{"@id":"https:\/\/www.aivp.org\/es\/newsroom\/la-aivp-estuvo-presente-en-la-principal-reunion-internacional-de-puertos-latinoamericanos\/"},"wordCount":533,"publisher":{"@id":"https:\/\/www.aivp.org\/es\/#organization"},"image":{"@id":"https:\/\/www.aivp.org\/es\/newsroom\/la-aivp-estuvo-presente-en-la-principal-reunion-internacional-de-puertos-latinoamericanos\/#primaryimage"},"thumbnailUrl":"https:\/\/www.aivp.org\/wp-content\/uploads\/2021\/01\/aapa-latino.jpg","keywords":["AAPA","Miami"],"inLanguage":"es"},{"@type":"WebPage","@id":"https:\/\/www.aivp.org\/es\/newsroom\/la-aivp-estuvo-presente-en-la-principal-reunion-internacional-de-puertos-latinoamericanos\/","url":"https:\/\/www.aivp.org\/es\/newsroom\/la-aivp-estuvo-presente-en-la-principal-reunion-internacional-de-puertos-latinoamericanos\/","name":"La AIVP estuvo presente en la principal reuni\u00f3n internacional de puertos latinoamericanos - AIVP","isPartOf":{"@id":"https:\/\/www.aivp.org\/es\/#website"},"primaryImageOfPage":{"@id":"https:\/\/www.aivp.org\/es\/newsroom\/la-aivp-estuvo-presente-en-la-principal-reunion-internacional-de-puertos-latinoamericanos\/#primaryimage"},"image":{"@id":"https:\/\/www.aivp.org\/es\/newsroom\/la-aivp-estuvo-presente-en-la-principal-reunion-internacional-de-puertos-latinoamericanos\/#primaryimage"},"thumbnailUrl":"https:\/\/www.aivp.org\/wp-content\/uploads\/2021\/01\/aapa-latino.jpg","datePublished":"2019-11-27T12:58:00+00:00","dateModified":"2021-02-18T10:11:48+00:00","breadcrumb":{"@id":"https:\/\/www.aivp.org\/es\/newsroom\/la-aivp-estuvo-presente-en-la-principal-reunion-internacional-de-puertos-latinoamericanos\/#breadcrumb"},"inLanguage":"es","potentialAction":[{"@type":"ReadAction","target":["https:\/\/www.aivp.org\/es\/newsroom\/la-aivp-estuvo-presente-en-la-principal-reunion-internacional-de-puertos-latinoamericanos\/"]}]},{"@type":"ImageObject","inLanguage":"es","@id":"https:\/\/www.aivp.org\/es\/newsroom\/la-aivp-estuvo-presente-en-la-principal-reunion-internacional-de-puertos-latinoamericanos\/#primaryimage","url":"https:\/\/www.aivp.org\/wp-content\/uploads\/2021\/01\/aapa-latino.jpg","contentUrl":"https:\/\/www.aivp.org\/wp-content\/uploads\/2021\/01\/aapa-latino.jpg","width":1280,"height":720,"caption":"AAPA Latino"},{"@type":"BreadcrumbList","@id":"https:\/\/www.aivp.org\/es\/newsroom\/la-aivp-estuvo-presente-en-la-principal-reunion-internacional-de-puertos-latinoamericanos\/#breadcrumb","itemListElement":[{"@type":"ListItem","position":1,"name":"Home","item":"https:\/\/www.aivp.org\/es\/"},{"@type":"ListItem","position":2,"name":"La AIVP estuvo presente en la principal reuni\u00f3n internacional de puertos latinoamericanos"}]},{"@type":"WebSite","@id":"https:\/\/www.aivp.org\/es\/#website","url":"https:\/\/www.aivp.org\/es\/","name":"AIVP","description":"Inspiring people of port cities","publisher":{"@id":"https:\/\/www.aivp.org\/es\/#organization"},"potentialAction":[{"@type":"SearchAction","target":{"@type":"EntryPoint","urlTemplate":"https:\/\/www.aivp.org\/es\/?s={search_term_string}"},"query-input":{"@type":"PropertyValueSpecification","valueRequired":true,"valueName":"search_term_string"}}],"inLanguage":"es"},{"@type":"Organization","@id":"https:\/\/www.aivp.org\/es\/#organization","name":"AIVP","url":"https:\/\/www.aivp.org\/es\/","logo":{"@type":"ImageObject","inLanguage":"es","@id":"https:\/\/www.aivp.org\/es\/#\/schema\/logo\/image\/","url":"https:\/\/www.aivp.org\/wp-content\/uploads\/2020\/07\/cropped-favicon.png","contentUrl":"https:\/\/www.aivp.org\/wp-content\/uploads\/2020\/07\/cropped-favicon.png","width":512,"height":512,"caption":"AIVP"},"image":{"@id":"https:\/\/www.aivp.org\/es\/#\/schema\/logo\/image\/"}},{"@type":"Person","@id":"https:\/\/www.aivp.org\/es\/#\/schema\/person\/905e0ce025d136d3d3c6b5a51b9c3498","name":"Jos\u00e9 SANCHEZ","image":{"@type":"ImageObject","inLanguage":"es","@id":"https:\/\/www.aivp.org\/es\/#\/schema\/person\/image\/","url":"https:\/\/secure.gravatar.com\/avatar\/8d2eff7ef0ec4c75bd676545f78010c5?s=96&d=mm&r=g","contentUrl":"https:\/\/secure.gravatar.com\/avatar\/8d2eff7ef0ec4c75bd676545f78010c5?s=96&d=mm&r=g","caption":"Jos\u00e9 SANCHEZ"},"sameAs":["http:\/\/hdelepouve@aivp.org"],"url":"https:\/\/www.aivp.org\/es\/newsroom\/author\/jsanchezaivp-org\/"}]}},"featured_image_url":"https:\/\/www.aivp.org\/wp-content\/uploads\/2021\/01\/aapa-latino.jpg","_links":{"self":[{"href":"https:\/\/www.aivp.org\/es\/wp-json\/wp\/v2\/posts\/26991","targetHints":{"allow":["GET"]}}],"collection":[{"href":"https:\/\/www.aivp.org\/es\/wp-json\/wp\/v2\/posts"}],"about":[{"href":"https:\/\/www.aivp.org\/es\/wp-json\/wp\/v2\/types\/post"}],"author":[{"embeddable":true,"href":"https:\/\/www.aivp.org\/es\/wp-json\/wp\/v2\/users\/14"}],"replies":[{"embeddable":true,"href":"https:\/\/www.aivp.org\/es\/wp-json\/wp\/v2\/comments?post=26991"}],"version-history":[{"count":0,"href":"https:\/\/www.aivp.org\/es\/wp-json\/wp\/v2\/posts\/26991\/revisions"}],"wp:featuredmedia":[{"embeddable":true,"href":"https:\/\/www.aivp.org\/es\/wp-json\/wp\/v2\/media\/38218"}],"wp:attachment":[{"href":"https:\/\/www.aivp.org\/es\/wp-json\/wp\/v2\/media?parent=26991"}],"wp:term":[{"taxonomy":"category","embeddable":true,"href":"https:\/\/www.aivp.org\/es\/wp-json\/wp\/v2\/categories?post=26991"},{"taxonomy":"post_tag","embeddable":true,"href":"https:\/\/www.aivp.org\/es\/wp-json\/wp\/v2\/tags?post=26991"},{"taxonomy":"goal","embeddable":true,"href":"https:\/\/www.aivp.org\/es\/wp-json\/wp\/v2\/goal?post=26991"}],"curies":[{"name":"wp","href":"https:\/\/api.w.org\/{rel}","templated":true}]}}