{"id":27005,"date":"2020-02-06T13:58:00","date_gmt":"2020-02-06T12:58:00","guid":{"rendered":"https:\/\/www.aivp.org\/newsroom\/puertos-de-lille-objetivo-integracion-territorial\/"},"modified":"2021-02-24T12:30:56","modified_gmt":"2021-02-24T11:30:56","slug":"puertos-de-lille-objetivo-integracion-territorial","status":"publish","type":"post","link":"https:\/\/www.aivp.org\/es\/newsroom\/puertos-de-lille-objetivo-integracion-territorial\/","title":{"rendered":"Puertos de Lille: \u00a1objetivo integraci\u00f3n territorial!"},"content":{"rendered":"<p><img loading=\"lazy\" decoding=\"async\" class=\"alignleft wp-image-21407 size-medium\" src=\"https:\/\/www.aivp.org\/wp-content\/uploads\/2020\/02\/Alain-LEFEBVRE-250x223.jpg\" alt=\"portrait Alain Lefebvre\" width=\"250\" height=\"223\">Si bien el Centro Multimodal de Distribuci\u00f3n urbana tarda en estabilizarse, la integraci\u00f3n de los Ports de Lille al tejido metropolitano y regional se encuentra m\u00e1s que nunca en el centro de la estrategia.<\/p>\n<p>Apoy\u00e1ndose en 12 sitios establecidos a lo largo de los canales de gran tama\u00f1o de la regi\u00f3n Hauts-de-France, los Ports de Lille se esfuerzan por innovar con el fin de responder a los especialistas en log\u00edsticas, que superan diariamente el desaf\u00edo del e-commerce en el coraz\u00f3n de la 4\u00aa metr\u00f3polis de Francia.<\/p>\n<p>Su Director General, Alain Lefebvre, nos elabora hoy un balance de esta relaci\u00f3n Territorio Puerto.<!--more--><\/p>\n<h2>El Centro Multimodal de Distribuci\u00f3n Urbana celebrar\u00e1 sus 5 a\u00f1os en 2020. Este fue el punto de partida de una estrategia de integraci\u00f3n del puerto al funcionamiento cotidiano de la metr\u00f3polis de Lille. \u00bfCu\u00e1l es su balance de estos primeros 5 a\u00f1os de actividad?<\/h2>\n<p>Ports de Lille, cuarto puerto interior de Francia en t\u00e9rminos de tonelaje tiene por objetivo posicionarse en el paisaje metropolitano como un actor responsable y comprometido. Conscientes de los desaf\u00edos relacionados con los nuevos modos de consumo del impacto del transporte de mercanc\u00edas en medio urbano, invertimos en 2015 para la construcci\u00f3n de un Centro Multimodal de Distribuci\u00f3n Urbana (CMDU). Nuestra ambici\u00f3n: proponer un equipo de masificaci\u00f3n de las mercanc\u00edas que son enviadas al exterior de la aglomeraci\u00f3n por v\u00eda navegable, por ferrocarril o carretera, y que son luego distribuidas a los comercios de la metr\u00f3polis.<\/p>\n<p>El CMDU, que se encuentra en una zona densa, es una verdadera herramienta de ecomovilidad para descongestionar la metr\u00f3polis de Lille y optimizar la log\u00edstica del \u00faltimo kil\u00f3metro. El Centro dispone de una buena conexi\u00f3n por carretera, ferroviaria y fluvial, y representa una aut\u00e9ntica plataforma log\u00edstica a disposici\u00f3n de los comerciantes y de los transportadores de la metr\u00f3polis.<\/p>\n<p>Lamentablemente, ante la ausencia de apoyo institucional, el CMDU no logr\u00f3 encontrar su lugar en el paisaje urbano actual. Desde su lanzamiento en 2015, dos operadores (V\u00e9olia y Oxipio) han intentado invertir en una gama de servicio log\u00edstico urbano, sin tener \u00e9xito. La problem\u00e1tica de las movilidades y de las reglamentaciones (metropolitanas) no incentivaba el uso de tal espacio log\u00edstico. Este a\u00f1o, hemos firmado un acuerdo con un tercer operador, con la esperanza de que su modelo econ\u00f3mico de la log\u00edstica urbana sea duradero, en un contexto institucional que anuncia ser m\u00e1s favorable.<\/p>\n<h2>Hoy en d\u00eda, respecto de las nuevas pr\u00e1cticas de los consumidores y de los desaf\u00edos clim\u00e1ticos, \u00bfcu\u00e1les son los proyectos para el desarrollo de este centro? \u00bfcu\u00e1les son sus principales desaf\u00edos?<\/h2>\n<p>En pleno advenimiento de la era digital, los procesos de distribuci\u00f3n urbana se vuelven m\u00e1s complejos, y exigen una organizaci\u00f3n urbana favorable para las entregas just in time. Ya no se trata de una simple entrega de mercanc\u00edas en la ciudad, sino de la instauraci\u00f3n de una gama de servicios para los consumidores (puntos de recogida, puntos de recepci\u00f3n de veh\u00edculos, abastecimiento multimodal, stock flotante, hoteles log\u00edsticos, etc.).<\/p>\n<p>Es en este contexto que Ports de Lille pone su espacio log\u00edstico polivalente de dimensi\u00f3n metropolitana a disposici\u00f3n de los comerciantes, los transportadores y los especialistas en log\u00edstica. Hubs log\u00edsticos como nuestro CMDU, en colaboraci\u00f3n con otros sitios, son capaces de generar flujos importantes, paletizados y de contenedores, efectuando el papel de interfaz entre el transporte masificado y la distribuci\u00f3n fina. Es posible realizar operaciones de tipo \u00abcross-docking\u00bb de mercanc\u00edas ligeras (cajas m\u00f3viles, paquetes) poniendo a disposici\u00f3n de los usuarios medios de manutenci\u00f3n, locales, estacionamientos y equipos para veh\u00edculos (una estaci\u00f3n GNC ya se encuentra a disposici\u00f3n).<\/p>\n<p>Ports de Lille se encuentra actualmente en plena transformaci\u00f3n, hacia la responsabilidad societal. Con distintos interlocutores regionales, iniciamos nuevos proyectos que se inscriben en una iniciativa colectiva de transici\u00f3n energ\u00e9tica y digital. Proyectos como la estaci\u00f3n multi-energ\u00eda, el proyecto Roquette, REV3, el hermano gemelo digital de la supply chain, las certificaciones ISO 9001, OEA y BREEAM, son tan s\u00f3lo algunos ejemplos de nuestra fuerte voluntad de responder a las necesidades actuales y futuras de los cargadores, de los especialistas en log\u00edstica y de la sociedad en general.<\/p>\n<h2>Ubicados en el coraz\u00f3n de la metr\u00f3polis, Ports de Lille tiene tambi\u00e9n una situaci\u00f3n particular, y alianzas con los grandes puertos mar\u00edtimos de Dunquerque, Calais, y Amberes. \u00bfC\u00f3mo se posicionan con relaci\u00f3n a este conjunto?<\/h2>\n<p>La regi\u00f3n Hauts-de-France, una de las regiones m\u00e1s industriales de Francia, apuesta por la log\u00edstica como motor econ\u00f3mico. Al encontrarse en la encrucijada de grandes capitales de Europa del noreste, la regi\u00f3n se encuentra en una encrucijada de grandes flujos de mercanc\u00edas. En efecto, el puerto recibe un amplio abanico de empresas que van desde la construcci\u00f3n, el transporte, el almacenamiento y la log\u00edstica, pasando por el sector de la valoraci\u00f3n, del alquiler de oficinas y del agroalimentario.<\/p>\n<p>Al igual que todos los puertos interiores, Ports de Lille busca reforzar su posicionamiento en el hinterland, integr\u00e1ndose a las cadenas log\u00edsticas internacionales para convertirse en una verdadera plataforma entre los sistemas de transporte, de producci\u00f3n y de distribuci\u00f3n. Desarrollamos la oferta multimodal en la entrada de la metr\u00f3polis de Lille, al servicio de la ciudad y de los industriales regionales.<\/p>\n<p>Ports de Lille tambi\u00e9n es uno de los socios fundadores de Norlink, la federaci\u00f3n regional de los actores de la cadena log\u00edstica (mar\u00edtimo, ferroviario, fluvial, navegaci\u00f3n deportiva). El objetivo es reunir las fuerzas regionales para responder de mejor manera ante los desaf\u00edos del transporte multimodal, a una escala mayor. En este contexto, los puertos mar\u00edtimos y las plataformas interiores son nuestros socios, con quienes compartimos un gran n\u00famero de asuntos: transferencia modal, promoci\u00f3n regional, desarrollo sostenible, seguridad y digitalizaci\u00f3n.<\/p>\n<h2>El inicio de las obras del Canal Sena Norte Europa tendr\u00e1 lugar en 2020, teniendo en vista una puesta en funcionamiento progresiva para el horizonte 2028. Es a la vez corto y largo. \u00bfC\u00f3mo se preparan los puertos de Lille para esto?<\/h2>\n<p>El Canal Sena Norte Europa (CSNE) es un proyecto prioritario para la regi\u00f3n Hauts-de-France, que tiene como objetivo servir para el redespliegue de actividades industriales accesibles para los transportes masificados y alternativos a la carretera. Es un inter\u00e9s com\u00fan, que se complementa con la estrategia de Ports de Lille.<\/p>\n<p>Mientras m\u00e1s fuertes sean las actividades industriales de la regi\u00f3n, m\u00e1s habr\u00e1 oportunidades para el transporte masificado hacia las plataformas interiores.<br \/>\nAl igual que todos los actores econ\u00f3micos, esperamos con mucho inter\u00e9s la programaci\u00f3n de las inversiones en las plataformas futuras (Marquion, Noyon, P\u00e9ronne, Nesle). El Canal Albert, el Canal Bruxelles-Charleroi, los canales holandeses son ejemplos de buenas pr\u00e1cticas.<\/p>\n<p>En espera de la llegada del CSNE, proseguimos con el desarrollo de la oferta multimodal, aline\u00e1ndola con la pol\u00edtica de la responsabilidad societal y las necesidades de nuestros clientes, inscribi\u00e9ndonos en los corredores europeos norte-sur y prepar\u00e1ndonos para los corredores este-oeste.<\/p>\n<hr>\n<p>* entregas just in time: El justo a tiempo es un m\u00e9todo de organizaci\u00f3n y de gesti\u00f3n de la producci\u00f3n, que consiste en minimizar los stocks y los productos en proceso de fabricaci\u00f3n.<\/p>\n<p>*Cross-docking: El cross docking es un tipo de preparaci\u00f3n de pedidos que permite prescindir de algunas de las fases de almacenamiento de los productos en bodega, y del picking.<\/p>\n<p>*GNC: Gas Natural Comprimido<\/p>\n","protected":false},"excerpt":{"rendered":"<p>Si bien el Centro Multimodal de Distribuci\u00f3n urbana tarda en estabilizarse, la integraci\u00f3n de los [&hellip;]<\/p>\n","protected":false},"author":13,"featured_media":38421,"comment_status":"closed","ping_status":"closed","sticky":false,"template":"","format":"standard","meta":{"_acf_changed":false,"footnotes":""},"categories":[1952],"tags":[282,2087],"goal":[2128],"class_list":["post-27005","post","type-post","status-publish","format-standard","has-post-thumbnail","hentry","category-entrevistas","tag-francia","tag-lille-es-2","goal-movilidad-sostenible"],"acf":[],"yoast_head":"<!-- This site is optimized with the Yoast SEO plugin v26.8 - https:\/\/yoast.com\/product\/yoast-seo-wordpress\/ -->\n<title>Puertos de Lille: \u00a1objetivo integraci\u00f3n territorial! - AIVP<\/title>\n<meta name=\"robots\" content=\"index, follow, max-snippet:-1, max-image-preview:large, max-video-preview:-1\" \/>\n<link rel=\"canonical\" href=\"https:\/\/www.aivp.org\/es\/newsroom\/puertos-de-lille-objetivo-integracion-territorial\/\" \/>\n<meta property=\"og:locale\" content=\"es_ES\" \/>\n<meta property=\"og:type\" content=\"article\" \/>\n<meta property=\"og:title\" content=\"Puertos de Lille: \u00a1objetivo integraci\u00f3n territorial! - AIVP\" \/>\n<meta property=\"og:description\" content=\"Si bien el Centro Multimodal de Distribuci\u00f3n urbana tarda en estabilizarse, la integraci\u00f3n de los [&hellip;]\" \/>\n<meta property=\"og:url\" content=\"https:\/\/www.aivp.org\/es\/newsroom\/puertos-de-lille-objetivo-integracion-territorial\/\" \/>\n<meta property=\"og:site_name\" content=\"AIVP\" \/>\n<meta property=\"article:published_time\" content=\"2020-02-06T12:58:00+00:00\" \/>\n<meta property=\"article:modified_time\" content=\"2021-02-24T11:30:56+00:00\" \/>\n<meta property=\"og:image\" content=\"https:\/\/www.aivp.org\/wp-content\/uploads\/2020\/02\/Alain-LEFEBVRE-UNE.jpg\" \/>\n\t<meta property=\"og:image:width\" content=\"645\" \/>\n\t<meta property=\"og:image:height\" content=\"576\" \/>\n\t<meta property=\"og:image:type\" content=\"image\/jpeg\" \/>\n<meta name=\"author\" content=\"Chlo\u00e9 COLBOC\" \/>\n<meta name=\"twitter:card\" content=\"summary_large_image\" \/>\n<meta name=\"twitter:label1\" content=\"Escrito por\" \/>\n\t<meta name=\"twitter:data1\" content=\"Chlo\u00e9 COLBOC\" \/>\n\t<meta name=\"twitter:label2\" content=\"Tiempo de lectura\" \/>\n\t<meta name=\"twitter:data2\" content=\"6 minutos\" \/>\n<script type=\"application\/ld+json\" class=\"yoast-schema-graph\">{\"@context\":\"https:\/\/schema.org\",\"@graph\":[{\"@type\":\"Article\",\"@id\":\"https:\/\/www.aivp.org\/es\/newsroom\/puertos-de-lille-objetivo-integracion-territorial\/#article\",\"isPartOf\":{\"@id\":\"https:\/\/www.aivp.org\/es\/newsroom\/puertos-de-lille-objetivo-integracion-territorial\/\"},\"author\":{\"name\":\"Chlo\u00e9 COLBOC\",\"@id\":\"https:\/\/www.aivp.org\/es\/#\/schema\/person\/492a19cab6d235c20616f66946feeb45\"},\"headline\":\"Puertos de Lille: \u00a1objetivo integraci\u00f3n territorial!\",\"datePublished\":\"2020-02-06T12:58:00+00:00\",\"dateModified\":\"2021-02-24T11:30:56+00:00\",\"mainEntityOfPage\":{\"@id\":\"https:\/\/www.aivp.org\/es\/newsroom\/puertos-de-lille-objetivo-integracion-territorial\/\"},\"wordCount\":1314,\"publisher\":{\"@id\":\"https:\/\/www.aivp.org\/es\/#organization\"},\"image\":{\"@id\":\"https:\/\/www.aivp.org\/es\/newsroom\/puertos-de-lille-objetivo-integracion-territorial\/#primaryimage\"},\"thumbnailUrl\":\"https:\/\/www.aivp.org\/wp-content\/uploads\/2020\/02\/Alain-LEFEBVRE-UNE.jpg\",\"keywords\":[\"Francia\",\"Lille\"],\"articleSection\":[\"Entrevistas\"],\"inLanguage\":\"es\"},{\"@type\":\"WebPage\",\"@id\":\"https:\/\/www.aivp.org\/es\/newsroom\/puertos-de-lille-objetivo-integracion-territorial\/\",\"url\":\"https:\/\/www.aivp.org\/es\/newsroom\/puertos-de-lille-objetivo-integracion-territorial\/\",\"name\":\"Puertos de Lille: \u00a1objetivo integraci\u00f3n territorial! - AIVP\",\"isPartOf\":{\"@id\":\"https:\/\/www.aivp.org\/es\/#website\"},\"primaryImageOfPage\":{\"@id\":\"https:\/\/www.aivp.org\/es\/newsroom\/puertos-de-lille-objetivo-integracion-territorial\/#primaryimage\"},\"image\":{\"@id\":\"https:\/\/www.aivp.org\/es\/newsroom\/puertos-de-lille-objetivo-integracion-territorial\/#primaryimage\"},\"thumbnailUrl\":\"https:\/\/www.aivp.org\/wp-content\/uploads\/2020\/02\/Alain-LEFEBVRE-UNE.jpg\",\"datePublished\":\"2020-02-06T12:58:00+00:00\",\"dateModified\":\"2021-02-24T11:30:56+00:00\",\"breadcrumb\":{\"@id\":\"https:\/\/www.aivp.org\/es\/newsroom\/puertos-de-lille-objetivo-integracion-territorial\/#breadcrumb\"},\"inLanguage\":\"es\",\"potentialAction\":[{\"@type\":\"ReadAction\",\"target\":[\"https:\/\/www.aivp.org\/es\/newsroom\/puertos-de-lille-objetivo-integracion-territorial\/\"]}]},{\"@type\":\"ImageObject\",\"inLanguage\":\"es\",\"@id\":\"https:\/\/www.aivp.org\/es\/newsroom\/puertos-de-lille-objetivo-integracion-territorial\/#primaryimage\",\"url\":\"https:\/\/www.aivp.org\/wp-content\/uploads\/2020\/02\/Alain-LEFEBVRE-UNE.jpg\",\"contentUrl\":\"https:\/\/www.aivp.org\/wp-content\/uploads\/2020\/02\/Alain-LEFEBVRE-UNE.jpg\",\"width\":645,\"height\":576},{\"@type\":\"BreadcrumbList\",\"@id\":\"https:\/\/www.aivp.org\/es\/newsroom\/puertos-de-lille-objetivo-integracion-territorial\/#breadcrumb\",\"itemListElement\":[{\"@type\":\"ListItem\",\"position\":1,\"name\":\"Home\",\"item\":\"https:\/\/www.aivp.org\/es\/\"},{\"@type\":\"ListItem\",\"position\":2,\"name\":\"Puertos de Lille: \u00a1objetivo integraci\u00f3n territorial!\"}]},{\"@type\":\"WebSite\",\"@id\":\"https:\/\/www.aivp.org\/es\/#website\",\"url\":\"https:\/\/www.aivp.org\/es\/\",\"name\":\"AIVP\",\"description\":\"Inspiring people of port cities\",\"publisher\":{\"@id\":\"https:\/\/www.aivp.org\/es\/#organization\"},\"potentialAction\":[{\"@type\":\"SearchAction\",\"target\":{\"@type\":\"EntryPoint\",\"urlTemplate\":\"https:\/\/www.aivp.org\/es\/?s={search_term_string}\"},\"query-input\":{\"@type\":\"PropertyValueSpecification\",\"valueRequired\":true,\"valueName\":\"search_term_string\"}}],\"inLanguage\":\"es\"},{\"@type\":\"Organization\",\"@id\":\"https:\/\/www.aivp.org\/es\/#organization\",\"name\":\"AIVP\",\"url\":\"https:\/\/www.aivp.org\/es\/\",\"logo\":{\"@type\":\"ImageObject\",\"inLanguage\":\"es\",\"@id\":\"https:\/\/www.aivp.org\/es\/#\/schema\/logo\/image\/\",\"url\":\"https:\/\/www.aivp.org\/wp-content\/uploads\/2020\/07\/cropped-favicon.png\",\"contentUrl\":\"https:\/\/www.aivp.org\/wp-content\/uploads\/2020\/07\/cropped-favicon.png\",\"width\":512,\"height\":512,\"caption\":\"AIVP\"},\"image\":{\"@id\":\"https:\/\/www.aivp.org\/es\/#\/schema\/logo\/image\/\"}},{\"@type\":\"Person\",\"@id\":\"https:\/\/www.aivp.org\/es\/#\/schema\/person\/492a19cab6d235c20616f66946feeb45\",\"name\":\"Chlo\u00e9 COLBOC\",\"image\":{\"@type\":\"ImageObject\",\"inLanguage\":\"es\",\"@id\":\"https:\/\/www.aivp.org\/es\/#\/schema\/person\/image\/\",\"url\":\"https:\/\/secure.gravatar.com\/avatar\/7be117de39e60fb8c224f12ffa7c2e22?s=96&d=mm&r=g\",\"contentUrl\":\"https:\/\/secure.gravatar.com\/avatar\/7be117de39e60fb8c224f12ffa7c2e22?s=96&d=mm&r=g\",\"caption\":\"Chlo\u00e9 COLBOC\"},\"url\":\"https:\/\/www.aivp.org\/es\/newsroom\/author\/ccolbocaivp-org\/\"}]}<\/script>\n<!-- \/ Yoast SEO plugin. -->","yoast_head_json":{"title":"Puertos de Lille: \u00a1objetivo integraci\u00f3n territorial! - AIVP","robots":{"index":"index","follow":"follow","max-snippet":"max-snippet:-1","max-image-preview":"max-image-preview:large","max-video-preview":"max-video-preview:-1"},"canonical":"https:\/\/www.aivp.org\/es\/newsroom\/puertos-de-lille-objetivo-integracion-territorial\/","og_locale":"es_ES","og_type":"article","og_title":"Puertos de Lille: \u00a1objetivo integraci\u00f3n territorial! - AIVP","og_description":"Si bien el Centro Multimodal de Distribuci\u00f3n urbana tarda en estabilizarse, la integraci\u00f3n de los [&hellip;]","og_url":"https:\/\/www.aivp.org\/es\/newsroom\/puertos-de-lille-objetivo-integracion-territorial\/","og_site_name":"AIVP","article_published_time":"2020-02-06T12:58:00+00:00","article_modified_time":"2021-02-24T11:30:56+00:00","og_image":[{"width":645,"height":576,"url":"https:\/\/www.aivp.org\/wp-content\/uploads\/2020\/02\/Alain-LEFEBVRE-UNE.jpg","type":"image\/jpeg"}],"author":"Chlo\u00e9 COLBOC","twitter_card":"summary_large_image","twitter_misc":{"Escrito por":"Chlo\u00e9 COLBOC","Tiempo de lectura":"6 minutos"},"schema":{"@context":"https:\/\/schema.org","@graph":[{"@type":"Article","@id":"https:\/\/www.aivp.org\/es\/newsroom\/puertos-de-lille-objetivo-integracion-territorial\/#article","isPartOf":{"@id":"https:\/\/www.aivp.org\/es\/newsroom\/puertos-de-lille-objetivo-integracion-territorial\/"},"author":{"name":"Chlo\u00e9 COLBOC","@id":"https:\/\/www.aivp.org\/es\/#\/schema\/person\/492a19cab6d235c20616f66946feeb45"},"headline":"Puertos de Lille: \u00a1objetivo integraci\u00f3n territorial!","datePublished":"2020-02-06T12:58:00+00:00","dateModified":"2021-02-24T11:30:56+00:00","mainEntityOfPage":{"@id":"https:\/\/www.aivp.org\/es\/newsroom\/puertos-de-lille-objetivo-integracion-territorial\/"},"wordCount":1314,"publisher":{"@id":"https:\/\/www.aivp.org\/es\/#organization"},"image":{"@id":"https:\/\/www.aivp.org\/es\/newsroom\/puertos-de-lille-objetivo-integracion-territorial\/#primaryimage"},"thumbnailUrl":"https:\/\/www.aivp.org\/wp-content\/uploads\/2020\/02\/Alain-LEFEBVRE-UNE.jpg","keywords":["Francia","Lille"],"articleSection":["Entrevistas"],"inLanguage":"es"},{"@type":"WebPage","@id":"https:\/\/www.aivp.org\/es\/newsroom\/puertos-de-lille-objetivo-integracion-territorial\/","url":"https:\/\/www.aivp.org\/es\/newsroom\/puertos-de-lille-objetivo-integracion-territorial\/","name":"Puertos de Lille: \u00a1objetivo integraci\u00f3n territorial! - AIVP","isPartOf":{"@id":"https:\/\/www.aivp.org\/es\/#website"},"primaryImageOfPage":{"@id":"https:\/\/www.aivp.org\/es\/newsroom\/puertos-de-lille-objetivo-integracion-territorial\/#primaryimage"},"image":{"@id":"https:\/\/www.aivp.org\/es\/newsroom\/puertos-de-lille-objetivo-integracion-territorial\/#primaryimage"},"thumbnailUrl":"https:\/\/www.aivp.org\/wp-content\/uploads\/2020\/02\/Alain-LEFEBVRE-UNE.jpg","datePublished":"2020-02-06T12:58:00+00:00","dateModified":"2021-02-24T11:30:56+00:00","breadcrumb":{"@id":"https:\/\/www.aivp.org\/es\/newsroom\/puertos-de-lille-objetivo-integracion-territorial\/#breadcrumb"},"inLanguage":"es","potentialAction":[{"@type":"ReadAction","target":["https:\/\/www.aivp.org\/es\/newsroom\/puertos-de-lille-objetivo-integracion-territorial\/"]}]},{"@type":"ImageObject","inLanguage":"es","@id":"https:\/\/www.aivp.org\/es\/newsroom\/puertos-de-lille-objetivo-integracion-territorial\/#primaryimage","url":"https:\/\/www.aivp.org\/wp-content\/uploads\/2020\/02\/Alain-LEFEBVRE-UNE.jpg","contentUrl":"https:\/\/www.aivp.org\/wp-content\/uploads\/2020\/02\/Alain-LEFEBVRE-UNE.jpg","width":645,"height":576},{"@type":"BreadcrumbList","@id":"https:\/\/www.aivp.org\/es\/newsroom\/puertos-de-lille-objetivo-integracion-territorial\/#breadcrumb","itemListElement":[{"@type":"ListItem","position":1,"name":"Home","item":"https:\/\/www.aivp.org\/es\/"},{"@type":"ListItem","position":2,"name":"Puertos de Lille: \u00a1objetivo integraci\u00f3n territorial!"}]},{"@type":"WebSite","@id":"https:\/\/www.aivp.org\/es\/#website","url":"https:\/\/www.aivp.org\/es\/","name":"AIVP","description":"Inspiring people of port cities","publisher":{"@id":"https:\/\/www.aivp.org\/es\/#organization"},"potentialAction":[{"@type":"SearchAction","target":{"@type":"EntryPoint","urlTemplate":"https:\/\/www.aivp.org\/es\/?s={search_term_string}"},"query-input":{"@type":"PropertyValueSpecification","valueRequired":true,"valueName":"search_term_string"}}],"inLanguage":"es"},{"@type":"Organization","@id":"https:\/\/www.aivp.org\/es\/#organization","name":"AIVP","url":"https:\/\/www.aivp.org\/es\/","logo":{"@type":"ImageObject","inLanguage":"es","@id":"https:\/\/www.aivp.org\/es\/#\/schema\/logo\/image\/","url":"https:\/\/www.aivp.org\/wp-content\/uploads\/2020\/07\/cropped-favicon.png","contentUrl":"https:\/\/www.aivp.org\/wp-content\/uploads\/2020\/07\/cropped-favicon.png","width":512,"height":512,"caption":"AIVP"},"image":{"@id":"https:\/\/www.aivp.org\/es\/#\/schema\/logo\/image\/"}},{"@type":"Person","@id":"https:\/\/www.aivp.org\/es\/#\/schema\/person\/492a19cab6d235c20616f66946feeb45","name":"Chlo\u00e9 COLBOC","image":{"@type":"ImageObject","inLanguage":"es","@id":"https:\/\/www.aivp.org\/es\/#\/schema\/person\/image\/","url":"https:\/\/secure.gravatar.com\/avatar\/7be117de39e60fb8c224f12ffa7c2e22?s=96&d=mm&r=g","contentUrl":"https:\/\/secure.gravatar.com\/avatar\/7be117de39e60fb8c224f12ffa7c2e22?s=96&d=mm&r=g","caption":"Chlo\u00e9 COLBOC"},"url":"https:\/\/www.aivp.org\/es\/newsroom\/author\/ccolbocaivp-org\/"}]}},"featured_image_url":"https:\/\/www.aivp.org\/wp-content\/uploads\/2020\/02\/Alain-LEFEBVRE-UNE.jpg","_links":{"self":[{"href":"https:\/\/www.aivp.org\/es\/wp-json\/wp\/v2\/posts\/27005","targetHints":{"allow":["GET"]}}],"collection":[{"href":"https:\/\/www.aivp.org\/es\/wp-json\/wp\/v2\/posts"}],"about":[{"href":"https:\/\/www.aivp.org\/es\/wp-json\/wp\/v2\/types\/post"}],"author":[{"embeddable":true,"href":"https:\/\/www.aivp.org\/es\/wp-json\/wp\/v2\/users\/13"}],"replies":[{"embeddable":true,"href":"https:\/\/www.aivp.org\/es\/wp-json\/wp\/v2\/comments?post=27005"}],"version-history":[{"count":0,"href":"https:\/\/www.aivp.org\/es\/wp-json\/wp\/v2\/posts\/27005\/revisions"}],"wp:featuredmedia":[{"embeddable":true,"href":"https:\/\/www.aivp.org\/es\/wp-json\/wp\/v2\/media\/38421"}],"wp:attachment":[{"href":"https:\/\/www.aivp.org\/es\/wp-json\/wp\/v2\/media?parent=27005"}],"wp:term":[{"taxonomy":"category","embeddable":true,"href":"https:\/\/www.aivp.org\/es\/wp-json\/wp\/v2\/categories?post=27005"},{"taxonomy":"post_tag","embeddable":true,"href":"https:\/\/www.aivp.org\/es\/wp-json\/wp\/v2\/tags?post=27005"},{"taxonomy":"goal","embeddable":true,"href":"https:\/\/www.aivp.org\/es\/wp-json\/wp\/v2\/goal?post=27005"}],"curies":[{"name":"wp","href":"https:\/\/api.w.org\/{rel}","templated":true}]}}