{"id":27018,"date":"2020-04-28T13:58:02","date_gmt":"2020-04-28T11:58:02","guid":{"rendered":"https:\/\/www.aivp.org\/newsroom\/puerto-de-san-antonio-en-primera-linea-contra-el-covid-19-solidaridad-y-cooperacion\/"},"modified":"2021-09-02T17:05:49","modified_gmt":"2021-09-02T15:05:49","slug":"puerto-de-san-antonio-en-primera-linea-contra-el-covid-19-solidaridad-y-cooperacion","status":"publish","type":"post","link":"https:\/\/www.aivp.org\/es\/newsroom\/puerto-de-san-antonio-en-primera-linea-contra-el-covid-19-solidaridad-y-cooperacion\/","title":{"rendered":"Puerto de San Antonio en primera l\u00ednea contra el Covid-19: solidaridad y cooperaci\u00f3n"},"content":{"rendered":"<p>La responsabilidad social se toma muy en serio en el Puerto de San Antonio. Frente al Covid-19, y en colaboraci\u00f3n permanente con el ayuntamiento y las juntas de vecinos, la autoridad portuaria ha realizado varias operaciones de descontaminaci\u00f3n, ayudando en distintos equipamientos colectivos: hospitales, cl\u00ednicas rurales, mercados locales, instalaciones de pesca e incluso el centro penitenciario de la ciudad.<\/p>\n<p><!--more--><\/p>\n<p><em>El <a href=\"http:\/\/www.sanantonioport.cc.cl\/index1.html\" target=\"_blank\" rel=\"noopener\">Puerto de San Antonio<\/a> es miembro activo de la AIVP desde 2011<\/em><\/p>\n<h2><em><span style=\"color: #800080;\">AIVP \u2013<\/span> \u00bfC\u00f3mo est\u00e1 afectando el Covid-19 a su regi\u00f3n?\u00bfCu\u00e1les son las consecuencias principales sobre las actividades del puerto, especialmente en los aspectos log\u00edsticos y econ\u00f3micos?<\/em><\/h2>\n<p><strong><img loading=\"lazy\" decoding=\"async\" class=\"alignleft wp-image-22068 size-thumbnail\" src=\"https:\/\/www.aivp.org\/wp-content\/uploads\/2020\/04\/carlos-mondaca_300-300_web-150x150.jpg\" alt=\"\" width=\"150\" height=\"150\" \/><\/strong><\/p>\n<p><strong>Carlos Mondaca Matzner, Gerente de Asuntos P\u00fablicos \u2013 Puerto San Antonio, Chile &#8211;<\/strong> Durante los 2 primeros meses del a\u00f1o, se registr\u00f3 una baja en los principales tipos de carga transferida, lo que se suma a una reducci\u00f3n registrada a finales del a\u00f1o 2019.<br \/>\nSeg\u00fan cifras de Aduanas, en el primer trimestre de este a\u00f1o el comercio exterior de Chile tuvo una disminuci\u00f3n de 12% en comparaci\u00f3n a igual per\u00edodo del a\u00f1o anterior. Sin duda que esta es una situaci\u00f3n que tambi\u00e9n impacta en San Antonio.<\/p>\n<h2><em><span style=\"background-color: #ffffff; color: #800080;\">AIVP \u2013 <\/span>\u00bfRecientemente destacamos en nuestro bolet\u00edn especial Covid-19 la ayuda que di\u00f3 el Puerto de San Antonio a la ciudad para desinfectar algunos de sus hospitales. \u00bfPueden mencionar otras acciones que hayan lanzado para contribuir a la lucha contra el virus?<\/em><\/h2>\n<p><strong>Carlos Mondaca Matzner, Puerto San Antonio, Chile &#8211; <\/strong>En San Antonio existen 2.000 trabajadores portuarios y una cifra similar entre los empleados de agencias de aduana, transportistas, fiscalizadores y otras actividades relacionadas directamente con la transferencia de cargas en el puerto. Debido a esto, en nuestro rol de autoridad portuaria tomamos 2 cursos de acci\u00f3n: el primero fue coordinar con nuestros 3 terminales concesionados (STI, DPWorld San Antonio y Puerto Panul) un plan de prevenci\u00f3n activo para sus trabajadores. Adem\u00e1s, por nuestro rol en la Comunidad Log\u00edstica de San Antonio (COLSA), trabajamos con el resto de los actores de la cadena que no son trabajadores portuarios para mantener las operaciones con un est\u00e1ndar de seguridad que permita disminuir las posibilidades de contagio entre ellos.<\/p>\n<p><img loading=\"lazy\" decoding=\"async\" class=\"wp-image-58557 size-full\" src=\"https:\/\/www.aivp.org\/wp-content\/uploads\/2020\/04\/controle1_copyrightpuertosanantonio-1.jpg\" alt=\"Medidas de seguridad\u00a9 Puerto San Antonio\" width=\"640\" height=\"428\" srcset=\"https:\/\/www.aivp.org\/wp-content\/uploads\/2020\/04\/controle1_copyrightpuertosanantonio-1.jpg 640w, https:\/\/www.aivp.org\/wp-content\/uploads\/2020\/04\/controle1_copyrightpuertosanantonio-1-255x171.jpg 255w, https:\/\/www.aivp.org\/wp-content\/uploads\/2020\/04\/controle1_copyrightpuertosanantonio-1-360x241.jpg 360w, https:\/\/www.aivp.org\/wp-content\/uploads\/2020\/04\/controle1_copyrightpuertosanantonio-1-171x114.jpg 171w, https:\/\/www.aivp.org\/wp-content\/uploads\/2020\/04\/controle1_copyrightpuertosanantonio-1-548x366.jpg 548w\" sizes=\"auto, (max-width: 640px) 100vw, 640px\" \/><\/p>\n<p>Medidas de seguridad\u00a9 Puerto San Antonio<\/p>\n<p>En las instalaciones portuarias se contin\u00faan entregando <strong>mascarillas y guantes<\/strong> para todo el trabajador que deba realizar su turno en la cubierta de la nave, se aument\u00f3 la cantidad de puntos de surtido de <strong>alcohol gel en los terminales<\/strong>, se est\u00e1 sanitizando con amonio cuaternario cada maquinaria, equipo m\u00f3vil y superficie con la que podr\u00eda entrar en contacto el portuario en el turno. Adem\u00e1s, se le toma la <strong>temperatura a cada persona<\/strong> que entre al recinto a pie o conduciendo un cami\u00f3n.<\/p>\n<p>Desde hace m\u00e1s de 10 d\u00edas que estamos <strong>asperjando a todos los camiones<\/strong> que entran al puerto, poniendo especial atenci\u00f3n en aquellas partes que son manipuladas por nuestros trabajadores.<\/p>\n<div class=\"embed-responsive embed-responsive-16by9\"><iframe title=\"San Antonio aplica barrera sanitaria a camiones que ingresan al puerto\" src=\"https:\/\/www.youtube.com\/embed\/TLukZnPIn-E?feature=oembed\" frameborder=\"0\" allow=\"accelerometer; autoplay; clipboard-write; encrypted-media; gyroscope; picture-in-picture; web-share\" referrerpolicy=\"strict-origin-when-cross-origin\" allowfullscreen><\/iframe><\/div>\n<p>Adicionalmente, hemos dispuesto que las tripulaciones de los buques no desciendan de las naves y el Capit\u00e1n nos debe enviar una declaraci\u00f3n jurada con el detalle del estado de salud de toda su tripulaci\u00f3n.<\/p>\n<h2><em><span style=\"color: #800080;\">AIVP \u2013<\/span> La cuarentena ha perturbado la forma en que interactuamos y nos impide planificar eventos, al menos en el futuro proximo. \u00bfC\u00f3mo hacen para mantener el v\u00ednculo con los ciudadanos y el acceso a la cultura Puerto-Ciudad?<\/em><\/h2>\n<p><strong>Carlos Mondaca Matzner, Puerto San Antonio, Chile &#8211;\u00a0<\/strong>Sin duda que la situaci\u00f3n actual ha cambiado la normalidad de la vida diaria de todos los chilenos y por supuesto de todos los vecinos y habitantes de San Antonio. Creemos que este es el momento para <strong>contribuir con las medidas<\/strong> de prevenci\u00f3n desde <strong>nuestro rol de puerto y vecino de San Antonio<\/strong>, que es lo que realmente se est\u00e1 necesitando ahora.<\/p>\n<h2><em><span style=\"color: #800080;\">AIVP \u2013<\/span> Tambi\u00e9n destacamos en nuestro bolet\u00edn especial Covid-19 la campa\u00f1a de promoci\u00f3n que ha hecho el Puerto de San Antonio para la vacunaci\u00f3n contra la gripe. Las autoridades portuarias pueden ayudar a reducir las consecuencias sociales de este dif\u00edcil momento. \u00bfPueden explicar las otras acciones sociales que han lanzado para apoyar a la comunidad?<\/em><\/h2>\n<p><strong>Carlos Mondaca Matzner, Puerto San Antonio, Chile &#8211;\u00a0<\/strong>Aparte de la <strong>sanitizaci\u00f3n<\/strong> de algunas dependencias del <strong>hospital<\/strong> Claudio Vicu\u00f1a, tambi\u00e9n colaboramos con la sanitizaci\u00f3n de <strong>diferentes calles de la comuna<\/strong> en coordinaci\u00f3n con las juntas de vecinos y recientemente participamos en la sanitizaci\u00f3n de los <strong>centros de salud rurales<\/strong> de Malvilla, Aguas Buenas y Leyda. Tambi\u00e9n estuvimos presentes en la sanitizaci\u00f3n del <strong>Centro de Salud Familiar<\/strong> de Barrancas, en este \u00faltimo lugar durante 10 jornadas contin\u00faas. Adem\u00e1s, a este centro donamos dos refrigeradores para almacenar distintos insumos m\u00e9dicos y entregamos 250 buzos de protecci\u00f3n m\u00e9dica.<\/p>\n<div class=\"embed-responsive embed-responsive-16by9\"><iframe title=\"Puerto San Antonio apoya a hospital de campan\u0303a por COVID 19\" src=\"https:\/\/www.youtube.com\/embed\/vyRw8yHiNrM?feature=oembed\" frameborder=\"0\" allow=\"accelerometer; autoplay; clipboard-write; encrypted-media; gyroscope; picture-in-picture; web-share\" referrerpolicy=\"strict-origin-when-cross-origin\" allowfullscreen><\/iframe><\/div>\n<p>En esta misma l\u00ednea, ya hemos concretado 3 <strong>sanitizaciones<\/strong> de algunas dependencias del <strong>Centro Penitenciario<\/strong> de San Antonio y junto a la agrupaci\u00f3n de <strong>pescadores<\/strong>, apoyamos la <strong>sanitizaci\u00f3n<\/strong> en dos oportunidades <strong>del muelle<\/strong> de la caleta Pacheco Altamirano.<\/p>\n<p>Esta semana y <strong>en coordinaci\u00f3n con la Municipalidad<\/strong> y algunas juntas de vecinos estamos entregando <strong>informaci\u00f3n<\/strong> a los comerciantes de algunos mercados locales para que adopten medidas de prevenci\u00f3n en su funcionamiento, adem\u00e1s de sanitizar sus veh\u00edculos particulares que ocupan para su trabajo, medida que debiera implementarse en los pr\u00f3ximos d\u00edas.<\/p>\n","protected":false},"excerpt":{"rendered":"<p>La responsabilidad social se toma muy en serio en el Puerto de San Antonio. Frente [&hellip;]<\/p>\n","protected":false},"author":14,"featured_media":42397,"comment_status":"closed","ping_status":"closed","sticky":false,"template":"","format":"standard","meta":{"_acf_changed":false,"footnotes":""},"categories":[1952],"tags":[249,1957],"goal":[2134],"class_list":["post-27018","post","type-post","status-publish","format-standard","has-post-thumbnail","hentry","category-entrevistas","tag-chile","tag-san-antonio-es-2","goal-salud-y-calidad-de-vida"],"acf":[],"yoast_head":"<!-- This site is optimized with the Yoast SEO plugin v26.8 - https:\/\/yoast.com\/product\/yoast-seo-wordpress\/ -->\n<title>Puerto de San Antonio en primera l\u00ednea contra el Covid-19: solidaridad y cooperaci\u00f3n - AIVP<\/title>\n<meta name=\"robots\" content=\"index, follow, max-snippet:-1, max-image-preview:large, max-video-preview:-1\" \/>\n<link rel=\"canonical\" href=\"https:\/\/www.aivp.org\/es\/newsroom\/puerto-de-san-antonio-en-primera-linea-contra-el-covid-19-solidaridad-y-cooperacion\/\" \/>\n<meta property=\"og:locale\" content=\"es_ES\" \/>\n<meta property=\"og:type\" content=\"article\" \/>\n<meta property=\"og:title\" content=\"Puerto de San Antonio en primera l\u00ednea contra el Covid-19: solidaridad y cooperaci\u00f3n - AIVP\" \/>\n<meta property=\"og:description\" content=\"La responsabilidad social se toma muy en serio en el Puerto de San Antonio. Frente [&hellip;]\" \/>\n<meta property=\"og:url\" content=\"https:\/\/www.aivp.org\/es\/newsroom\/puerto-de-san-antonio-en-primera-linea-contra-el-covid-19-solidaridad-y-cooperacion\/\" \/>\n<meta property=\"og:site_name\" content=\"AIVP\" \/>\n<meta property=\"article:published_time\" content=\"2020-04-28T11:58:02+00:00\" \/>\n<meta property=\"article:modified_time\" content=\"2021-09-02T15:05:49+00:00\" \/>\n<meta property=\"og:image\" content=\"https:\/\/www.aivp.org\/wp-content\/uploads\/2020\/04\/san-antonio_js_2020avril28.jpg\" \/>\n\t<meta property=\"og:image:width\" content=\"864\" \/>\n\t<meta property=\"og:image:height\" content=\"576\" \/>\n\t<meta property=\"og:image:type\" content=\"image\/jpeg\" \/>\n<meta name=\"author\" content=\"Jos\u00e9 SANCHEZ\" \/>\n<meta name=\"twitter:card\" content=\"summary_large_image\" \/>\n<meta name=\"twitter:label1\" content=\"Escrito por\" \/>\n\t<meta name=\"twitter:data1\" content=\"Jos\u00e9 SANCHEZ\" \/>\n\t<meta name=\"twitter:label2\" content=\"Tiempo de lectura\" \/>\n\t<meta name=\"twitter:data2\" content=\"5 minutos\" \/>\n<script type=\"application\/ld+json\" class=\"yoast-schema-graph\">{\"@context\":\"https:\/\/schema.org\",\"@graph\":[{\"@type\":\"Article\",\"@id\":\"https:\/\/www.aivp.org\/es\/newsroom\/puerto-de-san-antonio-en-primera-linea-contra-el-covid-19-solidaridad-y-cooperacion\/#article\",\"isPartOf\":{\"@id\":\"https:\/\/www.aivp.org\/es\/newsroom\/puerto-de-san-antonio-en-primera-linea-contra-el-covid-19-solidaridad-y-cooperacion\/\"},\"author\":{\"name\":\"Jos\u00e9 SANCHEZ\",\"@id\":\"https:\/\/www.aivp.org\/es\/#\/schema\/person\/905e0ce025d136d3d3c6b5a51b9c3498\"},\"headline\":\"Puerto de San Antonio en primera l\u00ednea contra el Covid-19: solidaridad y cooperaci\u00f3n\",\"datePublished\":\"2020-04-28T11:58:02+00:00\",\"dateModified\":\"2021-09-02T15:05:49+00:00\",\"mainEntityOfPage\":{\"@id\":\"https:\/\/www.aivp.org\/es\/newsroom\/puerto-de-san-antonio-en-primera-linea-contra-el-covid-19-solidaridad-y-cooperacion\/\"},\"wordCount\":933,\"publisher\":{\"@id\":\"https:\/\/www.aivp.org\/es\/#organization\"},\"image\":{\"@id\":\"https:\/\/www.aivp.org\/es\/newsroom\/puerto-de-san-antonio-en-primera-linea-contra-el-covid-19-solidaridad-y-cooperacion\/#primaryimage\"},\"thumbnailUrl\":\"https:\/\/www.aivp.org\/wp-content\/uploads\/2020\/04\/san-antonio_js_2020avril28.jpg\",\"keywords\":[\"Chile\",\"San Antonio\"],\"articleSection\":[\"Entrevistas\"],\"inLanguage\":\"es\"},{\"@type\":\"WebPage\",\"@id\":\"https:\/\/www.aivp.org\/es\/newsroom\/puerto-de-san-antonio-en-primera-linea-contra-el-covid-19-solidaridad-y-cooperacion\/\",\"url\":\"https:\/\/www.aivp.org\/es\/newsroom\/puerto-de-san-antonio-en-primera-linea-contra-el-covid-19-solidaridad-y-cooperacion\/\",\"name\":\"Puerto de San Antonio en primera l\u00ednea contra el Covid-19: solidaridad y cooperaci\u00f3n - AIVP\",\"isPartOf\":{\"@id\":\"https:\/\/www.aivp.org\/es\/#website\"},\"primaryImageOfPage\":{\"@id\":\"https:\/\/www.aivp.org\/es\/newsroom\/puerto-de-san-antonio-en-primera-linea-contra-el-covid-19-solidaridad-y-cooperacion\/#primaryimage\"},\"image\":{\"@id\":\"https:\/\/www.aivp.org\/es\/newsroom\/puerto-de-san-antonio-en-primera-linea-contra-el-covid-19-solidaridad-y-cooperacion\/#primaryimage\"},\"thumbnailUrl\":\"https:\/\/www.aivp.org\/wp-content\/uploads\/2020\/04\/san-antonio_js_2020avril28.jpg\",\"datePublished\":\"2020-04-28T11:58:02+00:00\",\"dateModified\":\"2021-09-02T15:05:49+00:00\",\"breadcrumb\":{\"@id\":\"https:\/\/www.aivp.org\/es\/newsroom\/puerto-de-san-antonio-en-primera-linea-contra-el-covid-19-solidaridad-y-cooperacion\/#breadcrumb\"},\"inLanguage\":\"es\",\"potentialAction\":[{\"@type\":\"ReadAction\",\"target\":[\"https:\/\/www.aivp.org\/es\/newsroom\/puerto-de-san-antonio-en-primera-linea-contra-el-covid-19-solidaridad-y-cooperacion\/\"]}]},{\"@type\":\"ImageObject\",\"inLanguage\":\"es\",\"@id\":\"https:\/\/www.aivp.org\/es\/newsroom\/puerto-de-san-antonio-en-primera-linea-contra-el-covid-19-solidaridad-y-cooperacion\/#primaryimage\",\"url\":\"https:\/\/www.aivp.org\/wp-content\/uploads\/2020\/04\/san-antonio_js_2020avril28.jpg\",\"contentUrl\":\"https:\/\/www.aivp.org\/wp-content\/uploads\/2020\/04\/san-antonio_js_2020avril28.jpg\",\"width\":864,\"height\":576,\"caption\":\"\u00a9 Puerto San Antonio\"},{\"@type\":\"BreadcrumbList\",\"@id\":\"https:\/\/www.aivp.org\/es\/newsroom\/puerto-de-san-antonio-en-primera-linea-contra-el-covid-19-solidaridad-y-cooperacion\/#breadcrumb\",\"itemListElement\":[{\"@type\":\"ListItem\",\"position\":1,\"name\":\"Home\",\"item\":\"https:\/\/www.aivp.org\/es\/\"},{\"@type\":\"ListItem\",\"position\":2,\"name\":\"Puerto de San Antonio en primera l\u00ednea contra el Covid-19: solidaridad y cooperaci\u00f3n\"}]},{\"@type\":\"WebSite\",\"@id\":\"https:\/\/www.aivp.org\/es\/#website\",\"url\":\"https:\/\/www.aivp.org\/es\/\",\"name\":\"AIVP\",\"description\":\"Inspiring people of port cities\",\"publisher\":{\"@id\":\"https:\/\/www.aivp.org\/es\/#organization\"},\"potentialAction\":[{\"@type\":\"SearchAction\",\"target\":{\"@type\":\"EntryPoint\",\"urlTemplate\":\"https:\/\/www.aivp.org\/es\/?s={search_term_string}\"},\"query-input\":{\"@type\":\"PropertyValueSpecification\",\"valueRequired\":true,\"valueName\":\"search_term_string\"}}],\"inLanguage\":\"es\"},{\"@type\":\"Organization\",\"@id\":\"https:\/\/www.aivp.org\/es\/#organization\",\"name\":\"AIVP\",\"url\":\"https:\/\/www.aivp.org\/es\/\",\"logo\":{\"@type\":\"ImageObject\",\"inLanguage\":\"es\",\"@id\":\"https:\/\/www.aivp.org\/es\/#\/schema\/logo\/image\/\",\"url\":\"https:\/\/www.aivp.org\/wp-content\/uploads\/2020\/07\/cropped-favicon.png\",\"contentUrl\":\"https:\/\/www.aivp.org\/wp-content\/uploads\/2020\/07\/cropped-favicon.png\",\"width\":512,\"height\":512,\"caption\":\"AIVP\"},\"image\":{\"@id\":\"https:\/\/www.aivp.org\/es\/#\/schema\/logo\/image\/\"}},{\"@type\":\"Person\",\"@id\":\"https:\/\/www.aivp.org\/es\/#\/schema\/person\/905e0ce025d136d3d3c6b5a51b9c3498\",\"name\":\"Jos\u00e9 SANCHEZ\",\"image\":{\"@type\":\"ImageObject\",\"inLanguage\":\"es\",\"@id\":\"https:\/\/www.aivp.org\/es\/#\/schema\/person\/image\/\",\"url\":\"https:\/\/secure.gravatar.com\/avatar\/8d2eff7ef0ec4c75bd676545f78010c5?s=96&d=mm&r=g\",\"contentUrl\":\"https:\/\/secure.gravatar.com\/avatar\/8d2eff7ef0ec4c75bd676545f78010c5?s=96&d=mm&r=g\",\"caption\":\"Jos\u00e9 SANCHEZ\"},\"sameAs\":[\"http:\/\/hdelepouve@aivp.org\"],\"url\":\"https:\/\/www.aivp.org\/es\/newsroom\/author\/jsanchezaivp-org\/\"}]}<\/script>\n<!-- \/ Yoast SEO plugin. -->","yoast_head_json":{"title":"Puerto de San Antonio en primera l\u00ednea contra el Covid-19: solidaridad y cooperaci\u00f3n - AIVP","robots":{"index":"index","follow":"follow","max-snippet":"max-snippet:-1","max-image-preview":"max-image-preview:large","max-video-preview":"max-video-preview:-1"},"canonical":"https:\/\/www.aivp.org\/es\/newsroom\/puerto-de-san-antonio-en-primera-linea-contra-el-covid-19-solidaridad-y-cooperacion\/","og_locale":"es_ES","og_type":"article","og_title":"Puerto de San Antonio en primera l\u00ednea contra el Covid-19: solidaridad y cooperaci\u00f3n - AIVP","og_description":"La responsabilidad social se toma muy en serio en el Puerto de San Antonio. Frente [&hellip;]","og_url":"https:\/\/www.aivp.org\/es\/newsroom\/puerto-de-san-antonio-en-primera-linea-contra-el-covid-19-solidaridad-y-cooperacion\/","og_site_name":"AIVP","article_published_time":"2020-04-28T11:58:02+00:00","article_modified_time":"2021-09-02T15:05:49+00:00","og_image":[{"width":864,"height":576,"url":"https:\/\/www.aivp.org\/wp-content\/uploads\/2020\/04\/san-antonio_js_2020avril28.jpg","type":"image\/jpeg"}],"author":"Jos\u00e9 SANCHEZ","twitter_card":"summary_large_image","twitter_misc":{"Escrito por":"Jos\u00e9 SANCHEZ","Tiempo de lectura":"5 minutos"},"schema":{"@context":"https:\/\/schema.org","@graph":[{"@type":"Article","@id":"https:\/\/www.aivp.org\/es\/newsroom\/puerto-de-san-antonio-en-primera-linea-contra-el-covid-19-solidaridad-y-cooperacion\/#article","isPartOf":{"@id":"https:\/\/www.aivp.org\/es\/newsroom\/puerto-de-san-antonio-en-primera-linea-contra-el-covid-19-solidaridad-y-cooperacion\/"},"author":{"name":"Jos\u00e9 SANCHEZ","@id":"https:\/\/www.aivp.org\/es\/#\/schema\/person\/905e0ce025d136d3d3c6b5a51b9c3498"},"headline":"Puerto de San Antonio en primera l\u00ednea contra el Covid-19: solidaridad y cooperaci\u00f3n","datePublished":"2020-04-28T11:58:02+00:00","dateModified":"2021-09-02T15:05:49+00:00","mainEntityOfPage":{"@id":"https:\/\/www.aivp.org\/es\/newsroom\/puerto-de-san-antonio-en-primera-linea-contra-el-covid-19-solidaridad-y-cooperacion\/"},"wordCount":933,"publisher":{"@id":"https:\/\/www.aivp.org\/es\/#organization"},"image":{"@id":"https:\/\/www.aivp.org\/es\/newsroom\/puerto-de-san-antonio-en-primera-linea-contra-el-covid-19-solidaridad-y-cooperacion\/#primaryimage"},"thumbnailUrl":"https:\/\/www.aivp.org\/wp-content\/uploads\/2020\/04\/san-antonio_js_2020avril28.jpg","keywords":["Chile","San Antonio"],"articleSection":["Entrevistas"],"inLanguage":"es"},{"@type":"WebPage","@id":"https:\/\/www.aivp.org\/es\/newsroom\/puerto-de-san-antonio-en-primera-linea-contra-el-covid-19-solidaridad-y-cooperacion\/","url":"https:\/\/www.aivp.org\/es\/newsroom\/puerto-de-san-antonio-en-primera-linea-contra-el-covid-19-solidaridad-y-cooperacion\/","name":"Puerto de San Antonio en primera l\u00ednea contra el Covid-19: solidaridad y cooperaci\u00f3n - AIVP","isPartOf":{"@id":"https:\/\/www.aivp.org\/es\/#website"},"primaryImageOfPage":{"@id":"https:\/\/www.aivp.org\/es\/newsroom\/puerto-de-san-antonio-en-primera-linea-contra-el-covid-19-solidaridad-y-cooperacion\/#primaryimage"},"image":{"@id":"https:\/\/www.aivp.org\/es\/newsroom\/puerto-de-san-antonio-en-primera-linea-contra-el-covid-19-solidaridad-y-cooperacion\/#primaryimage"},"thumbnailUrl":"https:\/\/www.aivp.org\/wp-content\/uploads\/2020\/04\/san-antonio_js_2020avril28.jpg","datePublished":"2020-04-28T11:58:02+00:00","dateModified":"2021-09-02T15:05:49+00:00","breadcrumb":{"@id":"https:\/\/www.aivp.org\/es\/newsroom\/puerto-de-san-antonio-en-primera-linea-contra-el-covid-19-solidaridad-y-cooperacion\/#breadcrumb"},"inLanguage":"es","potentialAction":[{"@type":"ReadAction","target":["https:\/\/www.aivp.org\/es\/newsroom\/puerto-de-san-antonio-en-primera-linea-contra-el-covid-19-solidaridad-y-cooperacion\/"]}]},{"@type":"ImageObject","inLanguage":"es","@id":"https:\/\/www.aivp.org\/es\/newsroom\/puerto-de-san-antonio-en-primera-linea-contra-el-covid-19-solidaridad-y-cooperacion\/#primaryimage","url":"https:\/\/www.aivp.org\/wp-content\/uploads\/2020\/04\/san-antonio_js_2020avril28.jpg","contentUrl":"https:\/\/www.aivp.org\/wp-content\/uploads\/2020\/04\/san-antonio_js_2020avril28.jpg","width":864,"height":576,"caption":"\u00a9 Puerto San Antonio"},{"@type":"BreadcrumbList","@id":"https:\/\/www.aivp.org\/es\/newsroom\/puerto-de-san-antonio-en-primera-linea-contra-el-covid-19-solidaridad-y-cooperacion\/#breadcrumb","itemListElement":[{"@type":"ListItem","position":1,"name":"Home","item":"https:\/\/www.aivp.org\/es\/"},{"@type":"ListItem","position":2,"name":"Puerto de San Antonio en primera l\u00ednea contra el Covid-19: solidaridad y cooperaci\u00f3n"}]},{"@type":"WebSite","@id":"https:\/\/www.aivp.org\/es\/#website","url":"https:\/\/www.aivp.org\/es\/","name":"AIVP","description":"Inspiring people of port cities","publisher":{"@id":"https:\/\/www.aivp.org\/es\/#organization"},"potentialAction":[{"@type":"SearchAction","target":{"@type":"EntryPoint","urlTemplate":"https:\/\/www.aivp.org\/es\/?s={search_term_string}"},"query-input":{"@type":"PropertyValueSpecification","valueRequired":true,"valueName":"search_term_string"}}],"inLanguage":"es"},{"@type":"Organization","@id":"https:\/\/www.aivp.org\/es\/#organization","name":"AIVP","url":"https:\/\/www.aivp.org\/es\/","logo":{"@type":"ImageObject","inLanguage":"es","@id":"https:\/\/www.aivp.org\/es\/#\/schema\/logo\/image\/","url":"https:\/\/www.aivp.org\/wp-content\/uploads\/2020\/07\/cropped-favicon.png","contentUrl":"https:\/\/www.aivp.org\/wp-content\/uploads\/2020\/07\/cropped-favicon.png","width":512,"height":512,"caption":"AIVP"},"image":{"@id":"https:\/\/www.aivp.org\/es\/#\/schema\/logo\/image\/"}},{"@type":"Person","@id":"https:\/\/www.aivp.org\/es\/#\/schema\/person\/905e0ce025d136d3d3c6b5a51b9c3498","name":"Jos\u00e9 SANCHEZ","image":{"@type":"ImageObject","inLanguage":"es","@id":"https:\/\/www.aivp.org\/es\/#\/schema\/person\/image\/","url":"https:\/\/secure.gravatar.com\/avatar\/8d2eff7ef0ec4c75bd676545f78010c5?s=96&d=mm&r=g","contentUrl":"https:\/\/secure.gravatar.com\/avatar\/8d2eff7ef0ec4c75bd676545f78010c5?s=96&d=mm&r=g","caption":"Jos\u00e9 SANCHEZ"},"sameAs":["http:\/\/hdelepouve@aivp.org"],"url":"https:\/\/www.aivp.org\/es\/newsroom\/author\/jsanchezaivp-org\/"}]}},"featured_image_url":"https:\/\/www.aivp.org\/wp-content\/uploads\/2020\/04\/san-antonio_js_2020avril28.jpg","_links":{"self":[{"href":"https:\/\/www.aivp.org\/es\/wp-json\/wp\/v2\/posts\/27018","targetHints":{"allow":["GET"]}}],"collection":[{"href":"https:\/\/www.aivp.org\/es\/wp-json\/wp\/v2\/posts"}],"about":[{"href":"https:\/\/www.aivp.org\/es\/wp-json\/wp\/v2\/types\/post"}],"author":[{"embeddable":true,"href":"https:\/\/www.aivp.org\/es\/wp-json\/wp\/v2\/users\/14"}],"replies":[{"embeddable":true,"href":"https:\/\/www.aivp.org\/es\/wp-json\/wp\/v2\/comments?post=27018"}],"version-history":[{"count":0,"href":"https:\/\/www.aivp.org\/es\/wp-json\/wp\/v2\/posts\/27018\/revisions"}],"wp:featuredmedia":[{"embeddable":true,"href":"https:\/\/www.aivp.org\/es\/wp-json\/wp\/v2\/media\/42397"}],"wp:attachment":[{"href":"https:\/\/www.aivp.org\/es\/wp-json\/wp\/v2\/media?parent=27018"}],"wp:term":[{"taxonomy":"category","embeddable":true,"href":"https:\/\/www.aivp.org\/es\/wp-json\/wp\/v2\/categories?post=27018"},{"taxonomy":"post_tag","embeddable":true,"href":"https:\/\/www.aivp.org\/es\/wp-json\/wp\/v2\/tags?post=27018"},{"taxonomy":"goal","embeddable":true,"href":"https:\/\/www.aivp.org\/es\/wp-json\/wp\/v2\/goal?post=27018"}],"curies":[{"name":"wp","href":"https:\/\/api.w.org\/{rel}","templated":true}]}}