{"id":27021,"date":"2020-05-06T13:58:02","date_gmt":"2020-05-06T11:58:02","guid":{"rendered":"https:\/\/www.aivp.org\/newsroom\/la-pucese-ecuador-se-une-a-la-aivp-para-fomentar-sus-investigaciones-sobre-la-ciudad-portuaria-de-esmeraldas\/"},"modified":"2021-02-19T10:07:32","modified_gmt":"2021-02-19T09:07:32","slug":"la-pucese-ecuador-se-une-a-la-aivp-para-fomentar-sus-investigaciones-sobre-la-ciudad-portuaria-de-esmeraldas","status":"publish","type":"post","link":"https:\/\/www.aivp.org\/es\/newsroom\/la-pucese-ecuador-se-une-a-la-aivp-para-fomentar-sus-investigaciones-sobre-la-ciudad-portuaria-de-esmeraldas\/","title":{"rendered":"La PUCESE (Ecuador) se une a la AIVP para fomentar sus investigaciones sobre la ciudad portuaria de Esmeraldas"},"content":{"rendered":"<p><img decoding=\"async\" class=\"alignleft size-medium wp-image-22278\" src=\"https:\/\/www.aivp.org\/wp-content\/uploads\/2020\/05\/Logo_PUCESE-250x54.jpg\" alt=\"Logo PUCESE\" \/>Es una Instituci\u00f3n de Educaci\u00f3n Superior de car\u00e1cter privado y una de las m\u00e1s antiguas en el Ecuador, fundada por la compa\u00f1\u00eda de Jes\u00fas en 1946. La PUCE Sede Esmeraldas fue fundada en 1981 y su rol en la provincia ha sido esencial para impulsar procesos de cambio y desarrollo a trav\u00e9s de su modelo de formaci\u00f3n integral que actualmente se gestiona bajo el \u00abParadigma Pedag\u00f3gico Ignaciano\u00bb.<br \/>\n<!--more--><\/p>\n<p>El compromiso de la instituci\u00f3n va m\u00e1s all\u00e1 de la docencia, raz\u00f3n por la que se le otorga el mismo peso a la investigaci\u00f3n y a la vinculaci\u00f3n con la sociedad. En este sentido, la PUCESE trabaja de la mano con un equipo de docentes-investigadores y apoya su <strong>proyecto Ciudad-Puerto: Una alternativa de desarrollo para Esmeraldas<\/strong>, tomando en consideraci\u00f3n el contexto mar\u00edtimo-portuario para el modelo de desarrollo no solo de la ciudad, sino tambi\u00e9n de la provincia.<\/p>\n<h2>El Ecuador es el primer pa\u00eds de Am\u00e9rica del Sur afectado por la epidemia de coronavirus. Como universidad, \u00bfqu\u00e9 acciones e iniciativas ha puesto en marcha para que los estudiantes puedan seguir trabajando?<\/h2>\n<p>La crisis global actual provocada por el covid-19 ha golpeado fuertemente al Ecuador, no s\u00f3lo en el \u00e1mbito de la salud de sus ciudadanos, sino tambi\u00e9n en el \u00e1mbito econ\u00f3mico y social. En este sentido, la PUCESE ha emprendido una campa\u00f1a para cooperar con el gobierno nacional y local en las pol\u00edticas de emergencia, activando medidas de contingencia para que nuestros estudiantes puedan continuar sus estudios indistintamente de sus condiciones econ\u00f3micas actuales. Por primera vez, la PUCESE se ha planteado el reto de llevar a cabo un semestre acad\u00e9mico completamente online, por lo que ha iniciado medidas para preparar a docentes y estudiantes para el uso de herramientas virtuales.<br \/>\n<img loading=\"lazy\" decoding=\"async\" class=\"alignright wp-image-22282\" src=\"https:\/\/www.aivp.org\/wp-content\/uploads\/2020\/05\/Puerto_Esmeraldas-250x141.jpg\" alt=\"image a\u00e9rienne du port d'Esmeraldas en Equateur\" width=\"350\" height=\"197\" \/><\/p>\n<h2>\u00bfPor qu\u00e9 tomaron la decisi\u00f3n de unirse a la AIVP?<\/h2>\n<p>La Red Mundial de Ciudades y Puertos re\u00fane a un selecto grupo de expertos y actores p\u00fablico-privados en temas relacionados a la actividad mar\u00edtima y portuaria de las ciudades, lo que representa una oportunidad de intercambio de conocimientos y experiencias para la PUCESE y, sobre todo, para el equipo de investigadores del proyecto Ciudad-Puerto. Intentamos que nuestro trabajo de investigaci\u00f3n trascienda las fronteras, dando a conocer al mundo el contexto esmeralde\u00f1o y el trabajo que realiza la universidad para contribuir al desarrollo integral de su entorno.<\/p>\n<h2>\u00bfQu\u00e9 esperan de esta membres\u00eda?<\/h2>\n<p>Esmeraldas, por ser una provincia perif\u00e9rica en el Ecuador, tiene una consideraci\u00f3n limitada como objeto de estudio en las investigaciones del pa\u00eds. La PUCESE ha buscado la forma de internacionalizar sus investigaciones sobre la provincia, no solo para dar a conocer la realidad y la problem\u00e1tica local, sino tambi\u00e9n conseguir apoyo y cooperaci\u00f3n de otras instituciones y organismos internacionales para aprovechar las bondades geogr\u00e1ficas, productivas y culturales de Esmeraldas.<\/p>\n<p>En este sentido, esperamos que nuestra membres\u00eda en la AIVP nos permita tener aliados estrat\u00e9gicos para conseguir un impacto real de nuestras investigaciones y especialmente posicionar al proyecto \u201cCiudad-Puerto\u201d como una herramienta que abre esa posibilidad.<\/p>\n<h2>\u00bfQu\u00e9 pueden aportar a la AIVP? (pericias, informaci\u00f3n sobre proyectos, algo m\u00e1s)<\/h2>\n<p>El proyecto Ciudad-Puerto: Una alternativa de desarrollo para Esmeraldas, avalado por la PUCESE, permitir\u00e1 a la AIVP conocer sobre otras realidades de ciudades portuarias, incluso muy distinta a la realidad de otras ciudades portuarias de la regi\u00f3n. El proyecto est\u00e1 gestionado por un equipo multidisciplinario de investigadores que tratan de interpretar y dar respuesta desde diferentes perspectivas a diversas problem\u00e1ticas de la ciudad y del puerto de Esmeraldas, lo que al final nos permitir\u00e1 compartir con la red informaci\u00f3n valiosa que se convierta en derrotero para nuevas investigaciones, nuevos enfoques te\u00f3ricos y propuestas metodol\u00f3gicas.<\/p>\n","protected":false},"excerpt":{"rendered":"<p>Es una Instituci\u00f3n de Educaci\u00f3n Superior de car\u00e1cter privado y una de las m\u00e1s antiguas [&hellip;]<\/p>\n","protected":false},"author":13,"featured_media":38416,"comment_status":"closed","ping_status":"closed","sticky":false,"template":"","format":"standard","meta":{"_acf_changed":false,"footnotes":""},"categories":[],"tags":[2085,2086],"goal":[],"class_list":["post-27021","post","type-post","status-publish","format-standard","has-post-thumbnail","hentry","tag-ecuador-es-2","tag-esmeraldas-es-2"],"acf":[],"yoast_head":"<!-- This site is optimized with the Yoast SEO plugin v26.8 - https:\/\/yoast.com\/product\/yoast-seo-wordpress\/ -->\n<title>La PUCESE (Ecuador) se une a la AIVP para fomentar sus investigaciones sobre la ciudad portuaria de Esmeraldas - AIVP<\/title>\n<meta name=\"robots\" content=\"index, follow, max-snippet:-1, max-image-preview:large, max-video-preview:-1\" \/>\n<link rel=\"canonical\" href=\"https:\/\/www.aivp.org\/es\/newsroom\/la-pucese-ecuador-se-une-a-la-aivp-para-fomentar-sus-investigaciones-sobre-la-ciudad-portuaria-de-esmeraldas\/\" \/>\n<meta property=\"og:locale\" content=\"es_ES\" \/>\n<meta property=\"og:type\" content=\"article\" \/>\n<meta property=\"og:title\" content=\"La PUCESE (Ecuador) se une a la AIVP para fomentar sus investigaciones sobre la ciudad portuaria de Esmeraldas - AIVP\" \/>\n<meta property=\"og:description\" content=\"Es una Instituci\u00f3n de Educaci\u00f3n Superior de car\u00e1cter privado y una de las m\u00e1s antiguas [&hellip;]\" \/>\n<meta property=\"og:url\" content=\"https:\/\/www.aivp.org\/es\/newsroom\/la-pucese-ecuador-se-une-a-la-aivp-para-fomentar-sus-investigaciones-sobre-la-ciudad-portuaria-de-esmeraldas\/\" \/>\n<meta property=\"og:site_name\" content=\"AIVP\" \/>\n<meta property=\"article:published_time\" content=\"2020-05-06T11:58:02+00:00\" \/>\n<meta property=\"article:modified_time\" content=\"2021-02-19T09:07:32+00:00\" \/>\n<meta property=\"og:image\" content=\"https:\/\/www.aivp.org\/wp-content\/uploads\/2020\/05\/Logo_PUCESE_UNE-scaled.jpg\" \/>\n\t<meta property=\"og:image:width\" content=\"2560\" \/>\n\t<meta property=\"og:image:height\" content=\"558\" \/>\n\t<meta property=\"og:image:type\" content=\"image\/jpeg\" \/>\n<meta name=\"author\" content=\"Chlo\u00e9 COLBOC\" \/>\n<meta name=\"twitter:card\" content=\"summary_large_image\" \/>\n<meta name=\"twitter:label1\" content=\"Escrito por\" \/>\n\t<meta name=\"twitter:data1\" content=\"Chlo\u00e9 COLBOC\" \/>\n\t<meta name=\"twitter:label2\" content=\"Tiempo de lectura\" \/>\n\t<meta name=\"twitter:data2\" content=\"3 minutos\" \/>\n<script type=\"application\/ld+json\" class=\"yoast-schema-graph\">{\"@context\":\"https:\/\/schema.org\",\"@graph\":[{\"@type\":\"Article\",\"@id\":\"https:\/\/www.aivp.org\/es\/newsroom\/la-pucese-ecuador-se-une-a-la-aivp-para-fomentar-sus-investigaciones-sobre-la-ciudad-portuaria-de-esmeraldas\/#article\",\"isPartOf\":{\"@id\":\"https:\/\/www.aivp.org\/es\/newsroom\/la-pucese-ecuador-se-une-a-la-aivp-para-fomentar-sus-investigaciones-sobre-la-ciudad-portuaria-de-esmeraldas\/\"},\"author\":{\"name\":\"Chlo\u00e9 COLBOC\",\"@id\":\"https:\/\/www.aivp.org\/es\/#\/schema\/person\/492a19cab6d235c20616f66946feeb45\"},\"headline\":\"La PUCESE (Ecuador) se une a la AIVP para fomentar sus investigaciones sobre la ciudad portuaria de Esmeraldas\",\"datePublished\":\"2020-05-06T11:58:02+00:00\",\"dateModified\":\"2021-02-19T09:07:32+00:00\",\"mainEntityOfPage\":{\"@id\":\"https:\/\/www.aivp.org\/es\/newsroom\/la-pucese-ecuador-se-une-a-la-aivp-para-fomentar-sus-investigaciones-sobre-la-ciudad-portuaria-de-esmeraldas\/\"},\"wordCount\":663,\"publisher\":{\"@id\":\"https:\/\/www.aivp.org\/es\/#organization\"},\"image\":{\"@id\":\"https:\/\/www.aivp.org\/es\/newsroom\/la-pucese-ecuador-se-une-a-la-aivp-para-fomentar-sus-investigaciones-sobre-la-ciudad-portuaria-de-esmeraldas\/#primaryimage\"},\"thumbnailUrl\":\"https:\/\/www.aivp.org\/wp-content\/uploads\/2020\/05\/Logo_PUCESE_UNE-scaled.jpg\",\"keywords\":[\"Ecuador\",\"Esmeraldas\"],\"inLanguage\":\"es\"},{\"@type\":\"WebPage\",\"@id\":\"https:\/\/www.aivp.org\/es\/newsroom\/la-pucese-ecuador-se-une-a-la-aivp-para-fomentar-sus-investigaciones-sobre-la-ciudad-portuaria-de-esmeraldas\/\",\"url\":\"https:\/\/www.aivp.org\/es\/newsroom\/la-pucese-ecuador-se-une-a-la-aivp-para-fomentar-sus-investigaciones-sobre-la-ciudad-portuaria-de-esmeraldas\/\",\"name\":\"La PUCESE (Ecuador) se une a la AIVP para fomentar sus investigaciones sobre la ciudad portuaria de Esmeraldas - AIVP\",\"isPartOf\":{\"@id\":\"https:\/\/www.aivp.org\/es\/#website\"},\"primaryImageOfPage\":{\"@id\":\"https:\/\/www.aivp.org\/es\/newsroom\/la-pucese-ecuador-se-une-a-la-aivp-para-fomentar-sus-investigaciones-sobre-la-ciudad-portuaria-de-esmeraldas\/#primaryimage\"},\"image\":{\"@id\":\"https:\/\/www.aivp.org\/es\/newsroom\/la-pucese-ecuador-se-une-a-la-aivp-para-fomentar-sus-investigaciones-sobre-la-ciudad-portuaria-de-esmeraldas\/#primaryimage\"},\"thumbnailUrl\":\"https:\/\/www.aivp.org\/wp-content\/uploads\/2020\/05\/Logo_PUCESE_UNE-scaled.jpg\",\"datePublished\":\"2020-05-06T11:58:02+00:00\",\"dateModified\":\"2021-02-19T09:07:32+00:00\",\"breadcrumb\":{\"@id\":\"https:\/\/www.aivp.org\/es\/newsroom\/la-pucese-ecuador-se-une-a-la-aivp-para-fomentar-sus-investigaciones-sobre-la-ciudad-portuaria-de-esmeraldas\/#breadcrumb\"},\"inLanguage\":\"es\",\"potentialAction\":[{\"@type\":\"ReadAction\",\"target\":[\"https:\/\/www.aivp.org\/es\/newsroom\/la-pucese-ecuador-se-une-a-la-aivp-para-fomentar-sus-investigaciones-sobre-la-ciudad-portuaria-de-esmeraldas\/\"]}]},{\"@type\":\"ImageObject\",\"inLanguage\":\"es\",\"@id\":\"https:\/\/www.aivp.org\/es\/newsroom\/la-pucese-ecuador-se-une-a-la-aivp-para-fomentar-sus-investigaciones-sobre-la-ciudad-portuaria-de-esmeraldas\/#primaryimage\",\"url\":\"https:\/\/www.aivp.org\/wp-content\/uploads\/2020\/05\/Logo_PUCESE_UNE-scaled.jpg\",\"contentUrl\":\"https:\/\/www.aivp.org\/wp-content\/uploads\/2020\/05\/Logo_PUCESE_UNE-scaled.jpg\",\"width\":2560,\"height\":558},{\"@type\":\"BreadcrumbList\",\"@id\":\"https:\/\/www.aivp.org\/es\/newsroom\/la-pucese-ecuador-se-une-a-la-aivp-para-fomentar-sus-investigaciones-sobre-la-ciudad-portuaria-de-esmeraldas\/#breadcrumb\",\"itemListElement\":[{\"@type\":\"ListItem\",\"position\":1,\"name\":\"Home\",\"item\":\"https:\/\/www.aivp.org\/es\/\"},{\"@type\":\"ListItem\",\"position\":2,\"name\":\"La PUCESE (Ecuador) se une a la AIVP para fomentar sus investigaciones sobre la ciudad portuaria de Esmeraldas\"}]},{\"@type\":\"WebSite\",\"@id\":\"https:\/\/www.aivp.org\/es\/#website\",\"url\":\"https:\/\/www.aivp.org\/es\/\",\"name\":\"AIVP\",\"description\":\"Inspiring people of port cities\",\"publisher\":{\"@id\":\"https:\/\/www.aivp.org\/es\/#organization\"},\"potentialAction\":[{\"@type\":\"SearchAction\",\"target\":{\"@type\":\"EntryPoint\",\"urlTemplate\":\"https:\/\/www.aivp.org\/es\/?s={search_term_string}\"},\"query-input\":{\"@type\":\"PropertyValueSpecification\",\"valueRequired\":true,\"valueName\":\"search_term_string\"}}],\"inLanguage\":\"es\"},{\"@type\":\"Organization\",\"@id\":\"https:\/\/www.aivp.org\/es\/#organization\",\"name\":\"AIVP\",\"url\":\"https:\/\/www.aivp.org\/es\/\",\"logo\":{\"@type\":\"ImageObject\",\"inLanguage\":\"es\",\"@id\":\"https:\/\/www.aivp.org\/es\/#\/schema\/logo\/image\/\",\"url\":\"https:\/\/www.aivp.org\/wp-content\/uploads\/2020\/07\/cropped-favicon.png\",\"contentUrl\":\"https:\/\/www.aivp.org\/wp-content\/uploads\/2020\/07\/cropped-favicon.png\",\"width\":512,\"height\":512,\"caption\":\"AIVP\"},\"image\":{\"@id\":\"https:\/\/www.aivp.org\/es\/#\/schema\/logo\/image\/\"}},{\"@type\":\"Person\",\"@id\":\"https:\/\/www.aivp.org\/es\/#\/schema\/person\/492a19cab6d235c20616f66946feeb45\",\"name\":\"Chlo\u00e9 COLBOC\",\"image\":{\"@type\":\"ImageObject\",\"inLanguage\":\"es\",\"@id\":\"https:\/\/www.aivp.org\/es\/#\/schema\/person\/image\/\",\"url\":\"https:\/\/secure.gravatar.com\/avatar\/7be117de39e60fb8c224f12ffa7c2e22?s=96&d=mm&r=g\",\"contentUrl\":\"https:\/\/secure.gravatar.com\/avatar\/7be117de39e60fb8c224f12ffa7c2e22?s=96&d=mm&r=g\",\"caption\":\"Chlo\u00e9 COLBOC\"},\"url\":\"https:\/\/www.aivp.org\/es\/newsroom\/author\/ccolbocaivp-org\/\"}]}<\/script>\n<!-- \/ Yoast SEO plugin. -->","yoast_head_json":{"title":"La PUCESE (Ecuador) se une a la AIVP para fomentar sus investigaciones sobre la ciudad portuaria de Esmeraldas - AIVP","robots":{"index":"index","follow":"follow","max-snippet":"max-snippet:-1","max-image-preview":"max-image-preview:large","max-video-preview":"max-video-preview:-1"},"canonical":"https:\/\/www.aivp.org\/es\/newsroom\/la-pucese-ecuador-se-une-a-la-aivp-para-fomentar-sus-investigaciones-sobre-la-ciudad-portuaria-de-esmeraldas\/","og_locale":"es_ES","og_type":"article","og_title":"La PUCESE (Ecuador) se une a la AIVP para fomentar sus investigaciones sobre la ciudad portuaria de Esmeraldas - AIVP","og_description":"Es una Instituci\u00f3n de Educaci\u00f3n Superior de car\u00e1cter privado y una de las m\u00e1s antiguas [&hellip;]","og_url":"https:\/\/www.aivp.org\/es\/newsroom\/la-pucese-ecuador-se-une-a-la-aivp-para-fomentar-sus-investigaciones-sobre-la-ciudad-portuaria-de-esmeraldas\/","og_site_name":"AIVP","article_published_time":"2020-05-06T11:58:02+00:00","article_modified_time":"2021-02-19T09:07:32+00:00","og_image":[{"width":2560,"height":558,"url":"https:\/\/www.aivp.org\/wp-content\/uploads\/2020\/05\/Logo_PUCESE_UNE-scaled.jpg","type":"image\/jpeg"}],"author":"Chlo\u00e9 COLBOC","twitter_card":"summary_large_image","twitter_misc":{"Escrito por":"Chlo\u00e9 COLBOC","Tiempo de lectura":"3 minutos"},"schema":{"@context":"https:\/\/schema.org","@graph":[{"@type":"Article","@id":"https:\/\/www.aivp.org\/es\/newsroom\/la-pucese-ecuador-se-une-a-la-aivp-para-fomentar-sus-investigaciones-sobre-la-ciudad-portuaria-de-esmeraldas\/#article","isPartOf":{"@id":"https:\/\/www.aivp.org\/es\/newsroom\/la-pucese-ecuador-se-une-a-la-aivp-para-fomentar-sus-investigaciones-sobre-la-ciudad-portuaria-de-esmeraldas\/"},"author":{"name":"Chlo\u00e9 COLBOC","@id":"https:\/\/www.aivp.org\/es\/#\/schema\/person\/492a19cab6d235c20616f66946feeb45"},"headline":"La PUCESE (Ecuador) se une a la AIVP para fomentar sus investigaciones sobre la ciudad portuaria de Esmeraldas","datePublished":"2020-05-06T11:58:02+00:00","dateModified":"2021-02-19T09:07:32+00:00","mainEntityOfPage":{"@id":"https:\/\/www.aivp.org\/es\/newsroom\/la-pucese-ecuador-se-une-a-la-aivp-para-fomentar-sus-investigaciones-sobre-la-ciudad-portuaria-de-esmeraldas\/"},"wordCount":663,"publisher":{"@id":"https:\/\/www.aivp.org\/es\/#organization"},"image":{"@id":"https:\/\/www.aivp.org\/es\/newsroom\/la-pucese-ecuador-se-une-a-la-aivp-para-fomentar-sus-investigaciones-sobre-la-ciudad-portuaria-de-esmeraldas\/#primaryimage"},"thumbnailUrl":"https:\/\/www.aivp.org\/wp-content\/uploads\/2020\/05\/Logo_PUCESE_UNE-scaled.jpg","keywords":["Ecuador","Esmeraldas"],"inLanguage":"es"},{"@type":"WebPage","@id":"https:\/\/www.aivp.org\/es\/newsroom\/la-pucese-ecuador-se-une-a-la-aivp-para-fomentar-sus-investigaciones-sobre-la-ciudad-portuaria-de-esmeraldas\/","url":"https:\/\/www.aivp.org\/es\/newsroom\/la-pucese-ecuador-se-une-a-la-aivp-para-fomentar-sus-investigaciones-sobre-la-ciudad-portuaria-de-esmeraldas\/","name":"La PUCESE (Ecuador) se une a la AIVP para fomentar sus investigaciones sobre la ciudad portuaria de Esmeraldas - AIVP","isPartOf":{"@id":"https:\/\/www.aivp.org\/es\/#website"},"primaryImageOfPage":{"@id":"https:\/\/www.aivp.org\/es\/newsroom\/la-pucese-ecuador-se-une-a-la-aivp-para-fomentar-sus-investigaciones-sobre-la-ciudad-portuaria-de-esmeraldas\/#primaryimage"},"image":{"@id":"https:\/\/www.aivp.org\/es\/newsroom\/la-pucese-ecuador-se-une-a-la-aivp-para-fomentar-sus-investigaciones-sobre-la-ciudad-portuaria-de-esmeraldas\/#primaryimage"},"thumbnailUrl":"https:\/\/www.aivp.org\/wp-content\/uploads\/2020\/05\/Logo_PUCESE_UNE-scaled.jpg","datePublished":"2020-05-06T11:58:02+00:00","dateModified":"2021-02-19T09:07:32+00:00","breadcrumb":{"@id":"https:\/\/www.aivp.org\/es\/newsroom\/la-pucese-ecuador-se-une-a-la-aivp-para-fomentar-sus-investigaciones-sobre-la-ciudad-portuaria-de-esmeraldas\/#breadcrumb"},"inLanguage":"es","potentialAction":[{"@type":"ReadAction","target":["https:\/\/www.aivp.org\/es\/newsroom\/la-pucese-ecuador-se-une-a-la-aivp-para-fomentar-sus-investigaciones-sobre-la-ciudad-portuaria-de-esmeraldas\/"]}]},{"@type":"ImageObject","inLanguage":"es","@id":"https:\/\/www.aivp.org\/es\/newsroom\/la-pucese-ecuador-se-une-a-la-aivp-para-fomentar-sus-investigaciones-sobre-la-ciudad-portuaria-de-esmeraldas\/#primaryimage","url":"https:\/\/www.aivp.org\/wp-content\/uploads\/2020\/05\/Logo_PUCESE_UNE-scaled.jpg","contentUrl":"https:\/\/www.aivp.org\/wp-content\/uploads\/2020\/05\/Logo_PUCESE_UNE-scaled.jpg","width":2560,"height":558},{"@type":"BreadcrumbList","@id":"https:\/\/www.aivp.org\/es\/newsroom\/la-pucese-ecuador-se-une-a-la-aivp-para-fomentar-sus-investigaciones-sobre-la-ciudad-portuaria-de-esmeraldas\/#breadcrumb","itemListElement":[{"@type":"ListItem","position":1,"name":"Home","item":"https:\/\/www.aivp.org\/es\/"},{"@type":"ListItem","position":2,"name":"La PUCESE (Ecuador) se une a la AIVP para fomentar sus investigaciones sobre la ciudad portuaria de Esmeraldas"}]},{"@type":"WebSite","@id":"https:\/\/www.aivp.org\/es\/#website","url":"https:\/\/www.aivp.org\/es\/","name":"AIVP","description":"Inspiring people of port cities","publisher":{"@id":"https:\/\/www.aivp.org\/es\/#organization"},"potentialAction":[{"@type":"SearchAction","target":{"@type":"EntryPoint","urlTemplate":"https:\/\/www.aivp.org\/es\/?s={search_term_string}"},"query-input":{"@type":"PropertyValueSpecification","valueRequired":true,"valueName":"search_term_string"}}],"inLanguage":"es"},{"@type":"Organization","@id":"https:\/\/www.aivp.org\/es\/#organization","name":"AIVP","url":"https:\/\/www.aivp.org\/es\/","logo":{"@type":"ImageObject","inLanguage":"es","@id":"https:\/\/www.aivp.org\/es\/#\/schema\/logo\/image\/","url":"https:\/\/www.aivp.org\/wp-content\/uploads\/2020\/07\/cropped-favicon.png","contentUrl":"https:\/\/www.aivp.org\/wp-content\/uploads\/2020\/07\/cropped-favicon.png","width":512,"height":512,"caption":"AIVP"},"image":{"@id":"https:\/\/www.aivp.org\/es\/#\/schema\/logo\/image\/"}},{"@type":"Person","@id":"https:\/\/www.aivp.org\/es\/#\/schema\/person\/492a19cab6d235c20616f66946feeb45","name":"Chlo\u00e9 COLBOC","image":{"@type":"ImageObject","inLanguage":"es","@id":"https:\/\/www.aivp.org\/es\/#\/schema\/person\/image\/","url":"https:\/\/secure.gravatar.com\/avatar\/7be117de39e60fb8c224f12ffa7c2e22?s=96&d=mm&r=g","contentUrl":"https:\/\/secure.gravatar.com\/avatar\/7be117de39e60fb8c224f12ffa7c2e22?s=96&d=mm&r=g","caption":"Chlo\u00e9 COLBOC"},"url":"https:\/\/www.aivp.org\/es\/newsroom\/author\/ccolbocaivp-org\/"}]}},"featured_image_url":"https:\/\/www.aivp.org\/wp-content\/uploads\/2020\/05\/Logo_PUCESE_UNE-scaled.jpg","_links":{"self":[{"href":"https:\/\/www.aivp.org\/es\/wp-json\/wp\/v2\/posts\/27021","targetHints":{"allow":["GET"]}}],"collection":[{"href":"https:\/\/www.aivp.org\/es\/wp-json\/wp\/v2\/posts"}],"about":[{"href":"https:\/\/www.aivp.org\/es\/wp-json\/wp\/v2\/types\/post"}],"author":[{"embeddable":true,"href":"https:\/\/www.aivp.org\/es\/wp-json\/wp\/v2\/users\/13"}],"replies":[{"embeddable":true,"href":"https:\/\/www.aivp.org\/es\/wp-json\/wp\/v2\/comments?post=27021"}],"version-history":[{"count":0,"href":"https:\/\/www.aivp.org\/es\/wp-json\/wp\/v2\/posts\/27021\/revisions"}],"wp:featuredmedia":[{"embeddable":true,"href":"https:\/\/www.aivp.org\/es\/wp-json\/wp\/v2\/media\/38416"}],"wp:attachment":[{"href":"https:\/\/www.aivp.org\/es\/wp-json\/wp\/v2\/media?parent=27021"}],"wp:term":[{"taxonomy":"category","embeddable":true,"href":"https:\/\/www.aivp.org\/es\/wp-json\/wp\/v2\/categories?post=27021"},{"taxonomy":"post_tag","embeddable":true,"href":"https:\/\/www.aivp.org\/es\/wp-json\/wp\/v2\/tags?post=27021"},{"taxonomy":"goal","embeddable":true,"href":"https:\/\/www.aivp.org\/es\/wp-json\/wp\/v2\/goal?post=27021"}],"curies":[{"name":"wp","href":"https:\/\/api.w.org\/{rel}","templated":true}]}}