{"id":27022,"date":"2020-05-13T13:58:00","date_gmt":"2020-05-13T11:58:00","guid":{"rendered":"https:\/\/www.aivp.org\/newsroom\/si-los-ninos-no-pueden-visitar-el-puerto-en-trieste-el-puerto-llega-hasta-sus-casas\/"},"modified":"2021-02-18T10:00:59","modified_gmt":"2021-02-18T09:00:59","slug":"si-los-ninos-no-pueden-visitar-el-puerto-en-trieste-el-puerto-llega-hasta-sus-casas","status":"publish","type":"post","link":"https:\/\/www.aivp.org\/es\/newsroom\/si-los-ninos-no-pueden-visitar-el-puerto-en-trieste-el-puerto-llega-hasta-sus-casas\/","title":{"rendered":"\u00a1Si los ni\u00f1os no pueden visitar el puerto en Trieste, el puerto llega hasta sus casas!"},"content":{"rendered":"<p><em>La\u00a0<a href=\"https:\/\/www.porto.trieste.it\/\" target=\"_blank\" rel=\"noopener\">Autorit\u00e0 di Sistema Portuale del Mare Adriatico Orientale<\/a>, es miembro activo de AIVP desde 2016<\/em><\/p>\n<h2><em><span style=\"color: #800080;\">AIVP \u2013<\/span> \u00bfC\u00f3mo est\u00e1 afectando el Covid-19 a su regi\u00f3n? \u00bfCu\u00e1les son las consecuencias principales sobre las actividades del puerto, especialmente en los aspectos log\u00edsticos y econ\u00f3micos?<\/em><\/h2>\n<p><img loading=\"lazy\" decoding=\"async\" class=\"size-full wp-image-38170 alignleft\" src=\"https:\/\/www.aivp.org\/wp-content\/uploads\/2021\/01\/presidentPortofTrieste-small.jpg\" alt=\"Port of Trieste, President\" width=\"350\" height=\"302\" srcset=\"https:\/\/www.aivp.org\/wp-content\/uploads\/2021\/01\/presidentPortofTrieste-small.jpg 350w, https:\/\/www.aivp.org\/wp-content\/uploads\/2021\/01\/presidentPortofTrieste-small-255x220.jpg 255w, https:\/\/www.aivp.org\/wp-content\/uploads\/2021\/01\/presidentPortofTrieste-small-171x148.jpg 171w\" sizes=\"auto, (max-width: 350px) 100vw, 350px\" \/><\/p>\n<p><strong>Zeno D\u2019Agostino, presidente del Puerto of Trieste &#8211;\u00a0<\/strong>El brote de Covid-19 ha golpeado duramente las regiones del norte de Italia (especialmente Lombard\u00eda) que, de hecho, constituyeron su primera zona de propagaci\u00f3n en Europa. A ra\u00edz de esto se dict\u00f3 un confinamiento de emergencia absoluto desde principios de marzo cuyo fin se espera para las pr\u00f3ximas semanas.<\/p>\n<p>Pese al confinamiento, nuestro puerto franco y su log\u00edstica ferroviaria se mantuvieron completamente operativos, y lo siguen estando. En relaci\u00f3n con el tr\u00e1fico, a trav\u00e9s de nuestros servicios intermodales desempe\u00f1aron una funci\u00f3n de puerta de entrada para otros pa\u00edses de Europa (Alemania, Hungr\u00eda, Austria, Eslovaquia, Luxemburgo, etc.). Por consiguiente, nuestro tr\u00e1fico se ve afectado b\u00e1sicamente por los confinamientos producidos en otros pa\u00edses en los que se present\u00f3 la pandemia, si bien con posterioridad a Italia y con diferentes patrones. En t\u00e9rminos generales esperamos que la gesti\u00f3n del confinamiento en dichos pa\u00edses permita que el puerto de Trieste mantenga altos niveles de tr\u00e1fico, aunque ser\u00e1 inevitable una disminuci\u00f3n de su intensidad.<\/p>\n<h2><em><span style=\"color: #800080;\">AIVP \u2013<\/span> \u00bfC\u00f3mo est\u00e1 contribuyendo el Puerto de Trieste en la lucha contra el virus?<\/em><\/h2>\n<p><strong>Zeno D\u2019Agostino,Puerto of Trieste &#8211;<\/strong>En nuestra calidad de proveedores de servicios estrat\u00e9gicos, implementamos de inmediato todos los requisitos y recomendaciones establecidos en el marco jur\u00eddico de Italia con respecto a la \u00abemergencia COVID\u00bb. Pero adem\u00e1s promovimos, al interior de nuestra comunidad portuaria, la implementaci\u00f3n al m\u00e1ximo nivel de las pr\u00e1cticas recomendables de lucha contra el coronavirus. Por ejemplo, desplegamos de inmediato infraestructura de trabajo inteligente para la mayor parte de nuestros empleados de oficina y reaccionamos con rapidez en la entrega de los adecuados equipos protecci\u00f3n individual para todos los trabajadores de las empresas que operan en nuestras operaciones log\u00edsticas y portuarias. Por otra parte, se le toma la temperatura a cada conductor y a cada persona que ingrese a los recintos portuarios. En este momento estamos desarrollando un marco general integrado para la gesti\u00f3n, al m\u00e1ximo nivel, del per\u00edodo de posconfinamiento, que ser\u00e1 por cierto un per\u00edodo complejo en t\u00e9rminos de protecci\u00f3n de la salud. Hay mucha gente trabajando para permitir que nuestro puerto contin\u00fae funcionando en forma segura, y queremos agradecerles.<\/p>\n<p><a href=\"https:\/\/www.aivp.org\/wp-content\/uploads\/2020\/05\/EXzQ36nXsAEj2wf.jpg\" rel=\"attachment wp-att-22237\"><img loading=\"lazy\" decoding=\"async\" class=\"wp-image-22377 size-large aligncenter\" src=\"https:\/\/www.aivp.org\/wp-content\/uploads\/2020\/05\/EXzQ36nXsAEj2wf-700x378.jpg\" alt=\"\" width=\"700\" height=\"378\" \/><\/a><\/p>\n<h2><\/h2>\n<h2><em><span style=\"color: #800080;\">AIVP \u2013<\/span> Recientemente destacamos su iniciativa educativa en el marco de la campana #Stayathome, que consist\u00eda en publicar talleres creativos, compartir videos o lecturas infantiles en las redes sociales. \u00bfPodr\u00edan explicarnos, en pocas palabras, esta iniciativa u otras acciones que hayan lanzado para mantener el v\u00ednculo con los ciudadanos y el acceso a la cultura Puerto-Ciudad? \u00bfQu\u00e9 tipo de acciones sociales han puesto en marcha para soportar la comunidad durante estos tiempos dif\u00edciles?<br \/>\n<\/em><\/h2>\n<p><strong>Zeno D\u2019Agostino,Puerto of Trieste &#8211;<\/strong>El puerto sigue funcionando, pero, como todos, debimos cancelar todos nuestros eventos, incluida nuestra Jornada abierta, los talleres infantiles y las visitas guiadas a nuestra sede hist\u00f3rica en la Torre del Lloyd. As\u00ed fue como tomamos la decisi\u00f3n de adherir a la campa\u00f1a \u201ciorestoacasa\u201d (yo me quedo en casa) con un especial hashtag #iorestoacasaenavigo (me quedo en casa y navego) para mantener el contacto con la ciudadan\u00eda a fin de hacer m\u00e1s llevaderos estos d\u00edas cargados de preocupaci\u00f3n e incertidumbre y de ofrecer a los ni\u00f1os y a las familias el regalo de sonre\u00edr.<\/p>\n<p><a href=\"https:\/\/www.aivp.org\/wp-content\/uploads\/2020\/05\/iorestoacasa-small.jpg\" rel=\"attachment wp-att-22386\"><img loading=\"lazy\" decoding=\"async\" class=\"aligncenter wp-image-22386 size-full\" src=\"https:\/\/www.aivp.org\/wp-content\/uploads\/2020\/05\/iorestoacasa-small.jpg\" alt=\"\" width=\"567\" height=\"567\" \/><\/a><\/p>\n<p>Los canales de medios sociales del puerto de Trieste transmiten de manera regular contenido original, talleres, videos, lecturas y rimas infantiles, de modo que el tiempo que la ciudadan\u00eda pase en casa pueda ser creativo y placentero y dar a conocer el puerto a los ni\u00f1os. Si los ni\u00f1os no pueden llegar al puerto de Trieste para realizar actividades educativas, es el puerto, entonces, el que los visita en sus casas. Ese es el mensaje inicial de la primera de una serie de talleres creativos en l\u00ednea para los ni\u00f1os. El puerto tiene una funci\u00f3n social para la comunidad local, y el objetivo general de esta campa\u00f1a es mantener la interacci\u00f3n con las familias incluso durante la emergencia del coronavirus.<\/p>\n<p><a href=\"https:\/\/www.aivp.org\/wp-content\/uploads\/2020\/05\/Youtube-screen-shpt.jpg\" rel=\"attachment wp-att-22383\"><img decoding=\"async\" class=\"alignnone size-medium wp-image-22383\" src=\"https:\/\/www.aivp.org\/wp-content\/uploads\/2020\/05\/Youtube-screen-shpt-250x141.jpg\" alt=\"\" \/><\/a> <a href=\"https:\/\/www.aivp.org\/wp-content\/uploads\/2020\/05\/pia-valentinis-2.jpg\" rel=\"attachment wp-att-22395\"><img decoding=\"async\" class=\"alignnone size-medium wp-image-22395\" src=\"https:\/\/www.aivp.org\/wp-content\/uploads\/2020\/05\/pia-valentinis-2-250x177.jpg\" alt=\"\" \/><\/a> <a href=\"https:\/\/www.aivp.org\/wp-content\/uploads\/2020\/05\/screen-shot.jpg\" rel=\"attachment wp-att-22392\"><img decoding=\"async\" class=\"alignnone size-medium wp-image-22392\" src=\"https:\/\/www.aivp.org\/wp-content\/uploads\/2020\/05\/screen-shot-250x141.jpg\" alt=\"\" \/><\/a><\/p>\n<p>En algunos de los talleres, disponibles en ingl\u00e9s en <a href=\"https:\/\/www.youtube.com\/watch?v=sDfybNVWlGg\">https:\/\/www.youtube.com\/watch?v=sDfybNVWlGg<\/a> y <a href=\"https:\/\/www.youtube.com\/watch?v=LfpK8NUnkfo\">https:\/\/www.youtube.com\/watch?v=LfpK8NUnkfo<\/a> se pide papel, tijeras y una gran imaginaci\u00f3n para explorar el mar entre las naves y las gr\u00faas de manera entretenida, y sin salir de casa. Los adultos podr\u00e1n disfrutar de visitas virtuales a la Torre del Lloyd organizadas por la Asociaci\u00f3n de gu\u00edas de turismo Friuli Venezia Giulia y otras iniciativas, todas disponibles en l\u00ednea en <a href=\"https:\/\/www.youtube.com\/c\/PortodiTrieste\">https:\/\/www.youtube.com\/c\/PortodiTrieste<\/a><\/p>\n<p><a href=\"https:\/\/www.aivp.org\/wp-content\/uploads\/2020\/05\/iorestoacasa_trieste_2.jpg\" rel=\"attachment wp-att-22380\"><img loading=\"lazy\" decoding=\"async\" class=\"wp-image-22380 size-full aligncenter\" src=\"https:\/\/www.aivp.org\/wp-content\/uploads\/2020\/05\/iorestoacasa_trieste_2.jpg\" alt=\"\" width=\"630\" height=\"332\" \/><\/a><\/p>\n","protected":false},"excerpt":{"rendered":"<p>La\u00a0Autorit\u00e0 di Sistema Portuale del Mare Adriatico Orientale, es miembro activo de AIVP desde 2016 [&hellip;]<\/p>\n","protected":false},"author":14,"featured_media":38173,"comment_status":"closed","ping_status":"closed","sticky":false,"template":"","format":"standard","meta":{"_acf_changed":false,"footnotes":""},"categories":[1952],"tags":[257,263],"goal":[2132],"class_list":["post-27022","post","type-post","status-publish","format-standard","has-post-thumbnail","hentry","category-entrevistas","tag-italia","tag-trieste-es","goal-cultura-e-identidad"],"acf":[],"yoast_head":"<!-- This site is optimized with the Yoast SEO plugin v26.8 - https:\/\/yoast.com\/product\/yoast-seo-wordpress\/ -->\n<title>\u00a1Si los ni\u00f1os no pueden visitar el puerto en Trieste, el puerto llega hasta sus casas! - AIVP<\/title>\n<meta name=\"robots\" content=\"index, follow, max-snippet:-1, max-image-preview:large, max-video-preview:-1\" \/>\n<link rel=\"canonical\" href=\"https:\/\/www.aivp.org\/es\/newsroom\/si-los-ninos-no-pueden-visitar-el-puerto-en-trieste-el-puerto-llega-hasta-sus-casas\/\" \/>\n<meta property=\"og:locale\" content=\"es_ES\" \/>\n<meta property=\"og:type\" content=\"article\" \/>\n<meta property=\"og:title\" content=\"\u00a1Si los ni\u00f1os no pueden visitar el puerto en Trieste, el puerto llega hasta sus casas! - AIVP\" \/>\n<meta property=\"og:description\" content=\"La\u00a0Autorit\u00e0 di Sistema Portuale del Mare Adriatico Orientale, es miembro activo de AIVP desde 2016 [&hellip;]\" \/>\n<meta property=\"og:url\" content=\"https:\/\/www.aivp.org\/es\/newsroom\/si-los-ninos-no-pueden-visitar-el-puerto-en-trieste-el-puerto-llega-hasta-sus-casas\/\" \/>\n<meta property=\"og:site_name\" content=\"AIVP\" \/>\n<meta property=\"article:published_time\" content=\"2020-05-13T11:58:00+00:00\" \/>\n<meta property=\"article:modified_time\" content=\"2021-02-18T09:00:59+00:00\" \/>\n<meta property=\"og:image\" content=\"https:\/\/www.aivp.org\/wp-content\/uploads\/2021\/01\/presidentPortofTrieste_New-Website.jpg\" \/>\n\t<meta property=\"og:image:width\" content=\"1024\" \/>\n\t<meta property=\"og:image:height\" content=\"576\" \/>\n\t<meta property=\"og:image:type\" content=\"image\/jpeg\" \/>\n<meta name=\"author\" content=\"Jos\u00e9 SANCHEZ\" \/>\n<meta name=\"twitter:card\" content=\"summary_large_image\" \/>\n<meta name=\"twitter:label1\" content=\"Escrito por\" \/>\n\t<meta name=\"twitter:data1\" content=\"Jos\u00e9 SANCHEZ\" \/>\n\t<meta name=\"twitter:label2\" content=\"Tiempo de lectura\" \/>\n\t<meta name=\"twitter:data2\" content=\"5 minutos\" \/>\n<script type=\"application\/ld+json\" class=\"yoast-schema-graph\">{\"@context\":\"https:\/\/schema.org\",\"@graph\":[{\"@type\":\"Article\",\"@id\":\"https:\/\/www.aivp.org\/es\/newsroom\/si-los-ninos-no-pueden-visitar-el-puerto-en-trieste-el-puerto-llega-hasta-sus-casas\/#article\",\"isPartOf\":{\"@id\":\"https:\/\/www.aivp.org\/es\/newsroom\/si-los-ninos-no-pueden-visitar-el-puerto-en-trieste-el-puerto-llega-hasta-sus-casas\/\"},\"author\":{\"name\":\"Jos\u00e9 SANCHEZ\",\"@id\":\"https:\/\/www.aivp.org\/es\/#\/schema\/person\/905e0ce025d136d3d3c6b5a51b9c3498\"},\"headline\":\"\u00a1Si los ni\u00f1os no pueden visitar el puerto en Trieste, el puerto llega hasta sus casas!\",\"datePublished\":\"2020-05-13T11:58:00+00:00\",\"dateModified\":\"2021-02-18T09:00:59+00:00\",\"mainEntityOfPage\":{\"@id\":\"https:\/\/www.aivp.org\/es\/newsroom\/si-los-ninos-no-pueden-visitar-el-puerto-en-trieste-el-puerto-llega-hasta-sus-casas\/\"},\"wordCount\":864,\"publisher\":{\"@id\":\"https:\/\/www.aivp.org\/es\/#organization\"},\"image\":{\"@id\":\"https:\/\/www.aivp.org\/es\/newsroom\/si-los-ninos-no-pueden-visitar-el-puerto-en-trieste-el-puerto-llega-hasta-sus-casas\/#primaryimage\"},\"thumbnailUrl\":\"https:\/\/www.aivp.org\/wp-content\/uploads\/2021\/01\/presidentPortofTrieste_New-Website.jpg\",\"keywords\":[\"Italia\",\"Trieste\"],\"articleSection\":[\"Entrevistas\"],\"inLanguage\":\"es\"},{\"@type\":\"WebPage\",\"@id\":\"https:\/\/www.aivp.org\/es\/newsroom\/si-los-ninos-no-pueden-visitar-el-puerto-en-trieste-el-puerto-llega-hasta-sus-casas\/\",\"url\":\"https:\/\/www.aivp.org\/es\/newsroom\/si-los-ninos-no-pueden-visitar-el-puerto-en-trieste-el-puerto-llega-hasta-sus-casas\/\",\"name\":\"\u00a1Si los ni\u00f1os no pueden visitar el puerto en Trieste, el puerto llega hasta sus casas! - AIVP\",\"isPartOf\":{\"@id\":\"https:\/\/www.aivp.org\/es\/#website\"},\"primaryImageOfPage\":{\"@id\":\"https:\/\/www.aivp.org\/es\/newsroom\/si-los-ninos-no-pueden-visitar-el-puerto-en-trieste-el-puerto-llega-hasta-sus-casas\/#primaryimage\"},\"image\":{\"@id\":\"https:\/\/www.aivp.org\/es\/newsroom\/si-los-ninos-no-pueden-visitar-el-puerto-en-trieste-el-puerto-llega-hasta-sus-casas\/#primaryimage\"},\"thumbnailUrl\":\"https:\/\/www.aivp.org\/wp-content\/uploads\/2021\/01\/presidentPortofTrieste_New-Website.jpg\",\"datePublished\":\"2020-05-13T11:58:00+00:00\",\"dateModified\":\"2021-02-18T09:00:59+00:00\",\"breadcrumb\":{\"@id\":\"https:\/\/www.aivp.org\/es\/newsroom\/si-los-ninos-no-pueden-visitar-el-puerto-en-trieste-el-puerto-llega-hasta-sus-casas\/#breadcrumb\"},\"inLanguage\":\"es\",\"potentialAction\":[{\"@type\":\"ReadAction\",\"target\":[\"https:\/\/www.aivp.org\/es\/newsroom\/si-los-ninos-no-pueden-visitar-el-puerto-en-trieste-el-puerto-llega-hasta-sus-casas\/\"]}]},{\"@type\":\"ImageObject\",\"inLanguage\":\"es\",\"@id\":\"https:\/\/www.aivp.org\/es\/newsroom\/si-los-ninos-no-pueden-visitar-el-puerto-en-trieste-el-puerto-llega-hasta-sus-casas\/#primaryimage\",\"url\":\"https:\/\/www.aivp.org\/wp-content\/uploads\/2021\/01\/presidentPortofTrieste_New-Website.jpg\",\"contentUrl\":\"https:\/\/www.aivp.org\/wp-content\/uploads\/2021\/01\/presidentPortofTrieste_New-Website.jpg\",\"width\":1024,\"height\":576,\"caption\":\"President of the Port of Trieste\"},{\"@type\":\"BreadcrumbList\",\"@id\":\"https:\/\/www.aivp.org\/es\/newsroom\/si-los-ninos-no-pueden-visitar-el-puerto-en-trieste-el-puerto-llega-hasta-sus-casas\/#breadcrumb\",\"itemListElement\":[{\"@type\":\"ListItem\",\"position\":1,\"name\":\"Home\",\"item\":\"https:\/\/www.aivp.org\/es\/\"},{\"@type\":\"ListItem\",\"position\":2,\"name\":\"\u00a1Si los ni\u00f1os no pueden visitar el puerto en Trieste, el puerto llega hasta sus casas!\"}]},{\"@type\":\"WebSite\",\"@id\":\"https:\/\/www.aivp.org\/es\/#website\",\"url\":\"https:\/\/www.aivp.org\/es\/\",\"name\":\"AIVP\",\"description\":\"Inspiring people of port cities\",\"publisher\":{\"@id\":\"https:\/\/www.aivp.org\/es\/#organization\"},\"potentialAction\":[{\"@type\":\"SearchAction\",\"target\":{\"@type\":\"EntryPoint\",\"urlTemplate\":\"https:\/\/www.aivp.org\/es\/?s={search_term_string}\"},\"query-input\":{\"@type\":\"PropertyValueSpecification\",\"valueRequired\":true,\"valueName\":\"search_term_string\"}}],\"inLanguage\":\"es\"},{\"@type\":\"Organization\",\"@id\":\"https:\/\/www.aivp.org\/es\/#organization\",\"name\":\"AIVP\",\"url\":\"https:\/\/www.aivp.org\/es\/\",\"logo\":{\"@type\":\"ImageObject\",\"inLanguage\":\"es\",\"@id\":\"https:\/\/www.aivp.org\/es\/#\/schema\/logo\/image\/\",\"url\":\"https:\/\/www.aivp.org\/wp-content\/uploads\/2020\/07\/cropped-favicon.png\",\"contentUrl\":\"https:\/\/www.aivp.org\/wp-content\/uploads\/2020\/07\/cropped-favicon.png\",\"width\":512,\"height\":512,\"caption\":\"AIVP\"},\"image\":{\"@id\":\"https:\/\/www.aivp.org\/es\/#\/schema\/logo\/image\/\"}},{\"@type\":\"Person\",\"@id\":\"https:\/\/www.aivp.org\/es\/#\/schema\/person\/905e0ce025d136d3d3c6b5a51b9c3498\",\"name\":\"Jos\u00e9 SANCHEZ\",\"image\":{\"@type\":\"ImageObject\",\"inLanguage\":\"es\",\"@id\":\"https:\/\/www.aivp.org\/es\/#\/schema\/person\/image\/\",\"url\":\"https:\/\/secure.gravatar.com\/avatar\/8d2eff7ef0ec4c75bd676545f78010c5?s=96&d=mm&r=g\",\"contentUrl\":\"https:\/\/secure.gravatar.com\/avatar\/8d2eff7ef0ec4c75bd676545f78010c5?s=96&d=mm&r=g\",\"caption\":\"Jos\u00e9 SANCHEZ\"},\"sameAs\":[\"http:\/\/hdelepouve@aivp.org\"],\"url\":\"https:\/\/www.aivp.org\/es\/newsroom\/author\/jsanchezaivp-org\/\"}]}<\/script>\n<!-- \/ Yoast SEO plugin. -->","yoast_head_json":{"title":"\u00a1Si los ni\u00f1os no pueden visitar el puerto en Trieste, el puerto llega hasta sus casas! - AIVP","robots":{"index":"index","follow":"follow","max-snippet":"max-snippet:-1","max-image-preview":"max-image-preview:large","max-video-preview":"max-video-preview:-1"},"canonical":"https:\/\/www.aivp.org\/es\/newsroom\/si-los-ninos-no-pueden-visitar-el-puerto-en-trieste-el-puerto-llega-hasta-sus-casas\/","og_locale":"es_ES","og_type":"article","og_title":"\u00a1Si los ni\u00f1os no pueden visitar el puerto en Trieste, el puerto llega hasta sus casas! - AIVP","og_description":"La\u00a0Autorit\u00e0 di Sistema Portuale del Mare Adriatico Orientale, es miembro activo de AIVP desde 2016 [&hellip;]","og_url":"https:\/\/www.aivp.org\/es\/newsroom\/si-los-ninos-no-pueden-visitar-el-puerto-en-trieste-el-puerto-llega-hasta-sus-casas\/","og_site_name":"AIVP","article_published_time":"2020-05-13T11:58:00+00:00","article_modified_time":"2021-02-18T09:00:59+00:00","og_image":[{"width":1024,"height":576,"url":"https:\/\/www.aivp.org\/wp-content\/uploads\/2021\/01\/presidentPortofTrieste_New-Website.jpg","type":"image\/jpeg"}],"author":"Jos\u00e9 SANCHEZ","twitter_card":"summary_large_image","twitter_misc":{"Escrito por":"Jos\u00e9 SANCHEZ","Tiempo de lectura":"5 minutos"},"schema":{"@context":"https:\/\/schema.org","@graph":[{"@type":"Article","@id":"https:\/\/www.aivp.org\/es\/newsroom\/si-los-ninos-no-pueden-visitar-el-puerto-en-trieste-el-puerto-llega-hasta-sus-casas\/#article","isPartOf":{"@id":"https:\/\/www.aivp.org\/es\/newsroom\/si-los-ninos-no-pueden-visitar-el-puerto-en-trieste-el-puerto-llega-hasta-sus-casas\/"},"author":{"name":"Jos\u00e9 SANCHEZ","@id":"https:\/\/www.aivp.org\/es\/#\/schema\/person\/905e0ce025d136d3d3c6b5a51b9c3498"},"headline":"\u00a1Si los ni\u00f1os no pueden visitar el puerto en Trieste, el puerto llega hasta sus casas!","datePublished":"2020-05-13T11:58:00+00:00","dateModified":"2021-02-18T09:00:59+00:00","mainEntityOfPage":{"@id":"https:\/\/www.aivp.org\/es\/newsroom\/si-los-ninos-no-pueden-visitar-el-puerto-en-trieste-el-puerto-llega-hasta-sus-casas\/"},"wordCount":864,"publisher":{"@id":"https:\/\/www.aivp.org\/es\/#organization"},"image":{"@id":"https:\/\/www.aivp.org\/es\/newsroom\/si-los-ninos-no-pueden-visitar-el-puerto-en-trieste-el-puerto-llega-hasta-sus-casas\/#primaryimage"},"thumbnailUrl":"https:\/\/www.aivp.org\/wp-content\/uploads\/2021\/01\/presidentPortofTrieste_New-Website.jpg","keywords":["Italia","Trieste"],"articleSection":["Entrevistas"],"inLanguage":"es"},{"@type":"WebPage","@id":"https:\/\/www.aivp.org\/es\/newsroom\/si-los-ninos-no-pueden-visitar-el-puerto-en-trieste-el-puerto-llega-hasta-sus-casas\/","url":"https:\/\/www.aivp.org\/es\/newsroom\/si-los-ninos-no-pueden-visitar-el-puerto-en-trieste-el-puerto-llega-hasta-sus-casas\/","name":"\u00a1Si los ni\u00f1os no pueden visitar el puerto en Trieste, el puerto llega hasta sus casas! - AIVP","isPartOf":{"@id":"https:\/\/www.aivp.org\/es\/#website"},"primaryImageOfPage":{"@id":"https:\/\/www.aivp.org\/es\/newsroom\/si-los-ninos-no-pueden-visitar-el-puerto-en-trieste-el-puerto-llega-hasta-sus-casas\/#primaryimage"},"image":{"@id":"https:\/\/www.aivp.org\/es\/newsroom\/si-los-ninos-no-pueden-visitar-el-puerto-en-trieste-el-puerto-llega-hasta-sus-casas\/#primaryimage"},"thumbnailUrl":"https:\/\/www.aivp.org\/wp-content\/uploads\/2021\/01\/presidentPortofTrieste_New-Website.jpg","datePublished":"2020-05-13T11:58:00+00:00","dateModified":"2021-02-18T09:00:59+00:00","breadcrumb":{"@id":"https:\/\/www.aivp.org\/es\/newsroom\/si-los-ninos-no-pueden-visitar-el-puerto-en-trieste-el-puerto-llega-hasta-sus-casas\/#breadcrumb"},"inLanguage":"es","potentialAction":[{"@type":"ReadAction","target":["https:\/\/www.aivp.org\/es\/newsroom\/si-los-ninos-no-pueden-visitar-el-puerto-en-trieste-el-puerto-llega-hasta-sus-casas\/"]}]},{"@type":"ImageObject","inLanguage":"es","@id":"https:\/\/www.aivp.org\/es\/newsroom\/si-los-ninos-no-pueden-visitar-el-puerto-en-trieste-el-puerto-llega-hasta-sus-casas\/#primaryimage","url":"https:\/\/www.aivp.org\/wp-content\/uploads\/2021\/01\/presidentPortofTrieste_New-Website.jpg","contentUrl":"https:\/\/www.aivp.org\/wp-content\/uploads\/2021\/01\/presidentPortofTrieste_New-Website.jpg","width":1024,"height":576,"caption":"President of the Port of Trieste"},{"@type":"BreadcrumbList","@id":"https:\/\/www.aivp.org\/es\/newsroom\/si-los-ninos-no-pueden-visitar-el-puerto-en-trieste-el-puerto-llega-hasta-sus-casas\/#breadcrumb","itemListElement":[{"@type":"ListItem","position":1,"name":"Home","item":"https:\/\/www.aivp.org\/es\/"},{"@type":"ListItem","position":2,"name":"\u00a1Si los ni\u00f1os no pueden visitar el puerto en Trieste, el puerto llega hasta sus casas!"}]},{"@type":"WebSite","@id":"https:\/\/www.aivp.org\/es\/#website","url":"https:\/\/www.aivp.org\/es\/","name":"AIVP","description":"Inspiring people of port cities","publisher":{"@id":"https:\/\/www.aivp.org\/es\/#organization"},"potentialAction":[{"@type":"SearchAction","target":{"@type":"EntryPoint","urlTemplate":"https:\/\/www.aivp.org\/es\/?s={search_term_string}"},"query-input":{"@type":"PropertyValueSpecification","valueRequired":true,"valueName":"search_term_string"}}],"inLanguage":"es"},{"@type":"Organization","@id":"https:\/\/www.aivp.org\/es\/#organization","name":"AIVP","url":"https:\/\/www.aivp.org\/es\/","logo":{"@type":"ImageObject","inLanguage":"es","@id":"https:\/\/www.aivp.org\/es\/#\/schema\/logo\/image\/","url":"https:\/\/www.aivp.org\/wp-content\/uploads\/2020\/07\/cropped-favicon.png","contentUrl":"https:\/\/www.aivp.org\/wp-content\/uploads\/2020\/07\/cropped-favicon.png","width":512,"height":512,"caption":"AIVP"},"image":{"@id":"https:\/\/www.aivp.org\/es\/#\/schema\/logo\/image\/"}},{"@type":"Person","@id":"https:\/\/www.aivp.org\/es\/#\/schema\/person\/905e0ce025d136d3d3c6b5a51b9c3498","name":"Jos\u00e9 SANCHEZ","image":{"@type":"ImageObject","inLanguage":"es","@id":"https:\/\/www.aivp.org\/es\/#\/schema\/person\/image\/","url":"https:\/\/secure.gravatar.com\/avatar\/8d2eff7ef0ec4c75bd676545f78010c5?s=96&d=mm&r=g","contentUrl":"https:\/\/secure.gravatar.com\/avatar\/8d2eff7ef0ec4c75bd676545f78010c5?s=96&d=mm&r=g","caption":"Jos\u00e9 SANCHEZ"},"sameAs":["http:\/\/hdelepouve@aivp.org"],"url":"https:\/\/www.aivp.org\/es\/newsroom\/author\/jsanchezaivp-org\/"}]}},"featured_image_url":"https:\/\/www.aivp.org\/wp-content\/uploads\/2021\/01\/presidentPortofTrieste_New-Website.jpg","_links":{"self":[{"href":"https:\/\/www.aivp.org\/es\/wp-json\/wp\/v2\/posts\/27022","targetHints":{"allow":["GET"]}}],"collection":[{"href":"https:\/\/www.aivp.org\/es\/wp-json\/wp\/v2\/posts"}],"about":[{"href":"https:\/\/www.aivp.org\/es\/wp-json\/wp\/v2\/types\/post"}],"author":[{"embeddable":true,"href":"https:\/\/www.aivp.org\/es\/wp-json\/wp\/v2\/users\/14"}],"replies":[{"embeddable":true,"href":"https:\/\/www.aivp.org\/es\/wp-json\/wp\/v2\/comments?post=27022"}],"version-history":[{"count":0,"href":"https:\/\/www.aivp.org\/es\/wp-json\/wp\/v2\/posts\/27022\/revisions"}],"wp:featuredmedia":[{"embeddable":true,"href":"https:\/\/www.aivp.org\/es\/wp-json\/wp\/v2\/media\/38173"}],"wp:attachment":[{"href":"https:\/\/www.aivp.org\/es\/wp-json\/wp\/v2\/media?parent=27022"}],"wp:term":[{"taxonomy":"category","embeddable":true,"href":"https:\/\/www.aivp.org\/es\/wp-json\/wp\/v2\/categories?post=27022"},{"taxonomy":"post_tag","embeddable":true,"href":"https:\/\/www.aivp.org\/es\/wp-json\/wp\/v2\/tags?post=27022"},{"taxonomy":"goal","embeddable":true,"href":"https:\/\/www.aivp.org\/es\/wp-json\/wp\/v2\/goal?post=27022"}],"curies":[{"name":"wp","href":"https:\/\/api.w.org\/{rel}","templated":true}]}}