{"id":27034,"date":"2020-06-15T13:58:00","date_gmt":"2020-06-15T11:58:00","guid":{"rendered":"https:\/\/www.aivp.org\/newsroom\/north-sea-port-cooperacion-transfronteriza-para-enfrentarse-a-la-pandemia\/"},"modified":"2021-02-24T16:58:29","modified_gmt":"2021-02-24T15:58:29","slug":"north-sea-port-cooperacion-transfronteriza-para-enfrentarse-a-la-pandemia","status":"publish","type":"post","link":"https:\/\/www.aivp.org\/es\/newsroom\/north-sea-port-cooperacion-transfronteriza-para-enfrentarse-a-la-pandemia\/","title":{"rendered":"North Sea Port: cooperaci\u00f3n transfronteriza para enfrentarse a la pandemia"},"content":{"rendered":"<p><strong>Creado el 1 de Enero de 2018, la autoridad portuaria de North Sea Port tiene bajo su responsabilidad los puertos de Zeeland (Pa\u00edses Bajos) y Gante (B\u00e9lgica). Como autoridad transfronteriza, sus deberes eran importantes contra el Covid19 que se estaba extendiendo de pa\u00eds en pa\u00eds. North Sea Port ha abordado este desaf\u00edo, conservando el v\u00ednculo con los ciudadanos y manteniendo sus proyectos de desarrollo sostenible.<\/strong><\/p>\n<p><em>El&nbsp;<a href=\"https:\/\/en.northseaport.com\/\" target=\"_blank\" rel=\"noopener\"><strong>North Sea Port<\/strong><\/a>, es un miembro activo de AIVP desde 2018.<\/em><\/p>\n<p><em><strong><a href=\"https:\/\/www.aivp.org\/wp-content\/uploads\/2020\/06\/Picture-CEO-North-Sea-Port-Dan-Schalck_Small.jpg\" target=\"_blank\" rel=\"attachment noopener wp-att-22896\"><img loading=\"lazy\" decoding=\"async\" class=\"alignleft wp-image-22896\" src=\"https:\/\/www.aivp.org\/wp-content\/uploads\/2020\/06\/Picture-CEO-North-Sea-Port-Dan-Schalck_Small-700x831.jpg\" alt=\"\" width=\"400\" height=\"475\"><\/a><span style=\"color: #800080;\">AIVP &#8211;<\/span> En su lucha contra la propagaci\u00f3n de la COVID-19, North Sea Port implement\u00f3 diversas medidas de seguridad y restricciones como aquellas aplicadas a los cruceros. Como una de las empresas importantes en su regi\u00f3n, North Sea Port puso en marcha una serie de iniciativas para ayudar a su comunidad en el combate de la pandemia. \u00bfPodr\u00eda ofrecernos informaci\u00f3n acerca de c\u00f3mo contribuye la autoridad portuaria en esta lucha contra el virus?<\/strong><\/em><\/p>\n<p><strong>Daan Schalck \u2013 Gerente General de North Sea Port<\/strong> &#8211; Pese a la pandemia, tenemos un compromiso con la mantenci\u00f3n de la cadena de suministros. En cuanto a responsabilidad social, North Sea Port puso a disposici\u00f3n 100 nuevas bicicletas para los trabajadores portuarios durante la crisis de la COVID-19 con la cooperaci\u00f3n del Ayuntamiento de Gante. Esta iniciativa ilustra una positiva colaboraci\u00f3n entre la Ciudad y el Puerto.<\/p>\n<p>Por otro lado, hay un equipo de trabajo que se centra espec\u00edficamente en los aspectos operativos y econ\u00f3micos del puerto y en proteger el suministro de materias primas, bienes, alimentos y equipos sanitarios. Con este fin, mantenemos un estrecho contacto con empresas proveedoras de servicios y con las autoridades p\u00fablicas. Se han alcanzado acuerdos con los servicios nacionales de salud GGD (Pa\u00edses Bajos) y Saniport (B\u00e9lgica).<\/p>\n<p><em><strong><span style=\"color: #800080;\">AIVP &#8211;<\/span> North Sea Port public\u00f3 en sus cuentas de medios sociales una serie de videos, y adem\u00e1s convoc\u00f3 a un concurso de fotograf\u00eda abierto a los ciudadanos. Estas iniciativas de multimedios demuestran c\u00f3mo se preocupa la autoridad portuaria por una mejor relaci\u00f3n entre el puerto y la ciudadan\u00eda, pese a las dif\u00edciles circunstancias ocasionadas por la COVID-19. \u00bfPodr\u00eda hablarnos de c\u00f3mo se las arreglan para mantener el v\u00ednculo con los ciudadanos y mantener el acceso a la cultura de la ciudad portuaria?<\/strong><\/em><\/p>\n<p><img loading=\"lazy\" decoding=\"async\" class=\"alignleft wp-image-22899\" src=\"https:\/\/www.aivp.org\/wp-content\/uploads\/2020\/06\/Picture-TV-documentary-Onze-Haven-700x369.jpg\" alt=\"\" width=\"400\" height=\"211\"><\/p>\n<p><strong>Daan Schalck \u2013 Gerente General de North Sea Port<\/strong> &#8211; En realidad, lanzamos una serie de videos a la que llamamos: \u201cOnze Haven\u201d<\/p>\n<p>(Nuestro Puerto), en donde se explica a los espectadores de qu\u00e9 se ha tratado la funci\u00f3n del puerto durante la crisis y muestra el trabajo diario de la comunidad del puerto. Estos videos se han transmitido a trav\u00e9s de los canales de televisi\u00f3n regionales AVS (provincia de Flandes Oriental; B\u00e9lgica) y Omroep Zeeland (provincia de Zelanda, Pa\u00edses Bajos) los d\u00edas mi\u00e9rcoles cada dos semanas.<\/p>\n<p>Adem\u00e1s, est\u00e1 lo del concurso fotogr\u00e1fico iniciado por North Sea Port que usted mencion\u00f3, en donde los ciudadanos pueden presentar fotograf\u00edas del puerto. El ganador obtendr\u00e1 dos pasajes VIP para un viaje en crucero. Nuestro objetivo es poner de relieve las actividades del puerto y mostrar a la ciudadan\u00eda la funci\u00f3n esencial que tienen los trabajadores portuarios.<\/p>\n<p>Por este motivo, compartimos retratos de trabajadores portuarios en nuestras cuentas de medio sociales (especialmente en Facebook : <a href=\"https:\/\/www.facebook.com\/NorthSeaPort\/\" target=\"_blank\" rel=\"noopener\">https:\/\/www.facebook.com\/NorthSeaPort\/<\/a>). Adem\u00e1s, retratamos a los trabajadores de empresas con sede en la esfera del puerto.<\/p>\n<p>Lamentablemente, a causa de la situaci\u00f3n sanitaria, las visitas guiadas en autob\u00fas por nuestro puerto y Casa portuaria (Havenhuis) est\u00e1n suspendidas hasta el 1 de noviembre. Pero apenas vuelvan a iniciarse, la Casa portuaria volver\u00e1 a proponer exposiciones y actividades para informar acerca de la actual identidad del puerto.<\/p>\n<p>La Informaci\u00f3n sobre nuestras actividades se encuentra disponible en nuestro sitio&nbsp;<a href=\"https:\/\/en.northseaport.com\/visit-the-port\" target=\"_blank\" rel=\"noopener\"><span style=\"text-decoration: underline; color: #0000ff;\">web<\/span><\/a><span style=\"text-decoration: underline; color: #0000ff;\">.<\/span><\/p>\n<p><em><strong><span style=\"color: #800080;\">AIVP &#8211;<\/span> North Sea Port es el quinto puerto del \u00abNorthern Range\u00bb, y su importancia econ\u00f3mica es vital para la econom\u00eda local, ya que se calcula que el puerto genera un valor a\u00f1adido en torno a los 14 mil millones de euros. Si nos basamos en que se trata de una regi\u00f3n transfronteriza, North Sea Port puede desempe\u00f1ar una funci\u00f3n esencial en la resiliencia ante el impacto social de la crisis. \u00bfPuede ofrecernos m\u00e1s informaci\u00f3n acerca de la actividad solidaria que puedan haber iniciado en apoyo de la comunidad local?<\/strong><\/em><\/p>\n<p><strong>Daan Schalck \u2013 Gerente General de North Sea Port<\/strong> &#8211; Nuestro puerto ofrece ayuda financiera a los arrendatarios (arriendos en Zelanda o concesiones en Gante) que puedan estar pasando por una situaci\u00f3n dif\u00edcil. Lamentablemente no podemos entregar m\u00e1s informaci\u00f3n sobre la ayuda financiera.<\/p>\n<p>Nuestro puerto se centra en su actividad primordial. Esto quiere decir que trabajamos para mantener operativos tanto nuestro puerto como las actividades portuarias. Nos propusimos prevenir las dificultades que puedan afectar a los trabajadores. Entre estas, est\u00e1 el cruce de las fronteras. Debido a que nuestras fronteras se cerraron durante la crisis, aplicamos un distintivo a los trabajadores que se desempe\u00f1an en funciones vitales o cuyos trabajos son cruciales.<\/p>\n<figure id=\"attachment_22905\" aria-describedby=\"caption-attachment-22905\" style=\"width: 1000px\" class=\"wp-caption aligncenter\"><a href=\"https:\/\/www.aivp.org\/wp-content\/uploads\/2020\/06\/Picture-North-Sea-Port-2.jpg\" target=\"_blank\" rel=\"attachment noopener wp-att-22905\"><img loading=\"lazy\" decoding=\"async\" class=\"wp-image-22905\" src=\"https:\/\/www.aivp.org\/wp-content\/uploads\/2020\/06\/Picture-North-Sea-Port-2.jpg\" alt=\"\" width=\"1000\" height=\"200\"><\/a><figcaption id=\"caption-attachment-22905\" class=\"wp-caption-text\"><em>\u00a9 North Sea Port<\/em><\/figcaption><\/figure>\n<p><strong><em><span style=\"color: #800080;\">AIVP &#8211;<\/span> Las cadenas de suministro de muchas ciudades de los Pa\u00edses Bajos, de B\u00e9lgica y de Alemania dependen del tr\u00e1fico de North Sea Port, por lo que este estar\u00e1 en el centro de los pr\u00f3ximos planes de recuperaci\u00f3n econ\u00f3mica. Sigue siendo necesario, sin embargo, que las ciudades portuarias aborden el asunto del cambio clim\u00e1tico, que es uno de los desaf\u00edos m\u00e1s importantes que deber\u00e1n enfrentar despu\u00e9s de la COVID-19. \u00bfCu\u00e1les son sus planes con respecto a conciliar la recuperaci\u00f3n econ\u00f3mica con los objetivos de desarrollo sostenible?<\/em><\/strong><\/p>\n<p><strong>Daan Schalck \u2013 Gerente General de North Sea Port<\/strong> &#8211; Tenemos el prop\u00f3sito de seguir desarrollando el puerto en forma sostenible. Es por esto que elaboramos un plan al que llamamos Sustainability Ambition 2030 (Ambici\u00f3n de sostenibilidad para 2030).<\/p>\n<p>En su calidad de puerto log\u00edstico e industrial, North Sea Port tambi\u00e9n es una fuente de emisiones de CO2. Estas emisiones se asocian a las actividades productivas. Pero deseamos lograr que las actividades portuarias dependan menos de los combustibles f\u00f3siles, y que, antes del a\u00f1o 2022, apunten a funcionar con un m\u00ednimo de un 30 % de energ\u00edas renovables en nuestra combinaci\u00f3n de producci\u00f3n energ\u00e9tica. Ya existe un centenar de turbinas e\u00f3licas en la zona del puerto, las que suministran el equivalente energ\u00e9tico de un a\u00f1o a una cantidad no inferior a 180 mil hogares.<\/p>\n<p>Tambi\u00e9n contamos con que las empresas apliquen \u00abtecnolog\u00edas limpias\u00bb en sus procesos empresariales, y que intenten el intercambio de los flujos residuales con otros usuarios del puerto. Este es el caso de la reutilizaci\u00f3n del CO2 producido por nuestras industrias, que se destina a horticultores y a la producci\u00f3n de alimentos. La econom\u00eda circular es un sistema clave y ofrece soluciones innovadoras. Nuestra iniciativa de crear una agrupaci\u00f3n de tecnolog\u00edas limpias (Cleantech Cluster) en la regi\u00f3n de Gante tambi\u00e9n encaja en este esp\u00edritu.<\/p>\n<p>Por \u00faltimo, promovemos un transporte de mercanc\u00edas m\u00e1s sostenible y nos hemos propuesto poner en marcha ambiciosos proyectos en colaboraci\u00f3n con otros interesados, como, por ejemplo, una serie de estudios iniciada en colaboraci\u00f3n con el Ayuntamiento de Gante, la Universidad de Gante, y la Provincia de Flandes Oriental.<\/p>\n<figure id=\"attachment_22902\" aria-describedby=\"caption-attachment-22902\" style=\"width: 1000px\" class=\"wp-caption aligncenter\"><a href=\"https:\/\/www.aivp.org\/wp-content\/uploads\/2020\/06\/Picture-North-Sea-Port-3.jpg\" target=\"_blank\" rel=\"attachment noopener wp-att-22902\"><img loading=\"lazy\" decoding=\"async\" class=\"wp-image-22902\" src=\"https:\/\/www.aivp.org\/wp-content\/uploads\/2020\/06\/Picture-North-Sea-Port-3.jpg\" alt=\"\" width=\"1000\" height=\"200\"><\/a><figcaption id=\"caption-attachment-22902\" class=\"wp-caption-text\"><em>\u00a9 North Sea Port<\/em><\/figcaption><\/figure>\n","protected":false},"excerpt":{"rendered":"<p>Creado el 1 de Enero de 2018, la autoridad portuaria de North Sea Port tiene [&hellip;]<\/p>\n","protected":false},"author":14,"featured_media":42303,"comment_status":"closed","ping_status":"closed","sticky":false,"template":"","format":"standard","meta":{"_acf_changed":false,"footnotes":""},"categories":[1952],"tags":[270],"goal":[2134],"class_list":["post-27034","post","type-post","status-publish","format-standard","has-post-thumbnail","hentry","category-entrevistas","tag-paises-bajos","goal-salud-y-calidad-de-vida"],"acf":[],"yoast_head":"<!-- This site is optimized with the Yoast SEO plugin v26.8 - https:\/\/yoast.com\/product\/yoast-seo-wordpress\/ -->\n<title>North Sea Port: cooperaci\u00f3n transfronteriza para enfrentarse a la pandemia - AIVP<\/title>\n<meta name=\"robots\" content=\"index, follow, max-snippet:-1, max-image-preview:large, max-video-preview:-1\" \/>\n<link rel=\"canonical\" href=\"https:\/\/www.aivp.org\/es\/newsroom\/north-sea-port-cooperacion-transfronteriza-para-enfrentarse-a-la-pandemia\/\" \/>\n<meta property=\"og:locale\" content=\"es_ES\" \/>\n<meta property=\"og:type\" content=\"article\" \/>\n<meta property=\"og:title\" content=\"North Sea Port: cooperaci\u00f3n transfronteriza para enfrentarse a la pandemia - AIVP\" \/>\n<meta property=\"og:description\" content=\"Creado el 1 de Enero de 2018, la autoridad portuaria de North Sea Port tiene [&hellip;]\" \/>\n<meta property=\"og:url\" content=\"https:\/\/www.aivp.org\/es\/newsroom\/north-sea-port-cooperacion-transfronteriza-para-enfrentarse-a-la-pandemia\/\" \/>\n<meta property=\"og:site_name\" content=\"AIVP\" \/>\n<meta property=\"article:published_time\" content=\"2020-06-15T11:58:00+00:00\" \/>\n<meta property=\"article:modified_time\" content=\"2021-02-24T15:58:29+00:00\" \/>\n<meta property=\"og:image\" content=\"https:\/\/www.aivp.org\/wp-content\/uploads\/2020\/06\/Picture-CEO-North-Sea-Port-Dan-Schalck_Small-700x831-1.jpg\" \/>\n\t<meta property=\"og:image:width\" content=\"700\" \/>\n\t<meta property=\"og:image:height\" content=\"831\" \/>\n\t<meta property=\"og:image:type\" content=\"image\/jpeg\" \/>\n<meta name=\"author\" content=\"Jos\u00e9 SANCHEZ\" \/>\n<meta name=\"twitter:card\" content=\"summary_large_image\" \/>\n<meta name=\"twitter:label1\" content=\"Escrito por\" \/>\n\t<meta name=\"twitter:data1\" content=\"Jos\u00e9 SANCHEZ\" \/>\n\t<meta name=\"twitter:label2\" content=\"Tiempo de lectura\" \/>\n\t<meta name=\"twitter:data2\" content=\"6 minutos\" \/>\n<script type=\"application\/ld+json\" class=\"yoast-schema-graph\">{\"@context\":\"https:\/\/schema.org\",\"@graph\":[{\"@type\":\"Article\",\"@id\":\"https:\/\/www.aivp.org\/es\/newsroom\/north-sea-port-cooperacion-transfronteriza-para-enfrentarse-a-la-pandemia\/#article\",\"isPartOf\":{\"@id\":\"https:\/\/www.aivp.org\/es\/newsroom\/north-sea-port-cooperacion-transfronteriza-para-enfrentarse-a-la-pandemia\/\"},\"author\":{\"name\":\"Jos\u00e9 SANCHEZ\",\"@id\":\"https:\/\/www.aivp.org\/es\/#\/schema\/person\/905e0ce025d136d3d3c6b5a51b9c3498\"},\"headline\":\"North Sea Port: cooperaci\u00f3n transfronteriza para enfrentarse a la pandemia\",\"datePublished\":\"2020-06-15T11:58:00+00:00\",\"dateModified\":\"2021-02-24T15:58:29+00:00\",\"mainEntityOfPage\":{\"@id\":\"https:\/\/www.aivp.org\/es\/newsroom\/north-sea-port-cooperacion-transfronteriza-para-enfrentarse-a-la-pandemia\/\"},\"wordCount\":1280,\"publisher\":{\"@id\":\"https:\/\/www.aivp.org\/es\/#organization\"},\"image\":{\"@id\":\"https:\/\/www.aivp.org\/es\/newsroom\/north-sea-port-cooperacion-transfronteriza-para-enfrentarse-a-la-pandemia\/#primaryimage\"},\"thumbnailUrl\":\"https:\/\/www.aivp.org\/wp-content\/uploads\/2020\/06\/Picture-CEO-North-Sea-Port-Dan-Schalck_Small-700x831-1.jpg\",\"keywords\":[\"Pa\u00edses Bajos\"],\"articleSection\":[\"Entrevistas\"],\"inLanguage\":\"es\"},{\"@type\":\"WebPage\",\"@id\":\"https:\/\/www.aivp.org\/es\/newsroom\/north-sea-port-cooperacion-transfronteriza-para-enfrentarse-a-la-pandemia\/\",\"url\":\"https:\/\/www.aivp.org\/es\/newsroom\/north-sea-port-cooperacion-transfronteriza-para-enfrentarse-a-la-pandemia\/\",\"name\":\"North Sea Port: cooperaci\u00f3n transfronteriza para enfrentarse a la pandemia - AIVP\",\"isPartOf\":{\"@id\":\"https:\/\/www.aivp.org\/es\/#website\"},\"primaryImageOfPage\":{\"@id\":\"https:\/\/www.aivp.org\/es\/newsroom\/north-sea-port-cooperacion-transfronteriza-para-enfrentarse-a-la-pandemia\/#primaryimage\"},\"image\":{\"@id\":\"https:\/\/www.aivp.org\/es\/newsroom\/north-sea-port-cooperacion-transfronteriza-para-enfrentarse-a-la-pandemia\/#primaryimage\"},\"thumbnailUrl\":\"https:\/\/www.aivp.org\/wp-content\/uploads\/2020\/06\/Picture-CEO-North-Sea-Port-Dan-Schalck_Small-700x831-1.jpg\",\"datePublished\":\"2020-06-15T11:58:00+00:00\",\"dateModified\":\"2021-02-24T15:58:29+00:00\",\"breadcrumb\":{\"@id\":\"https:\/\/www.aivp.org\/es\/newsroom\/north-sea-port-cooperacion-transfronteriza-para-enfrentarse-a-la-pandemia\/#breadcrumb\"},\"inLanguage\":\"es\",\"potentialAction\":[{\"@type\":\"ReadAction\",\"target\":[\"https:\/\/www.aivp.org\/es\/newsroom\/north-sea-port-cooperacion-transfronteriza-para-enfrentarse-a-la-pandemia\/\"]}]},{\"@type\":\"ImageObject\",\"inLanguage\":\"es\",\"@id\":\"https:\/\/www.aivp.org\/es\/newsroom\/north-sea-port-cooperacion-transfronteriza-para-enfrentarse-a-la-pandemia\/#primaryimage\",\"url\":\"https:\/\/www.aivp.org\/wp-content\/uploads\/2020\/06\/Picture-CEO-North-Sea-Port-Dan-Schalck_Small-700x831-1.jpg\",\"contentUrl\":\"https:\/\/www.aivp.org\/wp-content\/uploads\/2020\/06\/Picture-CEO-North-Sea-Port-Dan-Schalck_Small-700x831-1.jpg\",\"width\":700,\"height\":831},{\"@type\":\"BreadcrumbList\",\"@id\":\"https:\/\/www.aivp.org\/es\/newsroom\/north-sea-port-cooperacion-transfronteriza-para-enfrentarse-a-la-pandemia\/#breadcrumb\",\"itemListElement\":[{\"@type\":\"ListItem\",\"position\":1,\"name\":\"Home\",\"item\":\"https:\/\/www.aivp.org\/es\/\"},{\"@type\":\"ListItem\",\"position\":2,\"name\":\"North Sea Port: cooperaci\u00f3n transfronteriza para enfrentarse a la pandemia\"}]},{\"@type\":\"WebSite\",\"@id\":\"https:\/\/www.aivp.org\/es\/#website\",\"url\":\"https:\/\/www.aivp.org\/es\/\",\"name\":\"AIVP\",\"description\":\"Inspiring people of port cities\",\"publisher\":{\"@id\":\"https:\/\/www.aivp.org\/es\/#organization\"},\"potentialAction\":[{\"@type\":\"SearchAction\",\"target\":{\"@type\":\"EntryPoint\",\"urlTemplate\":\"https:\/\/www.aivp.org\/es\/?s={search_term_string}\"},\"query-input\":{\"@type\":\"PropertyValueSpecification\",\"valueRequired\":true,\"valueName\":\"search_term_string\"}}],\"inLanguage\":\"es\"},{\"@type\":\"Organization\",\"@id\":\"https:\/\/www.aivp.org\/es\/#organization\",\"name\":\"AIVP\",\"url\":\"https:\/\/www.aivp.org\/es\/\",\"logo\":{\"@type\":\"ImageObject\",\"inLanguage\":\"es\",\"@id\":\"https:\/\/www.aivp.org\/es\/#\/schema\/logo\/image\/\",\"url\":\"https:\/\/www.aivp.org\/wp-content\/uploads\/2020\/07\/cropped-favicon.png\",\"contentUrl\":\"https:\/\/www.aivp.org\/wp-content\/uploads\/2020\/07\/cropped-favicon.png\",\"width\":512,\"height\":512,\"caption\":\"AIVP\"},\"image\":{\"@id\":\"https:\/\/www.aivp.org\/es\/#\/schema\/logo\/image\/\"}},{\"@type\":\"Person\",\"@id\":\"https:\/\/www.aivp.org\/es\/#\/schema\/person\/905e0ce025d136d3d3c6b5a51b9c3498\",\"name\":\"Jos\u00e9 SANCHEZ\",\"image\":{\"@type\":\"ImageObject\",\"inLanguage\":\"es\",\"@id\":\"https:\/\/www.aivp.org\/es\/#\/schema\/person\/image\/\",\"url\":\"https:\/\/secure.gravatar.com\/avatar\/8d2eff7ef0ec4c75bd676545f78010c5?s=96&d=mm&r=g\",\"contentUrl\":\"https:\/\/secure.gravatar.com\/avatar\/8d2eff7ef0ec4c75bd676545f78010c5?s=96&d=mm&r=g\",\"caption\":\"Jos\u00e9 SANCHEZ\"},\"sameAs\":[\"http:\/\/hdelepouve@aivp.org\"],\"url\":\"https:\/\/www.aivp.org\/es\/newsroom\/author\/jsanchezaivp-org\/\"}]}<\/script>\n<!-- \/ Yoast SEO plugin. -->","yoast_head_json":{"title":"North Sea Port: cooperaci\u00f3n transfronteriza para enfrentarse a la pandemia - AIVP","robots":{"index":"index","follow":"follow","max-snippet":"max-snippet:-1","max-image-preview":"max-image-preview:large","max-video-preview":"max-video-preview:-1"},"canonical":"https:\/\/www.aivp.org\/es\/newsroom\/north-sea-port-cooperacion-transfronteriza-para-enfrentarse-a-la-pandemia\/","og_locale":"es_ES","og_type":"article","og_title":"North Sea Port: cooperaci\u00f3n transfronteriza para enfrentarse a la pandemia - AIVP","og_description":"Creado el 1 de Enero de 2018, la autoridad portuaria de North Sea Port tiene [&hellip;]","og_url":"https:\/\/www.aivp.org\/es\/newsroom\/north-sea-port-cooperacion-transfronteriza-para-enfrentarse-a-la-pandemia\/","og_site_name":"AIVP","article_published_time":"2020-06-15T11:58:00+00:00","article_modified_time":"2021-02-24T15:58:29+00:00","og_image":[{"width":700,"height":831,"url":"https:\/\/www.aivp.org\/wp-content\/uploads\/2020\/06\/Picture-CEO-North-Sea-Port-Dan-Schalck_Small-700x831-1.jpg","type":"image\/jpeg"}],"author":"Jos\u00e9 SANCHEZ","twitter_card":"summary_large_image","twitter_misc":{"Escrito por":"Jos\u00e9 SANCHEZ","Tiempo de lectura":"6 minutos"},"schema":{"@context":"https:\/\/schema.org","@graph":[{"@type":"Article","@id":"https:\/\/www.aivp.org\/es\/newsroom\/north-sea-port-cooperacion-transfronteriza-para-enfrentarse-a-la-pandemia\/#article","isPartOf":{"@id":"https:\/\/www.aivp.org\/es\/newsroom\/north-sea-port-cooperacion-transfronteriza-para-enfrentarse-a-la-pandemia\/"},"author":{"name":"Jos\u00e9 SANCHEZ","@id":"https:\/\/www.aivp.org\/es\/#\/schema\/person\/905e0ce025d136d3d3c6b5a51b9c3498"},"headline":"North Sea Port: cooperaci\u00f3n transfronteriza para enfrentarse a la pandemia","datePublished":"2020-06-15T11:58:00+00:00","dateModified":"2021-02-24T15:58:29+00:00","mainEntityOfPage":{"@id":"https:\/\/www.aivp.org\/es\/newsroom\/north-sea-port-cooperacion-transfronteriza-para-enfrentarse-a-la-pandemia\/"},"wordCount":1280,"publisher":{"@id":"https:\/\/www.aivp.org\/es\/#organization"},"image":{"@id":"https:\/\/www.aivp.org\/es\/newsroom\/north-sea-port-cooperacion-transfronteriza-para-enfrentarse-a-la-pandemia\/#primaryimage"},"thumbnailUrl":"https:\/\/www.aivp.org\/wp-content\/uploads\/2020\/06\/Picture-CEO-North-Sea-Port-Dan-Schalck_Small-700x831-1.jpg","keywords":["Pa\u00edses Bajos"],"articleSection":["Entrevistas"],"inLanguage":"es"},{"@type":"WebPage","@id":"https:\/\/www.aivp.org\/es\/newsroom\/north-sea-port-cooperacion-transfronteriza-para-enfrentarse-a-la-pandemia\/","url":"https:\/\/www.aivp.org\/es\/newsroom\/north-sea-port-cooperacion-transfronteriza-para-enfrentarse-a-la-pandemia\/","name":"North Sea Port: cooperaci\u00f3n transfronteriza para enfrentarse a la pandemia - AIVP","isPartOf":{"@id":"https:\/\/www.aivp.org\/es\/#website"},"primaryImageOfPage":{"@id":"https:\/\/www.aivp.org\/es\/newsroom\/north-sea-port-cooperacion-transfronteriza-para-enfrentarse-a-la-pandemia\/#primaryimage"},"image":{"@id":"https:\/\/www.aivp.org\/es\/newsroom\/north-sea-port-cooperacion-transfronteriza-para-enfrentarse-a-la-pandemia\/#primaryimage"},"thumbnailUrl":"https:\/\/www.aivp.org\/wp-content\/uploads\/2020\/06\/Picture-CEO-North-Sea-Port-Dan-Schalck_Small-700x831-1.jpg","datePublished":"2020-06-15T11:58:00+00:00","dateModified":"2021-02-24T15:58:29+00:00","breadcrumb":{"@id":"https:\/\/www.aivp.org\/es\/newsroom\/north-sea-port-cooperacion-transfronteriza-para-enfrentarse-a-la-pandemia\/#breadcrumb"},"inLanguage":"es","potentialAction":[{"@type":"ReadAction","target":["https:\/\/www.aivp.org\/es\/newsroom\/north-sea-port-cooperacion-transfronteriza-para-enfrentarse-a-la-pandemia\/"]}]},{"@type":"ImageObject","inLanguage":"es","@id":"https:\/\/www.aivp.org\/es\/newsroom\/north-sea-port-cooperacion-transfronteriza-para-enfrentarse-a-la-pandemia\/#primaryimage","url":"https:\/\/www.aivp.org\/wp-content\/uploads\/2020\/06\/Picture-CEO-North-Sea-Port-Dan-Schalck_Small-700x831-1.jpg","contentUrl":"https:\/\/www.aivp.org\/wp-content\/uploads\/2020\/06\/Picture-CEO-North-Sea-Port-Dan-Schalck_Small-700x831-1.jpg","width":700,"height":831},{"@type":"BreadcrumbList","@id":"https:\/\/www.aivp.org\/es\/newsroom\/north-sea-port-cooperacion-transfronteriza-para-enfrentarse-a-la-pandemia\/#breadcrumb","itemListElement":[{"@type":"ListItem","position":1,"name":"Home","item":"https:\/\/www.aivp.org\/es\/"},{"@type":"ListItem","position":2,"name":"North Sea Port: cooperaci\u00f3n transfronteriza para enfrentarse a la pandemia"}]},{"@type":"WebSite","@id":"https:\/\/www.aivp.org\/es\/#website","url":"https:\/\/www.aivp.org\/es\/","name":"AIVP","description":"Inspiring people of port cities","publisher":{"@id":"https:\/\/www.aivp.org\/es\/#organization"},"potentialAction":[{"@type":"SearchAction","target":{"@type":"EntryPoint","urlTemplate":"https:\/\/www.aivp.org\/es\/?s={search_term_string}"},"query-input":{"@type":"PropertyValueSpecification","valueRequired":true,"valueName":"search_term_string"}}],"inLanguage":"es"},{"@type":"Organization","@id":"https:\/\/www.aivp.org\/es\/#organization","name":"AIVP","url":"https:\/\/www.aivp.org\/es\/","logo":{"@type":"ImageObject","inLanguage":"es","@id":"https:\/\/www.aivp.org\/es\/#\/schema\/logo\/image\/","url":"https:\/\/www.aivp.org\/wp-content\/uploads\/2020\/07\/cropped-favicon.png","contentUrl":"https:\/\/www.aivp.org\/wp-content\/uploads\/2020\/07\/cropped-favicon.png","width":512,"height":512,"caption":"AIVP"},"image":{"@id":"https:\/\/www.aivp.org\/es\/#\/schema\/logo\/image\/"}},{"@type":"Person","@id":"https:\/\/www.aivp.org\/es\/#\/schema\/person\/905e0ce025d136d3d3c6b5a51b9c3498","name":"Jos\u00e9 SANCHEZ","image":{"@type":"ImageObject","inLanguage":"es","@id":"https:\/\/www.aivp.org\/es\/#\/schema\/person\/image\/","url":"https:\/\/secure.gravatar.com\/avatar\/8d2eff7ef0ec4c75bd676545f78010c5?s=96&d=mm&r=g","contentUrl":"https:\/\/secure.gravatar.com\/avatar\/8d2eff7ef0ec4c75bd676545f78010c5?s=96&d=mm&r=g","caption":"Jos\u00e9 SANCHEZ"},"sameAs":["http:\/\/hdelepouve@aivp.org"],"url":"https:\/\/www.aivp.org\/es\/newsroom\/author\/jsanchezaivp-org\/"}]}},"featured_image_url":"https:\/\/www.aivp.org\/wp-content\/uploads\/2020\/06\/Picture-CEO-North-Sea-Port-Dan-Schalck_Small-700x831-1.jpg","_links":{"self":[{"href":"https:\/\/www.aivp.org\/es\/wp-json\/wp\/v2\/posts\/27034","targetHints":{"allow":["GET"]}}],"collection":[{"href":"https:\/\/www.aivp.org\/es\/wp-json\/wp\/v2\/posts"}],"about":[{"href":"https:\/\/www.aivp.org\/es\/wp-json\/wp\/v2\/types\/post"}],"author":[{"embeddable":true,"href":"https:\/\/www.aivp.org\/es\/wp-json\/wp\/v2\/users\/14"}],"replies":[{"embeddable":true,"href":"https:\/\/www.aivp.org\/es\/wp-json\/wp\/v2\/comments?post=27034"}],"version-history":[{"count":0,"href":"https:\/\/www.aivp.org\/es\/wp-json\/wp\/v2\/posts\/27034\/revisions"}],"wp:featuredmedia":[{"embeddable":true,"href":"https:\/\/www.aivp.org\/es\/wp-json\/wp\/v2\/media\/42303"}],"wp:attachment":[{"href":"https:\/\/www.aivp.org\/es\/wp-json\/wp\/v2\/media?parent=27034"}],"wp:term":[{"taxonomy":"category","embeddable":true,"href":"https:\/\/www.aivp.org\/es\/wp-json\/wp\/v2\/categories?post=27034"},{"taxonomy":"post_tag","embeddable":true,"href":"https:\/\/www.aivp.org\/es\/wp-json\/wp\/v2\/tags?post=27034"},{"taxonomy":"goal","embeddable":true,"href":"https:\/\/www.aivp.org\/es\/wp-json\/wp\/v2\/goal?post=27034"}],"curies":[{"name":"wp","href":"https:\/\/api.w.org\/{rel}","templated":true}]}}