{"id":27046,"date":"2020-09-04T13:58:00","date_gmt":"2020-09-04T11:58:00","guid":{"rendered":"https:\/\/www.aivp.org\/newsroom\/muere-antoine-rufenacht-presidente-fundador-de-la-aivp\/"},"modified":"2021-02-09T10:06:21","modified_gmt":"2021-02-09T09:06:21","slug":"muere-antoine-rufenacht-presidente-fundador-de-la-aivp","status":"publish","type":"post","link":"https:\/\/www.aivp.org\/es\/newsroom\/muere-antoine-rufenacht-presidente-fundador-de-la-aivp\/","title":{"rendered":"Muere Antoine Rufenacht, presidente fundador de la AIVP"},"content":{"rendered":"<p>Las ciudades portuarias est\u00e1n de luto. El s\u00e1bado 5 de septiembre 2020, Antoine Rufenacht, presidente fundador de la AIVP, la red mundial de ciudades portuarias, nos dej\u00f3 con 81 a\u00f1os.<\/p>\n<p>Ex ministro, diputado, presidente de la Regi\u00f3n de Alta Normand\u00eda, y posteriormente alcalde de Le Havre entre 1995 y 2010, Antoine Rufenacht era una figura destacada de la pol\u00edtica francesa, fiel a sus convicciones, escuchada y respetada por todos.<br \/><!--more--><\/p>\n<p>Antoine Rufenacht fund\u00f3 la AIVP en 1988, bas\u00e1ndose en el \u00e9xito internacional obtenido por el <strong>Primer Foro Ciudades y Puertos<\/strong>, organizado en Le Havre bajo el tema \u00c1reas Portuarias en Desuso. Convencido de que era necesaria la colaboraci\u00f3n entre las autoridades portuarias y las comunidades locales para conducir a las ciudades portuarias por la senda del \u00e9xito econ\u00f3mico y la calidad de vida, Antoine Rufenacht asumi\u00f3 de manera muy activa la presidencia de la nueva asociaci\u00f3n internacional entre 1988 y 2002. A lo largo de sus 15 a\u00f1os de mandatos sucesivos, la red mundial de la AIVP se extendi\u00f3 de manera significativa por todos los continentes, organizando numerosas conferencias internacionales de gran \u00e9xito, y se ha impuesto como la referencia internacional para las ciudades portuarias y el di\u00e1logo Ciudad Puerto.<\/p>\n<p>Ardiente defensor de la ciudad de Le Havre, su ciudad, Antoine Rufenacht aprovech\u00f3 su labor en la AIVP para impulsar una amplia regeneraci\u00f3n de las interfaces Ciudad Puerto, convirtiendo al gran puerto de Normand\u00eda en un escaparate internacional de la ciudad portuaria del futuro.<\/p>\n\n\n<blockquote class=\"wp-block-quote is-layout-flow wp-block-quote-is-layout-flow\"><p>Hombre brillante y c\u00e1lido, atento al bien-estar de todos sus colaboradores e infatigable embajador de la AIVP, siempre sigui\u00f3 muy de cerca nuestro progreso. Todos los miembros de la AIVP y su Direcci\u00f3n General de Le Havre, estamos orgullosos de continuar con la misi\u00f3n que nos encomend\u00f3 Antoine Rufenacht: la de lograr ciudades portuarias cada vez m\u00e1s din\u00e1micas y acogedoras.<\/p><cite>explica Philippe MATTHIS, Presidente de la AIVP.<\/cite><\/blockquote>\n","protected":false},"excerpt":{"rendered":"<p>Las ciudades portuarias est\u00e1n de luto. El s\u00e1bado 5 de septiembre 2020, Antoine Rufenacht, presidente [&hellip;]<\/p>\n","protected":false},"author":7,"featured_media":36579,"comment_status":"closed","ping_status":"closed","sticky":false,"template":"","format":"standard","meta":{"_acf_changed":false,"footnotes":""},"categories":[],"tags":[],"goal":[],"class_list":["post-27046","post","type-post","status-publish","format-standard","has-post-thumbnail","hentry"],"acf":[],"yoast_head":"<!-- This site is optimized with the Yoast SEO plugin v26.8 - https:\/\/yoast.com\/product\/yoast-seo-wordpress\/ -->\n<title>Muere Antoine Rufenacht, presidente fundador de la AIVP - AIVP<\/title>\n<meta name=\"robots\" content=\"index, follow, max-snippet:-1, max-image-preview:large, max-video-preview:-1\" \/>\n<link rel=\"canonical\" href=\"https:\/\/www.aivp.org\/es\/newsroom\/muere-antoine-rufenacht-presidente-fundador-de-la-aivp\/\" \/>\n<meta property=\"og:locale\" content=\"es_ES\" \/>\n<meta property=\"og:type\" content=\"article\" \/>\n<meta property=\"og:title\" content=\"Muere Antoine Rufenacht, presidente fundador de la AIVP - AIVP\" \/>\n<meta property=\"og:description\" content=\"Las ciudades portuarias est\u00e1n de luto. El s\u00e1bado 5 de septiembre 2020, Antoine Rufenacht, presidente [&hellip;]\" \/>\n<meta property=\"og:url\" content=\"https:\/\/www.aivp.org\/es\/newsroom\/muere-antoine-rufenacht-presidente-fundador-de-la-aivp\/\" \/>\n<meta property=\"og:site_name\" content=\"AIVP\" \/>\n<meta property=\"article:published_time\" content=\"2020-09-04T11:58:00+00:00\" \/>\n<meta property=\"article:modified_time\" content=\"2021-02-09T09:06:21+00:00\" \/>\n<meta property=\"og:image\" content=\"https:\/\/www.aivp.org\/wp-content\/uploads\/2021\/01\/Antoine-Rufenacht-conference-AIVP-Dalian-Chine-2002-1.png\" \/>\n\t<meta property=\"og:image:width\" content=\"1080\" \/>\n\t<meta property=\"og:image:height\" content=\"576\" \/>\n\t<meta property=\"og:image:type\" content=\"image\/png\" \/>\n<meta name=\"author\" content=\"Bruno DELSALLE\" \/>\n<meta name=\"twitter:card\" content=\"summary_large_image\" \/>\n<meta name=\"twitter:label1\" content=\"Escrito por\" \/>\n\t<meta name=\"twitter:data1\" content=\"Bruno DELSALLE\" \/>\n\t<meta name=\"twitter:label2\" content=\"Tiempo de lectura\" \/>\n\t<meta name=\"twitter:data2\" content=\"2 minutos\" \/>\n<script type=\"application\/ld+json\" class=\"yoast-schema-graph\">{\"@context\":\"https:\/\/schema.org\",\"@graph\":[{\"@type\":\"Article\",\"@id\":\"https:\/\/www.aivp.org\/es\/newsroom\/muere-antoine-rufenacht-presidente-fundador-de-la-aivp\/#article\",\"isPartOf\":{\"@id\":\"https:\/\/www.aivp.org\/es\/newsroom\/muere-antoine-rufenacht-presidente-fundador-de-la-aivp\/\"},\"author\":{\"name\":\"Bruno DELSALLE\",\"@id\":\"https:\/\/www.aivp.org\/es\/#\/schema\/person\/0c450faa9808311413c9c45c6ffa3bf5\"},\"headline\":\"Muere Antoine Rufenacht, presidente fundador de la AIVP\",\"datePublished\":\"2020-09-04T11:58:00+00:00\",\"dateModified\":\"2021-02-09T09:06:21+00:00\",\"mainEntityOfPage\":{\"@id\":\"https:\/\/www.aivp.org\/es\/newsroom\/muere-antoine-rufenacht-presidente-fundador-de-la-aivp\/\"},\"wordCount\":328,\"publisher\":{\"@id\":\"https:\/\/www.aivp.org\/es\/#organization\"},\"image\":{\"@id\":\"https:\/\/www.aivp.org\/es\/newsroom\/muere-antoine-rufenacht-presidente-fundador-de-la-aivp\/#primaryimage\"},\"thumbnailUrl\":\"https:\/\/www.aivp.org\/wp-content\/uploads\/2021\/01\/Antoine-Rufenacht-conference-AIVP-Dalian-Chine-2002-1.png\",\"inLanguage\":\"es\"},{\"@type\":\"WebPage\",\"@id\":\"https:\/\/www.aivp.org\/es\/newsroom\/muere-antoine-rufenacht-presidente-fundador-de-la-aivp\/\",\"url\":\"https:\/\/www.aivp.org\/es\/newsroom\/muere-antoine-rufenacht-presidente-fundador-de-la-aivp\/\",\"name\":\"Muere Antoine Rufenacht, presidente fundador de la AIVP - AIVP\",\"isPartOf\":{\"@id\":\"https:\/\/www.aivp.org\/es\/#website\"},\"primaryImageOfPage\":{\"@id\":\"https:\/\/www.aivp.org\/es\/newsroom\/muere-antoine-rufenacht-presidente-fundador-de-la-aivp\/#primaryimage\"},\"image\":{\"@id\":\"https:\/\/www.aivp.org\/es\/newsroom\/muere-antoine-rufenacht-presidente-fundador-de-la-aivp\/#primaryimage\"},\"thumbnailUrl\":\"https:\/\/www.aivp.org\/wp-content\/uploads\/2021\/01\/Antoine-Rufenacht-conference-AIVP-Dalian-Chine-2002-1.png\",\"datePublished\":\"2020-09-04T11:58:00+00:00\",\"dateModified\":\"2021-02-09T09:06:21+00:00\",\"breadcrumb\":{\"@id\":\"https:\/\/www.aivp.org\/es\/newsroom\/muere-antoine-rufenacht-presidente-fundador-de-la-aivp\/#breadcrumb\"},\"inLanguage\":\"es\",\"potentialAction\":[{\"@type\":\"ReadAction\",\"target\":[\"https:\/\/www.aivp.org\/es\/newsroom\/muere-antoine-rufenacht-presidente-fundador-de-la-aivp\/\"]}]},{\"@type\":\"ImageObject\",\"inLanguage\":\"es\",\"@id\":\"https:\/\/www.aivp.org\/es\/newsroom\/muere-antoine-rufenacht-presidente-fundador-de-la-aivp\/#primaryimage\",\"url\":\"https:\/\/www.aivp.org\/wp-content\/uploads\/2021\/01\/Antoine-Rufenacht-conference-AIVP-Dalian-Chine-2002-1.png\",\"contentUrl\":\"https:\/\/www.aivp.org\/wp-content\/uploads\/2021\/01\/Antoine-Rufenacht-conference-AIVP-Dalian-Chine-2002-1.png\",\"width\":1080,\"height\":576,\"caption\":\"portrait d'Antoine Rufen\"},{\"@type\":\"BreadcrumbList\",\"@id\":\"https:\/\/www.aivp.org\/es\/newsroom\/muere-antoine-rufenacht-presidente-fundador-de-la-aivp\/#breadcrumb\",\"itemListElement\":[{\"@type\":\"ListItem\",\"position\":1,\"name\":\"Home\",\"item\":\"https:\/\/www.aivp.org\/es\/\"},{\"@type\":\"ListItem\",\"position\":2,\"name\":\"Muere Antoine Rufenacht, presidente fundador de la AIVP\"}]},{\"@type\":\"WebSite\",\"@id\":\"https:\/\/www.aivp.org\/es\/#website\",\"url\":\"https:\/\/www.aivp.org\/es\/\",\"name\":\"AIVP\",\"description\":\"Inspiring people of port cities\",\"publisher\":{\"@id\":\"https:\/\/www.aivp.org\/es\/#organization\"},\"potentialAction\":[{\"@type\":\"SearchAction\",\"target\":{\"@type\":\"EntryPoint\",\"urlTemplate\":\"https:\/\/www.aivp.org\/es\/?s={search_term_string}\"},\"query-input\":{\"@type\":\"PropertyValueSpecification\",\"valueRequired\":true,\"valueName\":\"search_term_string\"}}],\"inLanguage\":\"es\"},{\"@type\":\"Organization\",\"@id\":\"https:\/\/www.aivp.org\/es\/#organization\",\"name\":\"AIVP\",\"url\":\"https:\/\/www.aivp.org\/es\/\",\"logo\":{\"@type\":\"ImageObject\",\"inLanguage\":\"es\",\"@id\":\"https:\/\/www.aivp.org\/es\/#\/schema\/logo\/image\/\",\"url\":\"https:\/\/www.aivp.org\/wp-content\/uploads\/2020\/07\/cropped-favicon.png\",\"contentUrl\":\"https:\/\/www.aivp.org\/wp-content\/uploads\/2020\/07\/cropped-favicon.png\",\"width\":512,\"height\":512,\"caption\":\"AIVP\"},\"image\":{\"@id\":\"https:\/\/www.aivp.org\/es\/#\/schema\/logo\/image\/\"}},{\"@type\":\"Person\",\"@id\":\"https:\/\/www.aivp.org\/es\/#\/schema\/person\/0c450faa9808311413c9c45c6ffa3bf5\",\"name\":\"Bruno DELSALLE\",\"image\":{\"@type\":\"ImageObject\",\"inLanguage\":\"es\",\"@id\":\"https:\/\/www.aivp.org\/es\/#\/schema\/person\/image\/\",\"url\":\"https:\/\/secure.gravatar.com\/avatar\/de5c79122e46211e099891a2d9aedf76?s=96&d=mm&r=g\",\"contentUrl\":\"https:\/\/secure.gravatar.com\/avatar\/de5c79122e46211e099891a2d9aedf76?s=96&d=mm&r=g\",\"caption\":\"Bruno DELSALLE\"},\"url\":\"https:\/\/www.aivp.org\/es\/newsroom\/author\/bdelsalle\/\"}]}<\/script>\n<!-- \/ Yoast SEO plugin. -->","yoast_head_json":{"title":"Muere Antoine Rufenacht, presidente fundador de la AIVP - AIVP","robots":{"index":"index","follow":"follow","max-snippet":"max-snippet:-1","max-image-preview":"max-image-preview:large","max-video-preview":"max-video-preview:-1"},"canonical":"https:\/\/www.aivp.org\/es\/newsroom\/muere-antoine-rufenacht-presidente-fundador-de-la-aivp\/","og_locale":"es_ES","og_type":"article","og_title":"Muere Antoine Rufenacht, presidente fundador de la AIVP - AIVP","og_description":"Las ciudades portuarias est\u00e1n de luto. El s\u00e1bado 5 de septiembre 2020, Antoine Rufenacht, presidente [&hellip;]","og_url":"https:\/\/www.aivp.org\/es\/newsroom\/muere-antoine-rufenacht-presidente-fundador-de-la-aivp\/","og_site_name":"AIVP","article_published_time":"2020-09-04T11:58:00+00:00","article_modified_time":"2021-02-09T09:06:21+00:00","og_image":[{"width":1080,"height":576,"url":"https:\/\/www.aivp.org\/wp-content\/uploads\/2021\/01\/Antoine-Rufenacht-conference-AIVP-Dalian-Chine-2002-1.png","type":"image\/png"}],"author":"Bruno DELSALLE","twitter_card":"summary_large_image","twitter_misc":{"Escrito por":"Bruno DELSALLE","Tiempo de lectura":"2 minutos"},"schema":{"@context":"https:\/\/schema.org","@graph":[{"@type":"Article","@id":"https:\/\/www.aivp.org\/es\/newsroom\/muere-antoine-rufenacht-presidente-fundador-de-la-aivp\/#article","isPartOf":{"@id":"https:\/\/www.aivp.org\/es\/newsroom\/muere-antoine-rufenacht-presidente-fundador-de-la-aivp\/"},"author":{"name":"Bruno DELSALLE","@id":"https:\/\/www.aivp.org\/es\/#\/schema\/person\/0c450faa9808311413c9c45c6ffa3bf5"},"headline":"Muere Antoine Rufenacht, presidente fundador de la AIVP","datePublished":"2020-09-04T11:58:00+00:00","dateModified":"2021-02-09T09:06:21+00:00","mainEntityOfPage":{"@id":"https:\/\/www.aivp.org\/es\/newsroom\/muere-antoine-rufenacht-presidente-fundador-de-la-aivp\/"},"wordCount":328,"publisher":{"@id":"https:\/\/www.aivp.org\/es\/#organization"},"image":{"@id":"https:\/\/www.aivp.org\/es\/newsroom\/muere-antoine-rufenacht-presidente-fundador-de-la-aivp\/#primaryimage"},"thumbnailUrl":"https:\/\/www.aivp.org\/wp-content\/uploads\/2021\/01\/Antoine-Rufenacht-conference-AIVP-Dalian-Chine-2002-1.png","inLanguage":"es"},{"@type":"WebPage","@id":"https:\/\/www.aivp.org\/es\/newsroom\/muere-antoine-rufenacht-presidente-fundador-de-la-aivp\/","url":"https:\/\/www.aivp.org\/es\/newsroom\/muere-antoine-rufenacht-presidente-fundador-de-la-aivp\/","name":"Muere Antoine Rufenacht, presidente fundador de la AIVP - AIVP","isPartOf":{"@id":"https:\/\/www.aivp.org\/es\/#website"},"primaryImageOfPage":{"@id":"https:\/\/www.aivp.org\/es\/newsroom\/muere-antoine-rufenacht-presidente-fundador-de-la-aivp\/#primaryimage"},"image":{"@id":"https:\/\/www.aivp.org\/es\/newsroom\/muere-antoine-rufenacht-presidente-fundador-de-la-aivp\/#primaryimage"},"thumbnailUrl":"https:\/\/www.aivp.org\/wp-content\/uploads\/2021\/01\/Antoine-Rufenacht-conference-AIVP-Dalian-Chine-2002-1.png","datePublished":"2020-09-04T11:58:00+00:00","dateModified":"2021-02-09T09:06:21+00:00","breadcrumb":{"@id":"https:\/\/www.aivp.org\/es\/newsroom\/muere-antoine-rufenacht-presidente-fundador-de-la-aivp\/#breadcrumb"},"inLanguage":"es","potentialAction":[{"@type":"ReadAction","target":["https:\/\/www.aivp.org\/es\/newsroom\/muere-antoine-rufenacht-presidente-fundador-de-la-aivp\/"]}]},{"@type":"ImageObject","inLanguage":"es","@id":"https:\/\/www.aivp.org\/es\/newsroom\/muere-antoine-rufenacht-presidente-fundador-de-la-aivp\/#primaryimage","url":"https:\/\/www.aivp.org\/wp-content\/uploads\/2021\/01\/Antoine-Rufenacht-conference-AIVP-Dalian-Chine-2002-1.png","contentUrl":"https:\/\/www.aivp.org\/wp-content\/uploads\/2021\/01\/Antoine-Rufenacht-conference-AIVP-Dalian-Chine-2002-1.png","width":1080,"height":576,"caption":"portrait d'Antoine Rufen"},{"@type":"BreadcrumbList","@id":"https:\/\/www.aivp.org\/es\/newsroom\/muere-antoine-rufenacht-presidente-fundador-de-la-aivp\/#breadcrumb","itemListElement":[{"@type":"ListItem","position":1,"name":"Home","item":"https:\/\/www.aivp.org\/es\/"},{"@type":"ListItem","position":2,"name":"Muere Antoine Rufenacht, presidente fundador de la AIVP"}]},{"@type":"WebSite","@id":"https:\/\/www.aivp.org\/es\/#website","url":"https:\/\/www.aivp.org\/es\/","name":"AIVP","description":"Inspiring people of port cities","publisher":{"@id":"https:\/\/www.aivp.org\/es\/#organization"},"potentialAction":[{"@type":"SearchAction","target":{"@type":"EntryPoint","urlTemplate":"https:\/\/www.aivp.org\/es\/?s={search_term_string}"},"query-input":{"@type":"PropertyValueSpecification","valueRequired":true,"valueName":"search_term_string"}}],"inLanguage":"es"},{"@type":"Organization","@id":"https:\/\/www.aivp.org\/es\/#organization","name":"AIVP","url":"https:\/\/www.aivp.org\/es\/","logo":{"@type":"ImageObject","inLanguage":"es","@id":"https:\/\/www.aivp.org\/es\/#\/schema\/logo\/image\/","url":"https:\/\/www.aivp.org\/wp-content\/uploads\/2020\/07\/cropped-favicon.png","contentUrl":"https:\/\/www.aivp.org\/wp-content\/uploads\/2020\/07\/cropped-favicon.png","width":512,"height":512,"caption":"AIVP"},"image":{"@id":"https:\/\/www.aivp.org\/es\/#\/schema\/logo\/image\/"}},{"@type":"Person","@id":"https:\/\/www.aivp.org\/es\/#\/schema\/person\/0c450faa9808311413c9c45c6ffa3bf5","name":"Bruno DELSALLE","image":{"@type":"ImageObject","inLanguage":"es","@id":"https:\/\/www.aivp.org\/es\/#\/schema\/person\/image\/","url":"https:\/\/secure.gravatar.com\/avatar\/de5c79122e46211e099891a2d9aedf76?s=96&d=mm&r=g","contentUrl":"https:\/\/secure.gravatar.com\/avatar\/de5c79122e46211e099891a2d9aedf76?s=96&d=mm&r=g","caption":"Bruno DELSALLE"},"url":"https:\/\/www.aivp.org\/es\/newsroom\/author\/bdelsalle\/"}]}},"featured_image_url":"https:\/\/www.aivp.org\/wp-content\/uploads\/2021\/01\/Antoine-Rufenacht-conference-AIVP-Dalian-Chine-2002-1.png","_links":{"self":[{"href":"https:\/\/www.aivp.org\/es\/wp-json\/wp\/v2\/posts\/27046","targetHints":{"allow":["GET"]}}],"collection":[{"href":"https:\/\/www.aivp.org\/es\/wp-json\/wp\/v2\/posts"}],"about":[{"href":"https:\/\/www.aivp.org\/es\/wp-json\/wp\/v2\/types\/post"}],"author":[{"embeddable":true,"href":"https:\/\/www.aivp.org\/es\/wp-json\/wp\/v2\/users\/7"}],"replies":[{"embeddable":true,"href":"https:\/\/www.aivp.org\/es\/wp-json\/wp\/v2\/comments?post=27046"}],"version-history":[{"count":0,"href":"https:\/\/www.aivp.org\/es\/wp-json\/wp\/v2\/posts\/27046\/revisions"}],"wp:featuredmedia":[{"embeddable":true,"href":"https:\/\/www.aivp.org\/es\/wp-json\/wp\/v2\/media\/36579"}],"wp:attachment":[{"href":"https:\/\/www.aivp.org\/es\/wp-json\/wp\/v2\/media?parent=27046"}],"wp:term":[{"taxonomy":"category","embeddable":true,"href":"https:\/\/www.aivp.org\/es\/wp-json\/wp\/v2\/categories?post=27046"},{"taxonomy":"post_tag","embeddable":true,"href":"https:\/\/www.aivp.org\/es\/wp-json\/wp\/v2\/tags?post=27046"},{"taxonomy":"goal","embeddable":true,"href":"https:\/\/www.aivp.org\/es\/wp-json\/wp\/v2\/goal?post=27046"}],"curies":[{"name":"wp","href":"https:\/\/api.w.org\/{rel}","templated":true}]}}