{"id":27062,"date":"2020-10-26T13:58:07","date_gmt":"2020-10-26T12:58:07","guid":{"rendered":"https:\/\/www.aivp.org\/newsroom\/el-futuro-pabellon-del-puerto-en-rotterdam-un-medio-de-descubrir-el-puerto\/"},"modified":"2021-02-10T14:44:43","modified_gmt":"2021-02-10T13:44:43","slug":"el-futuro-pabellon-del-puerto-en-rotterdam-un-medio-de-descubrir-el-puerto","status":"publish","type":"post","link":"https:\/\/www.aivp.org\/es\/newsroom\/el-futuro-pabellon-del-puerto-en-rotterdam-un-medio-de-descubrir-el-puerto\/","title":{"rendered":"El futuro \u00abPabell\u00f3n del Puerto\u00bb en Rotterdam: un medio de descubrir el puerto"},"content":{"rendered":"<figure id=\"attachment_24362\" aria-describedby=\"caption-attachment-24362\" style=\"width: 463px\" class=\"wp-caption alignright\"><a href=\"https:\/\/www.aivp.org\/wp-content\/uploads\/2020\/10\/Mus\u00e9e-Maritime-Rotterdam.jpg\"><img loading=\"lazy\" decoding=\"async\" class=\"wp-image-24362\" src=\"https:\/\/www.aivp.org\/wp-content\/uploads\/2020\/10\/Mus\u00e9e-Maritime-Rotterdam-700x525.jpg\" alt=\"Rotterdam vue a\u00e9rienne\" width=\"463\" height=\"347\"><\/a><figcaption id=\"caption-attachment-24362\" class=\"wp-caption-text\">Una perspectiva de Rotterdam, al amanecer.<\/figcaption><\/figure>\n<p>El Puerto de Rotterdam fue fundado hace un milenio y nunca ha dejado de crecer, como un v\u00ednculo entre los Pa\u00edses Bajos y el mundo. Hoy en d\u00eda, se extiende sobre unos 100 kil\u00f3metros cuadrados desde el puerto hist\u00f3rico del centro de la ciudad hasta la periferia como Delfshaven, Nieuw-Mathenesse o la zona de Maasvlakte. A fin de mantener el v\u00ednculo con los ciudadanos a pesar de su extensi\u00f3n, el puerto ha realizado esfuerzos considerables. Rotterdam, en su calidad de puerto m\u00e1s grande de Europa, ha estado invirtiendo durante muchos a\u00f1os en instrumentos educativos y de colaboraci\u00f3n para vincular la ciudad y el puerto. Entre estas herramientas, sus dos centros de visitantes (\u00abEIC\u00bb y Futureland) son ventajas esenciales. Visitas, exposiciones, conferencias, festivales, son muchas maneras de enriquecer la cultura Puerto Ciudad. R\u00f3tterdam incluso ha sido anfitri\u00f3n de una conferencia mundial de la AiVP en 2016.<br \/>\nEn 2020, el Puerto de Rotterdam ha iniciado la construcci\u00f3n de un nuevo espacio dedicado a la cultura Puerto Ciudad, justo en el centro de la ciudad -siempre m\u00e1s cerca de los ciudadanos-.<\/p>\n<p>El Puerto de Rotterdam es un miembro activo de AiVP desde 2000.<\/p>\n<p>&nbsp;<\/p>\n<p><strong>AIVP<\/strong> <strong>&#8211;<\/strong> Durante la primavera de 2021 se abrir\u00e1 un nuevo espacio al que llamar\u00e1n Pabell\u00f3n del Puerto (Leuvehaven), y que, emplazado en el centro de la ciudad, estar\u00e1 mucho m\u00e1s cerca de los ciudadanos en t\u00e9rminos geogr\u00e1ficos.<\/p>\n<p>\u00bfDe d\u00f3nde sacaron la idea de abrir otro Port Center, y cu\u00e1l ser\u00e1 la diferencia con sus actuales centros o museos?<\/p>\n<figure id=\"attachment_24359\" aria-describedby=\"caption-attachment-24359\" style=\"width: 455px\" class=\"wp-caption aligncenter\"><a href=\"https:\/\/www.aivp.org\/wp-content\/uploads\/2020\/10\/Port-Pavilion-artist-impression.jpg\"><img loading=\"lazy\" decoding=\"async\" class=\"wp-image-24359\" src=\"https:\/\/www.aivp.org\/wp-content\/uploads\/2020\/10\/Port-Pavilion-artist-impression-700x500.jpg\" alt=\"Port Pavilion Rotterdam\" width=\"455\" height=\"325\"><\/a><figcaption id=\"caption-attachment-24359\" class=\"wp-caption-text\">Una impresi\u00f3n art\u00edstica del futuro Pabell\u00f3n del Puerto. \u00a9 Port of Rotterdam.<\/figcaption><\/figure>\n<p><strong>Eileen Niks, Program Manager, Puerto de Rotterdam \u2013<\/strong> El Pabell\u00f3n del Puerto satisfar\u00e1 otra necesidad con respecto a los lugares que ya existen. En este nuevo punto informativo se ofrece el v\u00ednculo que falta entre la ciudad y el puerto (de, literalmente, hasta 42 kil\u00f3metros). En este punto, el acento se ha puesto en las actividades que se llevar\u00e1n a cabo en el puerto. En nuestra opini\u00f3n, se requiere una visita presencial para explorar y llegar a conocer realmente el puerto.<\/p>\n<p>De manera interactiva, los visitantes pueden dise\u00f1ar su escapada ideal para recorrer el puerto conforme a sus preferencias. Queremos ofrecer a los ciudadanos y a los turistas un panorama exhaustivo sobre las visitas al puerto y las actividades portuarias disponibles. Es por esto que el Pabell\u00f3n del Puerto aporta una percepci\u00f3n de las actividades recreativas del puerto como parte del espectro completo de recorridos en los que se puede participar en la ciudad portuaria de R\u00f3terdam.<\/p>\n<figure id=\"attachment_24365\" aria-describedby=\"caption-attachment-24365\" style=\"width: 447px\" class=\"wp-caption alignright\"><a href=\"https:\/\/www.aivp.org\/wp-content\/uploads\/2020\/10\/First-pile-of-the-Pavilion.jpg\"><img loading=\"lazy\" decoding=\"async\" class=\"wp-image-24365\" src=\"https:\/\/www.aivp.org\/wp-content\/uploads\/2020\/10\/First-pile-of-the-Pavilion-700x525.jpg\" alt=\"First pile of the Pavilion\" width=\"447\" height=\"335\"><\/a><figcaption id=\"caption-attachment-24365\" class=\"wp-caption-text\">La primera pila del Pabell\u00f3n del Puerto. Bert Boer (Director Maritime Museum), Allard Castelein (CEO Port of Rotterdam Authority), Marieke de Werker (Port of Rotterdam Authority). \u00a9 Port of Rotterdam.<\/figcaption><\/figure>\n<p><strong>AIVP &#8211;<\/strong> Lograr una gobernanza colectiva y activa del Port Center es una clave para el \u00e9xito. Por lo que se refiere a la creaci\u00f3n de este nuevo pabell\u00f3n del puerto, pareciera que ha habido una colaboraci\u00f3n estrecha con el Ayuntamiento de R\u00f3terdam, puesto que la municipalidad renovar\u00e1 la zona con la creaci\u00f3n de un barrio mar\u00edtimo conectado al futuro pabell\u00f3n. Adem\u00e1s, otro elemento esencial es el museo mar\u00edtimo, que ofrecer\u00e1 dos nuevos talleres en el Pabell\u00f3n del Puerto.<\/p>\n<p>\u00bfPuede profundizar acerca de su colaboraci\u00f3n con estos actores, as\u00ed como con otros participantes que tambi\u00e9n pudieran estar involucrados?<\/p>\n<p><strong>Eileen Niks, Program Manager, Puerto de Rotterdam \u2013<\/strong> Por cierto, una estrecha colaboraci\u00f3n con las partes interesadas relevantes a nivel local es nuestra mayor preocupaci\u00f3n. Nos complace tener la posibilidad de contribuir a los planes municipales en relaci\u00f3n con impulsar m\u00e1s la calidad de la zona del barrio mar\u00edtimo, que es una parte importante y visual de la historia del puerto.<\/p>\n<p>Con el fin de realizar una instalaci\u00f3n relevante del Leuvepaviljoen, nos enorgullece compartir el pabell\u00f3n con el museo mar\u00edtimo. Su contenido y programa tienen una funci\u00f3n importante en lograr la participaci\u00f3n del p\u00fablico objetivo que participe. Existe desde ya un prop\u00f3sito de colaborar a nivel operacional con la oficina de informaci\u00f3n tur\u00edstica de R\u00f3terdam. Si combinamos sus conocimientos pr\u00e1cticos sobre c\u00f3mo promocionar la ciudad con la experiencia en los temas mar\u00edtimos y portuarios del Puerto de R\u00f3terdam, tendremos una valiosa propuesta para el p\u00fablico.<\/p>\n<p><strong>AIVP &#8211;<\/strong> Los Port Centers suelen adaptar su concepto de exposiciones con el fin de atraer a un nuevo p\u00fablico e incorporar nuevos temas. El edificio Leuvepaviljoen combinar\u00e1 elementos hist\u00f3ricos con una estructura contempor\u00e1nea, y se emplazar\u00e1 en la antigua zona del puerto de R\u00f3terdam. Este puente entre distintas \u00e9pocas es coherente con el concepto de Port Center que promueve la AiVP.<\/p>\n<p>\u00bfPodr\u00eda decirnos algo m\u00e1s acerca del dise\u00f1o y el concepto de la exposici\u00f3n del pabell\u00f3n?<\/p>\n<p><strong>Eileen Niks, Program Manager, Puerto de Rotterdam \u2013<\/strong> Con respecto a la informaci\u00f3n que se ofrecer\u00e1 en el Pabell\u00f3n del Puerto, buena parte de la atenci\u00f3n se dirige al gran abanico de actividades que pueden realizarse en el puerto. El contenido est\u00e1 orientado a atraer a los visitantes y a ofrecerles informaci\u00f3n pr\u00e1ctica para que visiten el puerto por su cuenta. Por otro lado, ofrecemos una idea de lo que es ahora el puerto al ponerlo, literalmente, dentro del Pabell\u00f3n del Puerto. De este modo los visitantes ya pueden hacerse una idea del puerto, lo que luego los entusiasmar\u00e1 a pagar por una visita presencial.<\/p>\n<p>&nbsp;<\/p>\n<figure id=\"attachment_24368\" aria-describedby=\"caption-attachment-24368\" style=\"width: 567px\" class=\"wp-caption alignleft\"><a href=\"https:\/\/www.aivp.org\/wp-content\/uploads\/2020\/10\/futureland-ferry-bezoekers-hbr-eric-bakker-2018.jpg\"><img loading=\"lazy\" decoding=\"async\" class=\"wp-image-24368\" src=\"https:\/\/www.aivp.org\/wp-content\/uploads\/2020\/10\/futureland-ferry-bezoekers-hbr-eric-bakker-2018-700x394.jpg\" alt=\"Visit Futureland Rotterdam\" width=\"567\" height=\"319\"><\/a><figcaption id=\"caption-attachment-24368\" class=\"wp-caption-text\">Las visitas abiertas son una oportunidad para que los ciudadanos exploren realmente su puerto. \u00a9 Port of Rotterdam.<\/figcaption><\/figure>\n<p><strong>AIVP &#8211;<\/strong> Los eventos al aire libre son una actividad b\u00e1sica para los Port Centers, ya que representan la posibilidad de atraer a distintos tipos de p\u00fablico hacia la cultura de la ciudad portuaria. Sin embargo, a causa de la pandemia de COVID-19, estos eventos son dif\u00edciles de organizar. R\u00f3terdam tiene una tradici\u00f3n de festivales mar\u00edtimos, como el de los World Port Days (D\u00edas Mundiales del Puerto), que re\u00fane a entre 400.000 y 500.000 asistentes y es uno de los mayores festivales de los Pa\u00edses Bajos. Este festival no hab\u00eda tenido interrupciones desde 1976. Pero comprobamos que su edici\u00f3n 2020 ser\u00e1 diferente.<br \/>\n\u00bfPodr\u00eda decirnos c\u00f3mo ser\u00e1? \u00bfC\u00f3mo adaptaron el programa a la pandemia?<\/p>\n<p><strong>Eileen Niks, Program Manager, Puerto de Rotterdam \u2013<\/strong><br \/>\nLa COVID-19 tuvo un impacto sin precedentes en la edici\u00f3n de los World Port Days de este a\u00f1o. El resultado fue que un h\u00e1bil equipo desarroll\u00f3 un programa alternativo que se entrega ya sea en l\u00ednea o en directo, dentro de los l\u00edmites impuestos por la pandemia.<\/p>\n<p>Para fines educacionales, el equipo consigui\u00f3 llevar el puerto a la sala de clases. Junto con la difusi\u00f3n de material de aprendizaje digital, se ofrecieron conferencias de profesionales del puerto en las escuelas. Estas se realizaron en el transcurso del tiempo. La partida fue igual que siempre, un viernes, al comienzo de los World Port Days. Para el p\u00fablico general se ofreci\u00f3 un programa en l\u00ednea. Una serie de perspectivas diferentes llev\u00f3 al puerto hacia los hogares de muchos fan\u00e1ticos. En las \u00abHistorias del Puerto\u00bb, una serie de participantes claves compartieron a trav\u00e9s de video, publicaciones en Internet, y a trav\u00e9s de diversos medios sociales, sus experiencias en el puerto. Adem\u00e1s, los estudiantes transmitieron en directo por la radio, al igual que la estaci\u00f3n de radio local. Esta edici\u00f3n extraordinaria tuvo como anfitriones a una pareja de robots drones.<\/p>\n<p>&nbsp;<\/p>\n","protected":false},"excerpt":{"rendered":"<p>El Puerto de Rotterdam fue fundado hace un milenio y nunca ha dejado de crecer, [&hellip;]<\/p>\n","protected":false},"author":365,"featured_media":37370,"comment_status":"closed","ping_status":"closed","sticky":false,"template":"","format":"standard","meta":{"_acf_changed":false,"footnotes":""},"categories":[1952],"tags":[],"goal":[2132],"class_list":["post-27062","post","type-post","status-publish","format-standard","has-post-thumbnail","hentry","category-entrevistas","goal-cultura-e-identidad"],"acf":[],"yoast_head":"<!-- This site is optimized with the Yoast SEO plugin v26.8 - https:\/\/yoast.com\/product\/yoast-seo-wordpress\/ -->\n<title>El futuro &quot;Pabell\u00f3n del Puerto&quot; en Rotterdam: un medio de descubrir el puerto - AIVP<\/title>\n<meta name=\"robots\" content=\"index, follow, max-snippet:-1, max-image-preview:large, max-video-preview:-1\" \/>\n<link rel=\"canonical\" href=\"https:\/\/www.aivp.org\/es\/newsroom\/el-futuro-pabellon-del-puerto-en-rotterdam-un-medio-de-descubrir-el-puerto\/\" \/>\n<meta property=\"og:locale\" content=\"es_ES\" \/>\n<meta property=\"og:type\" content=\"article\" \/>\n<meta property=\"og:title\" content=\"El futuro &quot;Pabell\u00f3n del Puerto&quot; en Rotterdam: un medio de descubrir el puerto - AIVP\" \/>\n<meta property=\"og:description\" content=\"El Puerto de Rotterdam fue fundado hace un milenio y nunca ha dejado de crecer, [&hellip;]\" \/>\n<meta property=\"og:url\" content=\"https:\/\/www.aivp.org\/es\/newsroom\/el-futuro-pabellon-del-puerto-en-rotterdam-un-medio-de-descubrir-el-puerto\/\" \/>\n<meta property=\"og:site_name\" content=\"AIVP\" \/>\n<meta property=\"article:published_time\" content=\"2020-10-26T12:58:07+00:00\" \/>\n<meta property=\"article:modified_time\" content=\"2021-02-10T13:44:43+00:00\" \/>\n<meta property=\"og:image\" content=\"https:\/\/www.aivp.org\/wp-content\/uploads\/2020\/10\/Gabarit-image-a-la-Une-Site-AIVP.png\" \/>\n\t<meta property=\"og:image:width\" content=\"1080\" \/>\n\t<meta property=\"og:image:height\" content=\"576\" \/>\n\t<meta property=\"og:image:type\" content=\"image\/png\" \/>\n<meta name=\"author\" content=\"Laureen Goletto\" \/>\n<meta name=\"twitter:card\" content=\"summary_large_image\" \/>\n<meta name=\"twitter:label1\" content=\"Escrito por\" \/>\n\t<meta name=\"twitter:data1\" content=\"Laureen Goletto\" \/>\n\t<meta name=\"twitter:label2\" content=\"Tiempo de lectura\" \/>\n\t<meta name=\"twitter:data2\" content=\"7 minutos\" \/>\n<script type=\"application\/ld+json\" class=\"yoast-schema-graph\">{\"@context\":\"https:\/\/schema.org\",\"@graph\":[{\"@type\":\"Article\",\"@id\":\"https:\/\/www.aivp.org\/es\/newsroom\/el-futuro-pabellon-del-puerto-en-rotterdam-un-medio-de-descubrir-el-puerto\/#article\",\"isPartOf\":{\"@id\":\"https:\/\/www.aivp.org\/es\/newsroom\/el-futuro-pabellon-del-puerto-en-rotterdam-un-medio-de-descubrir-el-puerto\/\"},\"author\":{\"name\":\"Laureen Goletto\",\"@id\":\"https:\/\/www.aivp.org\/es\/#\/schema\/person\/c545564904b9451e7a1a8b3a71f10f8c\"},\"headline\":\"El futuro \u00abPabell\u00f3n del Puerto\u00bb en Rotterdam: un medio de descubrir el puerto\",\"datePublished\":\"2020-10-26T12:58:07+00:00\",\"dateModified\":\"2021-02-10T13:44:43+00:00\",\"mainEntityOfPage\":{\"@id\":\"https:\/\/www.aivp.org\/es\/newsroom\/el-futuro-pabellon-del-puerto-en-rotterdam-un-medio-de-descubrir-el-puerto\/\"},\"wordCount\":1341,\"publisher\":{\"@id\":\"https:\/\/www.aivp.org\/es\/#organization\"},\"image\":{\"@id\":\"https:\/\/www.aivp.org\/es\/newsroom\/el-futuro-pabellon-del-puerto-en-rotterdam-un-medio-de-descubrir-el-puerto\/#primaryimage\"},\"thumbnailUrl\":\"https:\/\/www.aivp.org\/wp-content\/uploads\/2020\/10\/Gabarit-image-a-la-Une-Site-AIVP.png\",\"articleSection\":[\"Entrevistas\"],\"inLanguage\":\"es\"},{\"@type\":\"WebPage\",\"@id\":\"https:\/\/www.aivp.org\/es\/newsroom\/el-futuro-pabellon-del-puerto-en-rotterdam-un-medio-de-descubrir-el-puerto\/\",\"url\":\"https:\/\/www.aivp.org\/es\/newsroom\/el-futuro-pabellon-del-puerto-en-rotterdam-un-medio-de-descubrir-el-puerto\/\",\"name\":\"El futuro \\\"Pabell\u00f3n del Puerto\\\" en Rotterdam: un medio de descubrir el puerto - AIVP\",\"isPartOf\":{\"@id\":\"https:\/\/www.aivp.org\/es\/#website\"},\"primaryImageOfPage\":{\"@id\":\"https:\/\/www.aivp.org\/es\/newsroom\/el-futuro-pabellon-del-puerto-en-rotterdam-un-medio-de-descubrir-el-puerto\/#primaryimage\"},\"image\":{\"@id\":\"https:\/\/www.aivp.org\/es\/newsroom\/el-futuro-pabellon-del-puerto-en-rotterdam-un-medio-de-descubrir-el-puerto\/#primaryimage\"},\"thumbnailUrl\":\"https:\/\/www.aivp.org\/wp-content\/uploads\/2020\/10\/Gabarit-image-a-la-Une-Site-AIVP.png\",\"datePublished\":\"2020-10-26T12:58:07+00:00\",\"dateModified\":\"2021-02-10T13:44:43+00:00\",\"breadcrumb\":{\"@id\":\"https:\/\/www.aivp.org\/es\/newsroom\/el-futuro-pabellon-del-puerto-en-rotterdam-un-medio-de-descubrir-el-puerto\/#breadcrumb\"},\"inLanguage\":\"es\",\"potentialAction\":[{\"@type\":\"ReadAction\",\"target\":[\"https:\/\/www.aivp.org\/es\/newsroom\/el-futuro-pabellon-del-puerto-en-rotterdam-un-medio-de-descubrir-el-puerto\/\"]}]},{\"@type\":\"ImageObject\",\"inLanguage\":\"es\",\"@id\":\"https:\/\/www.aivp.org\/es\/newsroom\/el-futuro-pabellon-del-puerto-en-rotterdam-un-medio-de-descubrir-el-puerto\/#primaryimage\",\"url\":\"https:\/\/www.aivp.org\/wp-content\/uploads\/2020\/10\/Gabarit-image-a-la-Une-Site-AIVP.png\",\"contentUrl\":\"https:\/\/www.aivp.org\/wp-content\/uploads\/2020\/10\/Gabarit-image-a-la-Une-Site-AIVP.png\",\"width\":1080,\"height\":576},{\"@type\":\"BreadcrumbList\",\"@id\":\"https:\/\/www.aivp.org\/es\/newsroom\/el-futuro-pabellon-del-puerto-en-rotterdam-un-medio-de-descubrir-el-puerto\/#breadcrumb\",\"itemListElement\":[{\"@type\":\"ListItem\",\"position\":1,\"name\":\"Home\",\"item\":\"https:\/\/www.aivp.org\/es\/\"},{\"@type\":\"ListItem\",\"position\":2,\"name\":\"El futuro &#8220;Pabell\u00f3n del Puerto&#8221; en Rotterdam: un medio de descubrir el puerto\"}]},{\"@type\":\"WebSite\",\"@id\":\"https:\/\/www.aivp.org\/es\/#website\",\"url\":\"https:\/\/www.aivp.org\/es\/\",\"name\":\"AIVP\",\"description\":\"Inspiring people of port cities\",\"publisher\":{\"@id\":\"https:\/\/www.aivp.org\/es\/#organization\"},\"potentialAction\":[{\"@type\":\"SearchAction\",\"target\":{\"@type\":\"EntryPoint\",\"urlTemplate\":\"https:\/\/www.aivp.org\/es\/?s={search_term_string}\"},\"query-input\":{\"@type\":\"PropertyValueSpecification\",\"valueRequired\":true,\"valueName\":\"search_term_string\"}}],\"inLanguage\":\"es\"},{\"@type\":\"Organization\",\"@id\":\"https:\/\/www.aivp.org\/es\/#organization\",\"name\":\"AIVP\",\"url\":\"https:\/\/www.aivp.org\/es\/\",\"logo\":{\"@type\":\"ImageObject\",\"inLanguage\":\"es\",\"@id\":\"https:\/\/www.aivp.org\/es\/#\/schema\/logo\/image\/\",\"url\":\"https:\/\/www.aivp.org\/wp-content\/uploads\/2020\/07\/cropped-favicon.png\",\"contentUrl\":\"https:\/\/www.aivp.org\/wp-content\/uploads\/2020\/07\/cropped-favicon.png\",\"width\":512,\"height\":512,\"caption\":\"AIVP\"},\"image\":{\"@id\":\"https:\/\/www.aivp.org\/es\/#\/schema\/logo\/image\/\"}},{\"@type\":\"Person\",\"@id\":\"https:\/\/www.aivp.org\/es\/#\/schema\/person\/c545564904b9451e7a1a8b3a71f10f8c\",\"name\":\"Laureen Goletto\",\"image\":{\"@type\":\"ImageObject\",\"inLanguage\":\"es\",\"@id\":\"https:\/\/www.aivp.org\/es\/#\/schema\/person\/image\/\",\"url\":\"https:\/\/secure.gravatar.com\/avatar\/ecae96b204ed3bb686c0d374845ddfa1?s=96&d=mm&r=g\",\"contentUrl\":\"https:\/\/secure.gravatar.com\/avatar\/ecae96b204ed3bb686c0d374845ddfa1?s=96&d=mm&r=g\",\"caption\":\"Laureen Goletto\"},\"url\":\"https:\/\/www.aivp.org\/es\/newsroom\/author\/lgolettoaivp-org\/\"}]}<\/script>\n<!-- \/ Yoast SEO plugin. -->","yoast_head_json":{"title":"El futuro \"Pabell\u00f3n del Puerto\" en Rotterdam: un medio de descubrir el puerto - AIVP","robots":{"index":"index","follow":"follow","max-snippet":"max-snippet:-1","max-image-preview":"max-image-preview:large","max-video-preview":"max-video-preview:-1"},"canonical":"https:\/\/www.aivp.org\/es\/newsroom\/el-futuro-pabellon-del-puerto-en-rotterdam-un-medio-de-descubrir-el-puerto\/","og_locale":"es_ES","og_type":"article","og_title":"El futuro \"Pabell\u00f3n del Puerto\" en Rotterdam: un medio de descubrir el puerto - AIVP","og_description":"El Puerto de Rotterdam fue fundado hace un milenio y nunca ha dejado de crecer, [&hellip;]","og_url":"https:\/\/www.aivp.org\/es\/newsroom\/el-futuro-pabellon-del-puerto-en-rotterdam-un-medio-de-descubrir-el-puerto\/","og_site_name":"AIVP","article_published_time":"2020-10-26T12:58:07+00:00","article_modified_time":"2021-02-10T13:44:43+00:00","og_image":[{"width":1080,"height":576,"url":"https:\/\/www.aivp.org\/wp-content\/uploads\/2020\/10\/Gabarit-image-a-la-Une-Site-AIVP.png","type":"image\/png"}],"author":"Laureen Goletto","twitter_card":"summary_large_image","twitter_misc":{"Escrito por":"Laureen Goletto","Tiempo de lectura":"7 minutos"},"schema":{"@context":"https:\/\/schema.org","@graph":[{"@type":"Article","@id":"https:\/\/www.aivp.org\/es\/newsroom\/el-futuro-pabellon-del-puerto-en-rotterdam-un-medio-de-descubrir-el-puerto\/#article","isPartOf":{"@id":"https:\/\/www.aivp.org\/es\/newsroom\/el-futuro-pabellon-del-puerto-en-rotterdam-un-medio-de-descubrir-el-puerto\/"},"author":{"name":"Laureen Goletto","@id":"https:\/\/www.aivp.org\/es\/#\/schema\/person\/c545564904b9451e7a1a8b3a71f10f8c"},"headline":"El futuro \u00abPabell\u00f3n del Puerto\u00bb en Rotterdam: un medio de descubrir el puerto","datePublished":"2020-10-26T12:58:07+00:00","dateModified":"2021-02-10T13:44:43+00:00","mainEntityOfPage":{"@id":"https:\/\/www.aivp.org\/es\/newsroom\/el-futuro-pabellon-del-puerto-en-rotterdam-un-medio-de-descubrir-el-puerto\/"},"wordCount":1341,"publisher":{"@id":"https:\/\/www.aivp.org\/es\/#organization"},"image":{"@id":"https:\/\/www.aivp.org\/es\/newsroom\/el-futuro-pabellon-del-puerto-en-rotterdam-un-medio-de-descubrir-el-puerto\/#primaryimage"},"thumbnailUrl":"https:\/\/www.aivp.org\/wp-content\/uploads\/2020\/10\/Gabarit-image-a-la-Une-Site-AIVP.png","articleSection":["Entrevistas"],"inLanguage":"es"},{"@type":"WebPage","@id":"https:\/\/www.aivp.org\/es\/newsroom\/el-futuro-pabellon-del-puerto-en-rotterdam-un-medio-de-descubrir-el-puerto\/","url":"https:\/\/www.aivp.org\/es\/newsroom\/el-futuro-pabellon-del-puerto-en-rotterdam-un-medio-de-descubrir-el-puerto\/","name":"El futuro \"Pabell\u00f3n del Puerto\" en Rotterdam: un medio de descubrir el puerto - AIVP","isPartOf":{"@id":"https:\/\/www.aivp.org\/es\/#website"},"primaryImageOfPage":{"@id":"https:\/\/www.aivp.org\/es\/newsroom\/el-futuro-pabellon-del-puerto-en-rotterdam-un-medio-de-descubrir-el-puerto\/#primaryimage"},"image":{"@id":"https:\/\/www.aivp.org\/es\/newsroom\/el-futuro-pabellon-del-puerto-en-rotterdam-un-medio-de-descubrir-el-puerto\/#primaryimage"},"thumbnailUrl":"https:\/\/www.aivp.org\/wp-content\/uploads\/2020\/10\/Gabarit-image-a-la-Une-Site-AIVP.png","datePublished":"2020-10-26T12:58:07+00:00","dateModified":"2021-02-10T13:44:43+00:00","breadcrumb":{"@id":"https:\/\/www.aivp.org\/es\/newsroom\/el-futuro-pabellon-del-puerto-en-rotterdam-un-medio-de-descubrir-el-puerto\/#breadcrumb"},"inLanguage":"es","potentialAction":[{"@type":"ReadAction","target":["https:\/\/www.aivp.org\/es\/newsroom\/el-futuro-pabellon-del-puerto-en-rotterdam-un-medio-de-descubrir-el-puerto\/"]}]},{"@type":"ImageObject","inLanguage":"es","@id":"https:\/\/www.aivp.org\/es\/newsroom\/el-futuro-pabellon-del-puerto-en-rotterdam-un-medio-de-descubrir-el-puerto\/#primaryimage","url":"https:\/\/www.aivp.org\/wp-content\/uploads\/2020\/10\/Gabarit-image-a-la-Une-Site-AIVP.png","contentUrl":"https:\/\/www.aivp.org\/wp-content\/uploads\/2020\/10\/Gabarit-image-a-la-Une-Site-AIVP.png","width":1080,"height":576},{"@type":"BreadcrumbList","@id":"https:\/\/www.aivp.org\/es\/newsroom\/el-futuro-pabellon-del-puerto-en-rotterdam-un-medio-de-descubrir-el-puerto\/#breadcrumb","itemListElement":[{"@type":"ListItem","position":1,"name":"Home","item":"https:\/\/www.aivp.org\/es\/"},{"@type":"ListItem","position":2,"name":"El futuro &#8220;Pabell\u00f3n del Puerto&#8221; en Rotterdam: un medio de descubrir el puerto"}]},{"@type":"WebSite","@id":"https:\/\/www.aivp.org\/es\/#website","url":"https:\/\/www.aivp.org\/es\/","name":"AIVP","description":"Inspiring people of port cities","publisher":{"@id":"https:\/\/www.aivp.org\/es\/#organization"},"potentialAction":[{"@type":"SearchAction","target":{"@type":"EntryPoint","urlTemplate":"https:\/\/www.aivp.org\/es\/?s={search_term_string}"},"query-input":{"@type":"PropertyValueSpecification","valueRequired":true,"valueName":"search_term_string"}}],"inLanguage":"es"},{"@type":"Organization","@id":"https:\/\/www.aivp.org\/es\/#organization","name":"AIVP","url":"https:\/\/www.aivp.org\/es\/","logo":{"@type":"ImageObject","inLanguage":"es","@id":"https:\/\/www.aivp.org\/es\/#\/schema\/logo\/image\/","url":"https:\/\/www.aivp.org\/wp-content\/uploads\/2020\/07\/cropped-favicon.png","contentUrl":"https:\/\/www.aivp.org\/wp-content\/uploads\/2020\/07\/cropped-favicon.png","width":512,"height":512,"caption":"AIVP"},"image":{"@id":"https:\/\/www.aivp.org\/es\/#\/schema\/logo\/image\/"}},{"@type":"Person","@id":"https:\/\/www.aivp.org\/es\/#\/schema\/person\/c545564904b9451e7a1a8b3a71f10f8c","name":"Laureen Goletto","image":{"@type":"ImageObject","inLanguage":"es","@id":"https:\/\/www.aivp.org\/es\/#\/schema\/person\/image\/","url":"https:\/\/secure.gravatar.com\/avatar\/ecae96b204ed3bb686c0d374845ddfa1?s=96&d=mm&r=g","contentUrl":"https:\/\/secure.gravatar.com\/avatar\/ecae96b204ed3bb686c0d374845ddfa1?s=96&d=mm&r=g","caption":"Laureen Goletto"},"url":"https:\/\/www.aivp.org\/es\/newsroom\/author\/lgolettoaivp-org\/"}]}},"featured_image_url":"https:\/\/www.aivp.org\/wp-content\/uploads\/2020\/10\/Gabarit-image-a-la-Une-Site-AIVP.png","_links":{"self":[{"href":"https:\/\/www.aivp.org\/es\/wp-json\/wp\/v2\/posts\/27062","targetHints":{"allow":["GET"]}}],"collection":[{"href":"https:\/\/www.aivp.org\/es\/wp-json\/wp\/v2\/posts"}],"about":[{"href":"https:\/\/www.aivp.org\/es\/wp-json\/wp\/v2\/types\/post"}],"author":[{"embeddable":true,"href":"https:\/\/www.aivp.org\/es\/wp-json\/wp\/v2\/users\/365"}],"replies":[{"embeddable":true,"href":"https:\/\/www.aivp.org\/es\/wp-json\/wp\/v2\/comments?post=27062"}],"version-history":[{"count":0,"href":"https:\/\/www.aivp.org\/es\/wp-json\/wp\/v2\/posts\/27062\/revisions"}],"wp:featuredmedia":[{"embeddable":true,"href":"https:\/\/www.aivp.org\/es\/wp-json\/wp\/v2\/media\/37370"}],"wp:attachment":[{"href":"https:\/\/www.aivp.org\/es\/wp-json\/wp\/v2\/media?parent=27062"}],"wp:term":[{"taxonomy":"category","embeddable":true,"href":"https:\/\/www.aivp.org\/es\/wp-json\/wp\/v2\/categories?post=27062"},{"taxonomy":"post_tag","embeddable":true,"href":"https:\/\/www.aivp.org\/es\/wp-json\/wp\/v2\/tags?post=27062"},{"taxonomy":"goal","embeddable":true,"href":"https:\/\/www.aivp.org\/es\/wp-json\/wp\/v2\/goal?post=27062"}],"curies":[{"name":"wp","href":"https:\/\/api.w.org\/{rel}","templated":true}]}}