{"id":44675,"date":"2021-05-19T16:45:21","date_gmt":"2021-05-19T14:45:21","guid":{"rendered":"https:\/\/www.aivp.org\/?p=44675"},"modified":"2021-05-19T16:45:22","modified_gmt":"2021-05-19T14:45:22","slug":"desarrollo-puerto-ciudad-un-medio-para-abrirse-al-mundo-el-caso-del-somaliland","status":"publish","type":"post","link":"https:\/\/www.aivp.org\/es\/newsroom\/desarrollo-puerto-ciudad-un-medio-para-abrirse-al-mundo-el-caso-del-somaliland\/","title":{"rendered":"Desarrollo \u201cpuerto-ciudad\u201d, un medio para abrirse al mundo: el caso del Somaliland"},"content":{"rendered":"\n<p>Mientras sus ciudadanos se preparan para celebrar los 30 a\u00f1os de su autoproclamada independencia, Somaliland parece abrirse al mundo gracias a su nueva plataforma portuaria. Con el desarrollo de la ciudad portuaria de Berbera, Somaliland ya se ha colocado en el mapa internacional, al lado de Yibuti, Eritrea y, sobre todo, Etiopia. Una nueva terminal portuaria administrada por DP World est\u00e1 en curso de construcci\u00f3n, con una importante participaci\u00f3n de los Estados de Somaliland y Etiopia. Desde el punto de vista urban\u00edstico, la remodelaci\u00f3n del frente costero de Berbera, que cuenta con el apoyo financiero de 7,5 millones de euros de la Uni\u00f3n Europea, permitir\u00e1 mejorar la calidad de vida y el atractivo tur\u00edstico de la ciudad. Gracias a sus modernos espacios p\u00fablicos e infraestructuras, y sacando buen e inteligente provecho de sus din\u00e1micas \u201cpuerto-ciudad\u201d, Berbera podr\u00eda convertirse en el motor econ\u00f3mico del pa\u00eds.<\/p>\n\n\n<div class=\"row lien-article\">\n    <div class=\"col-12\">\n        \n                    <div class=\"position-relative anime-in-view link-container\">\n\n                            <a href=\"https:\/\/www.courrierinternational.com\/long-format\/long-format-le-somaliland-ce-pays-qui-nexiste-pas\" target=\"_blank\">Courrier International<\/a>\n\n                            <img decoding=\"async\" class=\"position-absolute image-de-fond\" src=\"https:\/\/www.aivp.org\/wp-content\/themes\/lmc-aivp\/img\/link.svg\">\n\n                    <\/div>\n                                        \n                \n                    <div class=\"position-relative anime-in-view link-container\">\n\n                            <a href=\"https:\/\/hornobserver.com\/articles\/927\/Somaliland-EU-launches-Berbera-Beach-Project\" target=\"_blank\">Horn Observer<\/a>\n\n                            <img decoding=\"async\" class=\"position-absolute image-de-fond\" src=\"https:\/\/www.aivp.org\/wp-content\/themes\/lmc-aivp\/img\/link.svg\">\n\n                    <\/div>\n                                        \n                \n                    <div class=\"position-relative anime-in-view link-container\">\n\n                            <a href=\"https:\/\/www.agenceecofin.com\/gestion-publique\/1005-88058-dp-world-conclut-un-accord-avec-l-ethiopie-pour-le-developpement-du-corridor-qui-relie-le-port-de-berbera-au-somaliland\" target=\"_blank\">Agence Eco Fin<\/a>\n\n                            <img decoding=\"async\" class=\"position-absolute image-de-fond\" src=\"https:\/\/www.aivp.org\/wp-content\/themes\/lmc-aivp\/img\/link.svg\">\n\n                    <\/div>\n                                        \n                    <\/div>\n\n    \n\n<\/div>\n\n\n\n\n<p><\/p>\n","protected":false},"excerpt":{"rendered":"<p>Mientras sus ciudadanos se preparan para celebrar los 30 a\u00f1os de su autoproclamada independencia, Somaliland [&hellip;]<\/p>\n","protected":false},"author":365,"featured_media":44670,"comment_status":"closed","ping_status":"closed","sticky":false,"template":"","format":"standard","meta":{"_acf_changed":false,"footnotes":""},"categories":[4856],"tags":[],"goal":[2130],"class_list":["post-44675","post","type-post","status-publish","format-standard","has-post-thumbnail","hentry","category-actualites-es","goal-interfaz-puerto-ciudad"],"acf":[],"yoast_head":"<!-- This site is optimized with the Yoast SEO plugin v26.8 - https:\/\/yoast.com\/product\/yoast-seo-wordpress\/ -->\n<title>Desarrollo \u201cpuerto-ciudad\u201d, un medio para abrirse al mundo: el caso del Somaliland - AIVP<\/title>\n<meta name=\"robots\" content=\"index, follow, max-snippet:-1, max-image-preview:large, max-video-preview:-1\" \/>\n<link rel=\"canonical\" href=\"https:\/\/www.aivp.org\/es\/newsroom\/desarrollo-puerto-ciudad-un-medio-para-abrirse-al-mundo-el-caso-del-somaliland\/\" \/>\n<meta property=\"og:locale\" content=\"es_ES\" \/>\n<meta property=\"og:type\" content=\"article\" \/>\n<meta property=\"og:title\" content=\"Desarrollo \u201cpuerto-ciudad\u201d, un medio para abrirse al mundo: el caso del Somaliland - AIVP\" \/>\n<meta property=\"og:description\" content=\"Mientras sus ciudadanos se preparan para celebrar los 30 a\u00f1os de su autoproclamada independencia, Somaliland [&hellip;]\" \/>\n<meta property=\"og:url\" content=\"https:\/\/www.aivp.org\/es\/newsroom\/desarrollo-puerto-ciudad-un-medio-para-abrirse-al-mundo-el-caso-del-somaliland\/\" \/>\n<meta property=\"og:site_name\" content=\"AIVP\" \/>\n<meta property=\"article:published_time\" content=\"2021-05-19T14:45:21+00:00\" \/>\n<meta property=\"article:modified_time\" content=\"2021-05-19T14:45:22+00:00\" \/>\n<meta property=\"og:image\" content=\"https:\/\/www.aivp.org\/wp-content\/uploads\/2021\/05\/Berbera-port.png\" \/>\n\t<meta property=\"og:image:width\" content=\"1080\" \/>\n\t<meta property=\"og:image:height\" content=\"576\" \/>\n\t<meta property=\"og:image:type\" content=\"image\/png\" \/>\n<meta name=\"author\" content=\"Laureen Goletto\" \/>\n<meta name=\"twitter:card\" content=\"summary_large_image\" \/>\n<meta name=\"twitter:label1\" content=\"Escrito por\" \/>\n\t<meta name=\"twitter:data1\" content=\"Laureen Goletto\" \/>\n\t<meta name=\"twitter:label2\" content=\"Tiempo de lectura\" \/>\n\t<meta name=\"twitter:data2\" content=\"1 minuto\" \/>\n<script type=\"application\/ld+json\" class=\"yoast-schema-graph\">{\"@context\":\"https:\/\/schema.org\",\"@graph\":[{\"@type\":\"Article\",\"@id\":\"https:\/\/www.aivp.org\/es\/newsroom\/desarrollo-puerto-ciudad-un-medio-para-abrirse-al-mundo-el-caso-del-somaliland\/#article\",\"isPartOf\":{\"@id\":\"https:\/\/www.aivp.org\/es\/newsroom\/desarrollo-puerto-ciudad-un-medio-para-abrirse-al-mundo-el-caso-del-somaliland\/\"},\"author\":{\"name\":\"Laureen Goletto\",\"@id\":\"https:\/\/www.aivp.org\/es\/#\/schema\/person\/c545564904b9451e7a1a8b3a71f10f8c\"},\"headline\":\"Desarrollo \u201cpuerto-ciudad\u201d, un medio para abrirse al mundo: el caso del Somaliland\",\"datePublished\":\"2021-05-19T14:45:21+00:00\",\"dateModified\":\"2021-05-19T14:45:22+00:00\",\"mainEntityOfPage\":{\"@id\":\"https:\/\/www.aivp.org\/es\/newsroom\/desarrollo-puerto-ciudad-un-medio-para-abrirse-al-mundo-el-caso-del-somaliland\/\"},\"wordCount\":166,\"publisher\":{\"@id\":\"https:\/\/www.aivp.org\/es\/#organization\"},\"image\":{\"@id\":\"https:\/\/www.aivp.org\/es\/newsroom\/desarrollo-puerto-ciudad-un-medio-para-abrirse-al-mundo-el-caso-del-somaliland\/#primaryimage\"},\"thumbnailUrl\":\"https:\/\/www.aivp.org\/wp-content\/uploads\/2021\/05\/Berbera-port.png\",\"articleSection\":[\"Noticias\"],\"inLanguage\":\"es\"},{\"@type\":\"WebPage\",\"@id\":\"https:\/\/www.aivp.org\/es\/newsroom\/desarrollo-puerto-ciudad-un-medio-para-abrirse-al-mundo-el-caso-del-somaliland\/\",\"url\":\"https:\/\/www.aivp.org\/es\/newsroom\/desarrollo-puerto-ciudad-un-medio-para-abrirse-al-mundo-el-caso-del-somaliland\/\",\"name\":\"Desarrollo \u201cpuerto-ciudad\u201d, un medio para abrirse al mundo: el caso del Somaliland - AIVP\",\"isPartOf\":{\"@id\":\"https:\/\/www.aivp.org\/es\/#website\"},\"primaryImageOfPage\":{\"@id\":\"https:\/\/www.aivp.org\/es\/newsroom\/desarrollo-puerto-ciudad-un-medio-para-abrirse-al-mundo-el-caso-del-somaliland\/#primaryimage\"},\"image\":{\"@id\":\"https:\/\/www.aivp.org\/es\/newsroom\/desarrollo-puerto-ciudad-un-medio-para-abrirse-al-mundo-el-caso-del-somaliland\/#primaryimage\"},\"thumbnailUrl\":\"https:\/\/www.aivp.org\/wp-content\/uploads\/2021\/05\/Berbera-port.png\",\"datePublished\":\"2021-05-19T14:45:21+00:00\",\"dateModified\":\"2021-05-19T14:45:22+00:00\",\"breadcrumb\":{\"@id\":\"https:\/\/www.aivp.org\/es\/newsroom\/desarrollo-puerto-ciudad-un-medio-para-abrirse-al-mundo-el-caso-del-somaliland\/#breadcrumb\"},\"inLanguage\":\"es\",\"potentialAction\":[{\"@type\":\"ReadAction\",\"target\":[\"https:\/\/www.aivp.org\/es\/newsroom\/desarrollo-puerto-ciudad-un-medio-para-abrirse-al-mundo-el-caso-del-somaliland\/\"]}]},{\"@type\":\"ImageObject\",\"inLanguage\":\"es\",\"@id\":\"https:\/\/www.aivp.org\/es\/newsroom\/desarrollo-puerto-ciudad-un-medio-para-abrirse-al-mundo-el-caso-del-somaliland\/#primaryimage\",\"url\":\"https:\/\/www.aivp.org\/wp-content\/uploads\/2021\/05\/Berbera-port.png\",\"contentUrl\":\"https:\/\/www.aivp.org\/wp-content\/uploads\/2021\/05\/Berbera-port.png\",\"width\":1080,\"height\":576},{\"@type\":\"BreadcrumbList\",\"@id\":\"https:\/\/www.aivp.org\/es\/newsroom\/desarrollo-puerto-ciudad-un-medio-para-abrirse-al-mundo-el-caso-del-somaliland\/#breadcrumb\",\"itemListElement\":[{\"@type\":\"ListItem\",\"position\":1,\"name\":\"Home\",\"item\":\"https:\/\/www.aivp.org\/es\/\"},{\"@type\":\"ListItem\",\"position\":2,\"name\":\"Desarrollo \u201cpuerto-ciudad\u201d, un medio para abrirse al mundo: el caso del Somaliland\"}]},{\"@type\":\"WebSite\",\"@id\":\"https:\/\/www.aivp.org\/es\/#website\",\"url\":\"https:\/\/www.aivp.org\/es\/\",\"name\":\"AIVP\",\"description\":\"Inspiring people of port cities\",\"publisher\":{\"@id\":\"https:\/\/www.aivp.org\/es\/#organization\"},\"potentialAction\":[{\"@type\":\"SearchAction\",\"target\":{\"@type\":\"EntryPoint\",\"urlTemplate\":\"https:\/\/www.aivp.org\/es\/?s={search_term_string}\"},\"query-input\":{\"@type\":\"PropertyValueSpecification\",\"valueRequired\":true,\"valueName\":\"search_term_string\"}}],\"inLanguage\":\"es\"},{\"@type\":\"Organization\",\"@id\":\"https:\/\/www.aivp.org\/es\/#organization\",\"name\":\"AIVP\",\"url\":\"https:\/\/www.aivp.org\/es\/\",\"logo\":{\"@type\":\"ImageObject\",\"inLanguage\":\"es\",\"@id\":\"https:\/\/www.aivp.org\/es\/#\/schema\/logo\/image\/\",\"url\":\"https:\/\/www.aivp.org\/wp-content\/uploads\/2020\/07\/cropped-favicon.png\",\"contentUrl\":\"https:\/\/www.aivp.org\/wp-content\/uploads\/2020\/07\/cropped-favicon.png\",\"width\":512,\"height\":512,\"caption\":\"AIVP\"},\"image\":{\"@id\":\"https:\/\/www.aivp.org\/es\/#\/schema\/logo\/image\/\"}},{\"@type\":\"Person\",\"@id\":\"https:\/\/www.aivp.org\/es\/#\/schema\/person\/c545564904b9451e7a1a8b3a71f10f8c\",\"name\":\"Laureen Goletto\",\"image\":{\"@type\":\"ImageObject\",\"inLanguage\":\"es\",\"@id\":\"https:\/\/www.aivp.org\/es\/#\/schema\/person\/image\/\",\"url\":\"https:\/\/secure.gravatar.com\/avatar\/ecae96b204ed3bb686c0d374845ddfa1?s=96&d=mm&r=g\",\"contentUrl\":\"https:\/\/secure.gravatar.com\/avatar\/ecae96b204ed3bb686c0d374845ddfa1?s=96&d=mm&r=g\",\"caption\":\"Laureen Goletto\"},\"url\":\"https:\/\/www.aivp.org\/es\/newsroom\/author\/lgolettoaivp-org\/\"}]}<\/script>\n<!-- \/ Yoast SEO plugin. -->","yoast_head_json":{"title":"Desarrollo \u201cpuerto-ciudad\u201d, un medio para abrirse al mundo: el caso del Somaliland - AIVP","robots":{"index":"index","follow":"follow","max-snippet":"max-snippet:-1","max-image-preview":"max-image-preview:large","max-video-preview":"max-video-preview:-1"},"canonical":"https:\/\/www.aivp.org\/es\/newsroom\/desarrollo-puerto-ciudad-un-medio-para-abrirse-al-mundo-el-caso-del-somaliland\/","og_locale":"es_ES","og_type":"article","og_title":"Desarrollo \u201cpuerto-ciudad\u201d, un medio para abrirse al mundo: el caso del Somaliland - AIVP","og_description":"Mientras sus ciudadanos se preparan para celebrar los 30 a\u00f1os de su autoproclamada independencia, Somaliland [&hellip;]","og_url":"https:\/\/www.aivp.org\/es\/newsroom\/desarrollo-puerto-ciudad-un-medio-para-abrirse-al-mundo-el-caso-del-somaliland\/","og_site_name":"AIVP","article_published_time":"2021-05-19T14:45:21+00:00","article_modified_time":"2021-05-19T14:45:22+00:00","og_image":[{"width":1080,"height":576,"url":"https:\/\/www.aivp.org\/wp-content\/uploads\/2021\/05\/Berbera-port.png","type":"image\/png"}],"author":"Laureen Goletto","twitter_card":"summary_large_image","twitter_misc":{"Escrito por":"Laureen Goletto","Tiempo de lectura":"1 minuto"},"schema":{"@context":"https:\/\/schema.org","@graph":[{"@type":"Article","@id":"https:\/\/www.aivp.org\/es\/newsroom\/desarrollo-puerto-ciudad-un-medio-para-abrirse-al-mundo-el-caso-del-somaliland\/#article","isPartOf":{"@id":"https:\/\/www.aivp.org\/es\/newsroom\/desarrollo-puerto-ciudad-un-medio-para-abrirse-al-mundo-el-caso-del-somaliland\/"},"author":{"name":"Laureen Goletto","@id":"https:\/\/www.aivp.org\/es\/#\/schema\/person\/c545564904b9451e7a1a8b3a71f10f8c"},"headline":"Desarrollo \u201cpuerto-ciudad\u201d, un medio para abrirse al mundo: el caso del Somaliland","datePublished":"2021-05-19T14:45:21+00:00","dateModified":"2021-05-19T14:45:22+00:00","mainEntityOfPage":{"@id":"https:\/\/www.aivp.org\/es\/newsroom\/desarrollo-puerto-ciudad-un-medio-para-abrirse-al-mundo-el-caso-del-somaliland\/"},"wordCount":166,"publisher":{"@id":"https:\/\/www.aivp.org\/es\/#organization"},"image":{"@id":"https:\/\/www.aivp.org\/es\/newsroom\/desarrollo-puerto-ciudad-un-medio-para-abrirse-al-mundo-el-caso-del-somaliland\/#primaryimage"},"thumbnailUrl":"https:\/\/www.aivp.org\/wp-content\/uploads\/2021\/05\/Berbera-port.png","articleSection":["Noticias"],"inLanguage":"es"},{"@type":"WebPage","@id":"https:\/\/www.aivp.org\/es\/newsroom\/desarrollo-puerto-ciudad-un-medio-para-abrirse-al-mundo-el-caso-del-somaliland\/","url":"https:\/\/www.aivp.org\/es\/newsroom\/desarrollo-puerto-ciudad-un-medio-para-abrirse-al-mundo-el-caso-del-somaliland\/","name":"Desarrollo \u201cpuerto-ciudad\u201d, un medio para abrirse al mundo: el caso del Somaliland - AIVP","isPartOf":{"@id":"https:\/\/www.aivp.org\/es\/#website"},"primaryImageOfPage":{"@id":"https:\/\/www.aivp.org\/es\/newsroom\/desarrollo-puerto-ciudad-un-medio-para-abrirse-al-mundo-el-caso-del-somaliland\/#primaryimage"},"image":{"@id":"https:\/\/www.aivp.org\/es\/newsroom\/desarrollo-puerto-ciudad-un-medio-para-abrirse-al-mundo-el-caso-del-somaliland\/#primaryimage"},"thumbnailUrl":"https:\/\/www.aivp.org\/wp-content\/uploads\/2021\/05\/Berbera-port.png","datePublished":"2021-05-19T14:45:21+00:00","dateModified":"2021-05-19T14:45:22+00:00","breadcrumb":{"@id":"https:\/\/www.aivp.org\/es\/newsroom\/desarrollo-puerto-ciudad-un-medio-para-abrirse-al-mundo-el-caso-del-somaliland\/#breadcrumb"},"inLanguage":"es","potentialAction":[{"@type":"ReadAction","target":["https:\/\/www.aivp.org\/es\/newsroom\/desarrollo-puerto-ciudad-un-medio-para-abrirse-al-mundo-el-caso-del-somaliland\/"]}]},{"@type":"ImageObject","inLanguage":"es","@id":"https:\/\/www.aivp.org\/es\/newsroom\/desarrollo-puerto-ciudad-un-medio-para-abrirse-al-mundo-el-caso-del-somaliland\/#primaryimage","url":"https:\/\/www.aivp.org\/wp-content\/uploads\/2021\/05\/Berbera-port.png","contentUrl":"https:\/\/www.aivp.org\/wp-content\/uploads\/2021\/05\/Berbera-port.png","width":1080,"height":576},{"@type":"BreadcrumbList","@id":"https:\/\/www.aivp.org\/es\/newsroom\/desarrollo-puerto-ciudad-un-medio-para-abrirse-al-mundo-el-caso-del-somaliland\/#breadcrumb","itemListElement":[{"@type":"ListItem","position":1,"name":"Home","item":"https:\/\/www.aivp.org\/es\/"},{"@type":"ListItem","position":2,"name":"Desarrollo \u201cpuerto-ciudad\u201d, un medio para abrirse al mundo: el caso del Somaliland"}]},{"@type":"WebSite","@id":"https:\/\/www.aivp.org\/es\/#website","url":"https:\/\/www.aivp.org\/es\/","name":"AIVP","description":"Inspiring people of port cities","publisher":{"@id":"https:\/\/www.aivp.org\/es\/#organization"},"potentialAction":[{"@type":"SearchAction","target":{"@type":"EntryPoint","urlTemplate":"https:\/\/www.aivp.org\/es\/?s={search_term_string}"},"query-input":{"@type":"PropertyValueSpecification","valueRequired":true,"valueName":"search_term_string"}}],"inLanguage":"es"},{"@type":"Organization","@id":"https:\/\/www.aivp.org\/es\/#organization","name":"AIVP","url":"https:\/\/www.aivp.org\/es\/","logo":{"@type":"ImageObject","inLanguage":"es","@id":"https:\/\/www.aivp.org\/es\/#\/schema\/logo\/image\/","url":"https:\/\/www.aivp.org\/wp-content\/uploads\/2020\/07\/cropped-favicon.png","contentUrl":"https:\/\/www.aivp.org\/wp-content\/uploads\/2020\/07\/cropped-favicon.png","width":512,"height":512,"caption":"AIVP"},"image":{"@id":"https:\/\/www.aivp.org\/es\/#\/schema\/logo\/image\/"}},{"@type":"Person","@id":"https:\/\/www.aivp.org\/es\/#\/schema\/person\/c545564904b9451e7a1a8b3a71f10f8c","name":"Laureen Goletto","image":{"@type":"ImageObject","inLanguage":"es","@id":"https:\/\/www.aivp.org\/es\/#\/schema\/person\/image\/","url":"https:\/\/secure.gravatar.com\/avatar\/ecae96b204ed3bb686c0d374845ddfa1?s=96&d=mm&r=g","contentUrl":"https:\/\/secure.gravatar.com\/avatar\/ecae96b204ed3bb686c0d374845ddfa1?s=96&d=mm&r=g","caption":"Laureen Goletto"},"url":"https:\/\/www.aivp.org\/es\/newsroom\/author\/lgolettoaivp-org\/"}]}},"featured_image_url":"https:\/\/www.aivp.org\/wp-content\/uploads\/2021\/05\/Berbera-port.png","_links":{"self":[{"href":"https:\/\/www.aivp.org\/es\/wp-json\/wp\/v2\/posts\/44675","targetHints":{"allow":["GET"]}}],"collection":[{"href":"https:\/\/www.aivp.org\/es\/wp-json\/wp\/v2\/posts"}],"about":[{"href":"https:\/\/www.aivp.org\/es\/wp-json\/wp\/v2\/types\/post"}],"author":[{"embeddable":true,"href":"https:\/\/www.aivp.org\/es\/wp-json\/wp\/v2\/users\/365"}],"replies":[{"embeddable":true,"href":"https:\/\/www.aivp.org\/es\/wp-json\/wp\/v2\/comments?post=44675"}],"version-history":[{"count":0,"href":"https:\/\/www.aivp.org\/es\/wp-json\/wp\/v2\/posts\/44675\/revisions"}],"wp:featuredmedia":[{"embeddable":true,"href":"https:\/\/www.aivp.org\/es\/wp-json\/wp\/v2\/media\/44670"}],"wp:attachment":[{"href":"https:\/\/www.aivp.org\/es\/wp-json\/wp\/v2\/media?parent=44675"}],"wp:term":[{"taxonomy":"category","embeddable":true,"href":"https:\/\/www.aivp.org\/es\/wp-json\/wp\/v2\/categories?post=44675"},{"taxonomy":"post_tag","embeddable":true,"href":"https:\/\/www.aivp.org\/es\/wp-json\/wp\/v2\/tags?post=44675"},{"taxonomy":"goal","embeddable":true,"href":"https:\/\/www.aivp.org\/es\/wp-json\/wp\/v2\/goal?post=44675"}],"curies":[{"name":"wp","href":"https:\/\/api.w.org\/{rel}","templated":true}]}}