{"id":67942,"date":"2021-11-03T10:23:54","date_gmt":"2021-11-03T09:23:54","guid":{"rendered":"https:\/\/www.aivp.org\/?p=67942"},"modified":"2021-11-05T18:32:44","modified_gmt":"2021-11-05T17:32:44","slug":"los-miembros-aivp-apoyan-el-call-to-action-for-shipping-decarbonization","status":"publish","type":"post","link":"https:\/\/www.aivp.org\/es\/newsroom\/los-miembros-aivp-apoyan-el-call-to-action-for-shipping-decarbonization\/","title":{"rendered":"Los miembros AIVP apoyan el \u201cCall to Action for Shipping Decarbonization\u201d"},"content":{"rendered":"\n<p>La iniciativa impulsada por la Coalici\u00f3n \u201cGetting to Zero\u201d en colaboraci\u00f3n con el Foro Mar\u00edtimo Mundial, el Foro Econ\u00f3mico Mundial y Friends of Ocean Action, hace un llamamiento a las organizaciones p\u00fablicas y privadas de los sectores mar\u00edtimo, energ\u00e9tico y financiero para acelerar la transici\u00f3n energ\u00e9tica del transporte internacional y alcanzar el objetivo de cero emisiones en 2050. Esta llamada a la acci\u00f3n se presentar\u00e1 en la Conferencia de las Naciones Unidas sobre el Cambio Clim\u00e1tico (COP26) que se celebra esta semana en Glasgow (Escocia). Entre las 200 instituciones firmantes se encuentran 15 puertos, entre ellos los puertos de Algeciras, \u00c1msterdam, Amberes, Barcelona, Londres, Montreal, R\u00f3terdam, Valencia y Vancouver, todos miembros AIVP. La transici\u00f3n energ\u00e9tica ser\u00e1 el tema principal de la mesa redonda de alto nivel que se organizar\u00e1 durante los Encuentros AIVP en Bruselas los pr\u00f3ximos 25 y 26 de noviembre.<\/p>\n\n\n<div class=\"row lien-article\">\n    <div class=\"col-12\">\n        \n                    <div class=\"position-relative anime-in-view link-container\">\n\n                            <a href=\"https:\/\/www.globalmaritimeforum.org\/getting-to-zero-coalition\/call-to-action\" target=\"_blank\">Getting to Zero Coalition<\/a>\n\n                            <img decoding=\"async\" class=\"position-absolute image-de-fond\" src=\"https:\/\/www.aivp.org\/wp-content\/themes\/lmc-aivp\/img\/link.svg\">\n\n                    <\/div>\n                                        \n                \n                    <div class=\"position-relative anime-in-view link-container\">\n\n                            <a href=\"https:\/\/www.globalmaritimeforum.org\/content\/2021\/09\/Call-to-Action-for-Shipping-Decarbonization.pdf\" target=\"_blank\">Call to Action for Shipping  Decarbonization<\/a>\n\n                            <img decoding=\"async\" class=\"position-absolute image-de-fond\" src=\"https:\/\/www.aivp.org\/wp-content\/themes\/lmc-aivp\/img\/link.svg\">\n\n                    <\/div>\n                                        \n                \n                    <div class=\"position-relative anime-in-view link-container\">\n\n                            <a href=\"https:\/\/www.port-montreal.com\/en\/the-port-of-montreal\/news\/news\/press-release\/call-to-action\" target=\"_blank\">Port of Montreal<\/a>\n\n                            <img decoding=\"async\" class=\"position-absolute image-de-fond\" src=\"https:\/\/www.aivp.org\/wp-content\/themes\/lmc-aivp\/img\/link.svg\">\n\n                    <\/div>\n                                        \n                \n                    <div class=\"position-relative anime-in-view link-container\">\n\n                            <a href=\"https:\/\/www.valenciaport.com\/en\/valenciaport-joins-the-group-of-15-ports-asking-governments-for-a-greater-commitment-to-the-decarbonisation-of-maritime-transport\/\" target=\"_blank\">Valenciaport<\/a>\n\n                            <img decoding=\"async\" class=\"position-absolute image-de-fond\" src=\"https:\/\/www.aivp.org\/wp-content\/themes\/lmc-aivp\/img\/link.svg\">\n\n                    <\/div>\n                                        \n                    <\/div>\n\n    \n\n<\/div>\n\n","protected":false},"excerpt":{"rendered":"<p>La iniciativa impulsada por la Coalici\u00f3n \u201cGetting to Zero\u201d en colaboraci\u00f3n con el Foro Mar\u00edtimo [&hellip;]<\/p>\n","protected":false},"author":14,"featured_media":67937,"comment_status":"closed","ping_status":"closed","sticky":false,"template":"","format":"standard","meta":{"_acf_changed":false,"footnotes":""},"categories":[],"tags":[3555,251,2140,3569,2253,248,3542,2067,270,397,2337,1974,2244],"goal":[2126,2134,2127],"class_list":["post-67942","post","type-post","status-publish","format-standard","has-post-thumbnail","hentry","tag-algeciras-es-2","tag-amberes","tag-amsterdam-3","tag-barcelona-es","tag-canada-3","tag-espana","tag-londres-es-2","tag-montreal-3","tag-paises-bajos","tag-reino-unido","tag-roterdam-2","tag-valencia-es-2","tag-vancouver-3","goal-cambio-climatico","goal-salud-y-calidad-de-vida","goal-transicion-energetica-y-economia-circular"],"acf":[],"yoast_head":"<!-- This site is optimized with the Yoast SEO plugin v26.8 - https:\/\/yoast.com\/product\/yoast-seo-wordpress\/ -->\n<title>Los miembros AIVP apoyan el \u201cCall to Action for Shipping Decarbonization\u201d - AIVP<\/title>\n<meta name=\"robots\" content=\"index, follow, max-snippet:-1, max-image-preview:large, max-video-preview:-1\" \/>\n<link rel=\"canonical\" href=\"https:\/\/www.aivp.org\/es\/newsroom\/los-miembros-aivp-apoyan-el-call-to-action-for-shipping-decarbonization\/\" \/>\n<meta property=\"og:locale\" content=\"es_ES\" \/>\n<meta property=\"og:type\" content=\"article\" \/>\n<meta property=\"og:title\" content=\"Los miembros AIVP apoyan el \u201cCall to Action for Shipping Decarbonization\u201d - AIVP\" \/>\n<meta property=\"og:description\" content=\"La iniciativa impulsada por la Coalici\u00f3n \u201cGetting to Zero\u201d en colaboraci\u00f3n con el Foro Mar\u00edtimo [&hellip;]\" \/>\n<meta property=\"og:url\" content=\"https:\/\/www.aivp.org\/es\/newsroom\/los-miembros-aivp-apoyan-el-call-to-action-for-shipping-decarbonization\/\" \/>\n<meta property=\"og:site_name\" content=\"AIVP\" \/>\n<meta property=\"article:published_time\" content=\"2021-11-03T09:23:54+00:00\" \/>\n<meta property=\"article:modified_time\" content=\"2021-11-05T17:32:44+00:00\" \/>\n<meta property=\"og:image\" content=\"https:\/\/www.aivp.org\/wp-content\/uploads\/2021\/11\/Valencia_js_2021nov03.jpg\" \/>\n\t<meta property=\"og:image:width\" content=\"2000\" \/>\n\t<meta property=\"og:image:height\" content=\"1200\" \/>\n\t<meta property=\"og:image:type\" content=\"image\/jpeg\" \/>\n<meta name=\"author\" content=\"Jos\u00e9 SANCHEZ\" \/>\n<meta name=\"twitter:card\" content=\"summary_large_image\" \/>\n<meta name=\"twitter:label1\" content=\"Escrito por\" \/>\n\t<meta name=\"twitter:data1\" content=\"Jos\u00e9 SANCHEZ\" \/>\n\t<meta name=\"twitter:label2\" content=\"Tiempo de lectura\" \/>\n\t<meta name=\"twitter:data2\" content=\"1 minuto\" \/>\n<script type=\"application\/ld+json\" class=\"yoast-schema-graph\">{\"@context\":\"https:\/\/schema.org\",\"@graph\":[{\"@type\":\"Article\",\"@id\":\"https:\/\/www.aivp.org\/es\/newsroom\/los-miembros-aivp-apoyan-el-call-to-action-for-shipping-decarbonization\/#article\",\"isPartOf\":{\"@id\":\"https:\/\/www.aivp.org\/es\/newsroom\/los-miembros-aivp-apoyan-el-call-to-action-for-shipping-decarbonization\/\"},\"author\":{\"name\":\"Jos\u00e9 SANCHEZ\",\"@id\":\"https:\/\/www.aivp.org\/es\/#\/schema\/person\/905e0ce025d136d3d3c6b5a51b9c3498\"},\"headline\":\"Los miembros AIVP apoyan el \u201cCall to Action for Shipping Decarbonization\u201d\",\"datePublished\":\"2021-11-03T09:23:54+00:00\",\"dateModified\":\"2021-11-05T17:32:44+00:00\",\"mainEntityOfPage\":{\"@id\":\"https:\/\/www.aivp.org\/es\/newsroom\/los-miembros-aivp-apoyan-el-call-to-action-for-shipping-decarbonization\/\"},\"wordCount\":163,\"publisher\":{\"@id\":\"https:\/\/www.aivp.org\/es\/#organization\"},\"image\":{\"@id\":\"https:\/\/www.aivp.org\/es\/newsroom\/los-miembros-aivp-apoyan-el-call-to-action-for-shipping-decarbonization\/#primaryimage\"},\"thumbnailUrl\":\"https:\/\/www.aivp.org\/wp-content\/uploads\/2021\/11\/Valencia_js_2021nov03.jpg\",\"keywords\":[\"Algeciras\",\"Amberes\",\"Amsterdam\",\"Barcelona\",\"Canad\u00e1\",\"Espa\u00f1a\",\"Londres\",\"Montreal\",\"Pa\u00edses Bajos\",\"Reino Unido\",\"R\u00f3terdam\",\"Valencia\",\"Vancouver\"],\"inLanguage\":\"es\"},{\"@type\":\"WebPage\",\"@id\":\"https:\/\/www.aivp.org\/es\/newsroom\/los-miembros-aivp-apoyan-el-call-to-action-for-shipping-decarbonization\/\",\"url\":\"https:\/\/www.aivp.org\/es\/newsroom\/los-miembros-aivp-apoyan-el-call-to-action-for-shipping-decarbonization\/\",\"name\":\"Los miembros AIVP apoyan el \u201cCall to Action for Shipping Decarbonization\u201d - AIVP\",\"isPartOf\":{\"@id\":\"https:\/\/www.aivp.org\/es\/#website\"},\"primaryImageOfPage\":{\"@id\":\"https:\/\/www.aivp.org\/es\/newsroom\/los-miembros-aivp-apoyan-el-call-to-action-for-shipping-decarbonization\/#primaryimage\"},\"image\":{\"@id\":\"https:\/\/www.aivp.org\/es\/newsroom\/los-miembros-aivp-apoyan-el-call-to-action-for-shipping-decarbonization\/#primaryimage\"},\"thumbnailUrl\":\"https:\/\/www.aivp.org\/wp-content\/uploads\/2021\/11\/Valencia_js_2021nov03.jpg\",\"datePublished\":\"2021-11-03T09:23:54+00:00\",\"dateModified\":\"2021-11-05T17:32:44+00:00\",\"breadcrumb\":{\"@id\":\"https:\/\/www.aivp.org\/es\/newsroom\/los-miembros-aivp-apoyan-el-call-to-action-for-shipping-decarbonization\/#breadcrumb\"},\"inLanguage\":\"es\",\"potentialAction\":[{\"@type\":\"ReadAction\",\"target\":[\"https:\/\/www.aivp.org\/es\/newsroom\/los-miembros-aivp-apoyan-el-call-to-action-for-shipping-decarbonization\/\"]}]},{\"@type\":\"ImageObject\",\"inLanguage\":\"es\",\"@id\":\"https:\/\/www.aivp.org\/es\/newsroom\/los-miembros-aivp-apoyan-el-call-to-action-for-shipping-decarbonization\/#primaryimage\",\"url\":\"https:\/\/www.aivp.org\/wp-content\/uploads\/2021\/11\/Valencia_js_2021nov03.jpg\",\"contentUrl\":\"https:\/\/www.aivp.org\/wp-content\/uploads\/2021\/11\/Valencia_js_2021nov03.jpg\",\"width\":2000,\"height\":1200},{\"@type\":\"BreadcrumbList\",\"@id\":\"https:\/\/www.aivp.org\/es\/newsroom\/los-miembros-aivp-apoyan-el-call-to-action-for-shipping-decarbonization\/#breadcrumb\",\"itemListElement\":[{\"@type\":\"ListItem\",\"position\":1,\"name\":\"Home\",\"item\":\"https:\/\/www.aivp.org\/es\/\"},{\"@type\":\"ListItem\",\"position\":2,\"name\":\"Los miembros AIVP apoyan el \u201cCall to Action for Shipping Decarbonization\u201d\"}]},{\"@type\":\"WebSite\",\"@id\":\"https:\/\/www.aivp.org\/es\/#website\",\"url\":\"https:\/\/www.aivp.org\/es\/\",\"name\":\"AIVP\",\"description\":\"Inspiring people of port cities\",\"publisher\":{\"@id\":\"https:\/\/www.aivp.org\/es\/#organization\"},\"potentialAction\":[{\"@type\":\"SearchAction\",\"target\":{\"@type\":\"EntryPoint\",\"urlTemplate\":\"https:\/\/www.aivp.org\/es\/?s={search_term_string}\"},\"query-input\":{\"@type\":\"PropertyValueSpecification\",\"valueRequired\":true,\"valueName\":\"search_term_string\"}}],\"inLanguage\":\"es\"},{\"@type\":\"Organization\",\"@id\":\"https:\/\/www.aivp.org\/es\/#organization\",\"name\":\"AIVP\",\"url\":\"https:\/\/www.aivp.org\/es\/\",\"logo\":{\"@type\":\"ImageObject\",\"inLanguage\":\"es\",\"@id\":\"https:\/\/www.aivp.org\/es\/#\/schema\/logo\/image\/\",\"url\":\"https:\/\/www.aivp.org\/wp-content\/uploads\/2020\/07\/cropped-favicon.png\",\"contentUrl\":\"https:\/\/www.aivp.org\/wp-content\/uploads\/2020\/07\/cropped-favicon.png\",\"width\":512,\"height\":512,\"caption\":\"AIVP\"},\"image\":{\"@id\":\"https:\/\/www.aivp.org\/es\/#\/schema\/logo\/image\/\"}},{\"@type\":\"Person\",\"@id\":\"https:\/\/www.aivp.org\/es\/#\/schema\/person\/905e0ce025d136d3d3c6b5a51b9c3498\",\"name\":\"Jos\u00e9 SANCHEZ\",\"image\":{\"@type\":\"ImageObject\",\"inLanguage\":\"es\",\"@id\":\"https:\/\/www.aivp.org\/es\/#\/schema\/person\/image\/\",\"url\":\"https:\/\/secure.gravatar.com\/avatar\/8d2eff7ef0ec4c75bd676545f78010c5?s=96&d=mm&r=g\",\"contentUrl\":\"https:\/\/secure.gravatar.com\/avatar\/8d2eff7ef0ec4c75bd676545f78010c5?s=96&d=mm&r=g\",\"caption\":\"Jos\u00e9 SANCHEZ\"},\"sameAs\":[\"http:\/\/hdelepouve@aivp.org\"],\"url\":\"https:\/\/www.aivp.org\/es\/newsroom\/author\/jsanchezaivp-org\/\"}]}<\/script>\n<!-- \/ Yoast SEO plugin. -->","yoast_head_json":{"title":"Los miembros AIVP apoyan el \u201cCall to Action for Shipping Decarbonization\u201d - AIVP","robots":{"index":"index","follow":"follow","max-snippet":"max-snippet:-1","max-image-preview":"max-image-preview:large","max-video-preview":"max-video-preview:-1"},"canonical":"https:\/\/www.aivp.org\/es\/newsroom\/los-miembros-aivp-apoyan-el-call-to-action-for-shipping-decarbonization\/","og_locale":"es_ES","og_type":"article","og_title":"Los miembros AIVP apoyan el \u201cCall to Action for Shipping Decarbonization\u201d - AIVP","og_description":"La iniciativa impulsada por la Coalici\u00f3n \u201cGetting to Zero\u201d en colaboraci\u00f3n con el Foro Mar\u00edtimo [&hellip;]","og_url":"https:\/\/www.aivp.org\/es\/newsroom\/los-miembros-aivp-apoyan-el-call-to-action-for-shipping-decarbonization\/","og_site_name":"AIVP","article_published_time":"2021-11-03T09:23:54+00:00","article_modified_time":"2021-11-05T17:32:44+00:00","og_image":[{"width":2000,"height":1200,"url":"https:\/\/www.aivp.org\/wp-content\/uploads\/2021\/11\/Valencia_js_2021nov03.jpg","type":"image\/jpeg"}],"author":"Jos\u00e9 SANCHEZ","twitter_card":"summary_large_image","twitter_misc":{"Escrito por":"Jos\u00e9 SANCHEZ","Tiempo de lectura":"1 minuto"},"schema":{"@context":"https:\/\/schema.org","@graph":[{"@type":"Article","@id":"https:\/\/www.aivp.org\/es\/newsroom\/los-miembros-aivp-apoyan-el-call-to-action-for-shipping-decarbonization\/#article","isPartOf":{"@id":"https:\/\/www.aivp.org\/es\/newsroom\/los-miembros-aivp-apoyan-el-call-to-action-for-shipping-decarbonization\/"},"author":{"name":"Jos\u00e9 SANCHEZ","@id":"https:\/\/www.aivp.org\/es\/#\/schema\/person\/905e0ce025d136d3d3c6b5a51b9c3498"},"headline":"Los miembros AIVP apoyan el \u201cCall to Action for Shipping Decarbonization\u201d","datePublished":"2021-11-03T09:23:54+00:00","dateModified":"2021-11-05T17:32:44+00:00","mainEntityOfPage":{"@id":"https:\/\/www.aivp.org\/es\/newsroom\/los-miembros-aivp-apoyan-el-call-to-action-for-shipping-decarbonization\/"},"wordCount":163,"publisher":{"@id":"https:\/\/www.aivp.org\/es\/#organization"},"image":{"@id":"https:\/\/www.aivp.org\/es\/newsroom\/los-miembros-aivp-apoyan-el-call-to-action-for-shipping-decarbonization\/#primaryimage"},"thumbnailUrl":"https:\/\/www.aivp.org\/wp-content\/uploads\/2021\/11\/Valencia_js_2021nov03.jpg","keywords":["Algeciras","Amberes","Amsterdam","Barcelona","Canad\u00e1","Espa\u00f1a","Londres","Montreal","Pa\u00edses Bajos","Reino Unido","R\u00f3terdam","Valencia","Vancouver"],"inLanguage":"es"},{"@type":"WebPage","@id":"https:\/\/www.aivp.org\/es\/newsroom\/los-miembros-aivp-apoyan-el-call-to-action-for-shipping-decarbonization\/","url":"https:\/\/www.aivp.org\/es\/newsroom\/los-miembros-aivp-apoyan-el-call-to-action-for-shipping-decarbonization\/","name":"Los miembros AIVP apoyan el \u201cCall to Action for Shipping Decarbonization\u201d - AIVP","isPartOf":{"@id":"https:\/\/www.aivp.org\/es\/#website"},"primaryImageOfPage":{"@id":"https:\/\/www.aivp.org\/es\/newsroom\/los-miembros-aivp-apoyan-el-call-to-action-for-shipping-decarbonization\/#primaryimage"},"image":{"@id":"https:\/\/www.aivp.org\/es\/newsroom\/los-miembros-aivp-apoyan-el-call-to-action-for-shipping-decarbonization\/#primaryimage"},"thumbnailUrl":"https:\/\/www.aivp.org\/wp-content\/uploads\/2021\/11\/Valencia_js_2021nov03.jpg","datePublished":"2021-11-03T09:23:54+00:00","dateModified":"2021-11-05T17:32:44+00:00","breadcrumb":{"@id":"https:\/\/www.aivp.org\/es\/newsroom\/los-miembros-aivp-apoyan-el-call-to-action-for-shipping-decarbonization\/#breadcrumb"},"inLanguage":"es","potentialAction":[{"@type":"ReadAction","target":["https:\/\/www.aivp.org\/es\/newsroom\/los-miembros-aivp-apoyan-el-call-to-action-for-shipping-decarbonization\/"]}]},{"@type":"ImageObject","inLanguage":"es","@id":"https:\/\/www.aivp.org\/es\/newsroom\/los-miembros-aivp-apoyan-el-call-to-action-for-shipping-decarbonization\/#primaryimage","url":"https:\/\/www.aivp.org\/wp-content\/uploads\/2021\/11\/Valencia_js_2021nov03.jpg","contentUrl":"https:\/\/www.aivp.org\/wp-content\/uploads\/2021\/11\/Valencia_js_2021nov03.jpg","width":2000,"height":1200},{"@type":"BreadcrumbList","@id":"https:\/\/www.aivp.org\/es\/newsroom\/los-miembros-aivp-apoyan-el-call-to-action-for-shipping-decarbonization\/#breadcrumb","itemListElement":[{"@type":"ListItem","position":1,"name":"Home","item":"https:\/\/www.aivp.org\/es\/"},{"@type":"ListItem","position":2,"name":"Los miembros AIVP apoyan el \u201cCall to Action for Shipping Decarbonization\u201d"}]},{"@type":"WebSite","@id":"https:\/\/www.aivp.org\/es\/#website","url":"https:\/\/www.aivp.org\/es\/","name":"AIVP","description":"Inspiring people of port cities","publisher":{"@id":"https:\/\/www.aivp.org\/es\/#organization"},"potentialAction":[{"@type":"SearchAction","target":{"@type":"EntryPoint","urlTemplate":"https:\/\/www.aivp.org\/es\/?s={search_term_string}"},"query-input":{"@type":"PropertyValueSpecification","valueRequired":true,"valueName":"search_term_string"}}],"inLanguage":"es"},{"@type":"Organization","@id":"https:\/\/www.aivp.org\/es\/#organization","name":"AIVP","url":"https:\/\/www.aivp.org\/es\/","logo":{"@type":"ImageObject","inLanguage":"es","@id":"https:\/\/www.aivp.org\/es\/#\/schema\/logo\/image\/","url":"https:\/\/www.aivp.org\/wp-content\/uploads\/2020\/07\/cropped-favicon.png","contentUrl":"https:\/\/www.aivp.org\/wp-content\/uploads\/2020\/07\/cropped-favicon.png","width":512,"height":512,"caption":"AIVP"},"image":{"@id":"https:\/\/www.aivp.org\/es\/#\/schema\/logo\/image\/"}},{"@type":"Person","@id":"https:\/\/www.aivp.org\/es\/#\/schema\/person\/905e0ce025d136d3d3c6b5a51b9c3498","name":"Jos\u00e9 SANCHEZ","image":{"@type":"ImageObject","inLanguage":"es","@id":"https:\/\/www.aivp.org\/es\/#\/schema\/person\/image\/","url":"https:\/\/secure.gravatar.com\/avatar\/8d2eff7ef0ec4c75bd676545f78010c5?s=96&d=mm&r=g","contentUrl":"https:\/\/secure.gravatar.com\/avatar\/8d2eff7ef0ec4c75bd676545f78010c5?s=96&d=mm&r=g","caption":"Jos\u00e9 SANCHEZ"},"sameAs":["http:\/\/hdelepouve@aivp.org"],"url":"https:\/\/www.aivp.org\/es\/newsroom\/author\/jsanchezaivp-org\/"}]}},"featured_image_url":"https:\/\/www.aivp.org\/wp-content\/uploads\/2021\/11\/Valencia_js_2021nov03.jpg","_links":{"self":[{"href":"https:\/\/www.aivp.org\/es\/wp-json\/wp\/v2\/posts\/67942","targetHints":{"allow":["GET"]}}],"collection":[{"href":"https:\/\/www.aivp.org\/es\/wp-json\/wp\/v2\/posts"}],"about":[{"href":"https:\/\/www.aivp.org\/es\/wp-json\/wp\/v2\/types\/post"}],"author":[{"embeddable":true,"href":"https:\/\/www.aivp.org\/es\/wp-json\/wp\/v2\/users\/14"}],"replies":[{"embeddable":true,"href":"https:\/\/www.aivp.org\/es\/wp-json\/wp\/v2\/comments?post=67942"}],"version-history":[{"count":1,"href":"https:\/\/www.aivp.org\/es\/wp-json\/wp\/v2\/posts\/67942\/revisions"}],"predecessor-version":[{"id":67944,"href":"https:\/\/www.aivp.org\/es\/wp-json\/wp\/v2\/posts\/67942\/revisions\/67944"}],"wp:featuredmedia":[{"embeddable":true,"href":"https:\/\/www.aivp.org\/es\/wp-json\/wp\/v2\/media\/67937"}],"wp:attachment":[{"href":"https:\/\/www.aivp.org\/es\/wp-json\/wp\/v2\/media?parent=67942"}],"wp:term":[{"taxonomy":"category","embeddable":true,"href":"https:\/\/www.aivp.org\/es\/wp-json\/wp\/v2\/categories?post=67942"},{"taxonomy":"post_tag","embeddable":true,"href":"https:\/\/www.aivp.org\/es\/wp-json\/wp\/v2\/tags?post=67942"},{"taxonomy":"goal","embeddable":true,"href":"https:\/\/www.aivp.org\/es\/wp-json\/wp\/v2\/goal?post=67942"}],"curies":[{"name":"wp","href":"https:\/\/api.w.org\/{rel}","templated":true}]}}