{"id":76116,"date":"2022-05-04T16:41:59","date_gmt":"2022-05-04T14:41:59","guid":{"rendered":"https:\/\/www.aivp.org\/?p=76116"},"modified":"2022-05-09T11:40:27","modified_gmt":"2022-05-09T09:40:27","slug":"la-17a-conferencia-mundial-ciudades-y-puertos-esta-disponible-en-modo-remoto","status":"publish","type":"post","link":"https:\/\/www.aivp.org\/es\/newsroom\/la-17a-conferencia-mundial-ciudades-y-puertos-esta-disponible-en-modo-remoto\/","title":{"rendered":"La 17\u00aa Conferencia Mundial Ciudades y Puertos est\u00e1 disponible en modo remoto"},"content":{"rendered":"\n<p><strong>\u00bfNo puede viajar a T\u00e1nger del 11 al 13 de mayo&nbsp;para la 17\u00aa Conferencia Mundial Ciudades &amp; Puertos de la AIVP ? Reg\u00edstrese en l\u00ednea para acceder a todas las sesiones y&nbsp;networking<\/strong> <\/p>\n\n\n\n<figure class=\"wp-block-image size-full\"><img loading=\"lazy\" decoding=\"async\" width=\"590\" height=\"200\" src=\"https:\/\/www.aivp.org\/wp-content\/uploads\/2022\/05\/tanger-NEWSLETTER-banniere-590-\u00d7-200-px-23.png\" alt=\"\" class=\"wp-image-76117\" srcset=\"https:\/\/www.aivp.org\/wp-content\/uploads\/2022\/05\/tanger-NEWSLETTER-banniere-590-\u00d7-200-px-23.png 590w, https:\/\/www.aivp.org\/wp-content\/uploads\/2022\/05\/tanger-NEWSLETTER-banniere-590-\u00d7-200-px-23-255x86.png 255w, https:\/\/www.aivp.org\/wp-content\/uploads\/2022\/05\/tanger-NEWSLETTER-banniere-590-\u00d7-200-px-23-360x122.png 360w, https:\/\/www.aivp.org\/wp-content\/uploads\/2022\/05\/tanger-NEWSLETTER-banniere-590-\u00d7-200-px-23-171x58.png 171w, https:\/\/www.aivp.org\/wp-content\/uploads\/2022\/05\/tanger-NEWSLETTER-banniere-590-\u00d7-200-px-23-548x186.png 548w\" sizes=\"auto, (max-width: 590px) 100vw, 590px\" \/><\/figure>\n\n\n\n<p>Despu\u00e9s de dos a\u00f1os marcados por el Covid, la AIVP propone por primera vez asistir a la&nbsp;<strong>17\u00aa Conferencia Mundial Ciudades &amp; Puertos&nbsp;a distancia.<\/strong>&nbsp;Disponible tanto en directo como en streaming, usted tambi\u00e9n tendr\u00e1 la posibilidad de interactuar.<\/p>\n\n\n\n<p>Gracias a este servicio \u00fanico,&nbsp;tendr\u00e1 acceso a las sesiones de&nbsp;<strong>los d\u00edas 11, 12 de mayo<\/strong>&nbsp;y&nbsp;<strong>13 de mayo por la tarde<\/strong>&nbsp;en directo y podr\u00e1 mantener su acceso al contenido durante 1 a\u00f1o despu\u00e9s del evento a trav\u00e9s de una plataforma dedicada, a la que podr\u00e1n acceder los inscritos a trav\u00e9s de identificadores que se les entregar\u00e1n al inscribirse.&nbsp;&nbsp;&nbsp;La Conferencia se traducir\u00e1 simult\u00e1neamente a 3 idiomas: franc\u00e9s, ingl\u00e9s y espa\u00f1ol.&nbsp;&nbsp;Tambi\u00e9n podr\u00e1 crear redes a trav\u00e9s de la plataforma:<\/p>\n\n\n\n<ul class=\"wp-block-list\"><li>&nbsp;Intercambio con participantes, ponentes y expositores<\/li><li>&nbsp;Reflexionar e intercambiar en foros (para debates entre compa\u00f1eros)<\/li><li>&nbsp;Concertar citas (y hacer una videoconferencia a trav\u00e9s de la plataforma)<\/li><\/ul>\n\n\n\n<p>Por 250 euros (sin IVA) como miembro de la AIVP o 330 euros (sin IVA) para los no miembros de la AIVP, acceda a la conferencia sobre el tema INSPIRAR FUTUROS AZULES, que esperamos aporte algunas respuestas a las grandes cuestiones a las que nos enfrentamos juntos hoy.<\/p>\n\n\n\n<h2 class=\"has-text-align-center has-vivid-cyan-blue-color has-luminous-vivid-amber-background-color has-text-color has-background wp-block-heading\"><a href=\"https:\/\/forms.office.com\/pages\/responsepage.aspx?id=uXJBriaYx0CWaruZng_3vNvVL6fWUFlBhvlonnRmkzZUMVI1MDlQUERRRDc0M0xWNUQwNTlDOFZDQy4u\" target=\"_blank\" rel=\"noreferrer noopener\">Registrarse para el evento<\/a><\/h2>\n\n\n\n<h2 class=\"has-text-align-center has-luminous-vivid-amber-background-color has-background wp-block-heading\"><a href=\"https:\/\/www.aivp.org\/wp-content\/uploads\/2022\/05\/TAN-programme-ES-2.pdf\" target=\"_blank\" rel=\"noreferrer noopener\">Descubra el programa<\/a><\/h2>\n\n\n\n<h2 class=\"has-text-align-center has-vivid-cyan-blue-color has-luminous-vivid-amber-background-color has-text-color has-background wp-block-heading\"><a href=\"https:\/\/www.aivp.org\/es\/eventos\/conferencia-mundial-ciudades-y-puertos\/\" target=\"_blank\" rel=\"noreferrer noopener\">Saber m\u00e1s<\/a><\/h2>\n","protected":false},"excerpt":{"rendered":"<p>\u00bfNo puede viajar a T\u00e1nger del 11 al 13 de mayo para la 17\u00aa Conferencia Mundial Ciudades &#038; Puertos de la AIVP ?<br \/>\nReg\u00edstrese en l\u00ednea para acceder a todas las sesiones y networking<\/p>\n","protected":false},"author":119,"featured_media":76091,"comment_status":"closed","ping_status":"closed","sticky":false,"template":"","format":"standard","meta":{"_acf_changed":false,"footnotes":""},"categories":[4856],"tags":[],"goal":[],"class_list":["post-76116","post","type-post","status-publish","format-standard","has-post-thumbnail","hentry","category-actualites-es"],"acf":[],"yoast_head":"<!-- This site is optimized with the Yoast SEO plugin v26.8 - https:\/\/yoast.com\/product\/yoast-seo-wordpress\/ -->\n<title>La 17\u00aa Conferencia Mundial Ciudades y Puertos est\u00e1 disponible en modo remoto - AIVP<\/title>\n<meta name=\"robots\" content=\"index, follow, max-snippet:-1, max-image-preview:large, max-video-preview:-1\" \/>\n<link rel=\"canonical\" href=\"https:\/\/www.aivp.org\/es\/newsroom\/la-17a-conferencia-mundial-ciudades-y-puertos-esta-disponible-en-modo-remoto\/\" \/>\n<meta property=\"og:locale\" content=\"es_ES\" \/>\n<meta property=\"og:type\" content=\"article\" \/>\n<meta property=\"og:title\" content=\"La 17\u00aa Conferencia Mundial Ciudades y Puertos est\u00e1 disponible en modo remoto - AIVP\" \/>\n<meta property=\"og:description\" content=\"\u00bfNo puede viajar a T\u00e1nger del 11 al 13 de mayo para la 17\u00aa Conferencia Mundial Ciudades &amp; Puertos de la AIVP ? Reg\u00edstrese en l\u00ednea para acceder a todas las sesiones y networking\" \/>\n<meta property=\"og:url\" content=\"https:\/\/www.aivp.org\/es\/newsroom\/la-17a-conferencia-mundial-ciudades-y-puertos-esta-disponible-en-modo-remoto\/\" \/>\n<meta property=\"og:site_name\" content=\"AIVP\" \/>\n<meta property=\"article:published_time\" content=\"2022-05-04T14:41:59+00:00\" \/>\n<meta property=\"article:modified_time\" content=\"2022-05-09T09:40:27+00:00\" \/>\n<meta property=\"og:image\" content=\"https:\/\/www.aivp.org\/wp-content\/uploads\/2022\/05\/AIVP-article-mise-en-avant-720-\u00d7-576-px-10.png\" \/>\n\t<meta property=\"og:image:width\" content=\"720\" \/>\n\t<meta property=\"og:image:height\" content=\"576\" \/>\n\t<meta property=\"og:image:type\" content=\"image\/png\" \/>\n<meta name=\"author\" content=\"Annabelle ODIEVRE\" \/>\n<meta name=\"twitter:card\" content=\"summary_large_image\" \/>\n<meta name=\"twitter:label1\" content=\"Escrito por\" \/>\n\t<meta name=\"twitter:data1\" content=\"Annabelle ODIEVRE\" \/>\n\t<meta name=\"twitter:label2\" content=\"Tiempo de lectura\" \/>\n\t<meta name=\"twitter:data2\" content=\"2 minutos\" \/>\n<script type=\"application\/ld+json\" class=\"yoast-schema-graph\">{\"@context\":\"https:\/\/schema.org\",\"@graph\":[{\"@type\":\"Article\",\"@id\":\"https:\/\/www.aivp.org\/es\/newsroom\/la-17a-conferencia-mundial-ciudades-y-puertos-esta-disponible-en-modo-remoto\/#article\",\"isPartOf\":{\"@id\":\"https:\/\/www.aivp.org\/es\/newsroom\/la-17a-conferencia-mundial-ciudades-y-puertos-esta-disponible-en-modo-remoto\/\"},\"author\":{\"name\":\"Annabelle ODIEVRE\",\"@id\":\"https:\/\/www.aivp.org\/es\/#\/schema\/person\/4c3bfa8c31cc76e9234924366c00ab90\"},\"headline\":\"La 17\u00aa Conferencia Mundial Ciudades y Puertos est\u00e1 disponible en modo remoto\",\"datePublished\":\"2022-05-04T14:41:59+00:00\",\"dateModified\":\"2022-05-09T09:40:27+00:00\",\"mainEntityOfPage\":{\"@id\":\"https:\/\/www.aivp.org\/es\/newsroom\/la-17a-conferencia-mundial-ciudades-y-puertos-esta-disponible-en-modo-remoto\/\"},\"wordCount\":278,\"publisher\":{\"@id\":\"https:\/\/www.aivp.org\/es\/#organization\"},\"image\":{\"@id\":\"https:\/\/www.aivp.org\/es\/newsroom\/la-17a-conferencia-mundial-ciudades-y-puertos-esta-disponible-en-modo-remoto\/#primaryimage\"},\"thumbnailUrl\":\"https:\/\/www.aivp.org\/wp-content\/uploads\/2022\/05\/AIVP-article-mise-en-avant-720-\u00d7-576-px-10.png\",\"articleSection\":[\"Noticias\"],\"inLanguage\":\"es\"},{\"@type\":\"WebPage\",\"@id\":\"https:\/\/www.aivp.org\/es\/newsroom\/la-17a-conferencia-mundial-ciudades-y-puertos-esta-disponible-en-modo-remoto\/\",\"url\":\"https:\/\/www.aivp.org\/es\/newsroom\/la-17a-conferencia-mundial-ciudades-y-puertos-esta-disponible-en-modo-remoto\/\",\"name\":\"La 17\u00aa Conferencia Mundial Ciudades y Puertos est\u00e1 disponible en modo remoto - AIVP\",\"isPartOf\":{\"@id\":\"https:\/\/www.aivp.org\/es\/#website\"},\"primaryImageOfPage\":{\"@id\":\"https:\/\/www.aivp.org\/es\/newsroom\/la-17a-conferencia-mundial-ciudades-y-puertos-esta-disponible-en-modo-remoto\/#primaryimage\"},\"image\":{\"@id\":\"https:\/\/www.aivp.org\/es\/newsroom\/la-17a-conferencia-mundial-ciudades-y-puertos-esta-disponible-en-modo-remoto\/#primaryimage\"},\"thumbnailUrl\":\"https:\/\/www.aivp.org\/wp-content\/uploads\/2022\/05\/AIVP-article-mise-en-avant-720-\u00d7-576-px-10.png\",\"datePublished\":\"2022-05-04T14:41:59+00:00\",\"dateModified\":\"2022-05-09T09:40:27+00:00\",\"breadcrumb\":{\"@id\":\"https:\/\/www.aivp.org\/es\/newsroom\/la-17a-conferencia-mundial-ciudades-y-puertos-esta-disponible-en-modo-remoto\/#breadcrumb\"},\"inLanguage\":\"es\",\"potentialAction\":[{\"@type\":\"ReadAction\",\"target\":[\"https:\/\/www.aivp.org\/es\/newsroom\/la-17a-conferencia-mundial-ciudades-y-puertos-esta-disponible-en-modo-remoto\/\"]}]},{\"@type\":\"ImageObject\",\"inLanguage\":\"es\",\"@id\":\"https:\/\/www.aivp.org\/es\/newsroom\/la-17a-conferencia-mundial-ciudades-y-puertos-esta-disponible-en-modo-remoto\/#primaryimage\",\"url\":\"https:\/\/www.aivp.org\/wp-content\/uploads\/2022\/05\/AIVP-article-mise-en-avant-720-\u00d7-576-px-10.png\",\"contentUrl\":\"https:\/\/www.aivp.org\/wp-content\/uploads\/2022\/05\/AIVP-article-mise-en-avant-720-\u00d7-576-px-10.png\",\"width\":720,\"height\":576,\"caption\":\"Conf\u00e9rence mondiale en distanciel\"},{\"@type\":\"BreadcrumbList\",\"@id\":\"https:\/\/www.aivp.org\/es\/newsroom\/la-17a-conferencia-mundial-ciudades-y-puertos-esta-disponible-en-modo-remoto\/#breadcrumb\",\"itemListElement\":[{\"@type\":\"ListItem\",\"position\":1,\"name\":\"Home\",\"item\":\"https:\/\/www.aivp.org\/es\/\"},{\"@type\":\"ListItem\",\"position\":2,\"name\":\"La 17\u00aa Conferencia Mundial Ciudades y Puertos est\u00e1 disponible en modo remoto\"}]},{\"@type\":\"WebSite\",\"@id\":\"https:\/\/www.aivp.org\/es\/#website\",\"url\":\"https:\/\/www.aivp.org\/es\/\",\"name\":\"AIVP\",\"description\":\"Inspiring people of port cities\",\"publisher\":{\"@id\":\"https:\/\/www.aivp.org\/es\/#organization\"},\"potentialAction\":[{\"@type\":\"SearchAction\",\"target\":{\"@type\":\"EntryPoint\",\"urlTemplate\":\"https:\/\/www.aivp.org\/es\/?s={search_term_string}\"},\"query-input\":{\"@type\":\"PropertyValueSpecification\",\"valueRequired\":true,\"valueName\":\"search_term_string\"}}],\"inLanguage\":\"es\"},{\"@type\":\"Organization\",\"@id\":\"https:\/\/www.aivp.org\/es\/#organization\",\"name\":\"AIVP\",\"url\":\"https:\/\/www.aivp.org\/es\/\",\"logo\":{\"@type\":\"ImageObject\",\"inLanguage\":\"es\",\"@id\":\"https:\/\/www.aivp.org\/es\/#\/schema\/logo\/image\/\",\"url\":\"https:\/\/www.aivp.org\/wp-content\/uploads\/2020\/07\/cropped-favicon.png\",\"contentUrl\":\"https:\/\/www.aivp.org\/wp-content\/uploads\/2020\/07\/cropped-favicon.png\",\"width\":512,\"height\":512,\"caption\":\"AIVP\"},\"image\":{\"@id\":\"https:\/\/www.aivp.org\/es\/#\/schema\/logo\/image\/\"}},{\"@type\":\"Person\",\"@id\":\"https:\/\/www.aivp.org\/es\/#\/schema\/person\/4c3bfa8c31cc76e9234924366c00ab90\",\"name\":\"Annabelle ODIEVRE\",\"image\":{\"@type\":\"ImageObject\",\"inLanguage\":\"es\",\"@id\":\"https:\/\/www.aivp.org\/es\/#\/schema\/person\/image\/\",\"url\":\"https:\/\/secure.gravatar.com\/avatar\/a4b8d446b465afb53045c6aed55b88b6?s=96&d=mm&r=g\",\"contentUrl\":\"https:\/\/secure.gravatar.com\/avatar\/a4b8d446b465afb53045c6aed55b88b6?s=96&d=mm&r=g\",\"caption\":\"Annabelle ODIEVRE\"},\"url\":\"https:\/\/www.aivp.org\/es\/newsroom\/author\/aodievreaivp-org\/\"}]}<\/script>\n<!-- \/ Yoast SEO plugin. -->","yoast_head_json":{"title":"La 17\u00aa Conferencia Mundial Ciudades y Puertos est\u00e1 disponible en modo remoto - AIVP","robots":{"index":"index","follow":"follow","max-snippet":"max-snippet:-1","max-image-preview":"max-image-preview:large","max-video-preview":"max-video-preview:-1"},"canonical":"https:\/\/www.aivp.org\/es\/newsroom\/la-17a-conferencia-mundial-ciudades-y-puertos-esta-disponible-en-modo-remoto\/","og_locale":"es_ES","og_type":"article","og_title":"La 17\u00aa Conferencia Mundial Ciudades y Puertos est\u00e1 disponible en modo remoto - AIVP","og_description":"\u00bfNo puede viajar a T\u00e1nger del 11 al 13 de mayo para la 17\u00aa Conferencia Mundial Ciudades & Puertos de la AIVP ? Reg\u00edstrese en l\u00ednea para acceder a todas las sesiones y networking","og_url":"https:\/\/www.aivp.org\/es\/newsroom\/la-17a-conferencia-mundial-ciudades-y-puertos-esta-disponible-en-modo-remoto\/","og_site_name":"AIVP","article_published_time":"2022-05-04T14:41:59+00:00","article_modified_time":"2022-05-09T09:40:27+00:00","og_image":[{"width":720,"height":576,"url":"https:\/\/www.aivp.org\/wp-content\/uploads\/2022\/05\/AIVP-article-mise-en-avant-720-\u00d7-576-px-10.png","type":"image\/png"}],"author":"Annabelle ODIEVRE","twitter_card":"summary_large_image","twitter_misc":{"Escrito por":"Annabelle ODIEVRE","Tiempo de lectura":"2 minutos"},"schema":{"@context":"https:\/\/schema.org","@graph":[{"@type":"Article","@id":"https:\/\/www.aivp.org\/es\/newsroom\/la-17a-conferencia-mundial-ciudades-y-puertos-esta-disponible-en-modo-remoto\/#article","isPartOf":{"@id":"https:\/\/www.aivp.org\/es\/newsroom\/la-17a-conferencia-mundial-ciudades-y-puertos-esta-disponible-en-modo-remoto\/"},"author":{"name":"Annabelle ODIEVRE","@id":"https:\/\/www.aivp.org\/es\/#\/schema\/person\/4c3bfa8c31cc76e9234924366c00ab90"},"headline":"La 17\u00aa Conferencia Mundial Ciudades y Puertos est\u00e1 disponible en modo remoto","datePublished":"2022-05-04T14:41:59+00:00","dateModified":"2022-05-09T09:40:27+00:00","mainEntityOfPage":{"@id":"https:\/\/www.aivp.org\/es\/newsroom\/la-17a-conferencia-mundial-ciudades-y-puertos-esta-disponible-en-modo-remoto\/"},"wordCount":278,"publisher":{"@id":"https:\/\/www.aivp.org\/es\/#organization"},"image":{"@id":"https:\/\/www.aivp.org\/es\/newsroom\/la-17a-conferencia-mundial-ciudades-y-puertos-esta-disponible-en-modo-remoto\/#primaryimage"},"thumbnailUrl":"https:\/\/www.aivp.org\/wp-content\/uploads\/2022\/05\/AIVP-article-mise-en-avant-720-\u00d7-576-px-10.png","articleSection":["Noticias"],"inLanguage":"es"},{"@type":"WebPage","@id":"https:\/\/www.aivp.org\/es\/newsroom\/la-17a-conferencia-mundial-ciudades-y-puertos-esta-disponible-en-modo-remoto\/","url":"https:\/\/www.aivp.org\/es\/newsroom\/la-17a-conferencia-mundial-ciudades-y-puertos-esta-disponible-en-modo-remoto\/","name":"La 17\u00aa Conferencia Mundial Ciudades y Puertos est\u00e1 disponible en modo remoto - AIVP","isPartOf":{"@id":"https:\/\/www.aivp.org\/es\/#website"},"primaryImageOfPage":{"@id":"https:\/\/www.aivp.org\/es\/newsroom\/la-17a-conferencia-mundial-ciudades-y-puertos-esta-disponible-en-modo-remoto\/#primaryimage"},"image":{"@id":"https:\/\/www.aivp.org\/es\/newsroom\/la-17a-conferencia-mundial-ciudades-y-puertos-esta-disponible-en-modo-remoto\/#primaryimage"},"thumbnailUrl":"https:\/\/www.aivp.org\/wp-content\/uploads\/2022\/05\/AIVP-article-mise-en-avant-720-\u00d7-576-px-10.png","datePublished":"2022-05-04T14:41:59+00:00","dateModified":"2022-05-09T09:40:27+00:00","breadcrumb":{"@id":"https:\/\/www.aivp.org\/es\/newsroom\/la-17a-conferencia-mundial-ciudades-y-puertos-esta-disponible-en-modo-remoto\/#breadcrumb"},"inLanguage":"es","potentialAction":[{"@type":"ReadAction","target":["https:\/\/www.aivp.org\/es\/newsroom\/la-17a-conferencia-mundial-ciudades-y-puertos-esta-disponible-en-modo-remoto\/"]}]},{"@type":"ImageObject","inLanguage":"es","@id":"https:\/\/www.aivp.org\/es\/newsroom\/la-17a-conferencia-mundial-ciudades-y-puertos-esta-disponible-en-modo-remoto\/#primaryimage","url":"https:\/\/www.aivp.org\/wp-content\/uploads\/2022\/05\/AIVP-article-mise-en-avant-720-\u00d7-576-px-10.png","contentUrl":"https:\/\/www.aivp.org\/wp-content\/uploads\/2022\/05\/AIVP-article-mise-en-avant-720-\u00d7-576-px-10.png","width":720,"height":576,"caption":"Conf\u00e9rence mondiale en distanciel"},{"@type":"BreadcrumbList","@id":"https:\/\/www.aivp.org\/es\/newsroom\/la-17a-conferencia-mundial-ciudades-y-puertos-esta-disponible-en-modo-remoto\/#breadcrumb","itemListElement":[{"@type":"ListItem","position":1,"name":"Home","item":"https:\/\/www.aivp.org\/es\/"},{"@type":"ListItem","position":2,"name":"La 17\u00aa Conferencia Mundial Ciudades y Puertos est\u00e1 disponible en modo remoto"}]},{"@type":"WebSite","@id":"https:\/\/www.aivp.org\/es\/#website","url":"https:\/\/www.aivp.org\/es\/","name":"AIVP","description":"Inspiring people of port cities","publisher":{"@id":"https:\/\/www.aivp.org\/es\/#organization"},"potentialAction":[{"@type":"SearchAction","target":{"@type":"EntryPoint","urlTemplate":"https:\/\/www.aivp.org\/es\/?s={search_term_string}"},"query-input":{"@type":"PropertyValueSpecification","valueRequired":true,"valueName":"search_term_string"}}],"inLanguage":"es"},{"@type":"Organization","@id":"https:\/\/www.aivp.org\/es\/#organization","name":"AIVP","url":"https:\/\/www.aivp.org\/es\/","logo":{"@type":"ImageObject","inLanguage":"es","@id":"https:\/\/www.aivp.org\/es\/#\/schema\/logo\/image\/","url":"https:\/\/www.aivp.org\/wp-content\/uploads\/2020\/07\/cropped-favicon.png","contentUrl":"https:\/\/www.aivp.org\/wp-content\/uploads\/2020\/07\/cropped-favicon.png","width":512,"height":512,"caption":"AIVP"},"image":{"@id":"https:\/\/www.aivp.org\/es\/#\/schema\/logo\/image\/"}},{"@type":"Person","@id":"https:\/\/www.aivp.org\/es\/#\/schema\/person\/4c3bfa8c31cc76e9234924366c00ab90","name":"Annabelle ODIEVRE","image":{"@type":"ImageObject","inLanguage":"es","@id":"https:\/\/www.aivp.org\/es\/#\/schema\/person\/image\/","url":"https:\/\/secure.gravatar.com\/avatar\/a4b8d446b465afb53045c6aed55b88b6?s=96&d=mm&r=g","contentUrl":"https:\/\/secure.gravatar.com\/avatar\/a4b8d446b465afb53045c6aed55b88b6?s=96&d=mm&r=g","caption":"Annabelle ODIEVRE"},"url":"https:\/\/www.aivp.org\/es\/newsroom\/author\/aodievreaivp-org\/"}]}},"featured_image_url":"https:\/\/www.aivp.org\/wp-content\/uploads\/2022\/05\/AIVP-article-mise-en-avant-720-\u00d7-576-px-10.png","_links":{"self":[{"href":"https:\/\/www.aivp.org\/es\/wp-json\/wp\/v2\/posts\/76116","targetHints":{"allow":["GET"]}}],"collection":[{"href":"https:\/\/www.aivp.org\/es\/wp-json\/wp\/v2\/posts"}],"about":[{"href":"https:\/\/www.aivp.org\/es\/wp-json\/wp\/v2\/types\/post"}],"author":[{"embeddable":true,"href":"https:\/\/www.aivp.org\/es\/wp-json\/wp\/v2\/users\/119"}],"replies":[{"embeddable":true,"href":"https:\/\/www.aivp.org\/es\/wp-json\/wp\/v2\/comments?post=76116"}],"version-history":[{"count":3,"href":"https:\/\/www.aivp.org\/es\/wp-json\/wp\/v2\/posts\/76116\/revisions"}],"predecessor-version":[{"id":76273,"href":"https:\/\/www.aivp.org\/es\/wp-json\/wp\/v2\/posts\/76116\/revisions\/76273"}],"wp:featuredmedia":[{"embeddable":true,"href":"https:\/\/www.aivp.org\/es\/wp-json\/wp\/v2\/media\/76091"}],"wp:attachment":[{"href":"https:\/\/www.aivp.org\/es\/wp-json\/wp\/v2\/media?parent=76116"}],"wp:term":[{"taxonomy":"category","embeddable":true,"href":"https:\/\/www.aivp.org\/es\/wp-json\/wp\/v2\/categories?post=76116"},{"taxonomy":"post_tag","embeddable":true,"href":"https:\/\/www.aivp.org\/es\/wp-json\/wp\/v2\/tags?post=76116"},{"taxonomy":"goal","embeddable":true,"href":"https:\/\/www.aivp.org\/es\/wp-json\/wp\/v2\/goal?post=76116"}],"curies":[{"name":"wp","href":"https:\/\/api.w.org\/{rel}","templated":true}]}}