{"id":76661,"date":"2022-05-18T17:08:01","date_gmt":"2022-05-18T15:08:01","guid":{"rendered":"https:\/\/www.aivp.org\/?p=76661"},"modified":"2022-05-19T10:48:48","modified_gmt":"2022-05-19T08:48:48","slug":"dia-internacional-de-la-mujer-en-el-sector-maritimo-2022","status":"publish","type":"post","link":"https:\/\/www.aivp.org\/es\/newsroom\/dia-internacional-de-la-mujer-en-el-sector-maritimo-2022\/","title":{"rendered":"D\u00eda internacional de la mujer en el sector mar\u00edtimo 2022"},"content":{"rendered":"\n<p>El 18 de mayo es el D\u00eda Internacional de la Mujer en el Mar, y es la ocasi\u00f3n de destacar a las mujeres de la red AIVP de todo el mundo.<\/p>\n\n\n\n<p>Les hemos planteado las dos preguntas siguientes:<\/p>\n\n\n\n<ol class=\"wp-block-list\" type=\"1\"><li>\u00bfQu\u00e9 es lo que m\u00e1s le gusta de trabajar como mujer en el sector mar\u00edtimo?<\/li><li>\u00bfQu\u00e9 les dir\u00eda a las mujeres m\u00e1s j\u00f3venes que desean incorporarse al sector mar\u00edtimo?<\/li><\/ol>\n\n\n\n<p>Y aqu\u00ed est\u00e1n sus respuestas&#8230;<\/p>\n\n\n<div class=\"block block-deux-colonnes deux-colonnes-engagement pb-6 pt-5 mb-5   bg-white\" id=\"deux-colonnes\">\n\n\t<div class=\"container\">\n\n\t\t<div class=\"row\">\n\n\t\t\t<div class=\"col-12\">\n\t\t\t\t\t\t\t\t\t<h4>Satu AATRA, Planning Manager, Port of Helsinki Ltd. (Finland)<\/h4>\n\t\t\t\t\t\t\t<\/div>\n\t\t\t\n\t\t\t<div class=\"col-lg-6\">\n\t\t\t\t<img loading=\"lazy\" decoding=\"async\" width=\"690\" height=\"690\" src=\"https:\/\/www.aivp.org\/wp-content\/uploads\/2022\/05\/10-690x690.png\" class=\"img-fluid mb-3 anime-in-view\" alt=\"\" srcset=\"https:\/\/www.aivp.org\/wp-content\/uploads\/2022\/05\/10-690x690.png 690w, https:\/\/www.aivp.org\/wp-content\/uploads\/2022\/05\/10-1140x1140.png 1140w, https:\/\/www.aivp.org\/wp-content\/uploads\/2022\/05\/10-150x150.png 150w, https:\/\/www.aivp.org\/wp-content\/uploads\/2022\/05\/10-768x768.png 768w, https:\/\/www.aivp.org\/wp-content\/uploads\/2022\/05\/10-255x255.png 255w, https:\/\/www.aivp.org\/wp-content\/uploads\/2022\/05\/10-360x360.png 360w, https:\/\/www.aivp.org\/wp-content\/uploads\/2022\/05\/10-171x171.png 171w, https:\/\/www.aivp.org\/wp-content\/uploads\/2022\/05\/10-548x548.png 548w, https:\/\/www.aivp.org\/wp-content\/uploads\/2022\/05\/10.png 1200w\" sizes=\"auto, (max-width: 690px) 100vw, 690px\" \/>\n\t\t\t\t<div class=\"anime-in-view\"><p><strong>\u00bfQu\u00e9 les dir\u00eda a las mujeres m\u00e1s j\u00f3venes que desean incorporarse al sector mar\u00edtimo?<\/strong><\/p>\n<blockquote><p>Me gustar\u00eda animar a las mujeres en general a que apliquen sus conocimientos al sector mar\u00edtimo: \u00a1se os necesita!<\/p><\/blockquote>\n<\/div>\n\t\t\t<\/div>\n\n\t\t\t<div class=\"col-lg-6\">\n\t\t\t\t\n\t\t\t\t<div class=\"anime-in-view\"><p><strong>\u00bfQu\u00e9 es lo que m\u00e1s le gusta de trabajar como mujer en el sector mar\u00edtimo?<\/strong><\/p>\n<blockquote><p>El sector mar\u00edtimo requiere muchos tipos de conocimientos y conecta a expertos de diferentes profesiones. Comprender el sector en general y especialmente las dependencias entre las conexiones y operaciones mar\u00edtimas y terrestres es fascinante.<\/p><\/blockquote>\n<\/div>\n\t\t\t<\/div>\n\n\t\t<\/div>\n\n\t<\/div>\n\n<\/div>\n\n<div class=\"block block-deux-colonnes deux-colonnes-engagement pb-6 pt-5 mb-5   bg-white\" id=\"deux-colonnes\">\n\n\t<div class=\"container\">\n\n\t\t<div class=\"row\">\n\n\t\t\t<div class=\"col-12\">\n\t\t\t\t\t\t\t\t\t<h4>Paula COPELAND, Vice President, Engagement &#038; Sustainability, Port Saint John (Canada)<\/h4>\n\t\t\t\t\t\t\t<\/div>\n\t\t\t\n\t\t\t<div class=\"col-lg-6\">\n\t\t\t\t<img loading=\"lazy\" decoding=\"async\" width=\"690\" height=\"690\" src=\"https:\/\/www.aivp.org\/wp-content\/uploads\/2022\/05\/13-690x690.png\" class=\"img-fluid mb-3 anime-in-view\" alt=\"\" srcset=\"https:\/\/www.aivp.org\/wp-content\/uploads\/2022\/05\/13-690x690.png 690w, https:\/\/www.aivp.org\/wp-content\/uploads\/2022\/05\/13-1140x1140.png 1140w, https:\/\/www.aivp.org\/wp-content\/uploads\/2022\/05\/13-150x150.png 150w, https:\/\/www.aivp.org\/wp-content\/uploads\/2022\/05\/13-768x768.png 768w, https:\/\/www.aivp.org\/wp-content\/uploads\/2022\/05\/13-255x255.png 255w, https:\/\/www.aivp.org\/wp-content\/uploads\/2022\/05\/13-360x360.png 360w, https:\/\/www.aivp.org\/wp-content\/uploads\/2022\/05\/13-171x171.png 171w, https:\/\/www.aivp.org\/wp-content\/uploads\/2022\/05\/13-548x548.png 548w, https:\/\/www.aivp.org\/wp-content\/uploads\/2022\/05\/13.png 1200w\" sizes=\"auto, (max-width: 690px) 100vw, 690px\" \/>\n\t\t\t\t<div class=\"anime-in-view\"><p><strong>\u00bfQu\u00e9 les dir\u00eda a las mujeres m\u00e1s j\u00f3venes que desean incorporarse al sector mar\u00edtimo?<\/strong><\/p>\n<blockquote><p>Mi consejo es que te pongas en contacto con alguien del sector para informarte de las infinitas oportunidades que existen, ya sea trabajando en el agua o junto a un puerto o una terminal<em>.<\/em><\/p><\/blockquote>\n<\/div>\n\t\t\t<\/div>\n\n\t\t\t<div class=\"col-lg-6\">\n\t\t\t\t\n\t\t\t\t<div class=\"anime-in-view\"><p><strong>\u00bfQu\u00e9 es lo que m\u00e1s le gusta de trabajar como mujer en el sector mar\u00edtimo?<\/strong><\/p>\n<blockquote><p>Lo mejor de trabajar en el sector mar\u00edtimo es, con diferencia, la diversidad del trabajo y la gente.<\/p><\/blockquote>\n<blockquote><p>&nbsp;<\/p><\/blockquote>\n<\/div>\n\t\t\t<\/div>\n\n\t\t<\/div>\n\n\t<\/div>\n\n<\/div>\n\n<div class=\"block block-deux-colonnes deux-colonnes-engagement pb-6 pt-5 mb-5   bg-white\" id=\"deux-colonnes\">\n\n\t<div class=\"container\">\n\n\t\t<div class=\"row\">\n\n\t\t\t<div class=\"col-12\">\n\t\t\t\t\t\t\t\t\t<h4>Greta DELSALLE MARINI, Directrice LH PORT CENTER, Le Havre (France)<\/h4>\n\t\t\t\t\t\t\t<\/div>\n\t\t\t\n\t\t\t<div class=\"col-lg-6\">\n\t\t\t\t<img loading=\"lazy\" decoding=\"async\" width=\"690\" height=\"690\" src=\"https:\/\/www.aivp.org\/wp-content\/uploads\/2022\/05\/8-690x690.png\" class=\"img-fluid mb-3 anime-in-view\" alt=\"\" srcset=\"https:\/\/www.aivp.org\/wp-content\/uploads\/2022\/05\/8-690x690.png 690w, https:\/\/www.aivp.org\/wp-content\/uploads\/2022\/05\/8-1140x1140.png 1140w, https:\/\/www.aivp.org\/wp-content\/uploads\/2022\/05\/8-150x150.png 150w, https:\/\/www.aivp.org\/wp-content\/uploads\/2022\/05\/8-768x768.png 768w, https:\/\/www.aivp.org\/wp-content\/uploads\/2022\/05\/8-255x255.png 255w, https:\/\/www.aivp.org\/wp-content\/uploads\/2022\/05\/8-360x360.png 360w, https:\/\/www.aivp.org\/wp-content\/uploads\/2022\/05\/8-171x171.png 171w, https:\/\/www.aivp.org\/wp-content\/uploads\/2022\/05\/8-548x548.png 548w, https:\/\/www.aivp.org\/wp-content\/uploads\/2022\/05\/8.png 1200w\" sizes=\"auto, (max-width: 690px) 100vw, 690px\" \/>\n\t\t\t\t<div class=\"anime-in-view\"><p><strong>\u00bfQu\u00e9 les dir\u00eda a las mujeres m\u00e1s j\u00f3venes que desean incorporarse al sector mar\u00edtimo?<\/strong><\/p>\n<blockquote><p>Trabajar en un entorno mar\u00edtimo y portuario hoy en d\u00eda puede tener sentido, especialmente para las mujeres. A menudo es un mundo muy masculino. La feminizaci\u00f3n de estos sectores, ya sea para puestos t\u00e9cnicos, de servicios o de gesti\u00f3n, puede influir en su desarrollo y en su transici\u00f3n ecol\u00f3gica global.<\/p><\/blockquote>\n<\/div>\n\t\t\t<\/div>\n\n\t\t\t<div class=\"col-lg-6\">\n\t\t\t\t\n\t\t\t\t<div class=\"anime-in-view\"><p><strong>\u00bfQu\u00e9 es lo que m\u00e1s le gusta de trabajar como mujer en el sector mar\u00edtimo?<\/strong><\/p>\n<blockquote><p>Nuestro trabajo en el Port Center de Le Havre consiste en restablecer un v\u00ednculo de entendimiento y apropiaci\u00f3n entre los ciudadanos y su puerto. Este enfoque sensible y al mismo tiempo t\u00e9cnico del mundo industrial-portuario y mar\u00edtimo me pareci\u00f3 especialmente atractivo.<\/p><\/blockquote>\n<blockquote><p>&nbsp;<\/p><\/blockquote>\n<\/div>\n\t\t\t<\/div>\n\n\t\t<\/div>\n\n\t<\/div>\n\n<\/div>\n\n<div class=\"block block-deux-colonnes deux-colonnes-engagement pb-6 pt-5 mb-5   bg-white\" id=\"deux-colonnes\">\n\n\t<div class=\"container\">\n\n\t\t<div class=\"row\">\n\n\t\t\t<div class=\"col-12\">\n\t\t\t\t\t\t\t\t\t<h4>Sanae EL AMRANI Directrice des Ports et du Domaine Public Maritime, Minist\u00e8re de l\u2019Equipement et de l\u2019Eau (Maroc)<\/h4>\n\t\t\t\t\t\t\t<\/div>\n\t\t\t\n\t\t\t<div class=\"col-lg-6\">\n\t\t\t\t<img loading=\"lazy\" decoding=\"async\" width=\"690\" height=\"690\" src=\"https:\/\/www.aivp.org\/wp-content\/uploads\/2022\/05\/11-690x690.png\" class=\"img-fluid mb-3 anime-in-view\" alt=\"\" srcset=\"https:\/\/www.aivp.org\/wp-content\/uploads\/2022\/05\/11-690x690.png 690w, https:\/\/www.aivp.org\/wp-content\/uploads\/2022\/05\/11-1140x1140.png 1140w, https:\/\/www.aivp.org\/wp-content\/uploads\/2022\/05\/11-150x150.png 150w, https:\/\/www.aivp.org\/wp-content\/uploads\/2022\/05\/11-768x768.png 768w, https:\/\/www.aivp.org\/wp-content\/uploads\/2022\/05\/11-255x255.png 255w, https:\/\/www.aivp.org\/wp-content\/uploads\/2022\/05\/11-360x360.png 360w, https:\/\/www.aivp.org\/wp-content\/uploads\/2022\/05\/11-171x171.png 171w, https:\/\/www.aivp.org\/wp-content\/uploads\/2022\/05\/11-548x548.png 548w, https:\/\/www.aivp.org\/wp-content\/uploads\/2022\/05\/11.png 1200w\" sizes=\"auto, (max-width: 690px) 100vw, 690px\" \/>\n\t\t\t\t<div class=\"anime-in-view\"><p><strong>\u00bfQu\u00e9 les dir\u00eda a las mujeres m\u00e1s j\u00f3venes que desean incorporarse al sector mar\u00edtimo?<\/strong><\/p>\n<blockquote><p>Para los que quieren entrar en el sector mar\u00edtimo, les dir\u00eda que el sector mar\u00edtimo es un mundo muy vasto con una panoplia de colores y recursos naturales. Abarca \u00e1reas muy diversas e itinerantes. Esto puede ofrecerte muchas oportunidades de experiencia y aprendizaje continuo. Si te incorporas al sector mar\u00edtimo, se abren muchas otras puertas en las que puedes elegir la carrera que quieras.<br \/>\nHoy, despu\u00e9s de veinte a\u00f1os de experiencia en este sector, estoy encantada, como mujer, de estar en la alta direcci\u00f3n, en un clima real de paridad e igualdad de oportunidades entre mujeres y hombres.<\/p><\/blockquote>\n<\/div>\n\t\t\t<\/div>\n\n\t\t\t<div class=\"col-lg-6\">\n\t\t\t\t\n\t\t\t\t<div class=\"anime-in-view\"><p><strong>\u00bfQu\u00e9 es lo que m\u00e1s le gusta de trabajar como mujer en el sector mar\u00edtimo?<\/strong><\/p>\n<blockquote><p>Tras licenciarme en ingenier\u00eda, me incorpor\u00e9 a la Direction des Ports et du Domaine Public Maritime como responsable de la modernizaci\u00f3n y automatizaci\u00f3n de faros y balizas y de la renovaci\u00f3n de los VTS portuarios, y ah\u00ed empez\u00f3 la aventura&#8230;<br \/>\nDesde la seguridad mar\u00edtima hasta el descubrimiento del mar, el litoral, la biodiversidad, la industria portuaria&#8230;<br \/>\nEl sector mar\u00edtimo es un campo muy amplio, que acoge todos los perfiles y competencias. En cuanto se trabaja en \u00e9l, se establece un v\u00ednculo \u00fanico.<br \/>\nComo mujer, lo que m\u00e1s me gusta es la sensaci\u00f3n de contribuir de forma positiva y respetuosa con el medio ambiente al desarrollo sostenible de los puertos y el litoral de mi pa\u00eds.<\/p>\n<p>&nbsp;<\/p>\n<p>&nbsp;<\/p><\/blockquote>\n<\/div>\n\t\t\t<\/div>\n\n\t\t<\/div>\n\n\t<\/div>\n\n<\/div>\n\n<div class=\"block block-deux-colonnes deux-colonnes-engagement pb-6 pt-5 mb-5   bg-white\" id=\"deux-colonnes\">\n\n\t<div class=\"container\">\n\n\t\t<div class=\"row\">\n\n\t\t\t<div class=\"col-12\">\n\t\t\t\t\t\t\t\t\t<h4>Francesca MORUCCI, Head of Promotion and Public Relations office, Port Network Authority of the North Tyrrhenian Sea (Italy)<\/h4>\n\t\t\t\t\t\t\t<\/div>\n\t\t\t\n\t\t\t<div class=\"col-lg-6\">\n\t\t\t\t<img loading=\"lazy\" decoding=\"async\" width=\"690\" height=\"690\" src=\"https:\/\/www.aivp.org\/wp-content\/uploads\/2022\/05\/12-690x690.png\" class=\"img-fluid mb-3 anime-in-view\" alt=\"\" srcset=\"https:\/\/www.aivp.org\/wp-content\/uploads\/2022\/05\/12-690x690.png 690w, https:\/\/www.aivp.org\/wp-content\/uploads\/2022\/05\/12-1140x1140.png 1140w, https:\/\/www.aivp.org\/wp-content\/uploads\/2022\/05\/12-150x150.png 150w, https:\/\/www.aivp.org\/wp-content\/uploads\/2022\/05\/12-768x768.png 768w, https:\/\/www.aivp.org\/wp-content\/uploads\/2022\/05\/12-255x255.png 255w, https:\/\/www.aivp.org\/wp-content\/uploads\/2022\/05\/12-360x360.png 360w, https:\/\/www.aivp.org\/wp-content\/uploads\/2022\/05\/12-171x171.png 171w, https:\/\/www.aivp.org\/wp-content\/uploads\/2022\/05\/12-548x548.png 548w, https:\/\/www.aivp.org\/wp-content\/uploads\/2022\/05\/12.png 1200w\" sizes=\"auto, (max-width: 690px) 100vw, 690px\" \/>\n\t\t\t\t<div class=\"anime-in-view\"><p><strong>\u00bfQu\u00e9 les dir\u00eda a las mujeres m\u00e1s j\u00f3venes que desean incorporarse al sector mar\u00edtimo?<\/strong><\/p>\n<blockquote><p>Aunque las mujeres en el sector mar\u00edtimo se est\u00e1n empoderando, a\u00fan queda mucho por hacer para lograr la igualdad de g\u00e9nero (hoy en d\u00eda las mujeres s\u00f3lo representan el 1,2% en el sector &#8211; fuente de la OMI). Esto supone un reto para las mujeres m\u00e1s j\u00f3venes que desean incorporarse al sector, pero tambi\u00e9n es muy estimulante. De hecho, existe la posibilidad real de participar en un periodo de cambio en la mano de obra mar\u00edtima mundial en el que las caracter\u00edsticas personales de las mujeres podr\u00edan mejorarse y facilitar no s\u00f3lo la igualdad de g\u00e9nero, sino tambi\u00e9n la transici\u00f3n a un mundo en el que las mujeres alcanzar\u00e1n m\u00e1s funciones de liderazgo.<\/p><\/blockquote>\n<\/div>\n\t\t\t<\/div>\n\n\t\t\t<div class=\"col-lg-6\">\n\t\t\t\t\n\t\t\t\t<div class=\"anime-in-view\"><p><strong>\u00bfQu\u00e9 es lo que m\u00e1s le gusta de trabajar como mujer en el sector mar\u00edtimo?<\/strong><\/p>\n<blockquote><p>Trabajar como mujer en el sector mar\u00edtimo supone poner en pr\u00e1ctica cada d\u00eda algunas de las \u00abcaracter\u00edsticas peculiares femeninas\u00bb, como la capacidad de adaptaci\u00f3n y relacional.<br \/>\nEsto facilita las relaciones en un trabajo que, m\u00e1s que otros, necesita flexibilidad y contribuye a crear un entorno laboral solidario e inclusivo.<\/p>\n<p>&nbsp;<\/p>\n<p>&nbsp;<\/p><\/blockquote>\n<\/div>\n\t\t\t<\/div>\n\n\t\t<\/div>\n\n\t<\/div>\n\n<\/div>\n\n<div class=\"block block-deux-colonnes deux-colonnes-engagement pb-6 pt-5 mb-5   bg-white\" id=\"deux-colonnes\">\n\n\t<div class=\"container\">\n\n\t\t<div class=\"row\">\n\n\t\t\t<div class=\"col-12\">\n\t\t\t\t\t\t\t\t\t<h4>Flavia Nico Vasconcelos, General Coordinator of Port\u2019s Decentralization and Delegation, Secretary of Ports\/Ministry of Infrastructure of Brazil<\/h4>\n\t\t\t\t\t\t\t<\/div>\n\t\t\t\n\t\t\t<div class=\"col-lg-6\">\n\t\t\t\t<img loading=\"lazy\" decoding=\"async\" width=\"690\" height=\"690\" src=\"https:\/\/www.aivp.org\/wp-content\/uploads\/2022\/05\/women-maritime-18-may-2022-1-1-690x690.png\" class=\"img-fluid mb-3 anime-in-view\" alt=\"Flavia NICO\" srcset=\"https:\/\/www.aivp.org\/wp-content\/uploads\/2022\/05\/women-maritime-18-may-2022-1-1-690x690.png 690w, https:\/\/www.aivp.org\/wp-content\/uploads\/2022\/05\/women-maritime-18-may-2022-1-1-1140x1140.png 1140w, https:\/\/www.aivp.org\/wp-content\/uploads\/2022\/05\/women-maritime-18-may-2022-1-1-150x150.png 150w, https:\/\/www.aivp.org\/wp-content\/uploads\/2022\/05\/women-maritime-18-may-2022-1-1-768x768.png 768w, https:\/\/www.aivp.org\/wp-content\/uploads\/2022\/05\/women-maritime-18-may-2022-1-1-255x255.png 255w, https:\/\/www.aivp.org\/wp-content\/uploads\/2022\/05\/women-maritime-18-may-2022-1-1-360x360.png 360w, https:\/\/www.aivp.org\/wp-content\/uploads\/2022\/05\/women-maritime-18-may-2022-1-1-171x171.png 171w, https:\/\/www.aivp.org\/wp-content\/uploads\/2022\/05\/women-maritime-18-may-2022-1-1-548x548.png 548w, https:\/\/www.aivp.org\/wp-content\/uploads\/2022\/05\/women-maritime-18-may-2022-1-1.png 1200w\" sizes=\"auto, (max-width: 690px) 100vw, 690px\" \/>\n\t\t\t\t<div class=\"anime-in-view\"><p><strong>\u00bfQu\u00e9 les dir\u00eda a las mujeres m\u00e1s j\u00f3venes que desean incorporarse al sector mar\u00edtimo?<\/strong><\/p>\n<blockquote><p>La inclusi\u00f3n de m\u00e1s mujeres en el sector mar\u00edtimo es importante para avanzar en la sostenibilidad de los puertos como lugar de diversidad. Todav\u00eda hay muchos espacios por conquistar&#8230; \u00a1venga y forme parte de este cambio!<\/p><\/blockquote>\n<\/div>\n\t\t\t<\/div>\n\n\t\t\t<div class=\"col-lg-6\">\n\t\t\t\t\n\t\t\t\t<div class=\"anime-in-view\"><p><strong>\u00bfQu\u00e9 es lo que m\u00e1s le gusta de trabajar como mujer en el sector mar\u00edtimo?<\/strong><\/p>\n<blockquote><p>He constatado que la presencia de mujeres y su sensibilidad humaniza el sector mar\u00edtimo. Aunque no sea nuestra intenci\u00f3n, acabamos transformando sutilmente la cultura del sector mar\u00edtimo. \u00a1Participar en este cambio es lo que m\u00e1s me gusta!<\/p><\/blockquote>\n<\/div>\n\t\t\t<\/div>\n\n\t\t<\/div>\n\n\t<\/div>\n\n<\/div>\n\n<div class=\"block block-deux-colonnes deux-colonnes-engagement pb-6 pt-5 mb-5   bg-white\" id=\"deux-colonnes\">\n\n\t<div class=\"container\">\n\n\t\t<div class=\"row\">\n\n\t\t\t<div class=\"col-12\">\n\t\t\t\t\t\t\t\t\t<h4>Natalia URRIZA, Jefe de Planeamiento Estrat\u00e9gico, Puerto Bah\u00eda Blanca (Argentina)<\/h4>\n\t\t\t\t\t\t\t<\/div>\n\t\t\t\n\t\t\t<div class=\"col-lg-6\">\n\t\t\t\t<img loading=\"lazy\" decoding=\"async\" width=\"690\" height=\"690\" src=\"https:\/\/www.aivp.org\/wp-content\/uploads\/2022\/05\/9-690x690.png\" class=\"img-fluid mb-3 anime-in-view\" alt=\"\" srcset=\"https:\/\/www.aivp.org\/wp-content\/uploads\/2022\/05\/9-690x690.png 690w, https:\/\/www.aivp.org\/wp-content\/uploads\/2022\/05\/9-1140x1140.png 1140w, https:\/\/www.aivp.org\/wp-content\/uploads\/2022\/05\/9-150x150.png 150w, https:\/\/www.aivp.org\/wp-content\/uploads\/2022\/05\/9-768x768.png 768w, https:\/\/www.aivp.org\/wp-content\/uploads\/2022\/05\/9-255x255.png 255w, https:\/\/www.aivp.org\/wp-content\/uploads\/2022\/05\/9-360x360.png 360w, https:\/\/www.aivp.org\/wp-content\/uploads\/2022\/05\/9-171x171.png 171w, https:\/\/www.aivp.org\/wp-content\/uploads\/2022\/05\/9-548x548.png 548w, https:\/\/www.aivp.org\/wp-content\/uploads\/2022\/05\/9.png 1200w\" sizes=\"auto, (max-width: 690px) 100vw, 690px\" \/>\n\t\t\t\t<div class=\"anime-in-view\"><p><strong>\u00bfQu\u00e9 les dir\u00eda a las mujeres m\u00e1s j\u00f3venes que desean incorporarse al sector mar\u00edtimo?<\/strong><\/p>\n<blockquote><p>Si bien sigue siendo una industria 90 de presencia masculina, creo que es genial el desaf\u00edo de poder aportar todas las fortalezas que nos distinguen como mujeres, intuici\u00f3n, creatividad, pensar los problemas con habilidad multitasking, el ferviente deseo de querer cambiar al mundo y la preocupaciones por querer embellecer lo que antes era oscuro, sucio y solo para actividades de segunda clase. Les espera una buena \u00e9poca para armar equipos mixtos donde aprovechar a full las fortalezas de mujeres y hombres y potenciarlas.<\/p><\/blockquote>\n<\/div>\n\t\t\t<\/div>\n\n\t\t\t<div class=\"col-lg-6\">\n\t\t\t\t\n\t\t\t\t<div class=\"anime-in-view\"><p><strong>\u00bfQu\u00e9 es lo que m\u00e1s le gusta de trabajar como mujer en el sector mar\u00edtimo?<\/strong><\/p>\n<blockquote><p>Empec\u00e9 a trabajar en el puerto de Bahia Blanca hace 27 a\u00f1os sin proponermelo. Estaba reci\u00e9n recibida de contadora p\u00fablica y me llamaron para saber si me interesaba el trabajo. En un primer momento dije no, es lejos de la ciudad (25 kms) hay feo olor y la referencia al puerto no es muy \u00ablugar para mujeres\u00bb. De hecho, fui la primera mujer entre 90 hombres portuarios. \u00a1La experiencia fue fascinante!!! Hoy amo todo lo relacionado con el puerto, su lugar estrat\u00e9gico, el poder\u00edo econ\u00f3mico y la contribuci\u00f3n a la ciudad y regi\u00f3n y que implica cotidianamente un desaf\u00edo constante para mejorar.<\/p>\n<p>&nbsp;<\/p>\n<p>&nbsp;<\/p><\/blockquote>\n<\/div>\n\t\t\t<\/div>\n\n\t\t<\/div>\n\n\t<\/div>\n\n<\/div>","protected":false},"excerpt":{"rendered":"<p>El 18 de mayo es el D\u00eda Internacional de la Mujer en el Mar, y es la ocasi\u00f3n de destacar a las mujeres de la red AIVP de todo el mundo.<br \/>\nLes hemos planteado las dos preguntas siguientes:<br \/>\n1.\t\u00bfQu\u00e9 es lo que m\u00e1s le gusta de trabajar como mujer en el sector mar\u00edtimo?<br \/>\n2.\t\u00bfQu\u00e9 les dir\u00eda a las mujeres m\u00e1s j\u00f3venes que desean incorporarse al sector mar\u00edtimo?<\/p>\n","protected":false},"author":14,"featured_media":76662,"comment_status":"closed","ping_status":"closed","sticky":false,"template":"","format":"standard","meta":{"_acf_changed":false,"footnotes":""},"categories":[244],"tags":[],"goal":[2133],"class_list":["post-76661","post","type-post","status-publish","format-standard","has-post-thumbnail","hentry","category-opinion","goal-capital-humano"],"acf":[],"yoast_head":"<!-- This site is optimized with the Yoast SEO plugin v26.8 - https:\/\/yoast.com\/product\/yoast-seo-wordpress\/ -->\n<title>D\u00eda internacional de la mujer en el sector mar\u00edtimo 2022 - AIVP<\/title>\n<meta name=\"robots\" content=\"index, follow, max-snippet:-1, max-image-preview:large, max-video-preview:-1\" \/>\n<link rel=\"canonical\" href=\"https:\/\/www.aivp.org\/es\/newsroom\/dia-internacional-de-la-mujer-en-el-sector-maritimo-2022\/\" \/>\n<meta property=\"og:locale\" content=\"es_ES\" \/>\n<meta property=\"og:type\" content=\"article\" \/>\n<meta property=\"og:title\" content=\"D\u00eda internacional de la mujer en el sector mar\u00edtimo 2022 - AIVP\" \/>\n<meta property=\"og:description\" content=\"El 18 de mayo es el D\u00eda Internacional de la Mujer en el Mar, y es la ocasi\u00f3n de destacar a las mujeres de la red AIVP de todo el mundo. Les hemos planteado las dos preguntas siguientes: 1. \u00bfQu\u00e9 es lo que m\u00e1s le gusta de trabajar como mujer en el sector mar\u00edtimo? 2. \u00bfQu\u00e9 les dir\u00eda a las mujeres m\u00e1s j\u00f3venes que desean incorporarse al sector mar\u00edtimo?\" \/>\n<meta property=\"og:url\" content=\"https:\/\/www.aivp.org\/es\/newsroom\/dia-internacional-de-la-mujer-en-el-sector-maritimo-2022\/\" \/>\n<meta property=\"og:site_name\" content=\"AIVP\" \/>\n<meta property=\"article:published_time\" content=\"2022-05-18T15:08:01+00:00\" \/>\n<meta property=\"article:modified_time\" content=\"2022-05-19T08:48:48+00:00\" \/>\n<meta property=\"og:image\" content=\"https:\/\/www.aivp.org\/wp-content\/uploads\/2022\/05\/IMOwomanES_om_18mai22.png\" \/>\n\t<meta property=\"og:image:width\" content=\"720\" \/>\n\t<meta property=\"og:image:height\" content=\"576\" \/>\n\t<meta property=\"og:image:type\" content=\"image\/png\" \/>\n<meta name=\"author\" content=\"Jos\u00e9 SANCHEZ\" \/>\n<meta name=\"twitter:card\" content=\"summary_large_image\" \/>\n<meta name=\"twitter:label1\" content=\"Escrito por\" \/>\n\t<meta name=\"twitter:data1\" content=\"Jos\u00e9 SANCHEZ\" \/>\n\t<meta name=\"twitter:label2\" content=\"Tiempo de lectura\" \/>\n\t<meta name=\"twitter:data2\" content=\"1 minuto\" \/>\n<script type=\"application\/ld+json\" class=\"yoast-schema-graph\">{\"@context\":\"https:\/\/schema.org\",\"@graph\":[{\"@type\":\"Article\",\"@id\":\"https:\/\/www.aivp.org\/es\/newsroom\/dia-internacional-de-la-mujer-en-el-sector-maritimo-2022\/#article\",\"isPartOf\":{\"@id\":\"https:\/\/www.aivp.org\/es\/newsroom\/dia-internacional-de-la-mujer-en-el-sector-maritimo-2022\/\"},\"author\":{\"name\":\"Jos\u00e9 SANCHEZ\",\"@id\":\"https:\/\/www.aivp.org\/es\/#\/schema\/person\/905e0ce025d136d3d3c6b5a51b9c3498\"},\"headline\":\"D\u00eda internacional de la mujer en el sector mar\u00edtimo 2022\",\"datePublished\":\"2022-05-18T15:08:01+00:00\",\"dateModified\":\"2022-05-19T08:48:48+00:00\",\"mainEntityOfPage\":{\"@id\":\"https:\/\/www.aivp.org\/es\/newsroom\/dia-internacional-de-la-mujer-en-el-sector-maritimo-2022\/\"},\"wordCount\":91,\"publisher\":{\"@id\":\"https:\/\/www.aivp.org\/es\/#organization\"},\"image\":{\"@id\":\"https:\/\/www.aivp.org\/es\/newsroom\/dia-internacional-de-la-mujer-en-el-sector-maritimo-2022\/#primaryimage\"},\"thumbnailUrl\":\"https:\/\/www.aivp.org\/wp-content\/uploads\/2022\/05\/IMOwomanES_om_18mai22.png\",\"articleSection\":[\"Opini\u00f3n\"],\"inLanguage\":\"es\"},{\"@type\":\"WebPage\",\"@id\":\"https:\/\/www.aivp.org\/es\/newsroom\/dia-internacional-de-la-mujer-en-el-sector-maritimo-2022\/\",\"url\":\"https:\/\/www.aivp.org\/es\/newsroom\/dia-internacional-de-la-mujer-en-el-sector-maritimo-2022\/\",\"name\":\"D\u00eda internacional de la mujer en el sector mar\u00edtimo 2022 - AIVP\",\"isPartOf\":{\"@id\":\"https:\/\/www.aivp.org\/es\/#website\"},\"primaryImageOfPage\":{\"@id\":\"https:\/\/www.aivp.org\/es\/newsroom\/dia-internacional-de-la-mujer-en-el-sector-maritimo-2022\/#primaryimage\"},\"image\":{\"@id\":\"https:\/\/www.aivp.org\/es\/newsroom\/dia-internacional-de-la-mujer-en-el-sector-maritimo-2022\/#primaryimage\"},\"thumbnailUrl\":\"https:\/\/www.aivp.org\/wp-content\/uploads\/2022\/05\/IMOwomanES_om_18mai22.png\",\"datePublished\":\"2022-05-18T15:08:01+00:00\",\"dateModified\":\"2022-05-19T08:48:48+00:00\",\"breadcrumb\":{\"@id\":\"https:\/\/www.aivp.org\/es\/newsroom\/dia-internacional-de-la-mujer-en-el-sector-maritimo-2022\/#breadcrumb\"},\"inLanguage\":\"es\",\"potentialAction\":[{\"@type\":\"ReadAction\",\"target\":[\"https:\/\/www.aivp.org\/es\/newsroom\/dia-internacional-de-la-mujer-en-el-sector-maritimo-2022\/\"]}]},{\"@type\":\"ImageObject\",\"inLanguage\":\"es\",\"@id\":\"https:\/\/www.aivp.org\/es\/newsroom\/dia-internacional-de-la-mujer-en-el-sector-maritimo-2022\/#primaryimage\",\"url\":\"https:\/\/www.aivp.org\/wp-content\/uploads\/2022\/05\/IMOwomanES_om_18mai22.png\",\"contentUrl\":\"https:\/\/www.aivp.org\/wp-content\/uploads\/2022\/05\/IMOwomanES_om_18mai22.png\",\"width\":720,\"height\":576},{\"@type\":\"BreadcrumbList\",\"@id\":\"https:\/\/www.aivp.org\/es\/newsroom\/dia-internacional-de-la-mujer-en-el-sector-maritimo-2022\/#breadcrumb\",\"itemListElement\":[{\"@type\":\"ListItem\",\"position\":1,\"name\":\"Home\",\"item\":\"https:\/\/www.aivp.org\/es\/\"},{\"@type\":\"ListItem\",\"position\":2,\"name\":\"D\u00eda internacional de la mujer en el sector mar\u00edtimo 2022\"}]},{\"@type\":\"WebSite\",\"@id\":\"https:\/\/www.aivp.org\/es\/#website\",\"url\":\"https:\/\/www.aivp.org\/es\/\",\"name\":\"AIVP\",\"description\":\"Inspiring people of port cities\",\"publisher\":{\"@id\":\"https:\/\/www.aivp.org\/es\/#organization\"},\"potentialAction\":[{\"@type\":\"SearchAction\",\"target\":{\"@type\":\"EntryPoint\",\"urlTemplate\":\"https:\/\/www.aivp.org\/es\/?s={search_term_string}\"},\"query-input\":{\"@type\":\"PropertyValueSpecification\",\"valueRequired\":true,\"valueName\":\"search_term_string\"}}],\"inLanguage\":\"es\"},{\"@type\":\"Organization\",\"@id\":\"https:\/\/www.aivp.org\/es\/#organization\",\"name\":\"AIVP\",\"url\":\"https:\/\/www.aivp.org\/es\/\",\"logo\":{\"@type\":\"ImageObject\",\"inLanguage\":\"es\",\"@id\":\"https:\/\/www.aivp.org\/es\/#\/schema\/logo\/image\/\",\"url\":\"https:\/\/www.aivp.org\/wp-content\/uploads\/2020\/07\/cropped-favicon.png\",\"contentUrl\":\"https:\/\/www.aivp.org\/wp-content\/uploads\/2020\/07\/cropped-favicon.png\",\"width\":512,\"height\":512,\"caption\":\"AIVP\"},\"image\":{\"@id\":\"https:\/\/www.aivp.org\/es\/#\/schema\/logo\/image\/\"}},{\"@type\":\"Person\",\"@id\":\"https:\/\/www.aivp.org\/es\/#\/schema\/person\/905e0ce025d136d3d3c6b5a51b9c3498\",\"name\":\"Jos\u00e9 SANCHEZ\",\"image\":{\"@type\":\"ImageObject\",\"inLanguage\":\"es\",\"@id\":\"https:\/\/www.aivp.org\/es\/#\/schema\/person\/image\/\",\"url\":\"https:\/\/secure.gravatar.com\/avatar\/8d2eff7ef0ec4c75bd676545f78010c5?s=96&d=mm&r=g\",\"contentUrl\":\"https:\/\/secure.gravatar.com\/avatar\/8d2eff7ef0ec4c75bd676545f78010c5?s=96&d=mm&r=g\",\"caption\":\"Jos\u00e9 SANCHEZ\"},\"sameAs\":[\"http:\/\/hdelepouve@aivp.org\"],\"url\":\"https:\/\/www.aivp.org\/es\/newsroom\/author\/jsanchezaivp-org\/\"}]}<\/script>\n<!-- \/ Yoast SEO plugin. -->","yoast_head_json":{"title":"D\u00eda internacional de la mujer en el sector mar\u00edtimo 2022 - AIVP","robots":{"index":"index","follow":"follow","max-snippet":"max-snippet:-1","max-image-preview":"max-image-preview:large","max-video-preview":"max-video-preview:-1"},"canonical":"https:\/\/www.aivp.org\/es\/newsroom\/dia-internacional-de-la-mujer-en-el-sector-maritimo-2022\/","og_locale":"es_ES","og_type":"article","og_title":"D\u00eda internacional de la mujer en el sector mar\u00edtimo 2022 - AIVP","og_description":"El 18 de mayo es el D\u00eda Internacional de la Mujer en el Mar, y es la ocasi\u00f3n de destacar a las mujeres de la red AIVP de todo el mundo. Les hemos planteado las dos preguntas siguientes: 1. \u00bfQu\u00e9 es lo que m\u00e1s le gusta de trabajar como mujer en el sector mar\u00edtimo? 2. \u00bfQu\u00e9 les dir\u00eda a las mujeres m\u00e1s j\u00f3venes que desean incorporarse al sector mar\u00edtimo?","og_url":"https:\/\/www.aivp.org\/es\/newsroom\/dia-internacional-de-la-mujer-en-el-sector-maritimo-2022\/","og_site_name":"AIVP","article_published_time":"2022-05-18T15:08:01+00:00","article_modified_time":"2022-05-19T08:48:48+00:00","og_image":[{"width":720,"height":576,"url":"https:\/\/www.aivp.org\/wp-content\/uploads\/2022\/05\/IMOwomanES_om_18mai22.png","type":"image\/png"}],"author":"Jos\u00e9 SANCHEZ","twitter_card":"summary_large_image","twitter_misc":{"Escrito por":"Jos\u00e9 SANCHEZ","Tiempo de lectura":"1 minuto"},"schema":{"@context":"https:\/\/schema.org","@graph":[{"@type":"Article","@id":"https:\/\/www.aivp.org\/es\/newsroom\/dia-internacional-de-la-mujer-en-el-sector-maritimo-2022\/#article","isPartOf":{"@id":"https:\/\/www.aivp.org\/es\/newsroom\/dia-internacional-de-la-mujer-en-el-sector-maritimo-2022\/"},"author":{"name":"Jos\u00e9 SANCHEZ","@id":"https:\/\/www.aivp.org\/es\/#\/schema\/person\/905e0ce025d136d3d3c6b5a51b9c3498"},"headline":"D\u00eda internacional de la mujer en el sector mar\u00edtimo 2022","datePublished":"2022-05-18T15:08:01+00:00","dateModified":"2022-05-19T08:48:48+00:00","mainEntityOfPage":{"@id":"https:\/\/www.aivp.org\/es\/newsroom\/dia-internacional-de-la-mujer-en-el-sector-maritimo-2022\/"},"wordCount":91,"publisher":{"@id":"https:\/\/www.aivp.org\/es\/#organization"},"image":{"@id":"https:\/\/www.aivp.org\/es\/newsroom\/dia-internacional-de-la-mujer-en-el-sector-maritimo-2022\/#primaryimage"},"thumbnailUrl":"https:\/\/www.aivp.org\/wp-content\/uploads\/2022\/05\/IMOwomanES_om_18mai22.png","articleSection":["Opini\u00f3n"],"inLanguage":"es"},{"@type":"WebPage","@id":"https:\/\/www.aivp.org\/es\/newsroom\/dia-internacional-de-la-mujer-en-el-sector-maritimo-2022\/","url":"https:\/\/www.aivp.org\/es\/newsroom\/dia-internacional-de-la-mujer-en-el-sector-maritimo-2022\/","name":"D\u00eda internacional de la mujer en el sector mar\u00edtimo 2022 - AIVP","isPartOf":{"@id":"https:\/\/www.aivp.org\/es\/#website"},"primaryImageOfPage":{"@id":"https:\/\/www.aivp.org\/es\/newsroom\/dia-internacional-de-la-mujer-en-el-sector-maritimo-2022\/#primaryimage"},"image":{"@id":"https:\/\/www.aivp.org\/es\/newsroom\/dia-internacional-de-la-mujer-en-el-sector-maritimo-2022\/#primaryimage"},"thumbnailUrl":"https:\/\/www.aivp.org\/wp-content\/uploads\/2022\/05\/IMOwomanES_om_18mai22.png","datePublished":"2022-05-18T15:08:01+00:00","dateModified":"2022-05-19T08:48:48+00:00","breadcrumb":{"@id":"https:\/\/www.aivp.org\/es\/newsroom\/dia-internacional-de-la-mujer-en-el-sector-maritimo-2022\/#breadcrumb"},"inLanguage":"es","potentialAction":[{"@type":"ReadAction","target":["https:\/\/www.aivp.org\/es\/newsroom\/dia-internacional-de-la-mujer-en-el-sector-maritimo-2022\/"]}]},{"@type":"ImageObject","inLanguage":"es","@id":"https:\/\/www.aivp.org\/es\/newsroom\/dia-internacional-de-la-mujer-en-el-sector-maritimo-2022\/#primaryimage","url":"https:\/\/www.aivp.org\/wp-content\/uploads\/2022\/05\/IMOwomanES_om_18mai22.png","contentUrl":"https:\/\/www.aivp.org\/wp-content\/uploads\/2022\/05\/IMOwomanES_om_18mai22.png","width":720,"height":576},{"@type":"BreadcrumbList","@id":"https:\/\/www.aivp.org\/es\/newsroom\/dia-internacional-de-la-mujer-en-el-sector-maritimo-2022\/#breadcrumb","itemListElement":[{"@type":"ListItem","position":1,"name":"Home","item":"https:\/\/www.aivp.org\/es\/"},{"@type":"ListItem","position":2,"name":"D\u00eda internacional de la mujer en el sector mar\u00edtimo 2022"}]},{"@type":"WebSite","@id":"https:\/\/www.aivp.org\/es\/#website","url":"https:\/\/www.aivp.org\/es\/","name":"AIVP","description":"Inspiring people of port cities","publisher":{"@id":"https:\/\/www.aivp.org\/es\/#organization"},"potentialAction":[{"@type":"SearchAction","target":{"@type":"EntryPoint","urlTemplate":"https:\/\/www.aivp.org\/es\/?s={search_term_string}"},"query-input":{"@type":"PropertyValueSpecification","valueRequired":true,"valueName":"search_term_string"}}],"inLanguage":"es"},{"@type":"Organization","@id":"https:\/\/www.aivp.org\/es\/#organization","name":"AIVP","url":"https:\/\/www.aivp.org\/es\/","logo":{"@type":"ImageObject","inLanguage":"es","@id":"https:\/\/www.aivp.org\/es\/#\/schema\/logo\/image\/","url":"https:\/\/www.aivp.org\/wp-content\/uploads\/2020\/07\/cropped-favicon.png","contentUrl":"https:\/\/www.aivp.org\/wp-content\/uploads\/2020\/07\/cropped-favicon.png","width":512,"height":512,"caption":"AIVP"},"image":{"@id":"https:\/\/www.aivp.org\/es\/#\/schema\/logo\/image\/"}},{"@type":"Person","@id":"https:\/\/www.aivp.org\/es\/#\/schema\/person\/905e0ce025d136d3d3c6b5a51b9c3498","name":"Jos\u00e9 SANCHEZ","image":{"@type":"ImageObject","inLanguage":"es","@id":"https:\/\/www.aivp.org\/es\/#\/schema\/person\/image\/","url":"https:\/\/secure.gravatar.com\/avatar\/8d2eff7ef0ec4c75bd676545f78010c5?s=96&d=mm&r=g","contentUrl":"https:\/\/secure.gravatar.com\/avatar\/8d2eff7ef0ec4c75bd676545f78010c5?s=96&d=mm&r=g","caption":"Jos\u00e9 SANCHEZ"},"sameAs":["http:\/\/hdelepouve@aivp.org"],"url":"https:\/\/www.aivp.org\/es\/newsroom\/author\/jsanchezaivp-org\/"}]}},"featured_image_url":"https:\/\/www.aivp.org\/wp-content\/uploads\/2022\/05\/IMOwomanES_om_18mai22.png","_links":{"self":[{"href":"https:\/\/www.aivp.org\/es\/wp-json\/wp\/v2\/posts\/76661","targetHints":{"allow":["GET"]}}],"collection":[{"href":"https:\/\/www.aivp.org\/es\/wp-json\/wp\/v2\/posts"}],"about":[{"href":"https:\/\/www.aivp.org\/es\/wp-json\/wp\/v2\/types\/post"}],"author":[{"embeddable":true,"href":"https:\/\/www.aivp.org\/es\/wp-json\/wp\/v2\/users\/14"}],"replies":[{"embeddable":true,"href":"https:\/\/www.aivp.org\/es\/wp-json\/wp\/v2\/comments?post=76661"}],"version-history":[{"count":3,"href":"https:\/\/www.aivp.org\/es\/wp-json\/wp\/v2\/posts\/76661\/revisions"}],"predecessor-version":[{"id":76817,"href":"https:\/\/www.aivp.org\/es\/wp-json\/wp\/v2\/posts\/76661\/revisions\/76817"}],"wp:featuredmedia":[{"embeddable":true,"href":"https:\/\/www.aivp.org\/es\/wp-json\/wp\/v2\/media\/76662"}],"wp:attachment":[{"href":"https:\/\/www.aivp.org\/es\/wp-json\/wp\/v2\/media?parent=76661"}],"wp:term":[{"taxonomy":"category","embeddable":true,"href":"https:\/\/www.aivp.org\/es\/wp-json\/wp\/v2\/categories?post=76661"},{"taxonomy":"post_tag","embeddable":true,"href":"https:\/\/www.aivp.org\/es\/wp-json\/wp\/v2\/tags?post=76661"},{"taxonomy":"goal","embeddable":true,"href":"https:\/\/www.aivp.org\/es\/wp-json\/wp\/v2\/goal?post=76661"}],"curies":[{"name":"wp","href":"https:\/\/api.w.org\/{rel}","templated":true}]}}