{"id":86684,"date":"2023-01-18T16:31:28","date_gmt":"2023-01-18T15:31:28","guid":{"rendered":"https:\/\/www.aivp.org\/?p=86684"},"modified":"2023-01-18T16:46:02","modified_gmt":"2023-01-18T15:46:02","slug":"aivp-apoya-al-puerto-de-valparaiso-chile-en-la-creacion-de-su-port-center","status":"publish","type":"post","link":"https:\/\/www.aivp.org\/es\/newsroom\/aivp-apoya-al-puerto-de-valparaiso-chile-en-la-creacion-de-su-port-center\/","title":{"rendered":"AIVP apoya al Puerto de Valpara\u00edso (Chile) en la creaci\u00f3n de su Port Center"},"content":{"rendered":"\n<p>En el \u00e1mbito de la colaboraci\u00f3n entre el Puerto de Valpara\u00edso (EPV) y AIVP, Jos\u00e9 Manuel Pages S\u00e1nchez, director de la Agenda 2030 AIVP se desplaz\u00f3 a Chile para apoyar el lanzamiento del proceso de creaci\u00f3n del Port Center de Valpara\u00edso. EPV y AIVP trabajar\u00e1n juntos durante 5 meses para definir el modelo de Port Center que esta ciudad portuaria requiere, incluyendo cuestiones c\u00f3mo la gobernanza, la exhibici\u00f3n o el modelo de negocio. El primer hito de esta colaboraci\u00f3n fue el evento del 11 de enero en el que estuvieron presentes la autoridad portuaria, el municipio y 90 personas de diversas organizaciones locales. Este evento cont\u00f3 igualmente con la colaboraci\u00f3n de los puertos de Algeciras, Bilbao y Livorno, donde ya funcionan o se est\u00e1n planificando nuevos Port Centers. En Valpara\u00edso, est\u00e1 previsto que las obras de adaptaci\u00f3n del edificio, que estar\u00e1 ubicado en Muelle Prat, den comienzo en 2024. Este espacio se utilizar\u00e1 para dar a conocer la actividad portuaria, educar a los j\u00f3venes y dialogar con los ciudadanos. \u00a1El Port Center de Valpara\u00edso ser\u00e1 el primer de este tipo en toda Latinoam\u00e9rica! Este y otros proyectos ser\u00e1n presentados en el encuentro del Port Center Network que tendr\u00e1 lugar el 22 y 23 de junio de 2023 en Dunkerque, Francia.<\/p>\n\n\n<div class=\"block galerie-photo article py-5 position-relative\"  id=\"block_c85f5682c4d9f927b0af4dbc5a8e2c3b\">\n\n\t<div class=\"position-relative\">\n\n        \n        <div class=\"grid-galerie-photo row mx-0\">\n            <div class=\"grid-sizer\"><\/div>\n            <div class=\"gutter-sizer\"><\/div>\n\n            \n                    <a class=\"grid-galerie-photo-item\" href=\"https:\/\/www.aivp.org\/wp-content\/uploads\/2023\/01\/MicrosoftTeams-image-3-2.jpg\" data-fancybox=\"galerie-photo-block_c85f5682c4d9f927b0af4dbc5a8e2c3b\" data-caption=\"\">\n                        <img loading=\"lazy\" decoding=\"async\" width=\"360\" height=\"203\" src=\"https:\/\/www.aivp.org\/wp-content\/uploads\/2023\/01\/MicrosoftTeams-image-3-2-360x203.jpg\" class=\"img-fluid mb-2 anime-in-view\" alt=\"\" srcset=\"https:\/\/www.aivp.org\/wp-content\/uploads\/2023\/01\/MicrosoftTeams-image-3-2-360x203.jpg 360w, https:\/\/www.aivp.org\/wp-content\/uploads\/2023\/01\/MicrosoftTeams-image-3-2-690x389.jpg 690w, https:\/\/www.aivp.org\/wp-content\/uploads\/2023\/01\/MicrosoftTeams-image-3-2-1140x642.jpg 1140w, https:\/\/www.aivp.org\/wp-content\/uploads\/2023\/01\/MicrosoftTeams-image-3-2-768x432.jpg 768w, https:\/\/www.aivp.org\/wp-content\/uploads\/2023\/01\/MicrosoftTeams-image-3-2-1536x865.jpg 1536w, https:\/\/www.aivp.org\/wp-content\/uploads\/2023\/01\/MicrosoftTeams-image-3-2-255x144.jpg 255w, https:\/\/www.aivp.org\/wp-content\/uploads\/2023\/01\/MicrosoftTeams-image-3-2-171x96.jpg 171w, https:\/\/www.aivp.org\/wp-content\/uploads\/2023\/01\/MicrosoftTeams-image-3-2-548x309.jpg 548w, https:\/\/www.aivp.org\/wp-content\/uploads\/2023\/01\/MicrosoftTeams-image-3-2.jpg 1600w\" sizes=\"auto, (max-width: 360px) 100vw, 360px\" \/>                    <\/a>\n                \n                    <a class=\"grid-galerie-photo-item\" href=\"https:\/\/www.aivp.org\/wp-content\/uploads\/2023\/01\/MicrosoftTeams-image-2-2.jpg\" data-fancybox=\"galerie-photo-block_c85f5682c4d9f927b0af4dbc5a8e2c3b\" data-caption=\"\">\n                        <img loading=\"lazy\" decoding=\"async\" width=\"360\" height=\"270\" src=\"https:\/\/www.aivp.org\/wp-content\/uploads\/2023\/01\/MicrosoftTeams-image-2-2-360x270.jpg\" class=\"img-fluid mb-2 anime-in-view\" alt=\"\" srcset=\"https:\/\/www.aivp.org\/wp-content\/uploads\/2023\/01\/MicrosoftTeams-image-2-2-360x270.jpg 360w, https:\/\/www.aivp.org\/wp-content\/uploads\/2023\/01\/MicrosoftTeams-image-2-2-690x518.jpg 690w, https:\/\/www.aivp.org\/wp-content\/uploads\/2023\/01\/MicrosoftTeams-image-2-2-1140x855.jpg 1140w, https:\/\/www.aivp.org\/wp-content\/uploads\/2023\/01\/MicrosoftTeams-image-2-2-768x576.jpg 768w, https:\/\/www.aivp.org\/wp-content\/uploads\/2023\/01\/MicrosoftTeams-image-2-2-1536x1152.jpg 1536w, https:\/\/www.aivp.org\/wp-content\/uploads\/2023\/01\/MicrosoftTeams-image-2-2-255x191.jpg 255w, https:\/\/www.aivp.org\/wp-content\/uploads\/2023\/01\/MicrosoftTeams-image-2-2-171x128.jpg 171w, https:\/\/www.aivp.org\/wp-content\/uploads\/2023\/01\/MicrosoftTeams-image-2-2-548x411.jpg 548w, https:\/\/www.aivp.org\/wp-content\/uploads\/2023\/01\/MicrosoftTeams-image-2-2.jpg 2016w\" sizes=\"auto, (max-width: 360px) 100vw, 360px\" \/>                    <\/a>\n                \n                    <a class=\"grid-galerie-photo-item\" href=\"https:\/\/www.aivp.org\/wp-content\/uploads\/2023\/01\/MicrosoftTeams-image-1-2.jpg\" data-fancybox=\"galerie-photo-block_c85f5682c4d9f927b0af4dbc5a8e2c3b\" data-caption=\"\">\n                        <img loading=\"lazy\" decoding=\"async\" width=\"360\" height=\"203\" src=\"https:\/\/www.aivp.org\/wp-content\/uploads\/2023\/01\/MicrosoftTeams-image-1-2-360x203.jpg\" class=\"img-fluid mb-2 anime-in-view\" alt=\"\" srcset=\"https:\/\/www.aivp.org\/wp-content\/uploads\/2023\/01\/MicrosoftTeams-image-1-2-360x203.jpg 360w, https:\/\/www.aivp.org\/wp-content\/uploads\/2023\/01\/MicrosoftTeams-image-1-2-690x389.jpg 690w, https:\/\/www.aivp.org\/wp-content\/uploads\/2023\/01\/MicrosoftTeams-image-1-2-1140x642.jpg 1140w, https:\/\/www.aivp.org\/wp-content\/uploads\/2023\/01\/MicrosoftTeams-image-1-2-768x432.jpg 768w, https:\/\/www.aivp.org\/wp-content\/uploads\/2023\/01\/MicrosoftTeams-image-1-2-1536x865.jpg 1536w, https:\/\/www.aivp.org\/wp-content\/uploads\/2023\/01\/MicrosoftTeams-image-1-2-255x144.jpg 255w, https:\/\/www.aivp.org\/wp-content\/uploads\/2023\/01\/MicrosoftTeams-image-1-2-171x96.jpg 171w, https:\/\/www.aivp.org\/wp-content\/uploads\/2023\/01\/MicrosoftTeams-image-1-2-548x309.jpg 548w, https:\/\/www.aivp.org\/wp-content\/uploads\/2023\/01\/MicrosoftTeams-image-1-2.jpg 1600w\" sizes=\"auto, (max-width: 360px) 100vw, 360px\" \/>                    <\/a>\n                \n                    <a class=\"grid-galerie-photo-item\" href=\"https:\/\/www.aivp.org\/wp-content\/uploads\/2023\/01\/MicrosoftTeams-image-4.jpg\" data-fancybox=\"galerie-photo-block_c85f5682c4d9f927b0af4dbc5a8e2c3b\" data-caption=\"\">\n                        <img loading=\"lazy\" decoding=\"async\" width=\"360\" height=\"203\" src=\"https:\/\/www.aivp.org\/wp-content\/uploads\/2023\/01\/MicrosoftTeams-image-4-360x203.jpg\" class=\"img-fluid mb-2 anime-in-view\" alt=\"\" srcset=\"https:\/\/www.aivp.org\/wp-content\/uploads\/2023\/01\/MicrosoftTeams-image-4-360x203.jpg 360w, https:\/\/www.aivp.org\/wp-content\/uploads\/2023\/01\/MicrosoftTeams-image-4-690x389.jpg 690w, https:\/\/www.aivp.org\/wp-content\/uploads\/2023\/01\/MicrosoftTeams-image-4-1140x642.jpg 1140w, https:\/\/www.aivp.org\/wp-content\/uploads\/2023\/01\/MicrosoftTeams-image-4-768x432.jpg 768w, https:\/\/www.aivp.org\/wp-content\/uploads\/2023\/01\/MicrosoftTeams-image-4-1536x865.jpg 1536w, https:\/\/www.aivp.org\/wp-content\/uploads\/2023\/01\/MicrosoftTeams-image-4-255x144.jpg 255w, https:\/\/www.aivp.org\/wp-content\/uploads\/2023\/01\/MicrosoftTeams-image-4-171x96.jpg 171w, https:\/\/www.aivp.org\/wp-content\/uploads\/2023\/01\/MicrosoftTeams-image-4-548x309.jpg 548w, https:\/\/www.aivp.org\/wp-content\/uploads\/2023\/01\/MicrosoftTeams-image-4.jpg 1600w\" sizes=\"auto, (max-width: 360px) 100vw, 360px\" \/>                    <\/a>\n                        <\/div>\n        \n\t<\/div>\n\n<\/div>\n\n<div class=\"row lien-article\">\n    <div class=\"col-12\">\n        \n                    <div class=\"position-relative anime-in-view link-container\">\n\n                            <a href=\"https:\/\/www.puertovalparaiso.cl\/puerto-valparaiso-alista-implementacion-del-primer-port-center-de\" target=\"_blank\">Puerto Valparaiso<\/a>\n\n                            <img decoding=\"async\" class=\"position-absolute image-de-fond\" src=\"https:\/\/www.aivp.org\/wp-content\/themes\/lmc-aivp\/img\/link.svg\">\n\n                    <\/div>\n                                        \n                \n                    <div class=\"position-relative anime-in-view link-container\">\n\n                            <a href=\"https:\/\/www.linkedin.com\/posts\/smalldatamanager_empresa-portuaria-valpara%C3%ADso-proyecta-construir-activity-7019705601802842113-LOkW\/?utm_source=share&#038;utm_medium=member_desktop\" target=\"_blank\">LinkedIn<\/a>\n\n                            <img decoding=\"async\" class=\"position-absolute image-de-fond\" src=\"https:\/\/www.aivp.org\/wp-content\/themes\/lmc-aivp\/img\/link.svg\">\n\n                    <\/div>\n                                        \n                    <\/div>\n\n    \n\n<\/div>\n\n","protected":false},"excerpt":{"rendered":"<p>En el \u00e1mbito de la colaboraci\u00f3n entre el Puerto de Valpara\u00edso (EPV) y AIVP, Jos\u00e9 Manuel Pages S\u00e1nchez, director de la Agenda 2030 AIVP se desplaz\u00f3 a Chile para apoyar el lanzamiento del proceso de creaci\u00f3n del Port Center de Valpara\u00edso. EPV y AIVP trabajar\u00e1n juntos durante 5 meses para definir el modelo de Port Center que esta ciudad portuaria requiere, incluyendo cuestiones c\u00f3mo la gobernanza, la exhibici\u00f3n o el modelo de negocio.<\/p>\n","protected":false},"author":130,"featured_media":86690,"comment_status":"closed","ping_status":"closed","sticky":false,"template":"","format":"standard","meta":{"_acf_changed":false,"footnotes":""},"categories":[4856],"tags":[249,4872],"goal":[],"class_list":["post-86684","post","type-post","status-publish","format-standard","has-post-thumbnail","hentry","category-actualites-es","tag-chile","tag-valparaiso-3"],"acf":[],"yoast_head":"<!-- This site is optimized with the Yoast SEO plugin v26.8 - https:\/\/yoast.com\/product\/yoast-seo-wordpress\/ -->\n<title>AIVP apoya al Puerto de Valpara\u00edso (Chile) en la creaci\u00f3n de su Port Center - AIVP<\/title>\n<meta name=\"robots\" content=\"index, follow, max-snippet:-1, max-image-preview:large, max-video-preview:-1\" \/>\n<link rel=\"canonical\" href=\"https:\/\/www.aivp.org\/es\/newsroom\/aivp-apoya-al-puerto-de-valparaiso-chile-en-la-creacion-de-su-port-center\/\" \/>\n<meta property=\"og:locale\" content=\"es_ES\" \/>\n<meta property=\"og:type\" content=\"article\" \/>\n<meta property=\"og:title\" content=\"AIVP apoya al Puerto de Valpara\u00edso (Chile) en la creaci\u00f3n de su Port Center - AIVP\" \/>\n<meta property=\"og:description\" content=\"En el \u00e1mbito de la colaboraci\u00f3n entre el Puerto de Valpara\u00edso (EPV) y AIVP, Jos\u00e9 Manuel Pages S\u00e1nchez, director de la Agenda 2030 AIVP se desplaz\u00f3 a Chile para apoyar el lanzamiento del proceso de creaci\u00f3n del Port Center de Valpara\u00edso. EPV y AIVP trabajar\u00e1n juntos durante 5 meses para definir el modelo de Port Center que esta ciudad portuaria requiere, incluyendo cuestiones c\u00f3mo la gobernanza, la exhibici\u00f3n o el modelo de negocio.\" \/>\n<meta property=\"og:url\" content=\"https:\/\/www.aivp.org\/es\/newsroom\/aivp-apoya-al-puerto-de-valparaiso-chile-en-la-creacion-de-su-port-center\/\" \/>\n<meta property=\"og:site_name\" content=\"AIVP\" \/>\n<meta property=\"article:published_time\" content=\"2023-01-18T15:31:28+00:00\" \/>\n<meta property=\"article:modified_time\" content=\"2023-01-18T15:46:02+00:00\" \/>\n<meta property=\"og:image\" content=\"https:\/\/www.aivp.org\/wp-content\/uploads\/2023\/01\/Valparaiso-Port-Center_tf_18jan23.png\" \/>\n\t<meta property=\"og:image:width\" content=\"720\" \/>\n\t<meta property=\"og:image:height\" content=\"576\" \/>\n\t<meta property=\"og:image:type\" content=\"image\/png\" \/>\n<meta name=\"author\" content=\"Caya HEIN\" \/>\n<meta name=\"twitter:card\" content=\"summary_large_image\" \/>\n<meta name=\"twitter:label1\" content=\"Escrito por\" \/>\n\t<meta name=\"twitter:data1\" content=\"Caya HEIN\" \/>\n\t<meta name=\"twitter:label2\" content=\"Tiempo de lectura\" \/>\n\t<meta name=\"twitter:data2\" content=\"2 minutos\" \/>\n<script type=\"application\/ld+json\" class=\"yoast-schema-graph\">{\"@context\":\"https:\/\/schema.org\",\"@graph\":[{\"@type\":\"Article\",\"@id\":\"https:\/\/www.aivp.org\/es\/newsroom\/aivp-apoya-al-puerto-de-valparaiso-chile-en-la-creacion-de-su-port-center\/#article\",\"isPartOf\":{\"@id\":\"https:\/\/www.aivp.org\/es\/newsroom\/aivp-apoya-al-puerto-de-valparaiso-chile-en-la-creacion-de-su-port-center\/\"},\"author\":{\"name\":\"Caya HEIN\",\"@id\":\"https:\/\/www.aivp.org\/es\/#\/schema\/person\/9bae9f7727a91a1130a91292d0c207c6\"},\"headline\":\"AIVP apoya al Puerto de Valpara\u00edso (Chile) en la creaci\u00f3n de su Port Center\",\"datePublished\":\"2023-01-18T15:31:28+00:00\",\"dateModified\":\"2023-01-18T15:46:02+00:00\",\"mainEntityOfPage\":{\"@id\":\"https:\/\/www.aivp.org\/es\/newsroom\/aivp-apoya-al-puerto-de-valparaiso-chile-en-la-creacion-de-su-port-center\/\"},\"wordCount\":235,\"publisher\":{\"@id\":\"https:\/\/www.aivp.org\/es\/#organization\"},\"image\":{\"@id\":\"https:\/\/www.aivp.org\/es\/newsroom\/aivp-apoya-al-puerto-de-valparaiso-chile-en-la-creacion-de-su-port-center\/#primaryimage\"},\"thumbnailUrl\":\"https:\/\/www.aivp.org\/wp-content\/uploads\/2023\/01\/Valparaiso-Port-Center_tf_18jan23.png\",\"keywords\":[\"Chile\",\"Valpara\u00edso\"],\"articleSection\":[\"Noticias\"],\"inLanguage\":\"es\"},{\"@type\":\"WebPage\",\"@id\":\"https:\/\/www.aivp.org\/es\/newsroom\/aivp-apoya-al-puerto-de-valparaiso-chile-en-la-creacion-de-su-port-center\/\",\"url\":\"https:\/\/www.aivp.org\/es\/newsroom\/aivp-apoya-al-puerto-de-valparaiso-chile-en-la-creacion-de-su-port-center\/\",\"name\":\"AIVP apoya al Puerto de Valpara\u00edso (Chile) en la creaci\u00f3n de su Port Center - AIVP\",\"isPartOf\":{\"@id\":\"https:\/\/www.aivp.org\/es\/#website\"},\"primaryImageOfPage\":{\"@id\":\"https:\/\/www.aivp.org\/es\/newsroom\/aivp-apoya-al-puerto-de-valparaiso-chile-en-la-creacion-de-su-port-center\/#primaryimage\"},\"image\":{\"@id\":\"https:\/\/www.aivp.org\/es\/newsroom\/aivp-apoya-al-puerto-de-valparaiso-chile-en-la-creacion-de-su-port-center\/#primaryimage\"},\"thumbnailUrl\":\"https:\/\/www.aivp.org\/wp-content\/uploads\/2023\/01\/Valparaiso-Port-Center_tf_18jan23.png\",\"datePublished\":\"2023-01-18T15:31:28+00:00\",\"dateModified\":\"2023-01-18T15:46:02+00:00\",\"breadcrumb\":{\"@id\":\"https:\/\/www.aivp.org\/es\/newsroom\/aivp-apoya-al-puerto-de-valparaiso-chile-en-la-creacion-de-su-port-center\/#breadcrumb\"},\"inLanguage\":\"es\",\"potentialAction\":[{\"@type\":\"ReadAction\",\"target\":[\"https:\/\/www.aivp.org\/es\/newsroom\/aivp-apoya-al-puerto-de-valparaiso-chile-en-la-creacion-de-su-port-center\/\"]}]},{\"@type\":\"ImageObject\",\"inLanguage\":\"es\",\"@id\":\"https:\/\/www.aivp.org\/es\/newsroom\/aivp-apoya-al-puerto-de-valparaiso-chile-en-la-creacion-de-su-port-center\/#primaryimage\",\"url\":\"https:\/\/www.aivp.org\/wp-content\/uploads\/2023\/01\/Valparaiso-Port-Center_tf_18jan23.png\",\"contentUrl\":\"https:\/\/www.aivp.org\/wp-content\/uploads\/2023\/01\/Valparaiso-Port-Center_tf_18jan23.png\",\"width\":720,\"height\":576},{\"@type\":\"BreadcrumbList\",\"@id\":\"https:\/\/www.aivp.org\/es\/newsroom\/aivp-apoya-al-puerto-de-valparaiso-chile-en-la-creacion-de-su-port-center\/#breadcrumb\",\"itemListElement\":[{\"@type\":\"ListItem\",\"position\":1,\"name\":\"Home\",\"item\":\"https:\/\/www.aivp.org\/es\/\"},{\"@type\":\"ListItem\",\"position\":2,\"name\":\"AIVP apoya al Puerto de Valpara\u00edso (Chile) en la creaci\u00f3n de su Port Center\"}]},{\"@type\":\"WebSite\",\"@id\":\"https:\/\/www.aivp.org\/es\/#website\",\"url\":\"https:\/\/www.aivp.org\/es\/\",\"name\":\"AIVP\",\"description\":\"Inspiring people of port cities\",\"publisher\":{\"@id\":\"https:\/\/www.aivp.org\/es\/#organization\"},\"potentialAction\":[{\"@type\":\"SearchAction\",\"target\":{\"@type\":\"EntryPoint\",\"urlTemplate\":\"https:\/\/www.aivp.org\/es\/?s={search_term_string}\"},\"query-input\":{\"@type\":\"PropertyValueSpecification\",\"valueRequired\":true,\"valueName\":\"search_term_string\"}}],\"inLanguage\":\"es\"},{\"@type\":\"Organization\",\"@id\":\"https:\/\/www.aivp.org\/es\/#organization\",\"name\":\"AIVP\",\"url\":\"https:\/\/www.aivp.org\/es\/\",\"logo\":{\"@type\":\"ImageObject\",\"inLanguage\":\"es\",\"@id\":\"https:\/\/www.aivp.org\/es\/#\/schema\/logo\/image\/\",\"url\":\"https:\/\/www.aivp.org\/wp-content\/uploads\/2020\/07\/cropped-favicon.png\",\"contentUrl\":\"https:\/\/www.aivp.org\/wp-content\/uploads\/2020\/07\/cropped-favicon.png\",\"width\":512,\"height\":512,\"caption\":\"AIVP\"},\"image\":{\"@id\":\"https:\/\/www.aivp.org\/es\/#\/schema\/logo\/image\/\"}},{\"@type\":\"Person\",\"@id\":\"https:\/\/www.aivp.org\/es\/#\/schema\/person\/9bae9f7727a91a1130a91292d0c207c6\",\"name\":\"Caya HEIN\",\"image\":{\"@type\":\"ImageObject\",\"inLanguage\":\"es\",\"@id\":\"https:\/\/www.aivp.org\/es\/#\/schema\/person\/image\/\",\"url\":\"https:\/\/secure.gravatar.com\/avatar\/59e0eee5a48a975aab3c5117c574ffa2?s=96&d=mm&r=g\",\"contentUrl\":\"https:\/\/secure.gravatar.com\/avatar\/59e0eee5a48a975aab3c5117c574ffa2?s=96&d=mm&r=g\",\"caption\":\"Caya HEIN\"},\"url\":\"https:\/\/www.aivp.org\/es\/newsroom\/author\/cheinaivp-org\/\"}]}<\/script>\n<!-- \/ Yoast SEO plugin. -->","yoast_head_json":{"title":"AIVP apoya al Puerto de Valpara\u00edso (Chile) en la creaci\u00f3n de su Port Center - AIVP","robots":{"index":"index","follow":"follow","max-snippet":"max-snippet:-1","max-image-preview":"max-image-preview:large","max-video-preview":"max-video-preview:-1"},"canonical":"https:\/\/www.aivp.org\/es\/newsroom\/aivp-apoya-al-puerto-de-valparaiso-chile-en-la-creacion-de-su-port-center\/","og_locale":"es_ES","og_type":"article","og_title":"AIVP apoya al Puerto de Valpara\u00edso (Chile) en la creaci\u00f3n de su Port Center - AIVP","og_description":"En el \u00e1mbito de la colaboraci\u00f3n entre el Puerto de Valpara\u00edso (EPV) y AIVP, Jos\u00e9 Manuel Pages S\u00e1nchez, director de la Agenda 2030 AIVP se desplaz\u00f3 a Chile para apoyar el lanzamiento del proceso de creaci\u00f3n del Port Center de Valpara\u00edso. EPV y AIVP trabajar\u00e1n juntos durante 5 meses para definir el modelo de Port Center que esta ciudad portuaria requiere, incluyendo cuestiones c\u00f3mo la gobernanza, la exhibici\u00f3n o el modelo de negocio.","og_url":"https:\/\/www.aivp.org\/es\/newsroom\/aivp-apoya-al-puerto-de-valparaiso-chile-en-la-creacion-de-su-port-center\/","og_site_name":"AIVP","article_published_time":"2023-01-18T15:31:28+00:00","article_modified_time":"2023-01-18T15:46:02+00:00","og_image":[{"width":720,"height":576,"url":"https:\/\/www.aivp.org\/wp-content\/uploads\/2023\/01\/Valparaiso-Port-Center_tf_18jan23.png","type":"image\/png"}],"author":"Caya HEIN","twitter_card":"summary_large_image","twitter_misc":{"Escrito por":"Caya HEIN","Tiempo de lectura":"2 minutos"},"schema":{"@context":"https:\/\/schema.org","@graph":[{"@type":"Article","@id":"https:\/\/www.aivp.org\/es\/newsroom\/aivp-apoya-al-puerto-de-valparaiso-chile-en-la-creacion-de-su-port-center\/#article","isPartOf":{"@id":"https:\/\/www.aivp.org\/es\/newsroom\/aivp-apoya-al-puerto-de-valparaiso-chile-en-la-creacion-de-su-port-center\/"},"author":{"name":"Caya HEIN","@id":"https:\/\/www.aivp.org\/es\/#\/schema\/person\/9bae9f7727a91a1130a91292d0c207c6"},"headline":"AIVP apoya al Puerto de Valpara\u00edso (Chile) en la creaci\u00f3n de su Port Center","datePublished":"2023-01-18T15:31:28+00:00","dateModified":"2023-01-18T15:46:02+00:00","mainEntityOfPage":{"@id":"https:\/\/www.aivp.org\/es\/newsroom\/aivp-apoya-al-puerto-de-valparaiso-chile-en-la-creacion-de-su-port-center\/"},"wordCount":235,"publisher":{"@id":"https:\/\/www.aivp.org\/es\/#organization"},"image":{"@id":"https:\/\/www.aivp.org\/es\/newsroom\/aivp-apoya-al-puerto-de-valparaiso-chile-en-la-creacion-de-su-port-center\/#primaryimage"},"thumbnailUrl":"https:\/\/www.aivp.org\/wp-content\/uploads\/2023\/01\/Valparaiso-Port-Center_tf_18jan23.png","keywords":["Chile","Valpara\u00edso"],"articleSection":["Noticias"],"inLanguage":"es"},{"@type":"WebPage","@id":"https:\/\/www.aivp.org\/es\/newsroom\/aivp-apoya-al-puerto-de-valparaiso-chile-en-la-creacion-de-su-port-center\/","url":"https:\/\/www.aivp.org\/es\/newsroom\/aivp-apoya-al-puerto-de-valparaiso-chile-en-la-creacion-de-su-port-center\/","name":"AIVP apoya al Puerto de Valpara\u00edso (Chile) en la creaci\u00f3n de su Port Center - AIVP","isPartOf":{"@id":"https:\/\/www.aivp.org\/es\/#website"},"primaryImageOfPage":{"@id":"https:\/\/www.aivp.org\/es\/newsroom\/aivp-apoya-al-puerto-de-valparaiso-chile-en-la-creacion-de-su-port-center\/#primaryimage"},"image":{"@id":"https:\/\/www.aivp.org\/es\/newsroom\/aivp-apoya-al-puerto-de-valparaiso-chile-en-la-creacion-de-su-port-center\/#primaryimage"},"thumbnailUrl":"https:\/\/www.aivp.org\/wp-content\/uploads\/2023\/01\/Valparaiso-Port-Center_tf_18jan23.png","datePublished":"2023-01-18T15:31:28+00:00","dateModified":"2023-01-18T15:46:02+00:00","breadcrumb":{"@id":"https:\/\/www.aivp.org\/es\/newsroom\/aivp-apoya-al-puerto-de-valparaiso-chile-en-la-creacion-de-su-port-center\/#breadcrumb"},"inLanguage":"es","potentialAction":[{"@type":"ReadAction","target":["https:\/\/www.aivp.org\/es\/newsroom\/aivp-apoya-al-puerto-de-valparaiso-chile-en-la-creacion-de-su-port-center\/"]}]},{"@type":"ImageObject","inLanguage":"es","@id":"https:\/\/www.aivp.org\/es\/newsroom\/aivp-apoya-al-puerto-de-valparaiso-chile-en-la-creacion-de-su-port-center\/#primaryimage","url":"https:\/\/www.aivp.org\/wp-content\/uploads\/2023\/01\/Valparaiso-Port-Center_tf_18jan23.png","contentUrl":"https:\/\/www.aivp.org\/wp-content\/uploads\/2023\/01\/Valparaiso-Port-Center_tf_18jan23.png","width":720,"height":576},{"@type":"BreadcrumbList","@id":"https:\/\/www.aivp.org\/es\/newsroom\/aivp-apoya-al-puerto-de-valparaiso-chile-en-la-creacion-de-su-port-center\/#breadcrumb","itemListElement":[{"@type":"ListItem","position":1,"name":"Home","item":"https:\/\/www.aivp.org\/es\/"},{"@type":"ListItem","position":2,"name":"AIVP apoya al Puerto de Valpara\u00edso (Chile) en la creaci\u00f3n de su Port Center"}]},{"@type":"WebSite","@id":"https:\/\/www.aivp.org\/es\/#website","url":"https:\/\/www.aivp.org\/es\/","name":"AIVP","description":"Inspiring people of port cities","publisher":{"@id":"https:\/\/www.aivp.org\/es\/#organization"},"potentialAction":[{"@type":"SearchAction","target":{"@type":"EntryPoint","urlTemplate":"https:\/\/www.aivp.org\/es\/?s={search_term_string}"},"query-input":{"@type":"PropertyValueSpecification","valueRequired":true,"valueName":"search_term_string"}}],"inLanguage":"es"},{"@type":"Organization","@id":"https:\/\/www.aivp.org\/es\/#organization","name":"AIVP","url":"https:\/\/www.aivp.org\/es\/","logo":{"@type":"ImageObject","inLanguage":"es","@id":"https:\/\/www.aivp.org\/es\/#\/schema\/logo\/image\/","url":"https:\/\/www.aivp.org\/wp-content\/uploads\/2020\/07\/cropped-favicon.png","contentUrl":"https:\/\/www.aivp.org\/wp-content\/uploads\/2020\/07\/cropped-favicon.png","width":512,"height":512,"caption":"AIVP"},"image":{"@id":"https:\/\/www.aivp.org\/es\/#\/schema\/logo\/image\/"}},{"@type":"Person","@id":"https:\/\/www.aivp.org\/es\/#\/schema\/person\/9bae9f7727a91a1130a91292d0c207c6","name":"Caya HEIN","image":{"@type":"ImageObject","inLanguage":"es","@id":"https:\/\/www.aivp.org\/es\/#\/schema\/person\/image\/","url":"https:\/\/secure.gravatar.com\/avatar\/59e0eee5a48a975aab3c5117c574ffa2?s=96&d=mm&r=g","contentUrl":"https:\/\/secure.gravatar.com\/avatar\/59e0eee5a48a975aab3c5117c574ffa2?s=96&d=mm&r=g","caption":"Caya HEIN"},"url":"https:\/\/www.aivp.org\/es\/newsroom\/author\/cheinaivp-org\/"}]}},"featured_image_url":"https:\/\/www.aivp.org\/wp-content\/uploads\/2023\/01\/Valparaiso-Port-Center_tf_18jan23.png","_links":{"self":[{"href":"https:\/\/www.aivp.org\/es\/wp-json\/wp\/v2\/posts\/86684","targetHints":{"allow":["GET"]}}],"collection":[{"href":"https:\/\/www.aivp.org\/es\/wp-json\/wp\/v2\/posts"}],"about":[{"href":"https:\/\/www.aivp.org\/es\/wp-json\/wp\/v2\/types\/post"}],"author":[{"embeddable":true,"href":"https:\/\/www.aivp.org\/es\/wp-json\/wp\/v2\/users\/130"}],"replies":[{"embeddable":true,"href":"https:\/\/www.aivp.org\/es\/wp-json\/wp\/v2\/comments?post=86684"}],"version-history":[{"count":3,"href":"https:\/\/www.aivp.org\/es\/wp-json\/wp\/v2\/posts\/86684\/revisions"}],"predecessor-version":[{"id":86751,"href":"https:\/\/www.aivp.org\/es\/wp-json\/wp\/v2\/posts\/86684\/revisions\/86751"}],"wp:featuredmedia":[{"embeddable":true,"href":"https:\/\/www.aivp.org\/es\/wp-json\/wp\/v2\/media\/86690"}],"wp:attachment":[{"href":"https:\/\/www.aivp.org\/es\/wp-json\/wp\/v2\/media?parent=86684"}],"wp:term":[{"taxonomy":"category","embeddable":true,"href":"https:\/\/www.aivp.org\/es\/wp-json\/wp\/v2\/categories?post=86684"},{"taxonomy":"post_tag","embeddable":true,"href":"https:\/\/www.aivp.org\/es\/wp-json\/wp\/v2\/tags?post=86684"},{"taxonomy":"goal","embeddable":true,"href":"https:\/\/www.aivp.org\/es\/wp-json\/wp\/v2\/goal?post=86684"}],"curies":[{"name":"wp","href":"https:\/\/api.w.org\/{rel}","templated":true}]}}