{"id":87130,"date":"2023-01-25T11:01:10","date_gmt":"2023-01-25T10:01:10","guid":{"rendered":"https:\/\/www.aivp.org\/?p=87130"},"modified":"2023-01-25T18:16:56","modified_gmt":"2023-01-25T17:16:56","slug":"seafrigo-specialista-en-la-cadena-de-frio","status":"publish","type":"post","link":"https:\/\/www.aivp.org\/es\/newsroom\/seafrigo-specialista-en-la-cadena-de-frio\/","title":{"rendered":"Seafrigo: especialista en la cadena de fr\u00edo"},"content":{"rendered":"<div class=\"wp-block-image\">\n<figure class=\"alignleft size-full is-resized\"><img loading=\"lazy\" decoding=\"async\" src=\"https:\/\/www.aivp.org\/wp-content\/uploads\/2023\/01\/Stephane-Desseigne-1.png\" alt=\"\" class=\"wp-image-87080\" width=\"215\" height=\"271\" srcset=\"https:\/\/www.aivp.org\/wp-content\/uploads\/2023\/01\/Stephane-Desseigne-1.png 430w, https:\/\/www.aivp.org\/wp-content\/uploads\/2023\/01\/Stephane-Desseigne-1-255x321.png 255w, https:\/\/www.aivp.org\/wp-content\/uploads\/2023\/01\/Stephane-Desseigne-1-360x454.png 360w, https:\/\/www.aivp.org\/wp-content\/uploads\/2023\/01\/Stephane-Desseigne-1-171x216.png 171w\" sizes=\"auto, (max-width: 215px) 100vw, 215px\" \/><figcaption class=\"wp-element-caption\">\u00a9Direction de la Communication Seafrigo Group<\/figcaption><\/figure><\/div>\n\n\n<p><a href=\"https:\/\/www.seafrigo.com\/\">Seafrigo<\/a> es una empresa log\u00edstica especializada en la cadena log\u00edstica alimentaria global. Es especialista en el manejo de productos congelados, refrigerados y a temperatura ambiente con bodegas y contenedores refrigerados. Mediante su red mundial de oficinas y la variedad de servicios que ofrecen \u2013 flete mar\u00edtimo, flete a\u00e9reo, almacenamiento, transportes interiores y tr\u00e1mites aduaneros \u2013, son expertos en la cadena de suministro de alimentos. En esta entrevista, la AIVP analiza los conocimientos de Seafrigo en relaci\u00f3n con el objetivo N\u00b0 7 de la Agenda 2030 de la AIVP, \u201c<a href=\"https:\/\/www.aivp.org\/es\/compromisos\/alimentos-de-calidad-par-todos\/\">Alimentaci\u00f3n de calidad para todos<\/a>\u201d.<\/p>\n\n\n\n<p>Entrevista con St\u00e9phane Desseigne, director general Proyectos y Desarrollo de Seafrigo Group.<\/p>\n\n\n\n<p><\/p>\n\n\n\n<p><\/p>\n\n\n\n<p><\/p>\n\n\n\n<h2 class=\"wp-block-heading\">Empresa global de cadenas alimentarias<\/h2>\n\n\n\n<h3 class=\"wp-block-heading\">AIVP \u2013 Seafrigo trabaja con puertos de todo el mundo y interviene en muchos aspectos log\u00edsticos a lo largo de la ruta de transporte. Como empresa global, \u00bfcu\u00e1l considera que es su papel en la mantenci\u00f3n de la cadena de suministro de alimentos?<\/h3>\n\n\n\n<p>T\u00e9cnicamente, nuestra especialidad consiste en el transporte de carga durante toda la cadena de suministro de alimentos. Por esa raz\u00f3n, somos muy especializados. Se necesitan especialistas para manipular productos sometidos a control de temperatura. Al tratar productos alimentarios, lo m\u00e1s importante es mantener la temperatura, llevar un registro de \u00e9sta y asegurarse de que, al trasladar los productos de un puerto a otro, se puedan garantizar los alimentos en forma segura. Adem\u00e1s, esto garantiza al consumidor que los alimentos han sido manipulados con precauci\u00f3n. Por lo tanto, es extremadamente importante por dos razones: primero, es vital para la salud y la seguridad del consumidor; segundo, ayuda a evitar el desperdicio, porque los productos se descomponen si no se respeta la cadena de fr\u00edo, lo que se traduce en p\u00e9rdida de producto y dinero, situaci\u00f3n que deseamos evitar. Sucede que muchos productos que se manipulan con cuidado desde el productor hasta el consumidor terminan en la basura. Seafrigo ha decidido formar parte de la cadena para ayudar a evitar este desperdicio de alimentos en la mayor medida posible. <\/p>\n\n\n\n<p>As\u00ed, nuestro papel de especialistas en la cadena de suministro de alimentos garantiza que los alimentos embarcados lleguen de puerto a puerto sanos y salvos. Es lo que garantizamos a nuestros clientes y consumidores. Somos los intermediarios.<\/p>\n\n\n<div class=\"wp-block-image\">\n<figure class=\"aligncenter size-large is-resized\"><img loading=\"lazy\" decoding=\"async\" src=\"https:\/\/www.aivp.org\/wp-content\/uploads\/2023\/01\/SEAFRIGO-DRONE-PLS-CAP-SCREEN-5-002-1140x641.png\" alt=\"\" class=\"wp-image-87084\" width=\"570\" height=\"321\" srcset=\"https:\/\/www.aivp.org\/wp-content\/uploads\/2023\/01\/SEAFRIGO-DRONE-PLS-CAP-SCREEN-5-002-1140x641.png 1140w, https:\/\/www.aivp.org\/wp-content\/uploads\/2023\/01\/SEAFRIGO-DRONE-PLS-CAP-SCREEN-5-002-690x388.png 690w, https:\/\/www.aivp.org\/wp-content\/uploads\/2023\/01\/SEAFRIGO-DRONE-PLS-CAP-SCREEN-5-002-768x432.png 768w, https:\/\/www.aivp.org\/wp-content\/uploads\/2023\/01\/SEAFRIGO-DRONE-PLS-CAP-SCREEN-5-002-1536x864.png 1536w, https:\/\/www.aivp.org\/wp-content\/uploads\/2023\/01\/SEAFRIGO-DRONE-PLS-CAP-SCREEN-5-002-2048x1152.png 2048w, https:\/\/www.aivp.org\/wp-content\/uploads\/2023\/01\/SEAFRIGO-DRONE-PLS-CAP-SCREEN-5-002-255x143.png 255w, https:\/\/www.aivp.org\/wp-content\/uploads\/2023\/01\/SEAFRIGO-DRONE-PLS-CAP-SCREEN-5-002-360x203.png 360w, https:\/\/www.aivp.org\/wp-content\/uploads\/2023\/01\/SEAFRIGO-DRONE-PLS-CAP-SCREEN-5-002-171x96.png 171w, https:\/\/www.aivp.org\/wp-content\/uploads\/2023\/01\/SEAFRIGO-DRONE-PLS-CAP-SCREEN-5-002-548x308.png 548w\" sizes=\"auto, (max-width: 570px) 100vw, 570px\" \/><figcaption class=\"wp-element-caption\">\u00a9 Seafrigo<\/figcaption><\/figure><\/div>\n\n\n<h2 class=\"wp-block-heading\">Centralizaci\u00f3n de servicios y reducci\u00f3n de residuos<\/h2>\n\n\n\n<h3 class=\"wp-block-heading\">AIVP \u2013 Seafrigo ofrece servicios de procesamiento de alimentos, lo que incluye el comercio electr\u00f3nico y el reenvasado. \u00bfAyuda la centralizaci\u00f3n de este proceso en su empresa a combatir el desperdicio de alimentos?<\/h3>\n\n\n\n<p>S\u00ed, por una raz\u00f3n muy importante. Existen dos formas de transportar productos desde un punto A hasta un punto B. Si decides que en el punto de partida vas a personalizar los productos con etiquetas de marcas, entonces limitas d\u00f3nde pueden llegar los productos. Por ejemplo, una mercanc\u00eda producida en Francia a la que se le coloca una etiqueta Walmart en el punto de partida solo puede llegar a Walmart. Sin embargo, si el cliente no adquiere la totalidad del producto o ya no lo quiere, el producto se pierde, porque ser\u00e1 destruido. Esto se debe a los altos costos de reenvasado de los productos en el lugar de destino.<\/p>\n\n\n\n<p>Por el contrario, es posible trasladar la materia prima. Si se traslada la materia prima, por ejemplo, pescados y mariscos, los que se almacenan en grandes bolsas en instalaciones frigor\u00edficas en Estados Unidos, se aumenta la flexibilidad del receptor. Procesar los alimentos en el lugar de destino permite tomar decisiones de \u00faltimo minuto al recibir pedidos. Se envasa el producto en el lugar de destino con la certeza de que lo querr\u00e1 un cliente. Esto eleva las posibilidades de vender las mercanc\u00edas y reducir el desperdicio. Si no resulta alg\u00fan negocio con Walmart, se puede vender a otro supermercado, s\u00f3lo se envasa una vez y el producto logra llegar al consumidor.<\/p>\n\n\n\n<p>Los servicios de procesamiento de alimentos que tenemos en los lugares de destino ayudan a evitar que se desperdicien m\u00e1s alimentos. El proceso de centralizaci\u00f3n brinda mayor flexibilidad en cuanto al lugar de llegada de las mercanc\u00edas, adem\u00e1s de variar m\u00e1s f\u00e1cilmente la cantidad de productos. Al tener m\u00e1s de una soluci\u00f3n para un producto, existen menos probabilidades de perderlo. Cuando solo se tiene una soluci\u00f3n, se limitan las posibilidades de uso de los productos, con el riesgo de perderlos. El procesamiento en el lugar de destino tambi\u00e9n puede servir para preservar los productos. Es posible trasladar pescados y mariscos en grandes cantidades cuando est\u00e1n congelados, descongelarlos de manera segura en el lugar de destino y venderlos frescos en los mercados locales. Para descongelar un producto, es preciso respetar ciertos procesos, que aseguran que se realiza de manera segura y garantizan que no haya problemas sanitarios con el producto. Seafrigo posee la capacidad de hacerlo a trav\u00e9s de la variedad de servicios que brinda.<\/p>\n\n\n<div class=\"block galerie-photo article py-5 position-relative\"  id=\"block_240b0084db93459370159cd218450047\">\n\n\t<div class=\"position-relative\">\n\n        \n        <div class=\"grid-galerie-photo row mx-0\">\n            <div class=\"grid-sizer\"><\/div>\n            <div class=\"gutter-sizer\"><\/div>\n\n            \n                    <a class=\"grid-galerie-photo-item\" href=\"https:\/\/www.aivp.org\/wp-content\/uploads\/2023\/01\/AIRFRIGO-9-002.png\" data-fancybox=\"galerie-photo-block_240b0084db93459370159cd218450047\" data-caption=\"\">\n                        <img loading=\"lazy\" decoding=\"async\" width=\"360\" height=\"240\" src=\"https:\/\/www.aivp.org\/wp-content\/uploads\/2023\/01\/AIRFRIGO-9-002-360x240.png\" class=\"img-fluid mb-2 anime-in-view\" alt=\"\" srcset=\"https:\/\/www.aivp.org\/wp-content\/uploads\/2023\/01\/AIRFRIGO-9-002-360x240.png 360w, https:\/\/www.aivp.org\/wp-content\/uploads\/2023\/01\/AIRFRIGO-9-002-690x460.png 690w, https:\/\/www.aivp.org\/wp-content\/uploads\/2023\/01\/AIRFRIGO-9-002-1140x760.png 1140w, https:\/\/www.aivp.org\/wp-content\/uploads\/2023\/01\/AIRFRIGO-9-002-768x512.png 768w, https:\/\/www.aivp.org\/wp-content\/uploads\/2023\/01\/AIRFRIGO-9-002-1536x1024.png 1536w, https:\/\/www.aivp.org\/wp-content\/uploads\/2023\/01\/AIRFRIGO-9-002-2048x1365.png 2048w, https:\/\/www.aivp.org\/wp-content\/uploads\/2023\/01\/AIRFRIGO-9-002-255x170.png 255w, https:\/\/www.aivp.org\/wp-content\/uploads\/2023\/01\/AIRFRIGO-9-002-171x114.png 171w, https:\/\/www.aivp.org\/wp-content\/uploads\/2023\/01\/AIRFRIGO-9-002-548x365.png 548w\" sizes=\"auto, (max-width: 360px) 100vw, 360px\" \/>                    <\/a>\n                \n                    <a class=\"grid-galerie-photo-item\" href=\"https:\/\/www.aivp.org\/wp-content\/uploads\/2023\/01\/AIRFRIGO-26-002.png\" data-fancybox=\"galerie-photo-block_240b0084db93459370159cd218450047\" data-caption=\"\">\n                        <img loading=\"lazy\" decoding=\"async\" width=\"360\" height=\"540\" src=\"https:\/\/www.aivp.org\/wp-content\/uploads\/2023\/01\/AIRFRIGO-26-002-360x540.png\" class=\"img-fluid mb-2 anime-in-view\" alt=\"\" srcset=\"https:\/\/www.aivp.org\/wp-content\/uploads\/2023\/01\/AIRFRIGO-26-002-360x540.png 360w, https:\/\/www.aivp.org\/wp-content\/uploads\/2023\/01\/AIRFRIGO-26-002-460x690.png 460w, https:\/\/www.aivp.org\/wp-content\/uploads\/2023\/01\/AIRFRIGO-26-002-1140x1710.png 1140w, https:\/\/www.aivp.org\/wp-content\/uploads\/2023\/01\/AIRFRIGO-26-002-768x1152.png 768w, https:\/\/www.aivp.org\/wp-content\/uploads\/2023\/01\/AIRFRIGO-26-002-1024x1536.png 1024w, https:\/\/www.aivp.org\/wp-content\/uploads\/2023\/01\/AIRFRIGO-26-002-1365x2048.png 1365w, https:\/\/www.aivp.org\/wp-content\/uploads\/2023\/01\/AIRFRIGO-26-002-255x383.png 255w, https:\/\/www.aivp.org\/wp-content\/uploads\/2023\/01\/AIRFRIGO-26-002-171x257.png 171w, https:\/\/www.aivp.org\/wp-content\/uploads\/2023\/01\/AIRFRIGO-26-002-548x822.png 548w\" sizes=\"auto, (max-width: 360px) 100vw, 360px\" \/>                    <\/a>\n                        <\/div>\n        \n\t<\/div>\n\n<\/div>\n\n\n<h2 class=\"wp-block-heading\">La huella ecol\u00f3gica de los almacenes y contenedores frigor\u00edficos<\/h2>\n\n\n\n<h3 class=\"wp-block-heading\">AIVP \u2013 Seafrigo manipula ingredientes congelados y refrigerados regularmente, por lo que necesita contenedores refrigerados (reefers) y bodegas con temperaturas controladas.\u00bfQu\u00e9 medidas adopta para reducir la huella ecol\u00f3gica de sus contenedores refrigerados y sus bodegas?<\/h3>\n\n\n\n<p>Si hablamos primero del tema de las bodegas, es preciso contar con bodegas modernas para reducir nuestra huella y el consumo de energ\u00eda. Es evidente que, si se usa la tecnolog\u00eda m\u00e1s avanzada, en los pr\u00f3ximos 5 a 10 a\u00f1os, ser\u00e1 m\u00e1s respetuosa con el medio ambiente que una instalaci\u00f3n de 30 a 40 a\u00f1os de antig\u00fcedad. Por lo tanto, existe la necesidad de crear nuevas instalaciones y modernizar las instalaciones en todo el mundo. Esto tiene dos objetivos: seguir las tendencias correctas establecidas por los ODD de la ONU y preservar mejor los productos almacenados.<\/p>\n\n\n\n<p>En el \u00faltimo tiempo, la tecnolog\u00eda ha mejorado considerablemente, por lo que existen muchas opciones a nuestra disposici\u00f3n. La primera es la elecci\u00f3n del gas que se utiliza para refrigerar las bodegas. A\u00f1os atr\u00e1s, muchas empresas empleaban productos qu\u00edmicos que ten\u00edan repercusiones negativas para el medio ambiente, como el Fre\u00f3n. Existen algunos gases neutros en CO<sub>2<\/sub>, por ejemplo, el amon\u00edaco. Existen adem\u00e1s nuevas tecnolog\u00edas que se pueden implementar para la gesti\u00f3n del sistema de refrigeraci\u00f3n, lo que permite al sistema detenerse y arrancar, para no estar operando continuamente. Esto puede ayudar tambi\u00e9n a controlar las temperaturas y reducir el consumo el\u00e9ctrico.&nbsp;<\/p>\n\n\n\n<p>Lo mismo sucede con la electricidad que se necesita para mantener una bodega. No se puede negar que las bodegas a\u00fan requieren electricidad para operar, por lo que no podemos llegar a consumo cero. Sin embargo, Seafrigo promueve el uso de paneles solares, que ayudan a disminuir el consumo total. Las dificultades que presentan los paneles solares dependen del pa\u00eds en que uno se encuentra. Algunos pa\u00edses, como los Estados Unidos, no tienen problemas en instalarlos en sus bodegas, pero es m\u00e1s complejo en otros pa\u00edses, como Francia. Existen mayores complejidades entre sus leyes medio ambientales y los riesgos asociados a los paneles solares (por ejemplo, incendios). A medida que esta tecnolog\u00eda mejore y aumente su importancia, las leyes se ir\u00e1n adaptando para permitir la instalaci\u00f3n de paneles en bodegas refrigeradas. Ocurre algo similar con los contenedores refrigerados: los m\u00e1s nuevos son mejores para el medio ambiente. Sin embargo, tambi\u00e9n existen diferencias porque es necesario conectar los contenedores refrigerados a un m\u00f3dulo el\u00e9ctrico para que puedan funcionar. Es preciso mejorar la tecnolog\u00eda y trabajar en los contenedores refrigerados y su consumo, pero podemos prever que en un par de a\u00f1os exista tecnolog\u00eda similar a la de las bodegas disponible para los contenedores refrigerados. Seafrigo no controla los contenedores refrigerados, ya que estos pertenecen a las empresas navieras, las que pretenden reducir su huella de CO2. Por ahora, su prioridad es el combustible utilizado en los barcos antes de mejorar los contenedores refrigerados, pero s\u00ed est\u00e1n muy interesadas en lograrlo dentro de pocos a\u00f1os.<\/p>\n\n\n<div class=\"wp-block-image\">\n<figure class=\"aligncenter size-large is-resized\"><img loading=\"lazy\" decoding=\"async\" src=\"https:\/\/www.aivp.org\/wp-content\/uploads\/2023\/01\/Photo-PLS-Aerien-jpg-legere-002-1140x641.png\" alt=\"\" class=\"wp-image-87096\" width=\"570\" height=\"321\" srcset=\"https:\/\/www.aivp.org\/wp-content\/uploads\/2023\/01\/Photo-PLS-Aerien-jpg-legere-002-1140x641.png 1140w, https:\/\/www.aivp.org\/wp-content\/uploads\/2023\/01\/Photo-PLS-Aerien-jpg-legere-002-690x388.png 690w, https:\/\/www.aivp.org\/wp-content\/uploads\/2023\/01\/Photo-PLS-Aerien-jpg-legere-002-768x432.png 768w, https:\/\/www.aivp.org\/wp-content\/uploads\/2023\/01\/Photo-PLS-Aerien-jpg-legere-002-1536x863.png 1536w, https:\/\/www.aivp.org\/wp-content\/uploads\/2023\/01\/Photo-PLS-Aerien-jpg-legere-002-255x143.png 255w, https:\/\/www.aivp.org\/wp-content\/uploads\/2023\/01\/Photo-PLS-Aerien-jpg-legere-002-360x202.png 360w, https:\/\/www.aivp.org\/wp-content\/uploads\/2023\/01\/Photo-PLS-Aerien-jpg-legere-002-171x96.png 171w, https:\/\/www.aivp.org\/wp-content\/uploads\/2023\/01\/Photo-PLS-Aerien-jpg-legere-002-548x308.png 548w, https:\/\/www.aivp.org\/wp-content\/uploads\/2023\/01\/Photo-PLS-Aerien-jpg-legere-002.png 1600w\" sizes=\"auto, (max-width: 570px) 100vw, 570px\" \/><figcaption class=\"wp-element-caption\">\u00a9 Le Barbo Graphics<\/figcaption><\/figure><\/div>\n\n\n<h2 class=\"wp-block-heading\">Los productos org\u00e1nicos<\/h2>\n\n\n\n<h3 class=\"wp-block-heading\">AIVP \u2013 Un subtema importante del objetivo AIVP \u201cAlimentaci\u00f3n de calidad para todos\u201d corresponde a la promoci\u00f3n del comercio justo y la producci\u00f3n org\u00e1nica local. \u00bfLa fragilidad de los productos org\u00e1nicos o de comercio justo exige que se tomen precauciones espec\u00edficas?<\/h3>\n\n\n\n<p>S\u00ed, los productos org\u00e1nicos deben manipularse correctamente. De una manera, es preciso ser cuidadoso con todos los productos, pero adem\u00e1s es necesario evitar la contaminaci\u00f3n cruzada entre ellos. Dentro de los embarques, hay que preocuparse por la contaminaci\u00f3n cruzada. No se pueden mezclar los productos org\u00e1nicos con los productos no org\u00e1nicos porque perder\u00edan su calificaci\u00f3n de org\u00e1nicos. Se debe contar con \u00e1reas espec\u00edficas y bodegas especializadas que hayan sido certificadas como org\u00e1nicas. Sin embargo, una vez que ha llegado a esta base, se manipula del mismo modo todo el tiempo y al final podemos garantizar la calidad del producto. Si se trata de un producto crudo o expuesto, se requiere m\u00e1s cuidado durante la manipulaci\u00f3n.<\/p>\n\n\n\n<p>El mismo caso se aplica a los productos de comercio justo porque pueden tener los mismos problemas de los productos org\u00e1nicos. Puede resultar m\u00e1s dif\u00edcil identificarlos y hacerles seguimiento, ya que no se les identifica necesariamente como productos de comercio justo desde el comienzo. La etiqueta se pone m\u00e1s interesante en el aspecto log\u00edstico, del modo en que se producen y se venden, y as\u00ed la cadena de transporte est\u00e1 menos implicada.<\/p>\n\n\n\n<p>Una vez m\u00e1s, la identificaci\u00f3n y la gesti\u00f3n de los productos tambi\u00e9n tienen diferencias nacionales y regionales. En general, hay m\u00e1s inter\u00e9s por los productos org\u00e1nicos, c\u00f3mo almacenarlos, c\u00f3mo identificarlos, etc. Algunos productos etiquetados como org\u00e1nicos en Estados Unidos no aprobar\u00edan nunca las exigencias org\u00e1nicas de Francia, debido a las diferencias en las definiciones y normas. Cada pa\u00eds, debido a su propia cultura, tiene diversas maneras de manejar la alimentaci\u00f3n. Francia, por ejemplo, posee una cultura que valora la alimentaci\u00f3n natural. Esto significa que se utiliza leche entera para algunos quesos, pero que la poblaci\u00f3n sabe qu\u00e9 productos pueden ser consumidos por qui\u00e9n (por ejemplo, las embarazadas saben qu\u00e9 alimentos deben evitar). Sin embargo, en Estados Unidos, los reglamentos est\u00e1n m\u00e1s orientados a proteger a los consumidores. Esto significa utilizar leche pasteurizada por razones de seguridad y suponer que el consumidor no tiene conocimientos. Podemos concluir que todo el mundo, desde los pa\u00edses hasta las empresas log\u00edsticas como nosotros, desea reducir los riesgos en el consumo de los productos.&nbsp;&nbsp;<\/p>\n\n\n<div class=\"block galerie-photo article py-5 position-relative\"  id=\"block_895fd248b94f65ee310f65d4fa559805\">\n\n\t<div class=\"position-relative\">\n\n        \n        <div class=\"grid-galerie-photo row mx-0\">\n            <div class=\"grid-sizer\"><\/div>\n            <div class=\"gutter-sizer\"><\/div>\n\n            \n                    <a class=\"grid-galerie-photo-item\" href=\"https:\/\/www.aivp.org\/wp-content\/uploads\/2023\/01\/MG_7400.png\" data-fancybox=\"galerie-photo-block_895fd248b94f65ee310f65d4fa559805\" data-caption=\"\">\n                        <img loading=\"lazy\" decoding=\"async\" width=\"360\" height=\"240\" src=\"https:\/\/www.aivp.org\/wp-content\/uploads\/2023\/01\/MG_7400-360x240.png\" class=\"img-fluid mb-2 anime-in-view\" alt=\"\" srcset=\"https:\/\/www.aivp.org\/wp-content\/uploads\/2023\/01\/MG_7400-360x240.png 360w, https:\/\/www.aivp.org\/wp-content\/uploads\/2023\/01\/MG_7400-690x460.png 690w, https:\/\/www.aivp.org\/wp-content\/uploads\/2023\/01\/MG_7400-1140x760.png 1140w, https:\/\/www.aivp.org\/wp-content\/uploads\/2023\/01\/MG_7400-768x512.png 768w, https:\/\/www.aivp.org\/wp-content\/uploads\/2023\/01\/MG_7400-1536x1024.png 1536w, https:\/\/www.aivp.org\/wp-content\/uploads\/2023\/01\/MG_7400-2048x1365.png 2048w, https:\/\/www.aivp.org\/wp-content\/uploads\/2023\/01\/MG_7400-255x170.png 255w, https:\/\/www.aivp.org\/wp-content\/uploads\/2023\/01\/MG_7400-171x114.png 171w, https:\/\/www.aivp.org\/wp-content\/uploads\/2023\/01\/MG_7400-548x365.png 548w\" sizes=\"auto, (max-width: 360px) 100vw, 360px\" \/>                    <\/a>\n                \n                    <a class=\"grid-galerie-photo-item\" href=\"https:\/\/www.aivp.org\/wp-content\/uploads\/2023\/01\/MG_7421.png\" data-fancybox=\"galerie-photo-block_895fd248b94f65ee310f65d4fa559805\" data-caption=\"\">\n                        <img loading=\"lazy\" decoding=\"async\" width=\"360\" height=\"240\" src=\"https:\/\/www.aivp.org\/wp-content\/uploads\/2023\/01\/MG_7421-360x240.png\" class=\"img-fluid mb-2 anime-in-view\" alt=\"\" srcset=\"https:\/\/www.aivp.org\/wp-content\/uploads\/2023\/01\/MG_7421-360x240.png 360w, https:\/\/www.aivp.org\/wp-content\/uploads\/2023\/01\/MG_7421-690x460.png 690w, https:\/\/www.aivp.org\/wp-content\/uploads\/2023\/01\/MG_7421-1140x760.png 1140w, https:\/\/www.aivp.org\/wp-content\/uploads\/2023\/01\/MG_7421-768x512.png 768w, https:\/\/www.aivp.org\/wp-content\/uploads\/2023\/01\/MG_7421-1536x1024.png 1536w, https:\/\/www.aivp.org\/wp-content\/uploads\/2023\/01\/MG_7421-2048x1365.png 2048w, https:\/\/www.aivp.org\/wp-content\/uploads\/2023\/01\/MG_7421-255x170.png 255w, https:\/\/www.aivp.org\/wp-content\/uploads\/2023\/01\/MG_7421-171x114.png 171w, https:\/\/www.aivp.org\/wp-content\/uploads\/2023\/01\/MG_7421-548x365.png 548w\" sizes=\"auto, (max-width: 360px) 100vw, 360px\" \/>                    <\/a>\n                        <\/div>\n        \n\t<\/div>\n\n<\/div>","protected":false},"excerpt":{"rendered":"<p>Seafrigo es una empresa log\u00edstica especializada en la cadena log\u00edstica alimentaria global. Es especialista en el manejo de productos congelados, refrigerados y a temperatura ambiente con bodegas y contenedores refrigerados. Mediante su red mundial de oficinas y la variedad de servicios que ofrecen \u2013 flete mar\u00edtimo, flete a\u00e9reo, almacenamiento, transportes interiores y tr\u00e1mites aduaneros \u2013, son expertos en la cadena de suministro de alimentos. En esta entrevista, la AIVP analiza los conocimientos de Seafrigo en relaci\u00f3n con el objetivo N\u00b0 7 de la Agenda 2030 de la AIVP, \u201cAlimentaci\u00f3n de calidad para todos\u201d.<\/p>\n<p>Entrevista con St\u00e9phane Desseigne, director general Proyectos y Desarrollo de Seafrigo Group.<\/p>\n","protected":false},"author":130,"featured_media":87114,"comment_status":"closed","ping_status":"closed","sticky":false,"template":"","format":"standard","meta":{"_acf_changed":false,"footnotes":""},"categories":[1952],"tags":[],"goal":[],"class_list":["post-87130","post","type-post","status-publish","format-standard","has-post-thumbnail","hentry","category-entrevistas"],"acf":[],"yoast_head":"<!-- This site is optimized with the Yoast SEO plugin v26.8 - https:\/\/yoast.com\/product\/yoast-seo-wordpress\/ -->\n<title>Seafrigo: especialista en la cadena de fr\u00edo - AIVP<\/title>\n<meta name=\"robots\" content=\"index, follow, max-snippet:-1, max-image-preview:large, max-video-preview:-1\" \/>\n<link rel=\"canonical\" href=\"https:\/\/www.aivp.org\/es\/newsroom\/seafrigo-specialista-en-la-cadena-de-frio\/\" \/>\n<meta property=\"og:locale\" content=\"es_ES\" \/>\n<meta property=\"og:type\" content=\"article\" \/>\n<meta property=\"og:title\" content=\"Seafrigo: especialista en la cadena de fr\u00edo - AIVP\" \/>\n<meta property=\"og:description\" content=\"Seafrigo es una empresa log\u00edstica especializada en la cadena log\u00edstica alimentaria global. Es especialista en el manejo de productos congelados, refrigerados y a temperatura ambiente con bodegas y contenedores refrigerados. Mediante su red mundial de oficinas y la variedad de servicios que ofrecen \u2013 flete mar\u00edtimo, flete a\u00e9reo, almacenamiento, transportes interiores y tr\u00e1mites aduaneros \u2013, son expertos en la cadena de suministro de alimentos. En esta entrevista, la AIVP analiza los conocimientos de Seafrigo en relaci\u00f3n con el objetivo N\u00b0 7 de la Agenda 2030 de la AIVP, \u201cAlimentaci\u00f3n de calidad para todos\u201d. Entrevista con St\u00e9phane Desseigne, director general Proyectos y Desarrollo de Seafrigo Group.\" \/>\n<meta property=\"og:url\" content=\"https:\/\/www.aivp.org\/es\/newsroom\/seafrigo-specialista-en-la-cadena-de-frio\/\" \/>\n<meta property=\"og:site_name\" content=\"AIVP\" \/>\n<meta property=\"article:published_time\" content=\"2023-01-25T10:01:10+00:00\" \/>\n<meta property=\"article:modified_time\" content=\"2023-01-25T17:16:56+00:00\" \/>\n<meta property=\"og:image\" content=\"https:\/\/www.aivp.org\/wp-content\/uploads\/2023\/01\/Stephane-Desseigne-Seafrigo_ch_24jan23.png\" \/>\n\t<meta property=\"og:image:width\" content=\"720\" \/>\n\t<meta property=\"og:image:height\" content=\"576\" \/>\n\t<meta property=\"og:image:type\" content=\"image\/png\" \/>\n<meta name=\"author\" content=\"Caya HEIN\" \/>\n<meta name=\"twitter:card\" content=\"summary_large_image\" \/>\n<meta name=\"twitter:label1\" content=\"Escrito por\" \/>\n\t<meta name=\"twitter:data1\" content=\"Caya HEIN\" \/>\n\t<meta name=\"twitter:label2\" content=\"Tiempo de lectura\" \/>\n\t<meta name=\"twitter:data2\" content=\"10 minutos\" \/>\n<script type=\"application\/ld+json\" class=\"yoast-schema-graph\">{\"@context\":\"https:\/\/schema.org\",\"@graph\":[{\"@type\":\"Article\",\"@id\":\"https:\/\/www.aivp.org\/es\/newsroom\/seafrigo-specialista-en-la-cadena-de-frio\/#article\",\"isPartOf\":{\"@id\":\"https:\/\/www.aivp.org\/es\/newsroom\/seafrigo-specialista-en-la-cadena-de-frio\/\"},\"author\":{\"name\":\"Caya HEIN\",\"@id\":\"https:\/\/www.aivp.org\/es\/#\/schema\/person\/9bae9f7727a91a1130a91292d0c207c6\"},\"headline\":\"Seafrigo: especialista en la cadena de fr\u00edo\",\"datePublished\":\"2023-01-25T10:01:10+00:00\",\"dateModified\":\"2023-01-25T17:16:56+00:00\",\"mainEntityOfPage\":{\"@id\":\"https:\/\/www.aivp.org\/es\/newsroom\/seafrigo-specialista-en-la-cadena-de-frio\/\"},\"wordCount\":1828,\"publisher\":{\"@id\":\"https:\/\/www.aivp.org\/es\/#organization\"},\"image\":{\"@id\":\"https:\/\/www.aivp.org\/es\/newsroom\/seafrigo-specialista-en-la-cadena-de-frio\/#primaryimage\"},\"thumbnailUrl\":\"https:\/\/www.aivp.org\/wp-content\/uploads\/2023\/01\/Stephane-Desseigne-Seafrigo_ch_24jan23.png\",\"articleSection\":[\"Entrevistas\"],\"inLanguage\":\"es\"},{\"@type\":\"WebPage\",\"@id\":\"https:\/\/www.aivp.org\/es\/newsroom\/seafrigo-specialista-en-la-cadena-de-frio\/\",\"url\":\"https:\/\/www.aivp.org\/es\/newsroom\/seafrigo-specialista-en-la-cadena-de-frio\/\",\"name\":\"Seafrigo: especialista en la cadena de fr\u00edo - AIVP\",\"isPartOf\":{\"@id\":\"https:\/\/www.aivp.org\/es\/#website\"},\"primaryImageOfPage\":{\"@id\":\"https:\/\/www.aivp.org\/es\/newsroom\/seafrigo-specialista-en-la-cadena-de-frio\/#primaryimage\"},\"image\":{\"@id\":\"https:\/\/www.aivp.org\/es\/newsroom\/seafrigo-specialista-en-la-cadena-de-frio\/#primaryimage\"},\"thumbnailUrl\":\"https:\/\/www.aivp.org\/wp-content\/uploads\/2023\/01\/Stephane-Desseigne-Seafrigo_ch_24jan23.png\",\"datePublished\":\"2023-01-25T10:01:10+00:00\",\"dateModified\":\"2023-01-25T17:16:56+00:00\",\"breadcrumb\":{\"@id\":\"https:\/\/www.aivp.org\/es\/newsroom\/seafrigo-specialista-en-la-cadena-de-frio\/#breadcrumb\"},\"inLanguage\":\"es\",\"potentialAction\":[{\"@type\":\"ReadAction\",\"target\":[\"https:\/\/www.aivp.org\/es\/newsroom\/seafrigo-specialista-en-la-cadena-de-frio\/\"]}]},{\"@type\":\"ImageObject\",\"inLanguage\":\"es\",\"@id\":\"https:\/\/www.aivp.org\/es\/newsroom\/seafrigo-specialista-en-la-cadena-de-frio\/#primaryimage\",\"url\":\"https:\/\/www.aivp.org\/wp-content\/uploads\/2023\/01\/Stephane-Desseigne-Seafrigo_ch_24jan23.png\",\"contentUrl\":\"https:\/\/www.aivp.org\/wp-content\/uploads\/2023\/01\/Stephane-Desseigne-Seafrigo_ch_24jan23.png\",\"width\":720,\"height\":576},{\"@type\":\"BreadcrumbList\",\"@id\":\"https:\/\/www.aivp.org\/es\/newsroom\/seafrigo-specialista-en-la-cadena-de-frio\/#breadcrumb\",\"itemListElement\":[{\"@type\":\"ListItem\",\"position\":1,\"name\":\"Home\",\"item\":\"https:\/\/www.aivp.org\/es\/\"},{\"@type\":\"ListItem\",\"position\":2,\"name\":\"Seafrigo: especialista en la cadena de fr\u00edo\"}]},{\"@type\":\"WebSite\",\"@id\":\"https:\/\/www.aivp.org\/es\/#website\",\"url\":\"https:\/\/www.aivp.org\/es\/\",\"name\":\"AIVP\",\"description\":\"Inspiring people of port cities\",\"publisher\":{\"@id\":\"https:\/\/www.aivp.org\/es\/#organization\"},\"potentialAction\":[{\"@type\":\"SearchAction\",\"target\":{\"@type\":\"EntryPoint\",\"urlTemplate\":\"https:\/\/www.aivp.org\/es\/?s={search_term_string}\"},\"query-input\":{\"@type\":\"PropertyValueSpecification\",\"valueRequired\":true,\"valueName\":\"search_term_string\"}}],\"inLanguage\":\"es\"},{\"@type\":\"Organization\",\"@id\":\"https:\/\/www.aivp.org\/es\/#organization\",\"name\":\"AIVP\",\"url\":\"https:\/\/www.aivp.org\/es\/\",\"logo\":{\"@type\":\"ImageObject\",\"inLanguage\":\"es\",\"@id\":\"https:\/\/www.aivp.org\/es\/#\/schema\/logo\/image\/\",\"url\":\"https:\/\/www.aivp.org\/wp-content\/uploads\/2020\/07\/cropped-favicon.png\",\"contentUrl\":\"https:\/\/www.aivp.org\/wp-content\/uploads\/2020\/07\/cropped-favicon.png\",\"width\":512,\"height\":512,\"caption\":\"AIVP\"},\"image\":{\"@id\":\"https:\/\/www.aivp.org\/es\/#\/schema\/logo\/image\/\"}},{\"@type\":\"Person\",\"@id\":\"https:\/\/www.aivp.org\/es\/#\/schema\/person\/9bae9f7727a91a1130a91292d0c207c6\",\"name\":\"Caya HEIN\",\"image\":{\"@type\":\"ImageObject\",\"inLanguage\":\"es\",\"@id\":\"https:\/\/www.aivp.org\/es\/#\/schema\/person\/image\/\",\"url\":\"https:\/\/secure.gravatar.com\/avatar\/59e0eee5a48a975aab3c5117c574ffa2?s=96&d=mm&r=g\",\"contentUrl\":\"https:\/\/secure.gravatar.com\/avatar\/59e0eee5a48a975aab3c5117c574ffa2?s=96&d=mm&r=g\",\"caption\":\"Caya HEIN\"},\"url\":\"https:\/\/www.aivp.org\/es\/newsroom\/author\/cheinaivp-org\/\"}]}<\/script>\n<!-- \/ Yoast SEO plugin. -->","yoast_head_json":{"title":"Seafrigo: especialista en la cadena de fr\u00edo - AIVP","robots":{"index":"index","follow":"follow","max-snippet":"max-snippet:-1","max-image-preview":"max-image-preview:large","max-video-preview":"max-video-preview:-1"},"canonical":"https:\/\/www.aivp.org\/es\/newsroom\/seafrigo-specialista-en-la-cadena-de-frio\/","og_locale":"es_ES","og_type":"article","og_title":"Seafrigo: especialista en la cadena de fr\u00edo - AIVP","og_description":"Seafrigo es una empresa log\u00edstica especializada en la cadena log\u00edstica alimentaria global. Es especialista en el manejo de productos congelados, refrigerados y a temperatura ambiente con bodegas y contenedores refrigerados. Mediante su red mundial de oficinas y la variedad de servicios que ofrecen \u2013 flete mar\u00edtimo, flete a\u00e9reo, almacenamiento, transportes interiores y tr\u00e1mites aduaneros \u2013, son expertos en la cadena de suministro de alimentos. En esta entrevista, la AIVP analiza los conocimientos de Seafrigo en relaci\u00f3n con el objetivo N\u00b0 7 de la Agenda 2030 de la AIVP, \u201cAlimentaci\u00f3n de calidad para todos\u201d. Entrevista con St\u00e9phane Desseigne, director general Proyectos y Desarrollo de Seafrigo Group.","og_url":"https:\/\/www.aivp.org\/es\/newsroom\/seafrigo-specialista-en-la-cadena-de-frio\/","og_site_name":"AIVP","article_published_time":"2023-01-25T10:01:10+00:00","article_modified_time":"2023-01-25T17:16:56+00:00","og_image":[{"width":720,"height":576,"url":"https:\/\/www.aivp.org\/wp-content\/uploads\/2023\/01\/Stephane-Desseigne-Seafrigo_ch_24jan23.png","type":"image\/png"}],"author":"Caya HEIN","twitter_card":"summary_large_image","twitter_misc":{"Escrito por":"Caya HEIN","Tiempo de lectura":"10 minutos"},"schema":{"@context":"https:\/\/schema.org","@graph":[{"@type":"Article","@id":"https:\/\/www.aivp.org\/es\/newsroom\/seafrigo-specialista-en-la-cadena-de-frio\/#article","isPartOf":{"@id":"https:\/\/www.aivp.org\/es\/newsroom\/seafrigo-specialista-en-la-cadena-de-frio\/"},"author":{"name":"Caya HEIN","@id":"https:\/\/www.aivp.org\/es\/#\/schema\/person\/9bae9f7727a91a1130a91292d0c207c6"},"headline":"Seafrigo: especialista en la cadena de fr\u00edo","datePublished":"2023-01-25T10:01:10+00:00","dateModified":"2023-01-25T17:16:56+00:00","mainEntityOfPage":{"@id":"https:\/\/www.aivp.org\/es\/newsroom\/seafrigo-specialista-en-la-cadena-de-frio\/"},"wordCount":1828,"publisher":{"@id":"https:\/\/www.aivp.org\/es\/#organization"},"image":{"@id":"https:\/\/www.aivp.org\/es\/newsroom\/seafrigo-specialista-en-la-cadena-de-frio\/#primaryimage"},"thumbnailUrl":"https:\/\/www.aivp.org\/wp-content\/uploads\/2023\/01\/Stephane-Desseigne-Seafrigo_ch_24jan23.png","articleSection":["Entrevistas"],"inLanguage":"es"},{"@type":"WebPage","@id":"https:\/\/www.aivp.org\/es\/newsroom\/seafrigo-specialista-en-la-cadena-de-frio\/","url":"https:\/\/www.aivp.org\/es\/newsroom\/seafrigo-specialista-en-la-cadena-de-frio\/","name":"Seafrigo: especialista en la cadena de fr\u00edo - AIVP","isPartOf":{"@id":"https:\/\/www.aivp.org\/es\/#website"},"primaryImageOfPage":{"@id":"https:\/\/www.aivp.org\/es\/newsroom\/seafrigo-specialista-en-la-cadena-de-frio\/#primaryimage"},"image":{"@id":"https:\/\/www.aivp.org\/es\/newsroom\/seafrigo-specialista-en-la-cadena-de-frio\/#primaryimage"},"thumbnailUrl":"https:\/\/www.aivp.org\/wp-content\/uploads\/2023\/01\/Stephane-Desseigne-Seafrigo_ch_24jan23.png","datePublished":"2023-01-25T10:01:10+00:00","dateModified":"2023-01-25T17:16:56+00:00","breadcrumb":{"@id":"https:\/\/www.aivp.org\/es\/newsroom\/seafrigo-specialista-en-la-cadena-de-frio\/#breadcrumb"},"inLanguage":"es","potentialAction":[{"@type":"ReadAction","target":["https:\/\/www.aivp.org\/es\/newsroom\/seafrigo-specialista-en-la-cadena-de-frio\/"]}]},{"@type":"ImageObject","inLanguage":"es","@id":"https:\/\/www.aivp.org\/es\/newsroom\/seafrigo-specialista-en-la-cadena-de-frio\/#primaryimage","url":"https:\/\/www.aivp.org\/wp-content\/uploads\/2023\/01\/Stephane-Desseigne-Seafrigo_ch_24jan23.png","contentUrl":"https:\/\/www.aivp.org\/wp-content\/uploads\/2023\/01\/Stephane-Desseigne-Seafrigo_ch_24jan23.png","width":720,"height":576},{"@type":"BreadcrumbList","@id":"https:\/\/www.aivp.org\/es\/newsroom\/seafrigo-specialista-en-la-cadena-de-frio\/#breadcrumb","itemListElement":[{"@type":"ListItem","position":1,"name":"Home","item":"https:\/\/www.aivp.org\/es\/"},{"@type":"ListItem","position":2,"name":"Seafrigo: especialista en la cadena de fr\u00edo"}]},{"@type":"WebSite","@id":"https:\/\/www.aivp.org\/es\/#website","url":"https:\/\/www.aivp.org\/es\/","name":"AIVP","description":"Inspiring people of port cities","publisher":{"@id":"https:\/\/www.aivp.org\/es\/#organization"},"potentialAction":[{"@type":"SearchAction","target":{"@type":"EntryPoint","urlTemplate":"https:\/\/www.aivp.org\/es\/?s={search_term_string}"},"query-input":{"@type":"PropertyValueSpecification","valueRequired":true,"valueName":"search_term_string"}}],"inLanguage":"es"},{"@type":"Organization","@id":"https:\/\/www.aivp.org\/es\/#organization","name":"AIVP","url":"https:\/\/www.aivp.org\/es\/","logo":{"@type":"ImageObject","inLanguage":"es","@id":"https:\/\/www.aivp.org\/es\/#\/schema\/logo\/image\/","url":"https:\/\/www.aivp.org\/wp-content\/uploads\/2020\/07\/cropped-favicon.png","contentUrl":"https:\/\/www.aivp.org\/wp-content\/uploads\/2020\/07\/cropped-favicon.png","width":512,"height":512,"caption":"AIVP"},"image":{"@id":"https:\/\/www.aivp.org\/es\/#\/schema\/logo\/image\/"}},{"@type":"Person","@id":"https:\/\/www.aivp.org\/es\/#\/schema\/person\/9bae9f7727a91a1130a91292d0c207c6","name":"Caya HEIN","image":{"@type":"ImageObject","inLanguage":"es","@id":"https:\/\/www.aivp.org\/es\/#\/schema\/person\/image\/","url":"https:\/\/secure.gravatar.com\/avatar\/59e0eee5a48a975aab3c5117c574ffa2?s=96&d=mm&r=g","contentUrl":"https:\/\/secure.gravatar.com\/avatar\/59e0eee5a48a975aab3c5117c574ffa2?s=96&d=mm&r=g","caption":"Caya HEIN"},"url":"https:\/\/www.aivp.org\/es\/newsroom\/author\/cheinaivp-org\/"}]}},"featured_image_url":"https:\/\/www.aivp.org\/wp-content\/uploads\/2023\/01\/Stephane-Desseigne-Seafrigo_ch_24jan23.png","_links":{"self":[{"href":"https:\/\/www.aivp.org\/es\/wp-json\/wp\/v2\/posts\/87130","targetHints":{"allow":["GET"]}}],"collection":[{"href":"https:\/\/www.aivp.org\/es\/wp-json\/wp\/v2\/posts"}],"about":[{"href":"https:\/\/www.aivp.org\/es\/wp-json\/wp\/v2\/types\/post"}],"author":[{"embeddable":true,"href":"https:\/\/www.aivp.org\/es\/wp-json\/wp\/v2\/users\/130"}],"replies":[{"embeddable":true,"href":"https:\/\/www.aivp.org\/es\/wp-json\/wp\/v2\/comments?post=87130"}],"version-history":[{"count":3,"href":"https:\/\/www.aivp.org\/es\/wp-json\/wp\/v2\/posts\/87130\/revisions"}],"predecessor-version":[{"id":87276,"href":"https:\/\/www.aivp.org\/es\/wp-json\/wp\/v2\/posts\/87130\/revisions\/87276"}],"wp:featuredmedia":[{"embeddable":true,"href":"https:\/\/www.aivp.org\/es\/wp-json\/wp\/v2\/media\/87114"}],"wp:attachment":[{"href":"https:\/\/www.aivp.org\/es\/wp-json\/wp\/v2\/media?parent=87130"}],"wp:term":[{"taxonomy":"category","embeddable":true,"href":"https:\/\/www.aivp.org\/es\/wp-json\/wp\/v2\/categories?post=87130"},{"taxonomy":"post_tag","embeddable":true,"href":"https:\/\/www.aivp.org\/es\/wp-json\/wp\/v2\/tags?post=87130"},{"taxonomy":"goal","embeddable":true,"href":"https:\/\/www.aivp.org\/es\/wp-json\/wp\/v2\/goal?post=87130"}],"curies":[{"name":"wp","href":"https:\/\/api.w.org\/{rel}","templated":true}]}}